{"id":6079,"date":"2004-06-04T00:00:00","date_gmt":"2006-11-06T00:00:00","guid":{"rendered":"https:\/\/intervius.com\/index.html\/?p=6079"},"modified":"2006-11-06T00:00:00","modified_gmt":"2006-11-06T00:00:00","slug":"Alicia_Gimenez_Bartlett6079","status":"publish","type":"post","link":"https:\/\/intervius.com\/index.html\/Alicia_Gimenez_Bartlett6079\/","title":{"rendered":"Alicia Gim\u00e9nez Bartlett"},"content":{"rendered":"<p>Pregunta.- \u00bfC\u00f3mo debe moverse una primera novela, la env\u00edo a concursos literarios, a editoriales, hay agentes literarios especializados en primerizos?<\/p>\n<p>Respuesta.- Hay algunos agentes especializados, pero los grandes agentes tienen todos un departamento para noveles. Te recomiendo enviat tu original a ellos, es lo mejor<\/p>\n<p>P.- Sea sincera: \u00bfQu\u00e9 le pareci\u00f3 la adaptaci\u00f3n de su trabajo a televisi\u00f3n? En mi opini\u00f3n, hab\u00eda unas buenas historias, dos buenos actores (Ana Bel\u00e9n y Santiago Segura) pero el resultado bastante escaso. \u00bfQu\u00e9 pas\u00f3? Un saludo desde Vinar\u00f3s<\/p>\n<p>R.- Xeic!, visca Vinaros!, ah\u00ed estar\u00eda yo hoy si no estuviera en Madrid. La adaptaci\u00f3n fue digna pero carente de sentido del humor, tampoco se parec\u00eda mucho a mis novelas, pero&#8230;me dio muchos m\u00e1s lectores. Un beso y avant!.<\/p>\n<p>P.- \u00bfPor qu\u00e9 pens\u00f3 en Ana Bel\u00e9n como Petra Delicado? \u00bfEn qu\u00e9 se parecen? (Ana Bel\u00e9n con pistola..\u00bf?)<\/p>\n<p>R.- Yo no la escog\u00ed, pero me encant\u00f3 porque es muy famosa y muy diva. Creo que el director no la dirigi\u00f3 adecuadamente, \u00e9sa es la verdad. Insisto en la falta de humor. Besitos<\/p>\n<p>P.- me encantan tus libros y siento curiosidad por el origen de los tan &#8220;castizos&#8221; nombres de los protagonistas.un beso.<\/p>\n<p>R.- Gracias. El nombre de Petra es una especie de s\u00edmbolo: Petra (piedra), mujer dura y Delicado (dura pero no tanto. Ferm\u00edn Garz\u00f3n me gustaba porque es muy sonoro y viene pefecto para las broncas de Petra.<\/p>\n<p>P.- \u00bfCu\u00e1l es su libro-hijo favorito, cu\u00e1l el rebelde y cu\u00e1l el que m\u00e1s dolores de cabeza le da?<\/p>\n<p>R.- Me gustan especialmente &#8220;D\u00eda de perros &#8221; y el \u00faltimo &#8220;Un barco cargado de arroz&#8221;. El que m\u00e1s trabajo me dio fue &#8220;Serpientes en el para\u00edso&#8221;, porque el trabajo psicol\u00f3gico de los personajes era m\u00e1s intenso.<\/p>\n<p>P.- \u00bfC\u00f3mo es fisicamente Petra en su mente?<\/p>\n<p>R.- No tengo im\u00e1genes de mis personajes; recuerda que yo trabajo con palabras, no con im\u00e1genes. Hace poco en Italia, un periodista dijo: Petra, esa morena tan sexy; y otro colega le contest\u00f3: \u00a1Petra es rubia!. Me miraron: \u00bfqui\u00e9n lleva raz\u00f3n?. Ambos, contest\u00e9, no encontrar\u00e9is ni una descripci\u00f3n f\u00edsica de Petra. Cada lector elabora la suya.<\/p>\n<p>P.- \u00bfQu\u00e9 le ha resultado m\u00e1s dificil, los libros de Petra Delicado o los de otros temas que ha escrito?<\/p>\n<p>R.- Petra me resulta m\u00e1s f\u00e1cil. Los personajes ya son viejos conocidos para m\u00ed. Aparte, la novela negra tiene unas reglas propias que facilitan las cosas.<\/p>\n<p>P.- \u00bfhasta cuando Petra?<\/p>\n<p>R.- Todo el mundo me pregunta eso. No lo s\u00e9 a\u00fan. Har\u00e9 una media entre el n\u00famero ponderado de obras de todos los escritores de trhiller y me qued\u00b4r\u00e9 en un n\u00famero ponderado. Si me doy cuenta de que estoy repiti\u00e9ndome, Petra se despedir\u00e1.<\/p>\n<p>P.- Llevo s\u00f3lo un par de cap\u00edtulos y me ha llamado la atenci\u00f3n el tono amargo con que se enfrenta Petra a todo, mucho m\u00e1s acusado que en libros anteriores. \u00bfCree que eso es lo que nos espera despu\u00e9s de luchar por estar ah\u00ed y prepararnos tanto tiempo? Muchas gracias<\/p>\n<p>R.- No, no, Petra es pesimista, \u00a1qu\u00e9 duda cabe!, pero siempre opta por la esperanza final. Si sigue un poco m\u00e1s en la lectura, ver\u00e1 que esa esperanza empieza pronto a manifestarse. No nos esperan cosas tan amargas. Siempre queda la amistad.<\/p>\n<p>P.- Petra parece q se ha enamorado, \u00bfno?\u00bfA qu\u00e9 se debe eso?\u00bfToda novela es autobiogr\u00e1fica?Gracias, leere su libro<\/p>\n<p>R.- Petra se ha enamorado porque se ha encontrado con un hombre atractivo que &#8220;la pretende&#8221; y tiene un ego bastante subido. La novela no es autobiogr\u00e1fica, pero yo esty enamorada y soy una entusiasta de la pasi\u00f3n.<\/p>\n<p>P.- \u00bfPor qu\u00e9 cree que la novela negra esta desprestigiada, o bueno, no tan reconocida, como en los paises anglosajones?<\/p>\n<p>R.- No s\u00f3lo los pa\u00edses anglosajones. A m\u00ed me est\u00e1 pasando algo curioso y amargo a la vez. Mis libros empiezan a tener m\u00e1s \u00e9xito en otros pa\u00edses europeos que aqu\u00ed. En Espa\u00f1a somos muy solemnes y pensamos que la literatura ha de ser siempre de tema elevado y con muchas met\u00e1foras. No comparto esa opini\u00f3n.<\/p>\n<p>P.- \u00bfQu\u00e9 libro est\u00e1 leyendo?<\/p>\n<p>R.- &#8220;La historia de Lucy Gault&#8221;, de William Trevor, un autor irland\u00e9s.<\/p>\n<p>P.- \u00bfQui\u00e9n cree que es el escritor que mejor ha reflejado las gentes y las calles de Barcelona?<\/p>\n<p>R.- A m\u00ed me parece que Juan Mars\u00e9 refleja muy bien Barcelona, pero V\u00e1zquez Montalb\u00e1n tambi\u00e9n conoc\u00eda cada barrio de esa ciudad.<\/p>\n<p>P.- Pero le quiere, o se deja quere sin mas?<\/p>\n<p>R.- No se lo pensi contestar, a ver si con esa curiosidad le engancho y lee mi libro para enterarse. Sorry!.<\/p>\n<p>P.- \u00bfHay algun motivo en especial para desarrollar este libro entre los sin techo? lei su ultima entrega y se deasrrolllaba justo en el extremo, dentro de los ambientes de la burgues\u00eda catalana. gracias y enhorabuena.<\/p>\n<p>R.- Los vagabundos son unos tipos humanos que me impresionan mucho. Los tenemos ah\u00ed mismo y no sabemos cu\u00e1l ha sido su pasado. \u00bfC\u00f3mo se llega a semejante situaci\u00f3n?, \u00bfnunca han sido ni\u00f1os, nunca se han enamorado? \u00a1Es terrible!. He estado investigando en servicios sociales municipales y me he entardo de cosas tremendas.<\/p>\n<p>P.- \u00bfBarcelona o Madrid?<\/p>\n<p>R.- \u00bfPor qu\u00e9 no las dos ciudades? Yo vivo en Barcelona muy a gusto y desde hace muchos a\u00f1os; pero le dir\u00e9 que si no vengo un par de veces al a\u00f1o por lo menos a Madrid, me parece que me estoy perdiendo algo. Esta ciudad es fascinante.<\/p>\n<p>P.- Cuentenos una anecdota de sus lectores&#8230;seguro q en ferias y sesiones de firmas le han pasado cosas divertidas<\/p>\n<p>R.- Los lectores son la pera, se dan cuenta de todo y comprenden tus libros mejor que t\u00fa mismo. Yo siempre me enrollo con ellos, y siempre bien. La an\u00e9cdota m\u00e1s divertida es que Petra Delicado liga en el \u00faltimo libro porque muchos lectores me dec\u00edan: &#8220;Hace mucho tiempo que no se come ni una rosca, parece una monja&#8221;. Tantas veces me lo dijeron que les hice caso. Mira hasta qu\u00e9 punto son importantes para m\u00ed.<\/p>\n<p>P.- \u00bfQu\u00f1e le diria a su hijo si le dice que quiere ser escritor?<\/p>\n<p>R.- Le dir\u00eda que se lo pensara dos veces. Ser escritor es un oficio duro y, sobre todo, solitario.<\/p>\n<p>P.- \u00bfA qu\u00e9 autor de la Feria del Libro le pediria q le dedicase el libro?<\/p>\n<p>R.- Se lo voy a pedir a Alvaro Pombo, un hombre original\u00edsimo y gran escritor.<\/p>\n<p>P.- \u00bfQu\u00e9 casos de los que ha encontrado en ese tiempo de documentacion le han entristecido mas?<\/p>\n<p>R.- El de tres chicos rusos, los tres sordomudos, que una mafia de inmigraci\u00f3n ilegal trajo a Espa\u00f1a enga\u00f1ados dici\u00e9ndoles que aqu\u00ed encontrar\u00edan trabajo con facilidad. Nadie los quiso, por supuesto y se convirtieron en homeless, encima perseguidos pr la mafia para que pagaran la deuda de haberlos tra\u00eddo hasta aqu\u00ed. Por fin la polic\u00eda y los servicios sociales los ayudaron. Volvieron a su pa\u00eds.<\/p>\n<p>P.- \u00bfDisfruta escribiendo o es un poco pesadilla?<\/p>\n<p>R.- Cada vez es m\u00e1s pesadilla. Supongo que me vuelvo demasiado autocr\u00edtica y que todo me parece mal. Aun as\u00ed, hay d\u00edas que flipas. Con los libros de Petra me divierto m\u00e1s, con los otros sufro como una bestia<\/p>\n<p>P.- \u00bfHay una literatura escrita por mujeres?<\/p>\n<p>R.- Es obvio, pero no me gusta pensar que \u00e9se sea un distintivo fundamental. La literatura no tiene sexo.<\/p>\n<p>P.- \u00bfSiempre acaba los libros que comienza a leer?\u00bfCon cu\u00e1l no ha podido?<\/p>\n<p>R.- Ni hablar. Si un libro no me gusta lo dejo sin ning\u00fan cargo de conciencia. La vida es corta y las lecturas, abundantes. No pude acabar &#8220;El mundo de Sof\u00eda&#8221;, entre otros muchos, la verdad.<\/p>\n","protected":false},"excerpt":{"rendered":"<p>La nueva aventura de Petra Delicado (inspectora llevada a la peque\u00f1a por Ana Bel\u00e9n) recorre los rincones oscuros de Barcelona, all\u00ed donde vagabundos y mendigos encuentran un techo. La autora de esta sexta entrega, Alicia Gim\u00e9nez Bartlett, comentar\u00e1 \u2018Un barco cargado de arroz\u2019 (Planeta) con los internautas.<\/p>\n","protected":false},"author":1,"featured_media":0,"comment_status":"open","ping_status":"open","sticky":false,"template":"","format":"standard","meta":{"footnotes":""},"categories":[],"tags":[],"class_list":["post-6079","post","type-post","status-publish","format-standard","hentry"],"_links":{"self":[{"href":"https:\/\/intervius.com\/index.html\/wp-json\/wp\/v2\/posts\/6079","targetHints":{"allow":["GET"]}}],"collection":[{"href":"https:\/\/intervius.com\/index.html\/wp-json\/wp\/v2\/posts"}],"about":[{"href":"https:\/\/intervius.com\/index.html\/wp-json\/wp\/v2\/types\/post"}],"author":[{"embeddable":true,"href":"https:\/\/intervius.com\/index.html\/wp-json\/wp\/v2\/users\/1"}],"replies":[{"embeddable":true,"href":"https:\/\/intervius.com\/index.html\/wp-json\/wp\/v2\/comments?post=6079"}],"version-history":[{"count":0,"href":"https:\/\/intervius.com\/index.html\/wp-json\/wp\/v2\/posts\/6079\/revisions"}],"wp:attachment":[{"href":"https:\/\/intervius.com\/index.html\/wp-json\/wp\/v2\/media?parent=6079"}],"wp:term":[{"taxonomy":"category","embeddable":true,"href":"https:\/\/intervius.com\/index.html\/wp-json\/wp\/v2\/categories?post=6079"},{"taxonomy":"post_tag","embeddable":true,"href":"https:\/\/intervius.com\/index.html\/wp-json\/wp\/v2\/tags?post=6079"}],"curies":[{"name":"wp","href":"https:\/\/api.w.org\/{rel}","templated":true}]}}