{"id":6052,"date":"2004-10-13T00:00:00","date_gmt":"2006-11-06T00:00:00","guid":{"rendered":"https:\/\/intervius.com\/index.html\/?p=6052"},"modified":"2006-11-06T00:00:00","modified_gmt":"2006-11-06T00:00:00","slug":"Cesar_Perez_de_Tudela6052","status":"publish","type":"post","link":"https:\/\/intervius.com\/index.html\/Cesar_Perez_de_Tudela6052\/","title":{"rendered":"C\u00e9sar P\u00e9rez de Tudela"},"content":{"rendered":"<p>Pregunta.- Buenos dias profesor, \u00bfcrees como yo que la mejor escuela de escalada es la enigm\u00e1tica Pedriza? Mis saludos y admiraci\u00f3n<\/p>\n<p>Respuesta.- La Pedriza es una buena escuela, pero hay otor tipo de rocas que tambi\u00e9n son muy interesantes. Un saludo afectuoso.<\/p>\n<p>P.- Viendo el seguimiento del monta\u00f1ismo en los \u00faltimos a\u00f1os en prensa \u00bfCrees que es el mejor momento de la historia de este deporte en Espa\u00f1a? \u00bfC\u00f3mo impacta &#8220;Al filo&#8221; en la salud de este deporte? Muchas gracias<\/p>\n<p>R.- Al Filo es un programa espectacular pero ausente de formaci\u00f3n, se preocupa m\u00e1s de la espectacularidad o de la presunci\u00f3n de sus participantes, que de seguir el pulso del monta\u00f1ismo espa\u00f1ol. Ahora el monta\u00f1ismo parece que se reduce al himalayismo lo cual es un error del que, parcialmente, es culpable Al Filo de lo imposible. <\/p>\n<p>P.- \u00bfQue pas\u00f3 en el Aconcagua en su primera ascensi\u00f3n?<\/p>\n<p>R.- De eso hace 34 a\u00f1os. Pas\u00f3 que v\u00edctima de las alucinaciones, descend\u00ed inconsciente por una ruta desconocida y sobreviv\u00ed durante siete cuando todo el mundo me daba por muerto. <\/p>\n<p>P.- Digame las 3 mejores hechos del alpinismo nacional&#8230; por ejemplo, el K2 de los hermanos I\u00f1urra, Nanga Parbat o la 1ra del everest norte por un occidental, Oscar Cadiach, y sobretodo, sin duda, la sur del Anapurna de Bohigas y Lucas. Que opina?<\/p>\n<p>R.- El alpiniso no es solo el himalayismo. Usted menciona tres acontecimientos del Himalaya de los que yo destacar\u00eda la primera espa\u00f1ola del Everest o quiz\u00e1s la sur del Anapurna. Creo que la conquista de las grandes paredes nortes de los Alpes, fue un acontecimiento de mayor relevancia de los que usted me menciona. <\/p>\n<p>P.- Una vez que ya se han ascendido casi todas las monta\u00f1as de importancia y por gran parte de sus vias, \u00bfcuales cree que seran los proximos retos? \u00bfHacia donde evoluciona el alpinismo?<\/p>\n<p>R.- Volver al or\u00edgen del alpinismno, que son los Alpes, Donde est\u00e1n las escaladas y paredes t\u00e9cnicamente m\u00e1s comprometidas y exentas de ayudas for\u00e1neas como ocurre en el Himalaya. <\/p>\n<p>P.- sinceramente, m\u00e1s all\u00e1 del af\u00e1n de superaci\u00f3n y la sana locura de algunos, no consigue encontrar explicaci\u00f3n a un \u00bfdeporte? tan arriesgado como el alpinismo, monta\u00f1ismo, etc, etc \u00bfmerece la pena dejarse la cuarta parte de los dedos de los pies o la propia vida en la monta\u00f1a?<\/p>\n<p>R.- Mucho m\u00e1s que un deporte es la m\u00edstica, la metaf\u00edsica, la peregrinaci\u00f3n, que es la esencia de ese alpinismo que produce muerte como la misma vida. <\/p>\n<p>P.- Hola C\u00e9sar. Buenos d\u00edas. \u00bfNo crees que con toda la parafernalia de los grandes de los 8miles se est\u00e1 perdiendo la gracia de las escaladas de los que no somos nadie? A mi me da c\u00e1si verg\u00fcenza decis que he subido al pico de las \u00c1guilas.<\/p>\n<p>R.- Felicitaciones sinceras. Seguro que has subido al pico de las \u00c1guilas por ti mismo. En el Himalaya casi todos suben orientados, ayudados y solo son ellos en un porcentaje medio. No creas que es oro todo lo que reduce. <\/p>\n<p>P.- Admiradisimo Tudela, le escribo reci\u00e9n llegado de pasar un puente descansando en Vegahuerta, en nuestros amados Picos de Europa&#8230;siempre tuve curiosidad por saber que pensaria usted (un monta\u00f1ero&#8230;aut\u00e9ntico) del pol\u00e9mico tren que lleva a Bulnes.Un abrazo. Carlos.<\/p>\n<p>R.- Querido amigo. Yo siempre mantuve que no deb\u00eda de establecerse. A pesar de todo, no ha da\u00f1ado demasiado el paisaje. Tampoco vale para mucho, yo como t\u00fa, soy partidario de no desnaturalizar a la naturaleza. Un abrazo.<\/p>\n<p>P.- Admirado C\u00e9sar: desde que vi las im\u00e1genes de tu subida al Picu, all\u00e1 por el a\u00f1o 1973 (creo recordar), siempre tuve al Naranjo metido en mi mente. Siempre quise llegar a \u00e9l. Y deseo darte las gracias, pues gracias a ti, este mes pasado de mayo pude pernoctar en el refugio y ver el Urriellu a la luz de la Luna y saludando el sol del amancer. Simplemente, gracias por haber despertado ese deseo en m\u00ed. Un fuerte abrazo. Juan David<\/p>\n<p>R.- Juan David, muchas gracias por tu merecido elogio. Me alegro mucho de que pudieras ver la verdadera cima de Espa\u00f1a, que es el Naranjo. <\/p>\n<p>P.- \u00bfCu\u00e1l es tu monta\u00f1a preferida?<\/p>\n<p>R.- No lo s\u00e9. Cuando era joven ten\u00edan que ser monta\u00f1as muy esveltas, como las de la Patagonia, el Naranjo, los Alpes&#8230; Ahora ya me gusta todo tipo de monta\u00f1as: ant\u00e1rticas, del desierto, etc. Todas las cimas innotas y tambi\u00e9n las cimas humanizadas por la historia. <\/p>\n<p>P.- La falta de ox\u00edgeno en el cerebro puede causar lesiones irreparables. \u00bfCree que es adecuado subir a picos de 8.000 metros sin ox\u00edgeno?<\/p>\n<p>R.- Yo creo que s\u00ed. El entrenamiento, la aclimataci\u00f3n parece que van permitiendo subir sin el ox\u00edgen. No obstante, subir es bueno para el esp\u00edritu pero de efectos nocivos para el organismo.<\/p>\n<p>P.- \u00bfEn qu\u00e9 situaci\u00f3n se encuentra el monta\u00f1ismo espa\u00f1ol en comparaci\u00f3n con el europeo?<\/p>\n<p>R.- Muy alto, somos uno de los pa\u00edses del mundo de mas vocaci\u00f3n y mejores realizaciones. Los alpinistas espa\u00f1oles est\u00e1n por todo el mundo lo que pasa es que no se valora con medallas para que nos demos cuenta de su rango. <\/p>\n<p>P.- \u00bf que ha sido de tu compa\u00f1ero en la Norte del Eiger ?<\/p>\n<p>R.- Carlos Romero se retir\u00f3 tras sufrir alg\u00fan accidente y creo que se dedica a temas de comercializaci\u00f3n de productos necesarios para la monta\u00f1a. Creo que sigue siendo una estupenda persona. <\/p>\n<p>P.- \u00bfQue opina del retroequipamiento que est\u00e1n sufriendo algunas de las vias cl\u00e1sicas de Urriellu? Siga usted con la motivaci\u00f3n por las monta\u00f1as.<\/p>\n<p>R.- Muchas gracias. Los equipamientos en las monta\u00f1as espa\u00f1olas nunca se realizan de forma, a mi juicio, correctas .Mi opini\u00f3n es que solo se sustituyan los seguros precarios por unos nuevos, en el mismo sitio. A\u00f1adiendo alguna seguridad en las reuniones. <\/p>\n<p>P.- \u00bfTiene alg\u00fan reto que est\u00e9 deseando cumplir?<\/p>\n<p>R.- Si. Estoy haciendo los volcanes m\u00e1s altos de la tierra. Los que sobresalen del terreno circundante. En diciembre estar\u00e9 en la Ant\u00e1rtida en unas monta\u00f1as absolutamente desconocidas en cuya cumbre hay un cr\u00e1ter que vierte el magma de la tierra sobre le hielo. <\/p>\n<p>P.- \u00bfC\u00f3mo fue la experiencia de sufrir un infarto en pleno ascenso?<\/p>\n<p>R.- Fue muy penoso, lelg\u00f3 un momento en que cre\u00ed que estaba muerto pero tuve la enorme alegr\u00eda de ver como de verdad exist\u00eda el compa\u00f1erismo, la amistad y hastta el heroismo. Y luego adem\u00e1s v\u00ed que estaba vivo. Estoy muy agradecido a la vida, en mi caso. <\/p>\n<p>P.- \u00bfQueda alg\u00fan reto por hacer? Ya se han subido todos los ochomiles por todas sus vertientes, las paredes m\u00e1s dif\u00edciles est\u00e1n llenas de v\u00edas&#8230;<\/p>\n<p>R.- Cierto, pero la monta\u00f1a como la vida, es siempre un volver a empezar. Para cada generaci\u00f3n llega una nueva aventura.Hay 6 miles, 7 miles y 5 miles m\u00e1s interesantes y dif\u00edciles que las c\u00e9lebres 8 miles, en donde vivir experiencias espirituales y f\u00edsicas extraordiarias. La vida siempre se repite. <\/p>\n<p>P.- Hola Cesar., no sabes que env\u00eddia me d\u00e1is todos los que hab\u00e9is tenido el privilegio de llegar mas alto que nadie. \u00bfCrees que la falta de los dedos de los pies supone un impedimento insalvable para un alpinista de la talla de Juan Oyarzabal? Gracias. Eugenio<\/p>\n<p>R.- Juanito es un hombre de una voluntad extraordinaria y ello contribuir\u00e1 a su puesta a punto. Pero lentamente, eso s\u00ed.<\/p>\n<p>P.- Hola manchego \u00bf cuantas veces intentaste el aconcagua?<\/p>\n<p>R.- No soy manchego, soy castellano. El Aconcagua lo he subido en 4 ocasiones, tres en solitario cuando en derredor no exist\u00eda una sola persona, ciento de kil\u00f3metros a la redonda. Ahora quiz\u00e1s esa cima ya no me interesa. Saludos. <\/p>\n<p>P.- \u00bfC\u00f3mo se supera la p\u00e9rdida de un ser querido en la monta\u00f1a?<\/p>\n<p>R.- Como en la vida. El tiempo cicatriza cualquier herida, si no nos mata. <\/p>\n<p>P.- Messner, Juanito, Mallory, Hillary&#8230; \u00bfqui\u00e9n te parece el alpinista m\u00e1s completo?<\/p>\n<p>R.- Ninguno de ellos. Yo ir\u00eda m\u00e1s a Walter Bonatti, alg\u00fan escalador como Chris Bonintong, y alg\u00fan espa\u00f1ol con escaladas en los Alpes, Himalaya, como Juanito, que es un gran exponente del alpinismo mundial. <\/p>\n<p>P.- \u00bfTe parece Edurne la mejor alpinista actual de todo el mundo??? O la est\u00e1n subiendo demasiado a los altares&#8230;<\/p>\n<p>R.- No, Edurne es una estupenda deportista que ha subido al K2 en compa\u00f1\u00eda de muchos otros. Hay escaladoras y alpinistas extraorinarias en la mayor parte de los pa\u00edses alpinos y desarrollados. Edurne es una mujer simp\u00e1tica, guapa y tiene la vida por delante, pero no significa demasiado en el alpinismo espa\u00f1ol. <\/p>\n<p>P.- \u00bfC\u00f3mo consideras la escalada libre? \u00bfLocos o&#8230;?<\/p>\n<p>R.- Expertos, admirables, arriesgados. En cualquier caso, prefiero la escalada encordada por lo que entra\u00f1a de uni\u00f3n, ayuda y amistad. <\/p>\n<p>P.- \u00bfes cierto que viste al yeti en una ocasi\u00f3n?<\/p>\n<p>R.- Si, el asunto no es tan grave. Tambi\u00e9n he visto, las anclas de piedra del Arca de No\u00e9 en el monte Ararate. <\/p>\n<p>P.- Todos los sue\u00f1os tienen su punto de locura, pero lo vuestro, lo vuestro no puedo entenderlo. No es demasiado sufrimiento, qu\u00e9 te dice tu familia, c\u00f3mo lo llevan?<\/p>\n<p>R.- Mi familia no dice nada y yo creo que lo llevan bien. La vida es sufrimiento, y si no, d\u00edmelo t\u00fa. <\/p>\n<p>P.- A\u00fan me acuerdo cuando era peque\u00f1o y ve\u00eda tus programas en la tele. Eso me llev\u00f3 a comprarme un libro que se llamaba &#8220;Azimut, tu primer libro de monta\u00f1a&#8221;. Ahora soy yo el que les inculco a mis hijos (cinco y siete a\u00f1os) el amor por la naturalez. Gracias,pero \u00bfcu\u00e1ndo te volveremos a ver en TVE?<\/p>\n<p>R.- Muchas gracias por tu recuerdo. Me alegro de que inculces la naturaleza a tus hijos pero no creo que vuelva a televisi\u00f3n; me gusta m\u00e1s la radio. Creo que en RNE reanudar\u00e9 mi programa, La aventura de la monta\u00f1a. Te agradezco tu amabilidad. <\/p>\n<p>P.- Mi pregunta a todos los monta\u00f1eros: un s\u00ed o un no \u00bflleg\u00f3 Mallory?<\/p>\n<p>R.- No, no lleg\u00f3. No ten\u00eda preparaci\u00f3n, ni experiencia y demasiado que llegara a esa altura. Como le quedaban el primero y segundo escalones de hielo, con su equipamiento y su poca experiencia himalayana, dudo que lo consiguiera. <\/p>\n<p>P.- A usted siempre le rodea la pol\u00e9mica. \u00bfPorqu\u00e9 no reconoce que el alpinismo espa\u00f1ol, o el programa Al Filo son grandes logros?, \u00bfser\u00e1 porque usted ya no sale en la tele?&#8230; ese es el precio por apoyar a la derecha espa\u00f1ola.<\/p>\n<p>R.- Ni la derecha ni la izquierda tienen que ver aqu\u00ed. No, es mi opini\u00f3n que la mantengo con m\u00e1s argumentos en mis libros Cr\u00f3nica alpina de Espa\u00f1a, de recien aparici\u00f3n, y en la serie Conversaciones con P\u00e9rez de Tudela; ambos de Desnivel. <\/p>\n<p>P.- Su mejor compa\u00f1ero de cordad de siempre?<\/p>\n<p>R.- Recuerdo mucho a Miguel Angel Herrero, tambi\u00e9n al profesor Rivas y a otros incomparables compa\u00f1eros a lo largo de tantos a\u00f1os. <\/p>\n<p>P.- El alpinismo, siempre su origen, en los Alpes. Quedan todavia muchos retos en los alpes, verdad? Ahora mimso querria hacer mencion al gran Patrick Berhault que murio antes del verano realizando su sue\u00f1o, 60 cimas de 4000 m en 60 dias, un gran pionero como usted.<\/p>\n<p>R.- Coincido con usted en que los Alpes son las monta\u00f1as m\u00e1s serias y rigurosas en las que los alpinistas suben exclusivamente por si mismos, raz\u00f3n fundamental del alpinismo, que en el himalayismo, por el contrario, no ocurre. <\/p>\n<p>P.- \u00bfSigue trabajando a\u00fan hoy? \u00bfCu\u00e1l es la \u00faltima monta\u00f1a que ha subido?<\/p>\n<p>R.- Ayer escal\u00e9 el P\u00e1jaro por la pared sur. Tres d\u00edas atr\u00e1s escal\u00e9 en cabeza de cuerda, el Naranjo de Bulnes. Y as\u00ed, constantemente. <\/p>\n<p>P.- \u00bfCu\u00e1l cree que es el pico m\u00e1s complicado del mundo?<\/p>\n<p>R.- No lo s\u00e9. El Kaangchenchunga, es muy alto y dif\u00edcil. Creo que las monta\u00f1as altas, es de las m\u00e1s df\u00edciles. Pero hay cientos de monta\u00f1as de gran belleza, mucho inter\u00e9s y gran dificultad. <\/p>\n<p>P.- \u00bfCu\u00e1l es tu expedici\u00f3n que recuerdas con m\u00e1s cari\u00f1o?<\/p>\n<p>R.- Curiosamente, las \u00faltimas me est\u00e1n resultando muy afectuosas, cordiales e intersantes. Pero nunca olvidar\u00e9 la expedici\u00f3n C\u00e1ucaso, 196<\/p>\n<p>P.- \u00bfMerece la pena perder a un ser querido solo por una obsesi\u00f3n?<\/p>\n<p>R.- No, si evitando la obsesi\u00f3n hubi\u00e9ramos evitado la p\u00e9rdida. Pero el humano tiene ilusiones, obsesiones, afanes, y eso es la vida. <\/p>\n<p>P.- \u00bfEs cierta esa fama de gafe que tiene?<\/p>\n<p>R.- Yo creo que no. A mi lado se han salvado m\u00e1s alpinistas que cerca de mi hayan podido morir. Lo que ocurre estoy durante muchos a\u00f1os en el lugar del peligro y de la dificultad y en 50 a\u00f1os, es l\u00f3gico que hayan tenido lugar venturas y desventuras. <\/p>\n<p>P.- \u00bfQu\u00e9 supuso Loring para el alpinismo espa\u00f1ol?<\/p>\n<p>R.- No le conozco&#8230; yo cre\u00ed que Loring se refiere a un aviador. <\/p>\n<p>P.- \u00bfNo crees que falta una escual infantil de monta\u00f1a? La labor antes la hac\u00edamos los monitores de Scouts o grupos similares. Ahora es pr\u00e1cticamente imposible encontrar monitores para los grupos de ni\u00f1os.<\/p>\n<p>R.- Tienes toda la raz\u00f3n. Los scout hac\u00edais una labor impagable. Hacen falta escuelas de naturaleza con verdaderos expertos, para ense\u00f1ar a superar debilidades, para en el futuro, conseguir una vida mejor. <\/p>\n<p>P.- Hola, el otro d\u00eda vi un documental sobre el Naranjo en la televisi\u00f3n. \u00bfPor qu\u00e9 ha sido tan importante en Espa\u00f1a? Muchas gracias. Pedro<\/p>\n<p>R.- Porque es la cima de Espa\u00f1a, por arquitectura, por historia y por belleza. El reportaje estaba muy bien, pero le falt\u00f3 el suceso m\u00e1s trascendental de la historia del Naranjo que fue la primera invernal de la pared oeste de 197<\/p>\n<p>P.- \u00bfPoruq\u00e9 es tan cr\u00edtico con alpinistas de la talla de Chus Lago, por ejemplo?, \u00bftiene envidia de sus ochomiles que usted no ha logrado?<\/p>\n<p>R.- Precisamente a Chus Lago la tengo total admiraci\u00f3n y respeto. Pero me gusta ser cr\u00edtico en general con lo que creo que no se ajusta a un amplio conocimiento del alpinismo y los alpinistas. <\/p>\n<p>P.- \u00bfEs m\u00e1s hist\u00f3rico o narrativo el libro que presenta? \u00bfCon algo de autobiograf\u00eda?<\/p>\n<p>R.- Es hist\u00f3rico, fundamentalmente, pero yo como autor ocupo el papel de narrador e incluyo alguna de mis principales p\u00e1ginas personales. <\/p>\n","protected":false},"excerpt":{"rendered":"<p>C\u00e9sar P\u00e9rez de Tudela ha recogido en Cr\u00f3nica alpina de Espa\u00f1a. Siglo XX la historia del monta\u00f1ismo espa\u00f1ol. Y lo ha hecho desde el punto de vista apasionado de quien ha sido actor y referencia imprescendible de esa misma historia durante 50 a\u00f1os.<\/p>\n","protected":false},"author":1,"featured_media":0,"comment_status":"open","ping_status":"open","sticky":false,"template":"","format":"standard","meta":{"footnotes":""},"categories":[],"tags":[],"class_list":["post-6052","post","type-post","status-publish","format-standard","hentry"],"_links":{"self":[{"href":"https:\/\/intervius.com\/index.html\/wp-json\/wp\/v2\/posts\/6052","targetHints":{"allow":["GET"]}}],"collection":[{"href":"https:\/\/intervius.com\/index.html\/wp-json\/wp\/v2\/posts"}],"about":[{"href":"https:\/\/intervius.com\/index.html\/wp-json\/wp\/v2\/types\/post"}],"author":[{"embeddable":true,"href":"https:\/\/intervius.com\/index.html\/wp-json\/wp\/v2\/users\/1"}],"replies":[{"embeddable":true,"href":"https:\/\/intervius.com\/index.html\/wp-json\/wp\/v2\/comments?post=6052"}],"version-history":[{"count":0,"href":"https:\/\/intervius.com\/index.html\/wp-json\/wp\/v2\/posts\/6052\/revisions"}],"wp:attachment":[{"href":"https:\/\/intervius.com\/index.html\/wp-json\/wp\/v2\/media?parent=6052"}],"wp:term":[{"taxonomy":"category","embeddable":true,"href":"https:\/\/intervius.com\/index.html\/wp-json\/wp\/v2\/categories?post=6052"},{"taxonomy":"post_tag","embeddable":true,"href":"https:\/\/intervius.com\/index.html\/wp-json\/wp\/v2\/tags?post=6052"}],"curies":[{"name":"wp","href":"https:\/\/api.w.org\/{rel}","templated":true}]}}