{"id":6049,"date":"2004-10-22T00:00:00","date_gmt":"2006-11-06T00:00:00","guid":{"rendered":"https:\/\/intervius.com\/index.html\/?p=6049"},"modified":"2006-11-06T00:00:00","modified_gmt":"2006-11-06T00:00:00","slug":"Pio_Moa6049","status":"publish","type":"post","link":"https:\/\/intervius.com\/index.html\/Pio_Moa6049\/","title":{"rendered":"P\u00edo Moa"},"content":{"rendered":"<p>Pregunta.- Sr. Moa: me estoy comprando todos sus libros (desde la trilog\u00eda) y los estoy disfrutando. \u00bfQu\u00e9 personaje le parece el menos vergonzoso de los protagonistas de la Segunda Rep\u00fablica? \u00bfCon cu\u00e1l se queda? \u00bfGil-Robles? \u00bfLerroux? \u00bfCamb\u00f3?<\/p>\n<p>Respuesta.- Yo no creo que ninguno sea vergonzoso exactamente. El Lerroux de la Rep\u00fablica era bastante mejor que Alcal\u00e1 Zamora o que Aza\u00f1a, creo<\/p>\n<p>P.- Seg\u00fan su opini\u00f3n, \u00bfcuando cree que en Espa\u00f1a dejar\u00e1 de utilizarse como arma arrojadiza la Guerra Civil y el pasado franquista? \u00bfNo cree que ya no es arma electoral tan efectiva como antes?<\/p>\n<p>R.- Por desgracia ha demostrado ser bastnte efectiva. Hubo un pacto en la transici\u00f3n pra no actuar as\u00ed, pero la izquierda y los nacionalistas no lo han cumplido en lo m\u00e1s m\u00ednimo. Conforme se vaya divulgando la realidad de la historia imagino que se sentir\u00e1n menos aficionados a actuar de esa forma<\/p>\n<p>P.- \u00bfComo se puede acusar de ser a la izquierda la principal responsable de la Guerra Civil? \u00bfEl intento de Golpe de Estado contra Sanjurjo, los llmamamientos de Ledesma Ramos a fusilar a Maci\u00e0 &#8220;por traidor&#8221; en 1931o el atentado contra Jimenez de As\u00faa o el asesinato del Teniente Castillo son obra izquierdistas tambien? \u00bfla financiaci\u00f3n de los fascistas italianos a la derecha antirrepublicana tambi\u00e9n fue responsabilidad de la izquierda?<\/p>\n<p>R.- El golpe de Sanjurjo no fue de la derecha, sino de un sector m\u00ednimo de la derecha. Adem\u00e1s fue precedido por otros m\u00e1s sangrientos de la izquierda: los anarquistas. El asalto a la leglidad republicna de 1934 fue organizado literal y txtualmente como una guerra civil. El n\u00famero de asesinatos en la Rep\u00fablic fue muyalto desde sus mismos inicios y en un 90% o as\u00ed procedieron lde la izquierd, a menudo mat\u00e1ndose entre s\u00ed miembros de los partidos izquierdistas. En suma, s\u00f3lo sectores marginales de la derecha eran golpistas, En cmbio el grueso de la izquierda lo era, con excepciones como Besteiro, que quedron marginados<\/p>\n<p>P.- Tal y como est\u00e1n las cosas en Espa\u00f1a, \u00bfve usted un paralelismo entre lo que pas\u00f3 en el 34 y lo que est\u00e1 pasando ahora? \u00bfPuede volver a pasar?<\/p>\n<p>R.- Hay paralelisos alarmantes porque la mayor\u00eda de las izquierdas y los ncionalistas no se han reciclado, por as\u00ed decir. Conservan demasiados resabios del pasado y una tendenci a pasar por encima de la legalidad y de la democracia., es decir, de la Constituci\u00f3n. Esa tendencia se ha acentuados en los \u00faltimos a\u00f1os. Adem\u00e1s ha entrado en juego un factor m\u00e1s imponderable, como el terrorismo isl\u00e1mico que, de entrada, ha conseguido cambiar la din\u00e1mica pol\u00edtic en Espa\u00f1a. Todo eso combinado es para suscitar la mayor preocupaci\u00f3n. Tengo la impresi\u00f3n, por primera vez desde la democracia, de que las cosas est\u00e1n ye\u00e9ndose de las manos a la sociedad.<\/p>\n<p>P.- \u00bfQu\u00e9 le parece que aparezcan libros &#8220;contra las mentiras de P\u00edo Moa&#8221;?<\/p>\n<p>R.- Me parece excelente. S\u00f3lo falta que las demuestren<\/p>\n<p>P.- Si los resultados electorales del \u00faltimo a\u00f1o no hubieran tenido lugar (vuelta del PSOE al poder, con ZP ascenso y protagonismo de ERC), habr\u00eda publicado tambi\u00e9n este libro? \u00bfCon el mismo t\u00edtulo?<\/p>\n<p>R.- El lbro estaba proyectado, como es l\u00f3gico, bastanteantes de las elecciones, y el t\u00edtulo no tiene que ver con ellas<\/p>\n<p>P.- \u00bfqu\u00e9 opina Ud. de la represi\u00f3n llevada a cabo por Franco en Asturias, para acabar con la revuelta del 1934?<\/p>\n<p>R.- FRanco no llev\u00f3 a cbo ninguna represi\u00f3n en Asturias. Es una parte de la leyenda (que reproducen Preston y otros) sobre una rpresi\u00f3n tan terrible como inexistente. La campa\u00f1a sobre la represi\u00f3n sirvi\u00f3 de eje para la campa\u00f1a electoral de la izquierda en 1936, fue una campa\u00f1a estruendos\u00f1isima y logr\u00f3 envenenar, como dec\u00eda Besteiro, a gran n\u00famero de personas. De su falsedad da idea el hecho de que tuvo que ser la derecha la que exigiera al gobierno izquierdista que investigase aquellas acusaciones, a lo que la izquierd, por supuesto, se neg\u00f3. Pero ya hab\u00eda logrado su objetivo pol\u00edtico de llegar al poder. Franco ni siquiera fue encausado por ninguna represi\u00f3n. \u00c9l hab\u00eda estado en Madrid durante todo el tiempo de la lucha y luego s\u00f3lo visit\u00f3 brvemente l regi\u00f3n. Su misi\u00f3n hab\u00eda sido la de asesorar y corrdinar las acciones en el conjunto de Espa\u00f1a. No olvide usted que la insurrecci\u00f3n cus\u00f3 muertos en 26 provincias y se proyect\u00f3 como una guerra civil general<\/p>\n<p>P.- \u00bfTeme que sus ex-compa\u00f1eros del &#8220;grupo antifranquista&#8221; le maten?<\/p>\n<p>R.- Espero que no<\/p>\n<p>P.- \u00bfCree que un terrorista isl\u00e1mico se puede reinsertar en la sociedad? \u00bfY uno del Grapo?<\/p>\n<p>R.- No entiendo bien la pregunta. Qui\u00e1 unos s\u00ed y otros no <\/p>\n<p>P.- \u00bfQu\u00e9 echa de menos del pasado, se\u00f1or Moa?<\/p>\n<p>R.- \u00bfDe qu\u00e9 pasdo?<\/p>\n<p>P.- \u00bfCree usted que se deber\u00eda imponer la pena de muerte pare delitos de terrorismo?<\/p>\n<p>R.- Supongo que ser\u00eda contraproducente<\/p>\n<p>P.- Eran el PSOE y el PCE de tiempos de la II Rep\u00fablica verdaderamente democr\u00e1tas o ve\u00edan la democracia como plataforma para alcanzar otros objetivos bien distintos<\/p>\n<p>R.- Ambos eran marxistas, y por tanto rdicalmente antidemocr\u00e1ticos , Para el marxismo la democracia es s\u00f3lo un instrumento para conseguir su propia revoluci\u00f3n. Naturalmente s\u00f3lo pueden utilizarla socavv\u00e1ndola y priv\u00e1ndola de sentido<\/p>\n<p>P.- Mi abuelo siempre cuenta batallitas de lo buen pol\u00edtico que era Indalecio Prieto. Cu\u00e1l es su opini\u00f3n?<\/p>\n<p>R.- Fue uno de los personajes m\u00e1s irresponsables y oportunistas. Un verdadero desastre. El realmente dem\u00f3crata y legalista era Besteiro. Pero, ya ve usted, Prieto les cae bien hasta a los flangistas.<\/p>\n<p>P.- \u00bfNo cree que sin el apoyo interesado de la derecha (y la extrema derecha) medi\u00e1ticas, su libro hubiera pasado desapercibido, o como mucho hubiera recibido la mofa que merece realmente?<\/p>\n<p>R.- Me parece que m\u00e1s que mofa provoca irritaci\u00f3n entre los &#8220;dem\u00f3cratas&#8221; que, por ejemplo, me niegan el derecho de r\u00e9plica, como El Pa\u00eds o la SER, o persiguen implantar una especie de censura medi\u00e1tic contra mis libros. Por lo dem\u00e1s, en este \u00faltimo puede usted leer los documentos del PSOE, de la Esquerra y de la CEDA, y juzgar por s\u00ed mismo. An\u00edmese y a ver si se r\u00ede luego<\/p>\n<p>P.- Hola y enhorabuena por su trabajo, me parece muy loable que a pesar de su pasado no tenga miedo en desenterrar el de los dem\u00e1s. No hace mucho una periodista me dijo que en la Guerra Civil hubo bueno y malos porque hubo un golpe de Estado contra una democracia. \u00bfQu\u00e9 puedo contestar sin que mis amigos progres me dejen de dirigir la palabra?.<\/p>\n<p>R.- Sobre mi pasado, si quiere enterarse, puede leer el libro &#8220;De un timpo y de un pa\u00eds&#8221; Y lo que estoy &#8220;desenterrando&#8221; no es el pasado de nadie, sino el de la sociedad espa\u00f1ola en una \u00e9poca dram\u00e1tica. No se preocupe de contestar nad a sus amigos progres. D\u00edgales que no sean fan\u00e1ticos y que lean aquello que atacn sin conocer <\/p>\n<p>P.- \u00bfCree usted que tal y como se ha llevado la transici\u00f3n a la democracia en Espa\u00f1a ha sido \u00e9sta positiva?<\/p>\n<p>R.- Ha tenido errores, como todo, per en conjunto ha sido positiv. La prueba es que las fuerzas menos democr\u00e1ticas y abiertamente antidemocr\u00e1ticas de la izquierda y los nacionalistas est\u00e1n intntando echarla abajo y comenzar una &#8220;segund transici\u00f3n&#8221;. Parece que a\u00f1oran experiencas tan demenciales como la rep\u00fablica.<\/p>\n<p>P.- \u00bfpor qu\u00e9 califica de &#8220;heroico&#8221; el asesinato de cuatro polic\u00edas por parte del GRAPO en su libro &#8220;Los cr\u00edmenes de la Guerra Civil&#8221;? Me pareci\u00f3 horrible. Por lo dem\u00e1s, \u00e1nimo y siga con sus excelentes libros.<\/p>\n<p>R.- Me parece que usted no ha le\u00eddo bien. Repase el cap\u00edtulo<\/p>\n<p>P.- \u00bfCu\u00e1l es la influencia del PNV en la g\u00e9nesis de la guerra civil?<\/p>\n<p>R.- El PNV empez\u00f3 especulando con el golpismo de derecha, pas\u00f3 luego a apoyarse en Lerroux y finalmente sabote\u00f3 la unidad de las derechas y apouy\u00f3 a la extrema izquierd, ya desde 19Contribuy\u00f3 a la raddicalizaci\u00f3n de la sociedad, esperando que la izquierda le concediera el estatuto y que fuera un r\u00e9gimen m\u00e1s d\u00e9bil, u por tanto m\u00e1s explotable de cara a la secesi\u00f3n. Fue un papel nefasto<\/p>\n<p>P.- Dando por cierta su tesis, \u00bfPorqu\u00e9 ni Franco ni sus adl\u00e1teres pasados o presentes han aireado su condici\u00f3n de no iniciadores de la guerra civil? \u00bfPor qu\u00e9 los rivales de exquerra o el psoe tampoco lo han hecho?<\/p>\n<p>R.- Las zquierds iniciaron la guerra civil en 1934, y la cosa no fue a m\u00e1s porque las derechas, incluido Franco, defendieron la legalidad republicana aunque les gustara muy poco. Cuando la izquierda vuelve al poder en 1936 no hab\u00eda abandonado b\u00e1sicamente sus presupuestos y se desat\u00f3 un proceso revolucionario amparado de hecho por el poder. Entonces la dercha se rebel\u00f3 a la desesperada. Si la izquierda hubiera triunfado, no le quepa duda de que reivindicar\u00eda como hechos heroicos sus intentonas de 1934 y hasta quiz\u00e1 las anarquistas. Sus docuentos demuestran que planeaban textualmente la guerra civil. Al fracasar conviene hablar menos de ess cosas.<\/p>\n<p>P.- en la ultima legislatura aznar y sanchez drago quisieron r5ecuperar la memoria de primo de rivera cuando franco siempre renego de el tachandolo de &#8221; se\u00f1orito de izquierdas&#8221; , la falta de memoria historica ha impedido que en espa\u00f1a se haya recuperado la figura historica de millan astray?<\/p>\n<p>R.- Franco nunca reneg\u00f3 de Jos\u00e9 Antonio, que yo sepa, aunque haya podido hacer aqu\u00ed y all\u00e1 algunas frases sobre \u00e9l.. No es malo recuperar la memoria hist\u00f3rica, como se dice ahora. Lo malo es utilizarla para recuperar los odios.<\/p>\n<p>P.- Sr. Moa, usted protagoniza una evoluci\u00f3n ideol\u00f3gica desde la extrema izquierda hasta posiciones de derecha dura.C\u00f3mo se produce esta evoluci\u00f3n, la va a contar en un libro?<\/p>\n<p>R.- No entiendo eso de derecha dura. Me considero m\u00e1s bien liberal conservador, sin adscripci\u00f3n a ning\u00fan partido. Mi evoluci\u00f3n est\u00e1 contada en el libro &#8220;De un tiempo y de un pa\u00eds&#8221;<\/p>\n<p>P.- \u00bfcu\u00e1l es, en pocas palabras, su valoraci\u00f3n hist\u00f3rica de Companys?<\/p>\n<p>R.- Fue uno de los principales responsables de la guerra civil, y presidi\u00f3 el per\u00edodo m\u00e1s tr\u00e1gico de la historia de Catalu\u00f1a en el siglo XX. Ten\u00eda m\u00e1s de loco y de fr\u00edvolo que de malvado, pero las consecuencias vinieron a ser las mismas <\/p>\n<p>P.- Publicar\u00e1 alg\u00fan d\u00eda algo sobre la represi\u00f3n franquista en Galicia, antes, durante y despu\u00e9s de la Guerra Civil?<\/p>\n<p>R.- Dento de un mes o as\u00ed saldr\u00e1 un libro sobre los nacionalalismos vasco y catal\u00e1n en el siglo XX espa\u00f1ol. A continuaci\u00f3n me pondr\u00e9 sobre los a\u00f1os Tengo pocs dudas de que encontrar\u00e9 bastntes mentiras en lo que hoy se cuenta de entonces.<\/p>\n<p>P.- \u00bfNo cree usted que basarse en la historiograf\u00eda franquista para analizar la Guerra Civil es dar una visi\u00f3n sesgada y parcial de lo que fue el conflicto?<\/p>\n<p>R.- Por cierto, no pudo haber represi\u00f3n franquista en Falicia antes de la guerra civil, como dec\u00eda el anterior mensje. S\u00ed, basrse en la historiograf\u00eda franquista dr\u00eda una visi\u00f3n muy parcial del conflicto. Por eso yo me he basado en los documentos de la Fundaci\u00f3n Pablo Iglesias, en el archivo de Largo Caballero, en los testimonios de Aza\u00f1a y otros izquierdistas, de preferencia. Si usted se molesta en leer mis libros podr\u00e1 comprobarlo con grn amplitud<\/p>\n<p>P.- \u00bfQu\u00e9 fue para usted lo que realmente pas\u00f3 en la Plaza de Toros de Badajoz, pues todos coinciden en afirmar que hubo una matanza y una columna de la muerte comandada por Yag\u00fce?<\/p>\n<p>R.- Hoy d\u00eda nadie coincde en que hubo una matanza all\u00ed como la dicha por la propaganda. Sabemos que no la hubo por el testimonio presencial de Neves, perioista portugu\u00e9s, que constat\u00f3 que en aquellos d\u00edas la plaza s\u00f3lo conservaba restos de un bombardeo sobre los camiones y matrial que los izquierdistas guardaban all\u00ed. Recientemente, al derribar la vieja plaza, se hizo la preceptiva excavci\u00f3n arqueol\u00f3gica, que lo ha confrmado fehacientemente: se han encontrado restos de bombas de aviaci\u00f3n y de ca\u00f1\u00f3n, y UN SOLO CASQUILLO DE BALA DE FUSIL . De ser cierta la matanza habr\u00eda grn n\u00famero de casquillos de ese tipo, o de ametralladora<\/p>\n<p>P.- Se ha llegado a plantear que su \u00e9xito puede radicar m\u00e1s en su oportunismo pol\u00edtico m\u00e1s que en su rigor hist\u00f3rico?<\/p>\n<p>R.- Por decir se puede decir lo que se quiera, como lo de las mentiras que me achaca Moradiellos. Pero \u00bfPor qu\u00e9 no intentan demostrarlo? Le recomiendo el pr\u00f3logo de Stanley Payne a este \u00faltimo libro sobre 19Explic muy bien el bajo nivel acd\u00e9mico de quienes dicen esas cosas, Por desgracia, en la universidad espa\u00f1ola han predominado en estos a\u00f1os criterios muy &#8220;estrechos y formulistas&#8221;. Creo que eso empiez a cambiar, porque tmbi\u00e9n hay muchos universitarios, profsores y alumnos, absolutamente hartos de tal situaci\u00f3n<\/p>\n<p>P.- \u00bfEst\u00e1 preparando alg\u00fan nuevo trabajo?<\/p>\n<p>R.- Uno sobre los nacionalismos vasco y catal\u00e1,. Saldr\u00e1 a finales de noviembre<\/p>\n<p>P.- \u00bfQue le parece que un historiador de la Universidad de Navarra (Opus Dei) como Alvaro Ferrary critique sus obras, las califique de revisionistas y demuestre que no conoce suficientemente la historiograf\u00eda contemporanea?, \u00bfes el Opus un nido de rojos?<\/p>\n<p>R.- En el Opus Dei hay de todo. Hubo franquistas y antifranquistas como Calvo Serer. He le\u00eddo el comentario del se\u00f1or Ferrary y me parece pura charlataner\u00eda insulsa. Puedo contestar a personas como Marta Bizcarrondo porque intentan argumentar algo. Ferrary no llega a eso<\/p>\n<p>P.- Sr. Moa, tengo un documento -carta particular de un Coronel-, del a\u00f1o 1930 que me gustar\u00eda hac\u00e9rsela llegar, por favor. Podr\u00eda darme un email?<\/p>\n<p>R.- Mejor, h\u00e1gala llegar a alg\u00fan archivo, porque yo he terminado ya con la guerra civil. No pienso escribir m\u00e1s libros sobre ella. Muchas gracias, de todos mods<\/p>\n<p>P.- \u00bfQue opina usted del fascismo y, en particular, del nazismo?<\/p>\n<p>R.- Son totalitarismos. Como dec\u00eda Gil Robles, no los deseo para mi pa\u00eds. Ni para ninguno<\/p>\n<p>P.- \u00bfPorque oculta que hubo al menos 3 intentos de Golpe de Estado despu\u00e9s de octubre de 1934 en los que participaron elementos del Ej\u00e9rcito y la CEDA, incluido Gil Robles?<\/p>\n<p>R.- S\u00f3lo hubo algo parecido a dos intentos de golpe, pero sin comparaci\u00f3n posible ni con los de Aza\u00f1a cuando perdi\u00f3 las elecciones ni mucho menos con los del PSOE. El primero fue una invitaci\u00f3n de Gil Robles a los militares a que hiciesen saber que no tolerar\u00edan la pol\u00edtic impunista que preconizaba Alcal\u00e1-Zamora. El segundo fue cuando Alcal\u00e1-Zamora, de manera muy dudosamente legal, expuls\u00f3 a la CEDA del poder y sustituy\u00f3 el gobierno por otro sin apoyo parlamentario, con lo que abri\u00f3 las puertas a la reanudci\u00f3n de la guerra civil (en mi opini\u00f3n, el conservador Alcal\u00e1 Zamora fue el principal responsable de la reanudaci\u00f3n de la guerra, junto con Largo Caballero) En los dos casos fue Franco quien hizo fracasar las presiones de Gil Robles. Cuando el Frente Popular empez\u00f3 a creer que ganaba las elecciones, las turbas izquierdistas ocuparon las calles, asaltaron las c\u00e1rceles y hubo mil disturbios, Franco y Gil Robles presionaron a Portela Valladares, jefe del gobierno en ese momento, para que declarase el estado de guerra y se impidiese aquel transcurso tumultuoso e irregular de las eleccines. Esto ha sido presentdo como un intento de golpe de estado, pero no lo fue. Se trat\u00f3 de una elecciones muy an\u00f3malas, como explica el mismo Aza\u00f1a. Incidentalmente, les recomiendo la atenta lectura de los diarios de Aza\u00f1a. Pocos documntos hay m\u00e1s instructivos sobre lo que fue la rep\u00fablica y los republicanos<\/p>\n<p>P.- Qu\u00e9 opina de las excavaciones actuales para recuperaci\u00f3n de la memoria hist\u00f3rica&#8230;? Son partidistas o verdaderamente buscan la verdad?<\/p>\n<p>R.- No recuperan ni buscan recuperar la memoria, sino recuperar los rencores para utilizarlos como munici\u00f3n contra la derecha. Me parece bien que quienes tengan deudos enterrados irregularmente tratan de recuperarlos (o prefieran dejarlos descansar all\u00ed), tanto si son de derechas como de izquierdas, o se trata de izquierdistas asesinados por otros izquierdistas, de los que hubo gran n\u00famero y siempre se olvidan. Pero que se recuperen, aun con apoyo oficial, por inter\u00e9s particular exclusivamente. No hay en ess fosas ninguna memoria que recuperar. Todos sabemos desde hace muchos a\u00f1os lo que pas\u00f3, Lo que se quiere es ocultar u olvidar otras v\u00edctimas.<\/p>\n<p>P.- \u00bfConoce el libro de Juan Iturralde, &#8220;D\u00edas de llamas&#8221; sobre los primeros d\u00edas de la Guerra Civil en Madrid y Toledo?<\/p>\n<p>R.- No. Mis estudios son m\u00e1s bien a nivel general de lo ocurrido en el conjunto de Espa\u00f1a y de las conductas y pol\u00edticas de los partidos. He recurrido poco a estudios regionales.<\/p>\n<p>P.- Qu\u00e9 opina del libro La Batalla del Ebro de Jorge M. Reverte? \u00bfPiensa que esa batalla fue un esfuerzo innecesario de la Rep\u00fablica porque la guerra ya estaba m\u00e1s que perdida?<\/p>\n<p>R.- El libro no es malo, aunque su nivel general es medianillo. Cultiv demasiado el sentimentalismo, y de preferencia en una sola direcci\u00f3n. La guerra estaba perdida para las izquierdas, desde luego, pero no por eso dejaba de tener sentido la batlla: la pol\u00edtica de Negr\u00edn consist\u00eda en alargar la guerra hasta que estallase la guerra europea, que se ve\u00eda venir, y ese fue su sentido. Aparte de que si hubiera logrado el objetivo de cortar por la retaguardia a las topas de Franco llegads al Mediterr\u00e1neo, les hubiera ocasionado un rev\u00e9s muy serio<\/p>\n<p>P.- Sr Moa, cree que la sociedad espa\u00f1ola ser\u00e1 lo suficientemente responsable y consciente de s\u00ed misma para reaccionar frente a la amenaza secesionista catalana y vasca que parece ya imparable?<\/p>\n<p>R.- Espero que s\u00ed. En Catalu\u00f1a y, sobre todo en el Pa\u00eds Vasco, la democracia ha sido casi arruinada por los nacionalismos. No deben ser ellos quienes marquen la pauta ni la orientaci\u00f3n de Espa\u00f1a haci su &#8220;segunda transici\u00f3n&#8221;. Por desgracia cuentan con el apoyo de Zapatero, el gran amigo de los terroristas.<\/p>\n<p>P.- En su excelente libro sobre la transicion Victoria Prego se\u00f1ala que en los a\u00f1os 70, tras el Grapo estaba la mano negra de la derecha espa\u00f1ola que queria reventar el proceso de transicion politica y su posicion politica ctual parece darle la razon. ? Que tiene que comentar a esto?<\/p>\n<p>R.- Si Victoria Prego dice eso es que su libro no es tan excelente. No lo he le\u00eddo, y quiz\u00e1 sea un lapsus o una concesi\u00f3n a la propagnda de entonces, pero puede usted consultar, aparte de mi libro, las memoris de quien tuvo a su alcance toda la informaci\u00f3n policial al respecto. Me refiero a Barrionuevo.<\/p>\n","protected":false},"excerpt":{"rendered":"<p>El escritor P\u00edo Moa ha publicado 1934: Comienza la Guerra civil. El PSOE y la Ezquerra emprenden la contienda (Editoral \u00c1ltera) donde acusa a ambos partidos de comenzar en 1934 la contienda.<\/p>\n","protected":false},"author":1,"featured_media":0,"comment_status":"open","ping_status":"open","sticky":false,"template":"","format":"standard","meta":{"footnotes":""},"categories":[],"tags":[],"class_list":["post-6049","post","type-post","status-publish","format-standard","hentry"],"_links":{"self":[{"href":"https:\/\/intervius.com\/index.html\/wp-json\/wp\/v2\/posts\/6049","targetHints":{"allow":["GET"]}}],"collection":[{"href":"https:\/\/intervius.com\/index.html\/wp-json\/wp\/v2\/posts"}],"about":[{"href":"https:\/\/intervius.com\/index.html\/wp-json\/wp\/v2\/types\/post"}],"author":[{"embeddable":true,"href":"https:\/\/intervius.com\/index.html\/wp-json\/wp\/v2\/users\/1"}],"replies":[{"embeddable":true,"href":"https:\/\/intervius.com\/index.html\/wp-json\/wp\/v2\/comments?post=6049"}],"version-history":[{"count":0,"href":"https:\/\/intervius.com\/index.html\/wp-json\/wp\/v2\/posts\/6049\/revisions"}],"wp:attachment":[{"href":"https:\/\/intervius.com\/index.html\/wp-json\/wp\/v2\/media?parent=6049"}],"wp:term":[{"taxonomy":"category","embeddable":true,"href":"https:\/\/intervius.com\/index.html\/wp-json\/wp\/v2\/categories?post=6049"},{"taxonomy":"post_tag","embeddable":true,"href":"https:\/\/intervius.com\/index.html\/wp-json\/wp\/v2\/tags?post=6049"}],"curies":[{"name":"wp","href":"https:\/\/api.w.org\/{rel}","templated":true}]}}