{"id":6045,"date":"2004-11-02T00:00:00","date_gmt":"2006-11-06T00:00:00","guid":{"rendered":"https:\/\/intervius.com\/index.html\/?p=6045"},"modified":"2006-11-06T00:00:00","modified_gmt":"2006-11-06T00:00:00","slug":"Fernando_Marias6045","status":"publish","type":"post","link":"https:\/\/intervius.com\/index.html\/Fernando_Marias6045\/","title":{"rendered":"Fernando Mar\u00edas"},"content":{"rendered":"<p>Pregunta.- \u00bfJavier Mar\u00edas es familiar tuyo? \u00bfQu\u00e9 opini\u00f3n te merece su literatura?<\/p>\n<p>Respuesta.- Creo que hay una rempta relaci\u00f3n, prmios en tercer o cuarto grado, o algo as\u00ed. No nos conocemos personalmente. Su literatura no me gusta demasiado, aunque hay una cosa que le admiro y respeto enormemente: tiene, desde hace mucho, mirada y voz propia. Lo que todos buscamos, al fin y al cabo.<\/p>\n<p>P.- En las pel\u00edculas americanas los escritores suelen decir &#8220;NECESITO UN \u00c9XITO&#8221;. \u00bfAlguna vez has dicho t\u00fa esa frase u otra parecida?<\/p>\n<p>R.- \u00bf&#8221;Necesito un \u00e9xito&#8221; lo dicen los escritores americanos? Yo creo que esa frase es m\u00eda. Al menos, soy quien la ha importado a nuestro pa\u00eds. Y con mucho \u00e9xito. Ya me la han copiado varios amigos-colegas. <\/p>\n<p>P.- Que repercusiones puede acarrear para el mundo, la guerra de Irak? Estamos ante un tercera guerra mundial?<\/p>\n<p>R.- Creo que estamos moj\u00e1ndonos los pies en la orilla de la tercera guerra mundial, s\u00ed. La guerra de Irak es el principio, peor est\u00e1 Israel, y otros lugares&#8230; El panorama me parece desolador. <\/p>\n<p>P.- \u00bfConoce y ha hablado con alguno de los m\u00e9dicos espa\u00f1oles que estuvieron en Irak, en Um Qasr, de misi\u00f3n humanitaria, a bordo del buque Galicia? Para documentarse, imagino. Estoy seguro de que sus experiencias dan para escribir un libro&#8230;<\/p>\n<p>R.- No, he hablado con m\u00e9dicos, pero no m\u00e9dicos que estuvieran all\u00ed. Si te fijas, en la novela la parte de Irak es totalmente esencial, me gusta compararla con una vi\u00f1eta de Moebius. Creo que en este caso la documentaci\u00f3n est\u00e1 ya en la terina del lector.<\/p>\n<p>P.- Ya he le\u00eddo Invasor y es una novela fabulosa. \u00bfQu\u00e9 dedicatoria le pondr\u00edas a Aznar si te pidiera una firma en la Feria del Libro?<\/p>\n<p>R.- Gracias. \u00bfCrees que \u00e9l querr\u00eda que se la dedicase? Le pondr\u00eda: &#8220;deseando que tenga el valor de leerla entera, y con honestidad.&#8221; Pero no la leer\u00eda.<\/p>\n<p>P.- A veces me cruzo contigo por las calles c\u00e9ntricas de Madrid. Sueles ir con el gesto abstra\u00eddo, como pensando. \u00bfUsas los paseos para idear tus novelas?<\/p>\n<p>R.- S\u00ed, voy pensando qu\u00e9 pel\u00edcula voy a ver en DVD, mi nuevo vicio. Es broma, paseo pensando en la novela que escribo; cuando tengo el gesto abstra\u00eddo suele ser por eso. <\/p>\n<p>P.- \u00bfEn qu\u00e9 a basado la novela? En la opini\u00f3n p\u00fablica o en las experiencias de alg\u00fan militar.<\/p>\n<p>R.- Es mi punto de vista sobre la guerra de irak. He le\u00eddo la prensa, he observado c\u00f3mo se ha hecho todo, y a partir de ah\u00ed he ideado la novela. Quer\u00eda hacer una novela que inquietara a los lectores adultos, dar miedo con elementos reales, cercanos, de hoy. La guerra sustituyendo al asesino del hacha. Y con ese toque &#8220;siglo XIX&#8221; en que lo que importa es el fondo del ser humano. Ya sabes: &#8220;la conciencia puede ser un arma mortal&#8221;.<\/p>\n<p>P.- En \u00abUna luz prodigiosa\u00bb novela la vida de un Garc\u00eda Lorca que no muri\u00f3 fusilado. Trapiello novela ahora la vida de los personajes del Quijote tras la muerte del hidalgo&#8230; \u00bfSe impone una ficci\u00f3n como ep\u00edgono de la realidad en la narrativa? Gracias desde cafedeartistas.com. (G. Allen)<\/p>\n<p>R.- Creo que revisar ciertos mitos es muy atractivo para los autores. Pero citas dos ejemplos bien distintos. Yo reviso la realidad en La luz, y Andr\u00e9s la ficci\u00f3n de Cervantes, aunque ambos inventemos nuestra novela. Pero al final, creo, las teor\u00edas no valen nada. Solo que la novela sea buena y transmita emoci\u00f3n.<\/p>\n<p>P.- \u00bfLa literatura da para comer gambas? \u00bfO tiene uno que conformarse con el chopped puro?<\/p>\n<p>R.- La literatura puede dar para las gambas, aunque el cine es m\u00e1s generoso en eso. Somos pocos, no obstante, los que conocemos los aromas secretos del chopped puro, sus posibilidades insondables, su vocaci\u00f3n de eudorizante, su trascendencia en la literaturaespa\u00f1ola del siglo XX.<\/p>\n<p>P.- Has escrito libros y guiones. \u00bfQu\u00e9 diferencias encuentras entre los editores y los productores?<\/p>\n<p>R.- Los editores se meten menos con tu trabajo. Los productores siempre tienen que opinar. Y el director, naturalmente; y los actores, y alguno que otro m\u00e1s&#8230; Sin embargo, echo de menos a los editores que se met\u00edan con tu novela, la discut\u00edan para mejorarla, y aplicaban un criterio riguroso. De todas formas, me llevo bien con productores y editores. <\/p>\n<p>P.- Buenos d\u00edas, Fernando. He disfrutado de \u201cEsta noche morir\u00e9\u201d y de \u201cEl ni\u00f1o de los coroneles\u201d y creo que en ambos libros hablas de tragedias desencadenadas, voluntaria o involuntariamente, ante las que es in\u00fatil, una vez puesta en marcha la m\u00e1quina infernal, intentar oponerse o dar marcha atr\u00e1s. \u00bfCrees que en la guerra de Iraq ya no hay nada que hacer, sino esperar a que estalle todo el polvor\u00edn para despu\u00e9s ver qu\u00e9 es lo que ha quedado?<\/p>\n<p>R.- Siempre queda el espacio para el di\u00e1logo, Es la \u00fanica salida, a mi modo de ver. Uu intento que ha de ser urgent\u00edsimo, y de todos. Creo sinceramete que nos estamos jugando el cuello, el del planeta y el nuestro.<\/p>\n<p>P.- Realmente cree que no ha merecido la pena la guerra de Irak aunque s\u00f3lo haya servido para derrocar a un tirano cuyo partido no era sino la versi\u00f3n \u00e1rabe del nacional socialista alem\u00e1n?<\/p>\n<p>R.- La situaci\u00f3n en Irak y en el mundo ha empeorado gravemente, tambi\u00e9n -y sobre todo-para los iraqu\u00edes. Y el alcance real de Sadam no era tal; en mi opini\u00f3n es un exceso absoluto compararlo con Hitler. La propaganda occidental alent\u00f3 su imagen de diablo. Era un dictador tercermundista, obviamente inofensivo para nosotros. La guerra solo ha servido para generar una fabulosa factura de armas. Y para generar una crisis econ\u00f3mica que veremos en unos pocos meses. Cuando empecemos a pagar nosotros, con nuestras tarjetas de cr\u00e9dito, la guerra, tal vez comprendamos el alcance de lo que se inici\u00f3 irracionalmente.<\/p>\n<p>P.- \u00bftienes p\u00e1gina web como tu amigo Lorenzo Silva? Enhorabuena por tus novelas.<\/p>\n<p>R.- Tengo, tengo, aunque seguro que no tan meticulosa como la de mi amigo Lorenzo, mi meticuloso amigo Lorenzo. www.fernandomarias.com. Gracias.<\/p>\n<p>P.- Yo s\u00f3lo puedo dar las gracias por El Ni\u00f1o de los Coroneles. Gracias por tantas relecturas, pero preguntare algo: \u00bfQuien le gustaria que leyera su libro?<\/p>\n<p>R.- Pues alguien que acaba de ser padre, por ejemplo, para comprender que ese ser que tiene entre las manos ser\u00e1 como \u00e9l lo eduque. Es una novela sobre la educaci\u00f3n infantil, entre algunas otras cosas. El posible futuro de nuestra especie est\u00e1 en la educaci\u00f3n de las generaciones nuevas. O ah\u00ed o en ninguna parte. <\/p>\n<p>P.- Me gustan mucho tus intervenciones en &#8220;Qu\u00e9 grande es el cine&#8221;. \u00bfCu\u00e1les son tus tres pel\u00edculas favoritas de todos los tiempos?<\/p>\n<p>R.- Gracias, pero yo no intervengo en Qu\u00e9 grande es el cine, aunque me encatntar\u00eda. Te refieres a Miguel Mar\u00edas. Pero soy tan cin\u00e9filo como \u00e9l. Tres pel\u00edculas: mi favorita de todos los tiempos Grupo salvaja, de Sam Packinpah. Luego podr\u00eda estar Chinatown, de Polanski, El salario del miedo, de Clouzot, El padrino de Coppola. Como ves, todo comedias.<\/p>\n<p>P.- Me encant\u00f3 El Ni\u00f1o de los Coroneles, sobre todo esos dos personajes del Libertador And\u00fajar y el Licenciado Jim\u00e9nez. \u00bfNo merecer\u00edan una novela para ellos solos?<\/p>\n<p>R.- Trabajo en una gran biograf\u00eda de ambos personajes, a los que entrevisto de ves en cuando frente a un buen bife de chorizo. Son unos ancianos encantadores, aunque repitan constantemente que necesitan un \u00e9xito. El licenciado es particularmente interesante, porque ha enloquecido. <\/p>\n<p>P.- Recuerdo que Javier Mar\u00edas hizo una cr\u00edtica muy negativa de &#8220;El ni\u00f1o de los coroneles&#8221;. \u00bfEs que el Mar\u00edas es un lobo para el Mar\u00edas?<\/p>\n<p>R.- \u00bfAh, s\u00ed? Me encantar\u00eda leerla. De verdad, no lo sab\u00eda. Lobo lobo, no&#8230; Nunca me ha mordido. Claro que quien sabe&#8230; Tal vez en las noches de luna llena se convierte, contra su voluntad, en un escrito de spaguett western. <\/p>\n<p>P.- \u00bfEs cierto que t\u00fa eres el que escribe los libros de Juan Bas, y que es Juan Bas el que escribe los libros tuyos? He o\u00eddo que se trata de una inmensa broma que revelar\u00e9is dentro de un a\u00f1o con un libro conjunto sobre las imposturas del mundillo literario.<\/p>\n<p>R.- No, no es cierto, \u00c9l es mucho peor que yo, y revelar eso ser\u00eda admitir que en realidad era yo el malo. \u00c9l piensa lo mismo (que yo soy peor), y adem\u00e1s es mucho m\u00e1s vanidoso. Otra cosa es que alguien pagara porque revelaramos esa mentira u otra&#8230; Es broma, como ya captas. Seguimos siedo amigos a pesar de dedicarnos a lo mismo.<\/p>\n<p>P.- Quiero que sepas que cuando le\u00ed &#8220;El ni\u00f1o de los coroneles&#8221; me imagin\u00e9 todo el rato al malvado Victor Lars con tu cara. \u00bfEs esa la cara ideal, o t\u00fa lo ve\u00edas con otra?<\/p>\n<p>R.- Vaya, me gustar\u00eda conocerte, para saber c\u00f3mo es la tuya. Esto podr\u00eda ser el principio de una gran relaci\u00f3n&#8230; No s\u00e9 si mi cara es bastante expresiva, en el fondo soy un ingenuo. La cara del actor brit\u00e1nico Terence Stamp creo que estar\u00eda muy bien. Jeremy Irons tambi\u00e9n&#8230;<\/p>\n<p>P.- Le\u00ed en su momento &#8220;El ni\u00f1o de los coroneles&#8221; y todav\u00eda tengo pesadillas con el malo-mal\u00edsimo de esa novela. \u00bfC\u00f3mo pudiste concebir a alguien as\u00ed? \u00bfEs que hay un monstruo en el fondo de tu alma?<\/p>\n<p>R.- Pues lo conceb\u00ed liberando mi imaginaci\u00f3n y mi deseo de profundizar en el algunos aspectos de los malvados. Seguramente hay un peque\u00f1o monstruo, o grande, en todos nosotros. la cuesti\u00f3n es que logremos convencerlo de que debe desistir de salir. Ya que intentar evitar que asome por la fuerza suele ser dif\u00edcil. Mejor con razones. <\/p>\n<p>P.- Le\u00ed en tu web que eres muy aficionado a los cotilleos de la prensa del coraz\u00f3n. \u00bfCu\u00e1l es tu famoso (o famosa) favorito? \u00bfY cu\u00e1l el que m\u00e1s detesta?<\/p>\n<p>R.- \u00a1No! Eso es una broma de un amigo, que meti\u00f3 esa gracia en mi p\u00e1gina y ah\u00ed se ha quedado. Detesto ese mundo, aunque de puro cutre a veces puede inspirar historias. Y a veces le echo un ojo guiado por el morbo. Creo que Coto Matamoros es, en el fondo, muy muy en el fondo, un sentimental con sentido del humor; \u00e9l y su hermano deber\u00edan salir en Batman V. Como villanos, claro. Pero hay muchos. Me pregunto c\u00f3mo estar\u00e1n viviendo estos momentos en que parece que van a tener que ponerse a trabajar de verdad, cuando se les acabe el chollo.<\/p>\n<p>P.- \u00bfKerry o Bush?<\/p>\n<p>R.- Kerry.<\/p>\n<p>P.- \u00bfTu pr\u00f3ximo proyecto literario?<\/p>\n<p>R.- Una pel\u00edcula es lo pr\u00f3ximo. Y en cuanto a literatura, tal vez un relato largo, o novela corta, de terror g\u00f3tico con grandes elementos de romanticismo, algo muy del siglo XIX. La verdad es que tengo varias ideas, no s\u00e9 por d\u00f3nde tirar\u00e9.<\/p>\n<p>P.- \u00bfInter\u00e9s real u oportunismo al escribir sobre la guerra de Irak?<\/p>\n<p>R.- Creo que cuando se aborda una novela, cualquier novela, desde una intenci\u00f3n de hacerla universal, de hablar del ser humano, nunca es oportunista. En todo caso, creo que Invasor no es oportunista. La novela tiene m\u00e1s fuerza hablando de ahora y de hoy que contando lo mismo, por ejemplo, en la guerra del Rif., o en la guerra civil. Eso la hace m\u00e1s efectiva, potente y cercana. Dudo que quien lea la novela pueda acusarla -razon\u00e1ndolo- de oportunista.<\/p>\n<p>P.- \u00bfQu\u00e9 le parecen los nuevos programas culturales de TVE? \u00bfS\u00e1nchez Drag\u00f3 o Javier Rioyo?<\/p>\n<p>R.- El de Rioyo a\u00fan no le he visto., y no puedo opinar por tanto. Y el \u00fanico programa de Drag\u00f3 que vi fue una larga y estupenda entrevista a Fracisco Ledesma. Lo que s\u00ed es cierto es que algo se mueve en TVE. me alegra enormemente que la impunidad de los gritones a los que nos refer\u00edamos antes se haya acabado o est\u00e9 en v\u00edas. Lo cierto es que ese paso se ha dado. <\/p>\n<p>P.- Me sorprende la rapidez con que la guerra de Irak ha pasado a la literatura. Es un caso poco habitual en Espa\u00f1a, donde todav\u00eda se escribe y se filma sobre la Guerra Civil y casi sobre nada m\u00e1s que sea contempor\u00e1neo de verdad&#8230; \u00bfHa pasado ya suficiente tiempo o es un poco precipitado, cuando la guerra, en realidad, a\u00fan no ha acabado?<\/p>\n<p>R.- Al d\u00eda siguiente de las manifestaciones contra la guerra empec\u00e9 a pensar en escribir sobre ello. la guerra no ha acabado, en efecto, pero s\u00ed empez\u00f3, y yo escribo sobre eso. Sobre la postura morak de asaltar un pa\u00eds. Es una novela sobre la conciencia y sobre el ser humano. Podr\u00eda haber estado ambientada en cualquier guerra, pero creo que le da mucha fuerza que los personaje sean espa\u00f1oles, vayan al f\u00fatbol y al cine y vivan como cualquiera de nosotros. Es preciso insistir en que Invasor es una novela, no un libro de historia o de an\u00e1lisis pol\u00edtico.<\/p>\n<p>P.- \u00bfCu\u00e1l es su intenci\u00f3n al reflejar tanto rencor y rabia de los personajes asesinados por el protagonista?<\/p>\n<p>R.- \u00bfTanto rencor y rabia? El rencon y rabia que tendr\u00edamos muchos de nosotros si un soldado de un pa\u00eds oriental entrase en nuestra casa y mtase a nuestros hijos. La venganza es un impulso terror\u00edfico, pero probablemente imparable. Mi intenci\u00f3n al reflejar tal situaci\u00f3n es hacernos reflexionar sobre ello. Reflexionar sobre el hecho de que diariamente, mientras nosotros hacemos este chat, est\u00e1n muriendo civiles en Irak. <\/p>\n<p>P.- Como vasco, \u00bfc\u00f3mo te posicionas con la pol\u00e9mica desatada con los cocineros?<\/p>\n<p>R.- No tengo suficientes datos para opinar con rigor. Pero me entristece la sensaci\u00f3n de que la suciedad generada por el conflicto vasco parezca capaz de salpicarlo todo, de una forma u otra.<\/p>\n","protected":false},"excerpt":{"rendered":"<p>Fernando Mar\u00edas ha escrito la primera novela sobre la presencia espa\u00f1ola en Irak. Invasor es una par\u00e1bola sobre la violencia y sus consecuencias, escrita con dureza y mucha valent\u00eda. El autor, charlar\u00e1 con los internautas sobre su nuevo trabajo.<\/p>\n","protected":false},"author":1,"featured_media":0,"comment_status":"open","ping_status":"open","sticky":false,"template":"","format":"standard","meta":{"footnotes":""},"categories":[],"tags":[],"class_list":["post-6045","post","type-post","status-publish","format-standard","hentry"],"_links":{"self":[{"href":"https:\/\/intervius.com\/index.html\/wp-json\/wp\/v2\/posts\/6045","targetHints":{"allow":["GET"]}}],"collection":[{"href":"https:\/\/intervius.com\/index.html\/wp-json\/wp\/v2\/posts"}],"about":[{"href":"https:\/\/intervius.com\/index.html\/wp-json\/wp\/v2\/types\/post"}],"author":[{"embeddable":true,"href":"https:\/\/intervius.com\/index.html\/wp-json\/wp\/v2\/users\/1"}],"replies":[{"embeddable":true,"href":"https:\/\/intervius.com\/index.html\/wp-json\/wp\/v2\/comments?post=6045"}],"version-history":[{"count":0,"href":"https:\/\/intervius.com\/index.html\/wp-json\/wp\/v2\/posts\/6045\/revisions"}],"wp:attachment":[{"href":"https:\/\/intervius.com\/index.html\/wp-json\/wp\/v2\/media?parent=6045"}],"wp:term":[{"taxonomy":"category","embeddable":true,"href":"https:\/\/intervius.com\/index.html\/wp-json\/wp\/v2\/categories?post=6045"},{"taxonomy":"post_tag","embeddable":true,"href":"https:\/\/intervius.com\/index.html\/wp-json\/wp\/v2\/tags?post=6045"}],"curies":[{"name":"wp","href":"https:\/\/api.w.org\/{rel}","templated":true}]}}