{"id":6039,"date":"2004-11-24T00:00:00","date_gmt":"2006-11-06T00:00:00","guid":{"rendered":"https:\/\/intervius.com\/index.html\/?p=6039"},"modified":"2006-11-06T00:00:00","modified_gmt":"2006-11-06T00:00:00","slug":"Suso_de_Toro6039","status":"publish","type":"post","link":"https:\/\/intervius.com\/index.html\/Suso_de_Toro6039\/","title":{"rendered":"Suso de Toro"},"content":{"rendered":"<p>Pregunta.- Hola Suso. \u00bfC\u00f3mo valoras la actual situaci\u00f3n de la literatura en gallego? Dinos algunos nombres recientes que merezcan la pena.<\/p>\n<p>Respuesta.- ESto es de las cosas m\u00e1s dif\u00edciles, porque soy mal lector de mis contemporaneos. Tengo una especie de mal, un bicho o algo as\u00ed, que me ha estropeado al lector de ficci\u00f3n que fui. hoy d\u00eda casi solo leo ensayo, biograf\u00edas y cosas as\u00ed. disculpa. En todo caso siempre recomiendo leer algunos cuentos y algunos poemas de Ferr\u00edn. <\/p>\n<p>P.- \u00bfPodr\u00eda explicarme aquella expresi\u00f3n suya de que existen tantas Espa\u00f1as como personas hay en este pa\u00eds? Muchas gracias.<\/p>\n<p>R.- Me refiero a que los conceptos, y las naciones solo existen como un modo de hablar. hay territorios, claro, pero sobre todo hay personas. y son las personas las que componen, o deben componer libremente, las naciones y dem\u00e1s. Realmente no hay Espa\u00f1a, ni Europa, ni nada. Lo que hay son espa\u00f1oles, europeos&#8230;en general personas, que solemos ser distintos, diversos.<\/p>\n<p>P.- Hola Suso&#8230; A la hora de escribir, \u00bfqu\u00e9 diferencias ves entre enfrentarte a un cuento o a una novela? (A\u00f1os llevaba buscando como loco el descatalogado &#8220;Tic-Tac&#8221;, que un d\u00eda dej\u00e9 a un amigo y desapareci\u00f3&#8230;). Sigue escribiendo! Marcos<\/p>\n<p>R.- &#8220;Tic TAc va incluido ahora en el llibro nuevo, El Pr\u00b4ncipe manco. El cuento es como una flecha, una inspiraci\u00f3n \u00fanica, muy cercano al poema, tiene una unidad emotiva. La novela en cambio es m\u00e1s parecido a la arquitectura, pide estrategia y t\u00e1ctica. El cuento es como una batalla \u00fanica, la novela como una guerra con batallas y descansos.<\/p>\n<p>P.- te sientes mas identificado co las historias de land rover o con las actuales<\/p>\n<p>R.- A mi me gusta hacer siempre cosas nuevas, y claro, vas evolucionando. Nos hacemos mayores! Pero luego cuando uno vuelve a los libros viejos a\u00fan te siguen gustando, Land Rover aguanta bien el paso del tiempo. Creo. <\/p>\n<p>P.- Recientemente alguien me ha pasado un peque\u00f1o art\u00edculo tuyo escrito para un peri\u00f3dico gallego. Era sobre un sufrido narrador que oye por el patio interior de su casa las broncas que recibe un chaval (Francisco Javier) por parte de su madre. Puesto as\u00ed sonar\u00e1 muy cruel, pero el art\u00edculo era hinchante. \u00bfCrees que Morgun contiene los ingredientes para sorprender al lactor y provocar carcajadas? Gracias. .<\/p>\n<p>R.- No, no, que va. Morg\u00fan es todo lo contrario, no hay iron\u00eda. Es todo pasi\u00f3n \u00e9pica. A quien le guste la sangre derramada, las cabezas cortadas, las maldiciones y todo eso, le gustar\u00e1. A quien busque algo menos apasionado y m\u00e1s ir\u00f3nico, no. <\/p>\n<p>P.- se\u00f1or de Toro, \u00bfno le parece que el \u00e9xito de la obra de determinados escritores gallegos se debe m\u00e1s a una moda que a la calidad, muy discutible, de su obra literaria, maniquea y previsible? \u00bfpor qu\u00e9 no se escriben m\u00e1s cosas arriesgadas del tipo de A Sombra Cazadora, en vez de novelas y colecciones de relatos donde desde la primera l\u00ednea se sabe lo que va a venir a continuaci\u00f3n? muchas gracias.<\/p>\n<p>R.- La verdad es que opinar sobre literatura es complicado, sobre todo para un autor. Y supongo que no sabes realmente el valor de un libro hasta que no est\u00e1s muerto, o al menos hasta que no pasan diez a\u00f1os. El caso es que no puedo responder con claridad a la pregunta. En fin, para gustos hay colores y supongo que tiene que haber de todo. \u00e7 por cierto que la semana que viene tengo una reuni\u00f3n con guionistas para empezar a adaptr a cine la sombra cazadora. A ver si dentro de tres a\u00f1os o as\u00ed&#8230;.<\/p>\n<p>P.- La diversidad, la distinci\u00f3n, el multiculturalismo&#8230; \u00bfAyudan o embarullan m\u00e1s un ente de por s\u00ed tan complejo como es el ser humano?<\/p>\n<p>R.- El ser humano siempre fue complejo, mi abuelo se muri\u00f3 comido por los tiburones cuando entraba ilegalmente en EE.UU. La gente siempre anduvo por ah\u00ed buscando la vida y conociendo gente y hablando palabras nuevas, nuevos acentos. Y ahora estamos condenados a vivir as\u00ed, condenados o destinados, viviendo entre lugares, entre lenguas. Ya casi nadie vive toda su vida en su pueblo hablando \u00fancamente como los de su pueblo. Estamos condenados a ser partidos, escindidos. <\/p>\n<p>P.- \u00bfPuede contarnos qu\u00e9 pas\u00f3 realmente durante las deliberaciones del premio nacional?<\/p>\n<p>R.- Pues que un premio nacional, para m\u00ed, es muy importante. Una cosa son los premios que dan las editoriales, comerciales y otra cosa decir cual es el mejor libro escrito en Espa\u00f1a ese a\u00f1o. Ah\u00ed hay que ser honrados. por respeto a lectores yautores, y por respto a ls que ya escribieron: Valle, Lorca, Pla&#8230;No se puede venir organizados a premiar una novela de alguien de tu cuadrilla sin m\u00e1s. Por lo menos la novela tiene que tener un pase&#8230;Y esta no lo tiene, es un disparate. La lliteratura espa\u00f1ola est\u00e1 siendo sepultada por un disparate comercial. Creo. <\/p>\n<p>P.- Buenas tardes. \u00bfMe podr\u00eda decir su opini\u00f3n sobre Arcadi Espada y, m\u00e1s concretamente, sobre las cr\u00edticas que le ha dedicado en su diario en internet? Muchas gracias por su respuesta.<\/p>\n<p>R.- No conozco a esa persona. Pero me irrita la gente que solo sabe poner pegas a loq ue hacen otros. Siempre se pueden poner pegas, a todo, pero ese modo de vivir me parece trist\u00edsimo. Es cierto que yo redact\u00e9 un manifiesto contra la pol\u00edtica del anterior gobierno, que fue repasado por otras dos manos luego, y como cnsecuencia ten\u00eda una redacci\u00f3n muy mejorable. Pero si eso es lo \u00fanico que se le ocurre sobre las razones del manifiesto&#8230;Me parece que son ganas de fastidiar. All\u00e1 cada uno.<\/p>\n<p>P.- Hola Suso. Eu e a mi\u00f1a namorada (de nacionalidade brasileira e chegada hai un ano a Galiza) non podemos m\u00e1is que deixar de rirnos cando escoitamos a algu\u00e9n afirmar que a nosas respectivas linguas natais non son a mesma lingua. Non roza o rid\u00edculo manter hoxe dita aptitude ante algo tan evidente?. Terei que pedir ao ILG que me env\u00ede un traductor para que nos entendamos cando ela diga &#8220;filho&#8221; e eu resposte &#8220;fillo&#8221;?.<\/p>\n<p>R.- Yo creo que las lenguas son vivas, y afortunadamente las lenguas no se dejan embutir dentro de las fronteras de los estados o de lo que sea. yo tengo claro que hablo, y escribo, dentro de loq ue los hispanistas llaman &#8220;romance hispanico occidental&#8221; hablado en Galicia y Portugal y que de ah\u00ed pas\u00f3 a Brasil&#8230;Y soy afortunado, hablo dos lenguas que se esxtienden por muchos pa\u00edses. <\/p>\n<p>P.- Boas tarde, Sr. de Toro. Sei, case desde sempre, que a mi\u00f1a vocaci\u00f3n \u00e9 ser escritor, mais non son quen de botar comezar a andaina, pois remato por bloquearme as poucas p\u00e1xinas de comezar algunha das mi\u00f1as ideas. \u00bfAlg\u00fan consello?.<\/p>\n<p>R.- Dif\u00edcil, compa\u00f1eiro. Yo lo tuve claro desde chaval, mis mayores me llamaban &#8220;o vello dos contos&#8221; cuando era ni\u00f1o. Supongo que solo cabe leer, leer luego con un criterio formativo, orientado por un plan de lecturas, y luego probar a escribir. Cuentos y cuentos, enviarlos a concursos una y otra vez. <\/p>\n<p>P.- Por que sentiste esa necesidad de crear y ponerte al frente de Nunca Mais? Los gallegos nunca podremos agradecer suficiente vuestra labor.<\/p>\n<p>R.- La verdad es que a veces la vida no te da tiempo a pararte a pensar. Y me atrevo a creer que esos son momentos extraordinarios y afortunados. Solo hay que seguir el curso de la vida. Cuando hicieron all\u00ed tanto mal y por encima nos ofendieron y da\u00f1aron con tantas mentiras la alternativa era clara, hab\u00eda que hacer frente a aquello. no hab\u00eda opci\u00f3n. Y realemtne no ten\u00eda m\u00e9rito, de claro como era lo que hab\u00eda que hacer. <\/p>\n<p>P.- \u00bfQu\u00e9 opini\u00f3n le merece el intento de dividir el catal\u00e1n en dos lenguas (catal\u00e1n y valenciano? \u00bfTiene este caso alg\u00fan paralelismo con el del gallego y el portugu\u00e9s? Gracias<\/p>\n<p>R.- A m\u00ed me parece que la mezquindad es muy frecuente en las relaciones vecinales. Y que ellos nos conduce a callejones sin salida y a disparates. Siempre tenemos envidia y odio hacia los m\u00e1s cercanos, pero ello nos hace perder energ\u00edas y el tiempo. El caso del gallego y el portugu\u00e9s es muy similar ling\u00fc\u00edsticamente, pero su origen es hist\u00f3ricamente distinto. A nosostros lo que nos separ\u00f3 fue la divisi\u00f3n entre los dos estados. <\/p>\n<p>P.- \u00bfPor qu\u00e9 cree que el nacionalismo no termina de cuajar en Galicia?<\/p>\n<p>R.- Galicia es un lugar raro. Los gallegos tienen claro que son un lugar propio, pero no tienen la conciencia de que les beneficie el tener una expresi\u00f3n pol\u00edtica propia. Como todo en galicia, es muy confuso el asunto. <\/p>\n<p>P.- Se siente usted mas cercano a los irlandeses que a alguien de Madrid?<\/p>\n<p>R.- Qu\u00e9 va. Uno se siente cercano de la gente que le cae bien,sea de donde sea. Con la gent de Madrid uno comparte muchas cosas, y penas, m\u00e1s que con un irland\u00e9s. Otra cosa es que desde siempre en gAlicia se ha mirado con cari\u00f1o hacia irlanda, por razones ideol\u00f3gcias, de simapt\u00eda, hist\u00f3ricas, y sentimentales. Les tenemos cierto cari\u00f1o, es verdad. Pero es un cari\u00f1o abstracto, al final quieres a quien conoces. <\/p>\n<p>P.- Digame un libro para leer siempre.. y un autor para no perder de vista nunca.Gracias.Teresa.<\/p>\n<p>R.- A m\u00ed hay un libro de poes\u00eda que me impidi\u00f3 escribir poesia en adelante, es &#8220;Trilce&#8221; de Cesar Vallejo. Supongo que es porque es bueno. Y el Principito. para eso no hay edades. Y los cuentos de Cort\u00e1zar. y Pedro P\u00e1ramo de Rulfo. Y&#8230;<\/p>\n<p>P.- Si usted fuera extreme\u00f1o en vez de gallego, y escribiera en espa\u00f1ol, cree que tendr\u00eda las mismas oportunidades de publicar?<\/p>\n<p>R.- A mi me cost\u00f3 un huevo, no se crea. POr favor, no piense a trav\u00e9s de una lente de prejuicios, nadie lo tiene facil. Ni nada explica nuestras dificultades facilmente. Hay que trabajar y darle duro, y valer para ello, claro. <\/p>\n<p>P.- \u00bfQu\u00e9 sensaci\u00f3n le producir\u00e1 la demolici\u00f3n del Colegio Peleteiro?<\/p>\n<p>R.- en ese colegio estudi\u00e9. La infancia es verdaderamente la patria y el manantial de uno mismo, pero no todo lo de la infancia es bueno. nuestra patria tambi\u00e9n son nuestras heridas. Si tiran ese edificio abajo se derrumbar\u00e1n muchos recuerdos buenos, supongo, y tambi\u00e9n muchos malos. <\/p>\n<p>P.- \u00bfQu\u00e9 opinas de las novelas de Jos\u00e9 Carlos Llop?<\/p>\n<p>R.- eS que no leo a los vivos. No s\u00e9 por qu\u00e9, pero es que me cuesta mucho. Siempre espero a que se mueran.Si luego los libros siguen vivos, voy y a lo mejor me los leo. En general, creo que no hay que leer a lso que est\u00e1n cerca. Hay que medirse con los muertos, que son los buenos. <\/p>\n<p>P.- \u00bfMorgun y Corrub en la ficci\u00f3n se identifican con alg\u00fan personaje real?<\/p>\n<p>R.- NO, no. Bueno, no creo. A lo mejor s\u00ed. Pero sobre todo es imaginaci\u00f3n desaforada. Mitos y h\u00e9roes y cosa asi, cosas que a lo mejor no son muy educativas, por tanta sangre, pero que de alg\u00fcn modo siempre a\u00f1oramos. Y por otro lado reivindicar el valor siempre es bueno. <\/p>\n<p>P.- \u00bfDe d\u00f3nde surgi\u00f3 la idea de dedicarle un libro s\u00f3lo al Nano? \u00bfDe la editorial? \u00bfFue suya? \u00bfEl Nano le ped\u00eda mayor protagonismo?<\/p>\n<p>R.- Fu\u00e9 m\u00eda. Quer\u00eda hacer visible todo lo que Nano me inspir\u00f3. Y que creo que es la columna central de mi obra. Hay quien me ve como novelista, como novelista de g\u00e9nero, ensayista pol\u00edtico, periodista, pero El Pr\u00edncipe manco re\u00fane lo m\u00e1s personal d emi mundo. <\/p>\n<p>P.- \u00bfDe que forma le afecta la tragedia del Prestige?<\/p>\n<p>R.- Bueno, ahora ya pas\u00f3 la emoci\u00f3n. Quedan los da\u00f1os eco\u00b4logicos, que perdurar\u00e1n a\u00f1os, claro. Pero la ofensa y la indignaci\u00f3n pasaron. De todos modos lo vivido fue tan intenso que nos cambi\u00f3 a todos. Si no hubiesen hecho lo que hicieron no les habr\u00eda dado luego tanta guerra a Aznar y su gobierno. <\/p>\n<p>P.- \u00bfA quie va direigida su obra? \u00bfA que tipo de lector se quiere acercar?<\/p>\n<p>R.- Tengo libros muy diversos. Pero siempre imagino alguien que disfruta leyendo, no un cr\u00edtico que examina para suspender o aprobar. Gusto de alguien que juega el juego de la literatura, que quiere disfrutar, sea ensayo, novela cl\u00e1sica o experimental. <\/p>\n<p>P.- \u00bfEs \u00e9ste el principio del fin de Fraga y su reinado en Galicia? \u00bfQui\u00e9n ganar\u00e1 en el PP, Cui\u00f1a o Rajoy?<\/p>\n<p>R.- ESas cosas nunca se saben, tienen montado un sistema de poder muy asfixiante, controlan los medios de comunicaci\u00f3n, hay censura&#8230; En el pp de all\u00ed los que ponen los votos decisivos para tener mayor\u00eda absoluta son los de Cu\u00ed\u00f1a. Pero est\u00e1n enfrentados a muerte, se odian. En fin, no se sabe. <\/p>\n<p>P.- En alguna ocasi\u00f3n usted ha dicho que prefiere gobernantes como Suares o Calvo Sotelo porque han querido hacer historia, en cambio muestra cierto rencor hacia Aznar \u00bfpor que?<\/p>\n<p>R.- El calvo sotelo me refiero al de la UCD, no al conspirador contra la Rep\u00fabica, quede claro. Me refiero a que echo de menos una derecha con cultura de pacto, que no herede la cultura de guerra civil, de divisi\u00f3n civil, que es la de Aznar. Creo que al romper UCD la derehca espa\u00f1ola ha retrocedido mucho, pero muhco. ESta no tiene tradici\u00f3n democr\u00e1tica, como la europea, y ha renunciado al esfuerzo de convivencia que s\u00ed tuvo Su\u00e1rez. <\/p>\n<p>P.- \u00abLiteraturas.com\u00bb public\u00f3 hace la tira de tiempo un adelanto de \u00abMorgun\u00bb. \u00bfC\u00f3mo es que se publica ahora?<\/p>\n<p>R.- sAli\u00f3 en gallego hace unos meses, va en la 3 edici\u00f3n, y ahora en castellano. <\/p>\n<p>P.- \u00bfQu\u00e9 tal es su relaci\u00f3n con Juan Manuel de Prada?<\/p>\n<p>R.- solo somos buenos amigos. NO tenemos otra relaci\u00f3n. Yo solo me expres\u00e9 sobre el hecho de que unos jurados digan que esa novela es la que merece el premio nacional. No juzgo a quien escribe novelas as\u00ed. <\/p>\n","protected":false},"excerpt":{"rendered":"<p>Suso de Toro ha reunido en El pr\u00edncipe manco dos de sus obras m\u00e1s celebradas, Tic tac y C\u00edrculo, donde la incontinencia verbal del Nano serv\u00eda al autor para dar forma a su angustia por el paso del tiempo y a su posterior resignaci\u00f3n ante la inevitabilidad de la muerte.<\/p>\n","protected":false},"author":1,"featured_media":0,"comment_status":"open","ping_status":"open","sticky":false,"template":"","format":"standard","meta":{"footnotes":""},"categories":[],"tags":[],"class_list":["post-6039","post","type-post","status-publish","format-standard","hentry"],"_links":{"self":[{"href":"https:\/\/intervius.com\/index.html\/wp-json\/wp\/v2\/posts\/6039","targetHints":{"allow":["GET"]}}],"collection":[{"href":"https:\/\/intervius.com\/index.html\/wp-json\/wp\/v2\/posts"}],"about":[{"href":"https:\/\/intervius.com\/index.html\/wp-json\/wp\/v2\/types\/post"}],"author":[{"embeddable":true,"href":"https:\/\/intervius.com\/index.html\/wp-json\/wp\/v2\/users\/1"}],"replies":[{"embeddable":true,"href":"https:\/\/intervius.com\/index.html\/wp-json\/wp\/v2\/comments?post=6039"}],"version-history":[{"count":0,"href":"https:\/\/intervius.com\/index.html\/wp-json\/wp\/v2\/posts\/6039\/revisions"}],"wp:attachment":[{"href":"https:\/\/intervius.com\/index.html\/wp-json\/wp\/v2\/media?parent=6039"}],"wp:term":[{"taxonomy":"category","embeddable":true,"href":"https:\/\/intervius.com\/index.html\/wp-json\/wp\/v2\/categories?post=6039"},{"taxonomy":"post_tag","embeddable":true,"href":"https:\/\/intervius.com\/index.html\/wp-json\/wp\/v2\/tags?post=6039"}],"curies":[{"name":"wp","href":"https:\/\/api.w.org\/{rel}","templated":true}]}}