{"id":600,"date":"2006-04-19T00:00:00","date_gmt":"2006-11-06T00:00:00","guid":{"rendered":"https:\/\/intervius.com\/index.html\/?p=600"},"modified":"2006-11-06T00:00:00","modified_gmt":"2006-11-06T00:00:00","slug":"Ignacio_Vidal-Folch600","status":"publish","type":"post","link":"https:\/\/intervius.com\/index.html\/Ignacio_Vidal-Folch600\/","title":{"rendered":"Ignacio Vidal-Folch"},"content":{"rendered":"<p>Pregunta.- \u00bfCu\u00e1l es la influencia de su educaci\u00f3n jesuita en su obra?<\/p>\n<p>Respuesta.- Perfidia, retorcimiento, malicia, rencor&#8230; pero como dice Aldana: &#8220;Mas ya merced al cielo, me desato, ya rompi\u00f3 a la esperanza lisonjera el lazo en que me asi\u00f3 con doble trato&#8221;.<\/p>\n<p>P.- Hola Ignacio. Celebro tus numerosos libros publicados y echo de menos tus reportajes y art\u00edculos period\u00edsticos, especialmente los relativos a Europa Central, del Este y los Balcanes. \u00bfCu\u00e1ndo vamos a poder disfrutar de uno nuevo? Un abrazo desde Tokio.<\/p>\n<p>R.- Gloria!! Aquello ha cambiado mucho. Qu\u00e9 envidia me das, escribiendo desde Tokio. <\/p>\n<p>P.- Disfrut\u00e9 enormemente con &#8220;Amigos que no he vuelto a ver&#8221;, uno de los libros de relatos m\u00e1s destacados de la literatura reciente espa\u00f1ola. \u00bfTiene pensado volver al g\u00e9nero del relato corto en breve? Un saludo y mi admiraci\u00f3n.<\/p>\n<p>R.- Me alegra que le gustase ese libro, es el que menos me disgusta de los m\u00edos. Precisamente estoy escribiendo un relato corto para el pr\u00f3ximo n\u00famero de la revista Turia. Escribir cuentos es grato: son cortos, dominables&#8230; <\/p>\n<p>P.- \u00bfEn los nacionalistas de hoy ve a muchos pretendientes a ser Roberto Espa\u00f1a o Manolines de su terru\u00f1o?<\/p>\n<p>R.- Esos son personajes de un c\u00f3mic que escrib\u00ed y dibujaba el gran Miguel Gallardo. El nacionalismo catal\u00e1n ya cre\u00f3 su &#8220;Roberto Alc\u00e1zar&#8221;, se llamaba &#8220;Roc Vent\u00f3s&#8221; y luchaba contra los p\u00e9rfidos espa\u00f1oles. <\/p>\n<p>P.- \u00bfSon buenos los nacionalismos y los extremismos?<\/p>\n<p>R.- Son un latazo, \u00bfno te parece, N\u00faria? Por ejemplo, \u00bfpor qu\u00e9, a estas alturas de la historia, a principios del siglo XXI, tenemos que ocuparnos de un asunto decimon\u00f3nico como el nacionalismo? cuando hay tantas cosas interesantes por ah\u00ed. <\/p>\n<p>P.- Hola Nacho, soy Pedro, con el que hiciste millones de trayectos en metro desde el cole a la estaci\u00f3n de Provenza. \u00bfVes como estudiar letras te ha llevado a la fama? je je. Felicitats<\/p>\n<p>R.- C\u00f3mo olvidarlo, Sunny afternoons of winter&#8230; La fama, amigo, es algo que se obtiene cuando no se tiene destino. yo tengo Destino, que es el nombre de la editorial que me publica ahora. <\/p>\n<p>P.- \u00bfQu\u00e9 le parece el nuevo partido creado en Catalunya &#8220;Ciutadans de Catalunya&#8221;?<\/p>\n<p>R.- Ese partido a\u00fan no se ha constituido. Simpatizo con los intelectuales que lo impulsan y creo que quiz\u00e1 hay espacio pol\u00edtico fuera del nacionalismo. Pronto lo sabremos, supongo. <\/p>\n<p>P.- Buenos d\u00edas. Primero, felicitarle por su anterior novela &#8220;Turistas del ideal&#8221;; espero leer cuanto antes su nuevo trabajo. Quisiera hacerle una pregunta: \u00bfSe siente pr\u00f3ximo al nuevo partido Ciutadans de Catalunya? \u00bfNo cree que es urgente por parte de los intelectuales intervenir ante la deriva que est\u00e1 tomando la aberrante alianza de la izquierda con los nacionalistas? Muchas gracias.<\/p>\n<p>R.- Me parece que despu\u00e9s de 25 a\u00f1os de siembra nacionalista ya es demasiado tarde para plantar cara. Ojal\u00e1 me equivocase. <\/p>\n<p>P.- \u00bfLos dirigentes de ERC son &#8220;Turistas del ideal&#8221;?<\/p>\n<p>R.- No, los dirigentes esos, y en general toda la clase pol\u00edtica de mi regi\u00f3n me hace pensar m\u00e1s bien en la periodista rubia de &#8220;Cuarto milenio&#8221;, la que repite &#8220;Efectivamente Iker&#8221;, cuando el conductor del programa habla de que se han visto espectros, se han producido poltergeist, se ha o\u00eddo psicofon\u00edas, han aparecido marcianos&#8230; \u00bfNo es verdad? &#8212; Efectivamente, Iker. <\/p>\n<p>P.- \u00bfCu\u00e1les son los escritores que m\u00e1s le han influenciado? \u00bfQueda algo en literatura por inventar? \u00bfQu\u00e9 papel puede desempe\u00f1ar el escritor hoy?<\/p>\n<p>R.- Creo que es asombroso el relativo olvido en que ha ca\u00eddo Valle. Me parece que es un cl\u00e1sico que deber\u00eda estar permanentemente en relectura. Por casi los mismos motivos por los que me gusta Valle Incl\u00e1n, me gusta Nietzsche: o sea, por cuestiones de ritmo, de musicalidad, de fraseo, de car\u00e1cter&#8230; <\/p>\n<p>P.- Buenos d\u00edas, usted cultiva varios g\u00e9neros literarios, \u00bfCu\u00e1l de ellos le da m\u00e1s satisfacciones? A m\u00ed me encantan sus cr\u00f3nicas. Gracias<\/p>\n<p>R.- Me alegra que le gusten. En esas cr\u00f3nicas, que se publican en la edici\u00f3n catalana de El Pa\u00eds, trato de relacionar lugares de Barcelona con lugares de la historia del arte y de la literatura. Es lla escritura que ma\u00b4s satisfacci\u00b4no me da porque rindo homenaje a los lugares y a los libros y pinturas que me han imapctado. <\/p>\n<p>P.- Ignacio: El momento actual y las ideas no cuestionables que rigen ahora me hacen sentir completamente despistado; siempre me he sentido dentro de la izquierda, como mi grupo social y de pensamiento. Pero \u00bfconsideras que en el pensamiento de la izquierda cabe la defensa de un Estado fuerte y solidario? \u00bfCrees que los que nos sentimos herederos de la tradici\u00f3n y la cultura cristiana podemos tener un espacio &#8220;no maldito&#8221; (es decir, ultrainquisitorial) en el futuro?<\/p>\n<p>R.- Bueno, Enrique, yo tambi\u00e9n estoy completamente despistado. Claro est\u00e1 que la defensa de un Estado fuerte casa perfectamente con un pensamiento de izquierdas, e incluso de ultraizquierdas. Sucede quiz\u00e1 que aqu\u00ed en Espa\u00f1a esa pulsi\u00f3n &#8220;estatalista&#8221; la abander\u00f3 el difunto dictador, y quiz\u00e1 por eso est\u00e1 desprestigiada entre las izquierdas. <\/p>\n<p>P.- He leido todos tus libros, desde &#8220;El arte no paga&#8221;, hasta &#8220;Turistas del ideal&#8221;; el \u00faltimo no. La actualidad es importante en tus novelas, \u00bfcrees que aguantar\u00e1n el paso de los a\u00f1os? Y por \u00faltimo no tienes intenci\u00f3n de recopilar tus \u00e1rticulos. GRACIAS. (Muy bueno: el canon del comic)<\/p>\n<p>R.- Qu\u00e9 paciencia est\u00e1s demostrando, Albert! Si mis libros aguantan el paso de los d\u00edas ya pouedo darme con un canto en los dientes. <\/p>\n<p>P.- La introducci\u00f3n a esta entrevista dice: &#8220;en Turistas del ideal, las s\u00e1tiras iban dirigidas a los intelectuales progresistas y a la izquierda revolucionaria&#8221;. \u00bfC\u00f3mo se definir\u00eda usted mismo? gracias<\/p>\n<p>R.- Me cuesta definirme, pues desde Rimbaud ya sabemos que &#8220;yo es otro&#8221;. Descreo de la pol\u00edtica, pero creo que el derecho a votar es un lujo que no podemos permitirnos despreciar. <\/p>\n<p>P.- \u00bfNo tuvo usted reparos a la hora de destripar a un escritor entonces reci\u00e9n fallecido como Manuel V\u00e1zquez Montalb\u00e1n, que no ten\u00eda ninguna posibilidad de defenderse, en su novela &#8220;Turistas del ideal&#8221;?<\/p>\n<p>R.- Carvalho, no he destripado a nadie, creo yo, y menos a un muerto. Creo que mi humorada &#8220;Turistas&#8230;&#8221; es leg\u00edtima. Pero puedo estar equivocado y ser un imp\u00edo, es cierto. <\/p>\n<p>P.- Hola Ignacio. Tu has pr\u00e1cticado diverso g\u00e9neros incluido el comic. \u00bfno piensa que el comic esta discriminado respecto a otros g\u00e9neros?<\/p>\n<p>R.- Trabaj\u00e9 en comics hace muchos a\u00f1os, generalmente como guionista y redactor editorial. Luego, a modo de despedida del g\u00e9nero, escrib\u00ed, con Ram\u00f3n de Espa\u00f1a, un ensayo titulado &#8220;El canon de los comics&#8221;, para darnos el gustazo de elogiar a nuestros autores predilectos. Hoy, salvo en Francia, todo el panorama lo ocupa el manga japon\u00e9s, que es muy respetable pero no me interesa demasiado. Quiz\u00e1 me he hehco mayor. <\/p>\n<p>P.- \u00bfSe considera un autor reconocido en el panorama nacional? \u00bfCu\u00e1l es la novela o art\u00edculo que ha escrito de la que se siente m\u00e1s orgulloso?<\/p>\n<p>R.- S\u00ed, me considero reconocido e incluso demasiado reconocido. No me siento orgulloso de nada de lo que he escrito, entre otros motivos porque me lo ha dictado la musa. Me alegra pensar en esta \u00faltima novela, &#8220;Contramundo&#8221;. <\/p>\n<p>P.- No es un pregunta muy literaria, o tal vez si, \u00bfSer\u00e1 el Bar\u00e7a campe\u00f3n de Europa?<\/p>\n<p>R.- Yo estoy limpio, amiga Mary. Ya me quit\u00e9. <\/p>\n<p>P.- \u00bfCu\u00e1l es su lengua de uso com\u00fan? \u00bfNo se ha planteado nunca usar el catal\u00e1n en una obra literaria o period\u00edstica? \u00bfQu\u00e9 piensa de la desaparici\u00f3n de lenguas minoritarias en el mundo? \u00bfSer\u00eda bueno para la humanidad que s\u00f3lo hubiera una lengua?\u00bfDeber\u00eda el espa\u00f1ol desaparecer en favor del ingl\u00e9s?<\/p>\n<p>R.- Mi lengua de uso com\u00fan es el castellano. como casi todos en Barcleona, soy biling\u00fce pero nunca se me ha presentado la ocasi\u00b4no de escribir en catal\u00e1n. La idea rom\u00e1ntica de que con la desaparici\u00f3n de una lengua desaparece una manera de pensar, una visi\u00f3n del mundo, me parece discutible. Seg\u00fan la Biblia la multiplicaci\u00f3n de lenguas fue un castigo al orgullo de los hombres. Ser\u00eda estupendo que todos habl\u00e1semos una lengua, pero \u00bfpor qu\u00e9 el ingl\u00e9s? Mejor el chino.<\/p>\n<p>P.- \u00bfCree usted que los periodistas reci\u00e9n licenciados tienen alg\u00fan futuro m\u00e1s all\u00e1 de los puestos de becarios? Deme alguna esperanza<\/p>\n<p>R.- M\u00f3nica, no lo dude ni un momento: le aguarda a usted un brillante porvenir. La informaci\u00f3n es la sustancia de nuestro tiempo, y la necesidad de profesionales de ese campo es incesante. <\/p>\n<p>P.- Hola Ignacio, felicidades por tu exito. \u00bfNo crees que en la vida de los autores hay diversas etapas? \u00bfEn c\u00faal crees que estas t\u00fa?<\/p>\n<p>R.- En mi mejor momento como actriz y como mujer (C\u00e9lebre respuesta de Terenci, cuando ya estaba en su lecho de muerte y le preguntaron c\u00f3mo se encontraba).<\/p>\n<p>P.- Usted dijo una vez que la &#8220;literatura tiene un compromiso solo consigo misma&#8221;. \u00bfEntonces por qu\u00e9 se empe\u00f1a en hacer trilog\u00edas para criticar las corrientes ideol\u00f3gicas de nuestro tiempo?<\/p>\n<p>R.- Tiene usted raz\u00f3n, he incurrido en contradicci\u00f3n. A\u00fan as\u00ed&#8230; sent\u00eda una necesidad de autodefensa y de manifestar, respecto a ciertas realidades pol\u00edticas e intelectuales mi desacuerdo, que me parec\u00eda que no era s\u00f3lo personal, sino m\u00e1s generalizado, y silenciado. <\/p>\n","protected":false},"excerpt":{"rendered":"<p>El periodista y escritor Ignacio Vidal-Folch ha publicado Contramundo, la segunda parte de la trilog\u00eda dedicada a criticar las corrientes ideol\u00f3gicas de nuestro tiempo. Si en Turistas del ideal, las s\u00e1tiras iban dirigidas a los intelectuales progresistas y a la izquierda revolucionaria, en esta nueva entrega el escritor catal\u00e1n mortifica los nacionalismos. Vidal-Folch ha charlado con los lectores sobre su \u00faltima novela.<br \/>\nFOTO: GORKA LEJARCEGI<\/p>\n","protected":false},"author":1,"featured_media":0,"comment_status":"open","ping_status":"open","sticky":false,"template":"","format":"standard","meta":{"footnotes":""},"categories":[],"tags":[],"class_list":["post-600","post","type-post","status-publish","format-standard","hentry"],"_links":{"self":[{"href":"https:\/\/intervius.com\/index.html\/wp-json\/wp\/v2\/posts\/600","targetHints":{"allow":["GET"]}}],"collection":[{"href":"https:\/\/intervius.com\/index.html\/wp-json\/wp\/v2\/posts"}],"about":[{"href":"https:\/\/intervius.com\/index.html\/wp-json\/wp\/v2\/types\/post"}],"author":[{"embeddable":true,"href":"https:\/\/intervius.com\/index.html\/wp-json\/wp\/v2\/users\/1"}],"replies":[{"embeddable":true,"href":"https:\/\/intervius.com\/index.html\/wp-json\/wp\/v2\/comments?post=600"}],"version-history":[{"count":0,"href":"https:\/\/intervius.com\/index.html\/wp-json\/wp\/v2\/posts\/600\/revisions"}],"wp:attachment":[{"href":"https:\/\/intervius.com\/index.html\/wp-json\/wp\/v2\/media?parent=600"}],"wp:term":[{"taxonomy":"category","embeddable":true,"href":"https:\/\/intervius.com\/index.html\/wp-json\/wp\/v2\/categories?post=600"},{"taxonomy":"post_tag","embeddable":true,"href":"https:\/\/intervius.com\/index.html\/wp-json\/wp\/v2\/tags?post=600"}],"curies":[{"name":"wp","href":"https:\/\/api.w.org\/{rel}","templated":true}]}}