{"id":584,"date":"2006-04-05T00:00:00","date_gmt":"2006-11-06T00:00:00","guid":{"rendered":"https:\/\/intervius.com\/index.html\/?p=584"},"modified":"2006-11-06T00:00:00","modified_gmt":"2006-11-06T00:00:00","slug":"Pierre_Webo584","status":"publish","type":"post","link":"https:\/\/intervius.com\/index.html\/Pierre_Webo584\/","title":{"rendered":"Pierre Web\u00f3"},"content":{"rendered":"<p>Pregunta.- \u00bfC\u00f3mo haces para sacar toda esa fuerza y calidad que se te nota en el campo?<\/p>\n<p>Respuesta.- Con el trabajo cotidiano y con mucho entrenamiento. Es importante darlo todo en el campo y entregarse a tope.<\/p>\n<p>P.- Encantado de poderte dirigirme a ti, Pierre. Una pregunta, \u00bfno has sido tentado por ninguno de los equipos grandes de Europa? Porque est\u00e1s haciendo una temporada incre\u00edble, te lo digo yo, que soy del R. Madrid. Bueno, suerte con tu futuro deportivo y dentro de 4 a\u00f1os quiero ver a la selecci\u00f3n de Camer\u00fan en el mundial, as\u00ed que a aplicarse. Un saludo. <\/p>\n<p>R.- Gracias por tus palabras. De momento, que yo sepa, no he tenido ofertas. De momento en Pamplona estoy muy contento.<\/p>\n<p>P.- \u00bfQui\u00e9n es el mejor jugador africano? \u00bfEst\u00e1 contento de vivir aqu\u00ed en Espa\u00f1a?\u00bfQu\u00e9 a\u00f1ora de su pa\u00eds?<\/p>\n<p>R.- Samuel Etto, sin duda. En Espa\u00f1a se vive muy bien y Pamplona es una ciudad muy acogedora. De mi pa\u00eds a\u00f1oro a mi familia, mis amigos&#8230;<\/p>\n<p>P.- \u00bfC\u00f3mo es la vida en una ciudad peque\u00f1a donde se quiere tanto a un equipo y la afici\u00f3n levita con la plaza (genial) que ocupa Osasuna en la Liga? Mucha suerte y un beso<\/p>\n<p>R.- Es muy agradable. La gente est\u00e1 agusto y se disfruta mucho. Se coge cari\u00f1o a un afici\u00f3n que tanto nos apoya.<\/p>\n<p>P.- \u00bfQui\u00e9n crees que ganar\u00e1 el mundial? \u00bfCu\u00e1l ser\u00e1 el puesto de Espa\u00f1a? \u00bfPondr\u00edas a Raul Gonz\u00e1lez Blanco en el once inicial?<\/p>\n<p>R.- Francia, Brasil, Holanda&#8230; son mis favoritos. Espa\u00f1a depender\u00e1 de como lleguen los jugadores f\u00edsicamente. Lo de Ra\u00fal no lo s\u00e9, no soy entrenador y no me gusta opinar de otros compa\u00f1eros.<\/p>\n<p>P.- Saludos desde M\u00e9xico Pierre, y dile a Aguirre que es fen\u00f3meno y se le espera de regresa en la selecci\u00f3n. Mi pregunta es: \u00bfRealmente el trabajo mental que les ha hecho Aguirre es tan importante para la gran temporada que han hecho?<\/p>\n<p>R.- S\u00ed, est\u00e1 claro. Nos ha exprimido y nos ha sacado a cada uno lo mejor que tenemos dentro. Es un gran entrenador y lleva una l\u00ednea ascendente. Estoy muy contento con \u00e9l y muy agradecido de su trabajo y de todo el cuerpo t\u00e9cnico.<\/p>\n<p>P.- Despu\u00e9s de esta temporada magnifica que esta haciendo Osasuna: \u00bfCu\u00e1l es ahora el principal objetivo del club? \u00bfCu\u00e1l es tu objetivo? \u00a1Enorabuena por la temporada que estas haciendo!<\/p>\n<p>R.- Quedar lo m\u00e1s arriba posible y, por supuesto, jugar en Europa el a\u00f1o que viene. Mi objetivo personal ayudar al equipo y ser m\u00e1s \u00fatil con mis goles.<\/p>\n<p>P.- \u00bfPor qu\u00e9 decidiste venir al Osasuna y no a otro equipo? \u00bfQu\u00e9 opina de la falta de gol de su compatriota Etoo desde que volvi\u00f3 de la Copa Africa? \u00bfSeguir\u00e1 el pr\u00f3ximo a\u00f1o en Osasuna? <\/p>\n<p>R.- Vine a Pamplona porque quer\u00eda jugar en Espa\u00f1a y la oferta me lleg\u00f3 de Osasuna. Les debo mucho porque ellos me han abierto la puerta de la liga de las estrellas. Respecto a Etto, tengo que decir que los goles van y vienen. Es cuesti\u00f3n de rachas. Seguro que la recupera pronto y sea esta noche contra el Benfica. Tengo contrato con Osasuna hasta el a\u00f1o 2007.<\/p>\n<p>P.- Hola Pierre, enhorabuena por vuestra temporada. Siempre me llam\u00f3 la atenci\u00f3n tu paso por la Liga uruguaya. \u00bfC\u00f3mo acabaste jugando all\u00ed? \u00bfQu\u00e9 tal la experiencia?<\/p>\n<p>R.- Muy bonita la experiencia. Llegu\u00e9 all\u00ed de casualidad por las ganas que ten\u00eda de salir de mi pa\u00eds al f\u00fatbol profesional. Tengo un gran recuerdo de aquella \u00e9poca y muchos amigos que deje all\u00ed.<\/p>\n<p>P.- \u00bfQu\u00e9 crees que le hace falta a un equipo como el de Camerun para triunfar en un mundial?<\/p>\n<p>R.- Para triunfar es fundamental la constancia, porque jugadores y equipo tenemos de sobra.<\/p>\n<p>P.- \u00bfComo han conseguido realizar tal temporada? \u00bfCrees que jugareis la pr\u00f3xima temporada en la champions (ojal\u00e1)? <\/p>\n<p>R.- Con la base de jugadores de otras tempotradas es m\u00e1s f\u00e1cil hacer un bloque y entenderse con los compa\u00f1eros. Somos un grupo formado de a\u00f1os anteriores y esta temporada nos hemos reforzado bien. Lo de la Champions hay que ir paso a paso, pero ojal\u00e1 nos clasifiquemos.<\/p>\n<p>P.- \u00bfPensaste en abandonar el Osasuna despues de las cesiones al Legan\u00e9s y apenas sin jugar ni entrar en los planes del entrenador?<\/p>\n<p>R.- Nunca hay que tirar la toalla. Siempre he confiado en mis posibilidades. Con trabajo he podido conseguir todo lo que he logrado.<\/p>\n<p>P.- Webo, \u00bfcu\u00e1l es tu once ideal para ti?<\/p>\n<p>R.- De la liga espa\u00f1ola, ser\u00eda la siguiente: Ricardo (portero) Daniel Alves, Puyol, Cu\u00e9llar, Antonio L\u00f3pez (defensas) Deco, Xavi, Ra\u00fal Garc\u00eda, Ronaldinho (medios) Etto y Webo (delanteros)<\/p>\n<p>P.- \u00bfCrees que el Osasuna entrar\u00e1 en zona de Liga de Campeones?Si entrara,\u00bfestar\u00eda dispuesto el equipo a hacer lo que esta haciendo el Villareal?<\/p>\n<p>R.- Espero que s\u00ed. Hay que ir paso a paso. Lo del Villarreal es para quitarse el sombrero. Desde aqu\u00ed les felicito y ojal\u00e1 lleguen a la gran final de Par\u00eds.<\/p>\n<p>P.- \u00bfContra qu\u00e9 equipos espa\u00f1oles le motiva mas jugar?<\/p>\n<p>R.- Contra todos, porque todos los partidos valen tres puntos.<\/p>\n<p>P.- \u00bfQui\u00e9n ha sido tu mejor marcador?<\/p>\n<p>R.- No digo nombres pero alguno me ha dado varias patadas. ja, ja, ja&#8230;<\/p>\n<p>P.- \u00bfC\u00f3mo definir\u00eda a Pierre Webo como jugador?<\/p>\n<p>R.- Trabajador, r\u00e1pido, pesado para los defensas y constante en mi trabajo.<\/p>\n<p>P.- \u00bfCu\u00e1l es la responsabilidad de Artur Jorge por el fracaso del Camer\u00fan?<\/p>\n<p>R.- Creo que Artur ha hecho un gran trabajo pero \u00e9l lleg\u00f3 cuando faltaban cinco partidos y ganamos cuatro y empatamos uno. El problema fue que necesit\u00e1bamos cinco victorias&#8230;<\/p>\n<p>P.- T\u00fa, como jugador africano, \u00bfcrees que hay racismo en el f\u00fatbol espa\u00f1ol?<\/p>\n<p>R.- Es un tema muy delicado y no me gusta hablar de ello. Lo siento y espero que no se hable m\u00e1s de racismo y s\u00ed de f\u00fatbol.<\/p>\n<p>P.- \u00bfQui\u00e9n era tu \u00eddolo cuando eras peque\u00f1o?<\/p>\n<p>R.- George Weah, sin duda.<\/p>\n<p>P.- \u00bfA qu\u00e9 liga y a qu\u00e9 equipo le gustar\u00eda ir en caso de dejar su actual equipo?<\/p>\n<p>R.- Por ahora pienso s\u00f3lo en Osasuna donde tenemos la posibilidad de hacer historia.<\/p>\n<p>P.- Dime, por favor, que se ha acabado el bache de las \u00faltimas semanas y que este fin de semana ganaremos. Ya me he acostumbrado. \u00a1Este a\u00f1o a hacer historia!<\/p>\n<p>R.- Ojal\u00e1. Nosotros vamos a hacer todo lo posible para acabar con los malos resultados de las \u00faltimas dos semanas.<\/p>\n<p>P.- \u00bfque papel crees que va a hacer la selecci\u00f3n espa\u00f1ola en el mundial? \u00bfPasar\u00e1 de cuartos de final?<\/p>\n<p>R.- En los mundiales nunca se sabe. Depender\u00e1 mucho del estado f\u00edsico de los jugadores, tal y como se demostr\u00f3 en el \u00faltimo mundial con Francia y Argentina.<\/p>\n<p>P.- \u00bfQu\u00e9 recuerdos tienes de tu paso por el CD Legan\u00e9s? Un saludo<\/p>\n<p>R.- All\u00ed aprend\u00ed mucho y me sirvi\u00f3 para adaptarme al f\u00fatbol espa\u00f1ol. Tengo muy buenos recuerdos de un club al que le tengo mucho cari\u00f1o.<\/p>\n<p>P.- \u00bfDe los goles que has marcado como rojillo cu\u00e1l te gust\u00f3 m\u00e1s o de cu\u00e1l guardas un mejor recuerdo?<\/p>\n<p>R.- Hace dos a\u00f1os, en Barcelona, contra el Espanyol y en Pamplona ante la Real Sociedad.<\/p>\n<p>P.- Supongo que uno de los palos m\u00e1s grandes de tu carrera fue perder la Copa del Rey, \u00bfc\u00f3mo te sentiste en el momento que el \u00e1rbitro pit\u00f3 el final y mi Betis se hab\u00eda proclamado campe\u00f3n? <\/p>\n<p>R.- Sent\u00ed que hab\u00eda perdido un partido muy importante, algo que no sucede todos los d\u00edas. Espero tener m\u00e1s oportunidades como esas.<\/p>\n<p>P.- \u00bfA que equipos te gustar\u00eda enfrentarte el a\u00f1o que viene en la Champions? <\/p>\n<p>R.- No estamos ahora como para elegir. Ojal\u00e1 estemos en Champions pero ahora yo s\u00f3lo pienso en el Alav\u00e9s.<\/p>\n","protected":false},"excerpt":{"rendered":"<p>El Osasuna est\u00e1 cuajando una temporada espectacular. Se mantiene en puestos de Liga de Campeones desde principio de temporada y sigue con sus opciones intactas para conseguir el subcampeonato de Liga. El camerun\u00e9s Web\u00f3, uno de los referentes del equipo del mexicano Javier Aguirre, ha charlado con los lectores sobre la excelente temporada y el futuro del equipo navarro.<\/p>\n","protected":false},"author":1,"featured_media":0,"comment_status":"open","ping_status":"open","sticky":false,"template":"","format":"standard","meta":{"footnotes":""},"categories":[],"tags":[],"class_list":["post-584","post","type-post","status-publish","format-standard","hentry"],"_links":{"self":[{"href":"https:\/\/intervius.com\/index.html\/wp-json\/wp\/v2\/posts\/584","targetHints":{"allow":["GET"]}}],"collection":[{"href":"https:\/\/intervius.com\/index.html\/wp-json\/wp\/v2\/posts"}],"about":[{"href":"https:\/\/intervius.com\/index.html\/wp-json\/wp\/v2\/types\/post"}],"author":[{"embeddable":true,"href":"https:\/\/intervius.com\/index.html\/wp-json\/wp\/v2\/users\/1"}],"replies":[{"embeddable":true,"href":"https:\/\/intervius.com\/index.html\/wp-json\/wp\/v2\/comments?post=584"}],"version-history":[{"count":0,"href":"https:\/\/intervius.com\/index.html\/wp-json\/wp\/v2\/posts\/584\/revisions"}],"wp:attachment":[{"href":"https:\/\/intervius.com\/index.html\/wp-json\/wp\/v2\/media?parent=584"}],"wp:term":[{"taxonomy":"category","embeddable":true,"href":"https:\/\/intervius.com\/index.html\/wp-json\/wp\/v2\/categories?post=584"},{"taxonomy":"post_tag","embeddable":true,"href":"https:\/\/intervius.com\/index.html\/wp-json\/wp\/v2\/tags?post=584"}],"curies":[{"name":"wp","href":"https:\/\/api.w.org\/{rel}","templated":true}]}}