{"id":5672,"date":"2003-10-13T00:00:00","date_gmt":"2006-11-06T00:00:00","guid":{"rendered":"https:\/\/intervius.com\/index.html\/?p=5672"},"modified":"2006-11-06T00:00:00","modified_gmt":"2006-11-06T00:00:00","slug":"Fausto_Fernandez5672","status":"publish","type":"post","link":"https:\/\/intervius.com\/index.html\/Fausto_Fernandez5672\/","title":{"rendered":"Fausto Fern\u00e1ndez"},"content":{"rendered":"<p>Pregunta.- He oido que ha sacado a la luz su patrimonio, y dice usted que tiene un chal\u00e9 en rivas. Yo soy de alli, y me han dicho, que cuando dejo la alcaldia por la presidencia se compro un chal\u00e9 en las rozas. \u00bfHa mentido en su patrimonio o es un rumor?<\/p>\n<p>Respuesta.- Es s\u00f3lo un rumor. S\u00f3lo tengo esta vivienda, nunca he tenido ninguna otra, ni yo ni mi mujer. Esta vivienda, donde resido, la poseo en r\u00e9gimen de gananciales con mi esposa.<\/p>\n<p>P.- Buenos d\u00edas, me gustar\u00eda saber qu\u00e9 propuestas tiene su partido en cuanto a seguridad ciudadana. \u00a1Por qu\u00e9 no se destina m\u00e1s policia nacional a Madrid?<\/p>\n<p>R.- Nosotros planteamos la polic\u00eda auton\u00f3mica, conformada desde las polic\u00edas locales m\u00e1s guardia civil y polic\u00eda nacional. Creemos que no faltan polic\u00edas en Madrid, sino que al estar en distintos cuerpos, no tienen la operatividad necesaria. Asimismo, el servicio p\u00fablico que consideramos a la seguridad ciudadana debe depender del presidente regional o consejero en quien delegue. No del delegado del Gobierno central.<\/p>\n<p>P.- Podr\u00eda explicar CLARAMENTE a que parte de programa va a renunciar IU para aliarse con el PSOE en el caso de ganar las elecciones<\/p>\n<p>R.- No tenemos pensado renunciar a nada, vamos a priorizar aquellos asuntos donde los ciudadanos tienen m\u00e1s dificultades: vivienda, salud, empleo, educaci\u00f3n. Aunque puede haber alg\u00fan tipo de diferencia con el PSOE, yo te marco una a la que tampoco vamos a renunciar: antes prefiero d\u00e9ficit en las cuentas (d\u00e9ficit p\u00fablico) que d\u00e9ficit en la sociedad.<\/p>\n<p>P.- Realmente, algunas propuestas del programa estan muy bien, como la construccion de 7 hospitales. \u00bfEsto que va a ser&#8230; durante los proximos 45 a\u00f1os? o \u00bfNos va a subir los impuestos un 35% a todos para construirlos en la proxima legislatura?<\/p>\n<p>R.- Entre todos los hospitales propuestos, m\u00e1s el personal m\u00e9dico y auxiliar necesario, no suponen ni el 15% del coste del Metrosur en la anterior legislatura. Es cuesti\u00f3n de prioridades. Para IU est\u00e1n en la gente, no en las grandes y melag\u00f3manas infraestructuras.<\/p>\n<p>P.- \u00bfC\u00f3mo va a conseguir que el precio de la vivienda baje?<\/p>\n<p>R.- Logrando que la vivienda de iniciativa p\u00fablica suponga al menos el 50% del total de la vivienda que se oferte (ahora es s\u00f3lo el 8%).<\/p>\n<p>P.- \u00bfPor qu\u00e9 se creen ustedes con derecho a quitar los conciertos con los colegios cuando miles de padres hemos elegido esta modalidad y estamos contentos? \u00bfAcaso no pagamos tambi\u00e9n los impuestos que se destinan a educaci\u00f3n?<\/p>\n<p>R.- Si algo me cabrea en el tema de los conciertos es que me est\u00e1n aplicando palabras que son de otros. Yo nunca he hablado de quitar conciertos, en ning\u00fan caso, ni tampoco IU. Nuestra posici\u00f3n es clara: todos los centros sostenidos con fondos p\u00fablicos deben ser exquisitos en el cumplimiento de la igualdad de oportunidades, sobre todo en materia de admisi\u00f3n de alumnos y de igualdad de oportunidades. Los centros concertados que ya lo est\u00e1n haciendo no tendr\u00e1n que cambiar ni siquiera de conducta.<\/p>\n<p>P.- Fausto, que te parece el bochorno que nos hicieron ayer pasar los Sres del PP al honrar la bandera de Bush y Rumsfeld?\u00bfHasta cuando el uso partidista de los simbolos nacionales por el Sr Aznar?Un saludo.<\/p>\n<p>R.- Ayer, la fiesta nacional se convirit\u00f3 en el bochorno nacional, tiene raz\u00f3n. Tanto nacionalismo espa\u00f1ol para luego pasar bajo la bandera americana. Aznar tiene que explicar lo que ayer ocurri\u00f3, porque es absolutamente inadmisible.<\/p>\n<p>P.- Buenos d\u00edas, soy votante de izquierdas residente en Rivas, en los pasados comicios mi voto fue para el PSOE. Despu\u00e9s del enga\u00f1o que hemos sufrido me planteo, como m\u00e1s de un votante del PSOE, la alternativa de IU para el 26-O. Me interesar\u00eda saber sus planes para el Transporte en la Comunidad: mejoras en el transporte p\u00fablico, postura ante las radiales de peaje. \u00bfPodr\u00eda un gobierno de IU en la Comunidad impulsar el anhelado enlace de Rivas con la M50?<\/p>\n<p>R.- Hola vecino, un placer saludarte. IU en la Comunidad apuesta por el tranposrte p\u00fablico combinando las tres modalidades de transporte: metro, cercan\u00edas y autob\u00fas. Apostamos por soluciones realiables y econ\u00f3micamente soportables. POr ejemplo: para nosotros, las plataformas de transporte en superf\u00edcie en torno a los grandes ejes que van y vienen de Madrid con prioridad absoluta para el autob\u00fas en direcci\u00f3n Madrid de 6 a 10 de la ma\u00f1ana y hacia las afueras de 5 a 9 de la tarde, es una medida operativa que lograr\u00e1 que quien utilice el transporte p\u00fablico vaya m\u00e1s r\u00e1pido que quien utilice el privado, que es el objetivo. Radicalmente en contra de las radiales de peaje, porque aportan m\u00e1s desigualdad a los madrile\u00f1os en funci\u00f3n de su capacidad econ\u00f3mica y porque no son una soluci\u00f3n. S\u00f3lo trasladan de lugar el atasco. Sobre el acceso a la M-50, no me cabe la menor duda de que la Comunidad, presionando en la misma direcci\u00f3n que el Ayuntamiento, lograr\u00e1 lo que es de justicia: que un municipio de 50.000 habitantes no se quede desconectado.<\/p>\n<p>P.- Creo que lo que m\u00e1s perjudicado va a resultar en estas elecciones va a ser la participaci\u00f3n. El asunto Tamayo no se ha resuelto, la opini\u00f3n p\u00fablica no sabe ni entiende qui\u00e9n ha sido el responsable, y es la perjudicada en todos los aspectos. \u00bfLa democracia ha salido tocada?<\/p>\n<p>R.- En principio, s\u00ed. Pero yo entiendo que la democracia no es propiedad de los pol\u00edticos, sino de los ciudadanos, y que estos lo van a entender as\u00ed y van a dar una segunda oportunidad a la pol\u00edtica, que es d\u00e1rsela tambi\u00e9n a la democracia. Al menos, en eso conf\u00edo.<\/p>\n<p>P.- Que soluciones propone para los &#8220;autonomos&#8221; por cuenta ajena que llevamos trabajando 13 a\u00f1os para la administraci\u00f3n p\u00fablica y no se nos hace un contrato laboral o indefinido?<\/p>\n<p>R.- Entiendo que eres interino o interina, o eventual. Creo que las administraciones deben ser especialmente puntillosas a la hora de cumplir con la normativa, y yo lo tengo claro: a trabajo fijo, empleo fijo. Y 13 a\u00f1os acreditan suficientemente que el trabajo es fijo.<\/p>\n<p>P.- Hoy nos revela El Mundo las relaciones de Romero de Tejada y Verdes con la familia Franco cerca de Xanad\u00fa. \u00bfNo est\u00e1n apareciendo demasiados intereses en torno a Xanad\u00fa?<\/p>\n<p>R.- S\u00ed, y muy importantes todos los implicados. Yo saco como conclusi\u00f3n que a veces es muy dif\u00edcil distinguir d\u00f3nde acaba el inter\u00e9s econ\u00f3mico-inmobiliario y d\u00f3nde empieza el inter\u00e9s pol\u00edtico. En el PP de Madrid eso empieza a ser absolutamente imposible.<\/p>\n<p>P.- Ahora que Los Verdes no se presentan, \u00bfque propone Vd. para que le votemos los ecologistas?<\/p>\n<p>R.- Nosotros tenemos un programa ecologista que lo estamos explicando en torno a los tres elementos cl\u00e1sicos: propuesta de aire limpio, propuesta de uso racional del agua y propuesta de regeneraci\u00f3n del suelo. Estamos empe\u00f1ados en que &#8220;lo medioambiental&#8221; cale, traspase toda la acci\u00f3n de gobierno, si llegamos a \u00e9l, en esta Comunidad.<\/p>\n<p>P.- \u00bfQu\u00e9 plantea IU para acercar la pol\u00edtica a los j\u00f3venes?\u00bfLleva IU alg\u00fan joven como candidato con posibilidades de salir elegido?<\/p>\n<p>R.- Empezando por el final: de nuestro grupo actual, Jorge tiene 26 a\u00f1os, Reyes, 33, Marga, Creo que es una respuesta contundente. Para los j\u00f3venes, nuestras propuestas se centran, sobre todo, en acceso a la vivienda, tanto en alquiler como en venta (si quieres saber m\u00e1s sobre nuestra pol\u00edtica de viviendas, con ejemplos ejecut\u00e1ndose, inter\u00e9sate por el Plan de Vivienda de Rivas, de donde fui alcalde hasta hace unos meses). El otro aspecto de programa que creo que afecta de manera importante a los j\u00f3venes es el de la precariedad laboral. Vamos a hacer imposible que el modelo laboral que funciona ahora en Madrid siga funcionando con un gobierno del que nosotros seamos parte.<\/p>\n<p>P.- Sr. Fernandez,\u00bfPara cuando una remodel\u00f1aci\u00f3n del sistema sobre posesi\u00f3n de esca\u00f1os?Para que no pase n\u00fanca m\u00e1s el tema del asqueroso transfuguismo.\u00bf Esta I.U.por cambiar la ley ?.Gracias y suerte .Son vds,el \u00fanico partido \u00e9tio que queda en Espa\u00f1a.<\/p>\n<p>R.- Muchas gracias. Estamos empe\u00f1ados en hacer imposible el transfuguismo, pero vamos m\u00e1s all\u00e1. Creemos que ha llegado el momento de hacer cre\u00edble las propuestas pol\u00edticas, por eso cada d\u00eda de esta campa\u00f1a estamos haciendo una propuesta en este sentido. Son propuestas nuevas, pero que ir\u00e1n sonando: la creaci\u00f3n de la Comisi\u00f3n del Cumplimiento del Programa; la Agencia para el Cumplimiento de las Incompatibilidades (sobre todo la incomptibilidad en los intereses econ\u00f3micos); el C\u00f3digo \u00c9tico de Cargo P\u00fablico&#8230; ser\u00edan s\u00f3lo unos ejemplos. Estamos pensando incluso en proponer la regulaci\u00f3n legal de la mentira. A algunos nos cost\u00f3 mucho traer la democracia para dejar que otros ahora la vac\u00eden de cotenido. <\/p>\n<p>P.- \u00bfTienen alg\u00fan plan para los que vivimos en el noroeste de la capital? \u00bfPor qu\u00e9 los que vivimos en Boadilla, Majadahonda, &#8230; , presuntos ricos, no tenemos derecho a que se ocupen de nosotros?<\/p>\n<p>R.- \u00bfQui\u00e9n ha dicho que no ten\u00e9is derechos? Ser\u00eda m\u00e1s correcto decir que ten\u00e9is gobiernos que no se ocupan de vosotros. El Gobierno de la Comunidad tiene esa obligaci\u00f3n, y la \u00fanica discriminaci\u00f3n que puede hacerse ser\u00e1 en positivo y desde la situaci\u00f3n sociecon\u00f3mica de cada uno, nunca por un motivo geogr\u00e1fico. \u00c1nimo y no desesperes.<\/p>\n<p>P.- \u00bfQu\u00e9 le parece que la mayor parte de los asesinatos cometidos en Madrid tengan a inmigrantes implicados? \u00bfOpina vd. que la inmigraci\u00f3n ha aumentado la inseguridad?<\/p>\n<p>R.- Una buena parte de los delitos se cometen por una peque\u00f1a parte de la sociedad que es la que est\u00e1 en el l\u00edmite que marca la marginaci\u00f3n social. Es cierto que en ese espacio hay tambi\u00e9n muchos inmigrantes, porque su integraci\u00f3n en esta sociedad es limitada, pero me gustar\u00eda hacerte una reflexi\u00f3n: \u00bfsabes que tambi\u00e9n el 25% de los muertos en accidentes de trabajo en la Comunidad son inmigrantes? A mi entender, es por la misma raz\u00f3n, porque est\u00e1n desprotegidos socialmente.<\/p>\n<p>P.- Agradecer\u00eda que explique porque existen diferencias importantes en el programa de IU de Madrid y de IU en el Pa\u00eds Vasco. \u00bfNo considera que un voto a favor de IU estar\u00eda condiciando un apoyo a su seudo-hermandad con el PNV? Gracias.<\/p>\n<p>R.- No, no y no. No me gusta hacerlo, pero le voy a contestar con una pregunta: \u00bfSabes t\u00fa que Esperanza Aguirre aprob\u00f3 tres presupuestos del ministerio de Educaci\u00f3n y Cultura con el voto del PNV cuando ella era la titular? Y, sin embargo, parece que nadie le tacha de pro-independentista, pro-PNV ni ning\u00fan calificativo semejante. IU en el Pa\u00eds Vasco intenta ser un puente para el entendimiento, a veces se consigue, a veces no. Para m\u00ed, todos los que apuestan por la distensi\u00f3n, por el no enfrentamiento, por la convivencia en el Pa\u00eds Vasco y encontrarle su lugar dentro de Espa\u00f1a son respetables. Y no me queda la menor duda de que nuestros compa\u00f1eros en Euskadi tienen ese objetivo.<\/p>\n<p>P.- \u00bfNo cree que, en cierto modo, sus exageradas aspiraciones en el pacto fallido han puesto a la opini\u00f3n p\u00fablica en su contra? He de decirle que en mi caso as\u00ed ha sido.<\/p>\n<p>R.- No lo creo. Nosotros no hemos tenido unas aspiraciones excesivas, lo que ocurre es que a veces llama mucho la atenci\u00f3n cualquier propuesta que se plantea en un inicio de negociaci\u00f3n, que siempre es muy superior a lo que se est\u00e1 dispuesto a terminar acordando. IU estaba valorando un acuerdo de gobierno para el PSOE en torno al 25% de la Comunidad de Madrid y representaba dentro de ese Gobierno el 17% de los apoyos parlamentarios. No hay, por tanto, una gran diferencia.<\/p>\n<p>P.- \u00bfPorqu\u00e9 en vez de hacer una campa\u00f1a limpia y explicando su programa (como en el 25-M) se dedica tan s\u00f3lo a descalificar a Esperanza Aguirre? \u00bfAcaso es que la guerra y el prestige ya es un argumento muy utilizado y se le ha agotado el programa? Un saludo.<\/p>\n<p>R.- Siento no estar de acuerdo contigo. Yo lanzo duras acusaciones a Do\u00f1a Esperanza Aguirre por su decisi\u00f3n de no entrar en la campa\u00f1a electoral, de no hacer debates p\u00fablicos y de intentar ganar las elecciones desde la abstenci\u00f3n, lo que me parece profundamente antidemocr\u00e1tico. Hoy tambi\u00e9n estoy criticando con suma dureza, en el fondo, pero sin caer en el insulto ni nada que se le parezca, la doble moral que exhibe al tener ingresos procedentes de tres administraciones distintas. A m\u00ed me parece que es absolutamente impresentable esa conducta suya y, como tal, la critico.<\/p>\n<p>P.- \u00bfEs Vd. partidario de celebrar debates entre los candidatos?\u00bfPor qu\u00e9 cree que Esperanza Aguirre no quiere debatir?<\/p>\n<p>R.- S\u00ed, soy partidario de debates, cuantos m\u00e1s, mejor. Lo soy m\u00e1s en una campa\u00f1a tan compleja y dif\u00edcil como \u00e9sta, en la que cualquier acto que acerque a los ciudadanos a la pol\u00edtica me parece muy positivo. Yo creo que Do\u00f1a Esperanza Aguirre no quiere que haya campa\u00f1a, entendida como un cruce de propuestas, rebatir las propuestas y extraer conclusiones. Parece que se conforma con el voto cautivo de un partido demasiado implicado con el poder en esta Comunidad.<\/p>\n<p>P.- Buenos d\u00edas. Soy una de tantas personas absolutamente decepcionadas por la pol\u00edtica actual en este pa\u00eds, no solo por las acciones del PSOE y PP sino tambi\u00e9n por gente de su mismo partido, con patrimonios personales francamente incre\u00edbles(2 casas de protecci\u00f3n oficial, cuentas que no puedo ni imaginar,&#8230;.). Actualmente en la pol\u00edtica solo veo a personas que tratan de llenar sus bolsillos, \u00bfpor qu\u00e9 ese empe\u00f1o de enga\u00f1arnos a todos?, vuelvo a repetir por parte de todos los partidos, incluido el suyo. Saludos.<\/p>\n<p>R.- Mire, yo no enga\u00f1o a nadie, y en lo patrimonial, menos que nada, porque eso son datos objetivos, no son valoraciones. Y mucho menos tengo el deseo de enga\u00f1ar a nadie. Pretendo hablar de pol\u00edtica y de propuestas, y entiendo que haya personas que no est\u00e9n de acuerdo con lo que digo o con lo que propongo. Pero creo que no es correcto descalificar o meter a todos en el mismo saco.<\/p>\n<p>P.- La decepci\u00f3n de todo lo que est\u00e1 ocurriendo en la pol\u00edtica madrile\u00f1a me supera. \u00bfPuede convencerme de por qu\u00e9 motivos deber\u00eda ir a votar el 26-O?<\/p>\n<p>R.- S\u00ed: La pol\u00edtica tiene, a mi entender, por objeto solucionar los problemas de los ciudadanos. En Madrid, millones de ciudadanos necesitan de una Comunidad Aut\u00f3noma que trabaje para mejorar su acceso a derechos elementales (vivienda, educaci\u00f3n, empleo, salud, medioambiente&#8230;). S\u00f3lo desde los valores de la izquierda eso ser\u00e1 posible. Mejorar las condiciones de vida de la gente que m\u00e1s lo necesita en esta Comunidad creo que es una buena raz\u00f3n para ir a votar.<\/p>\n<p>P.- \u00bfPorque los pol\u00edticos hacen tanta demagogia en el tema del transporte?. Solo se les ve usar el metro el d\u00eda sin coche. Por cierto, le invito a que coga un tren direcci\u00f3n Chamart\u00edn cualquier d\u00eda entre las 07:00 y las 09:00. Gracias. Eugenio<\/p>\n<p>R.- Los pol\u00edticos y los ciudadanos corrientes, mientras no haya un modelo de tranporte p\u00fablico que sea efectivo, cada uno se busca la vida como puede. La responsabilidad desde la pol\u00edtica est\u00e1 en apostar por un modelo, lo que significa disponer los recursos suficientes y darle la prioridad ante el transporte privado. Te creo en lo de tomar el tren, pero tambi\u00e9n mira a esa misma hora la M-40, la M-30 o cualquier otra v\u00eda. Es el modelo el que falla.<\/p>\n<p>P.- Si usted fuera presidente de la comunidad, prohibir\u00eda como el PP o realmente consultar\u00eda con los expertos lo que hay que hacer? (el Botell\u00f3n) desde que ha salido la ley nadie a dado una alternativa a los j\u00f3venes que encima no podemos entrar a ning\u00fan sitio hasta los 18 a\u00f1os y que coste de que si hay sitios para menores no es gracias a ustedes<\/p>\n<p>R.- Para IU, hay situaciones que no se pueden abordar a golpe de prohibiciones. Un caso claro es la ley antibotell\u00f3n. Nosotros planteamos abolirla, para inmediatamente abrir una mesa con los j\u00f3venes, los vecinos y la Administraci\u00f3n que busque un punto de encuentro entre el ocio de unos y el descanso de otros. Es no s\u00f3lo nuestra propuesta, sino nuestra manera de hacer las cosas.<\/p>\n<p>P.- \u00bfpara cuando una ley que proteja al arrendador de pisos?<\/p>\n<p>R.- Entiendo que te refieres a quien tiene un piso y lo quiere poner en alquiler. Si es as\u00ed, seguro que te interesar\u00e1 conocer una propuesta que s\u00f3lo aparece en nuestro programa para crear una empresa p\u00fablica de la Comunidad de Madrid que tendr\u00eda por objeto alquilar viviendas ahora vac\u00edas. La relaci\u00f3n del propietario ser\u00eda exclusivamente con esta empresa p\u00fablica, que le dar\u00e1 todas las garant\u00edas y seguridades, hasta el punto de que incluso las peque\u00f1as reformas de puesta a punto ir\u00edan a cargo de esta empresa, a descontar de las mensualidades. Tambi\u00e9n te digo que de cara a los posibles inquilinos, esta empresa le ofrecer\u00e1 la vivienda como vivienda social en alquiler, es decir, siempre con un coste por debajo del 30% de sus ingresos mensuales. <\/p>\n<p>P.- Se\u00f1or Fernandez no considera que para evitar la precariedad laboral, deberia agilizarse la movilidad en el empleo fijo?. En nuestra empresa no hacen fijo a nadie por que es como si se casaran con ellos, es de por vida.<\/p>\n<p>R.- No entiendo muy bien con &#8220;deber\u00eda agilizarse la movilidad en el empleo fijo&#8221;. Me remito a una respuesta anterior: Todo trabajo fijo debe tener un empleo fijo.<\/p>\n<p>P.- \u00bfCuales son sus propuestas para los sufridores conductores madrile\u00f1os que pasan horas diarias en los atascos de la capital?, teniendo en cuenta que est\u00e1 en contra de las obras megal\u00f3manas. Hace a\u00f1os que no piso un hospital (a voz de pronto no se si veo l\u00f3gico hacer 7 m\u00e1s), pero paso horas cada d\u00eda en las carreteras de la capital. Existen personas para los que desgraciadamente el transporte p\u00fablico no es una opci\u00f3n.<\/p>\n<p>R.- Si existe de verdad un transporte p\u00fablico eficiente, habr\u00e1 una disminuci\u00f3n importante del tr\u00e1fico privado y, por tanto, una mayor facilidad para aquellas personas que, por motivos de trabajo, tienen que utilizar el veh\u00edculo como herramienta. Yo, al menos, as\u00ed lo creo.<\/p>\n<p>P.- Lo bueno de Arnold es que todos sabemos que es un actor, los dem\u00e1s\u00b4personajes que se decican a la pol\u00edtica nos intentan enga\u00f1ar, pero al fin solamente se persigue el dinero para su cartera y poder para su ego ( IU incluida) . No le parece<\/p>\n<p>R.- Pues no, no me parece. Creo que entre los pol\u00edticos habr\u00e1 de todo, no lo niego, pero generalizar me parece tan injusto como lo contrario. Al igual que en un caso anterior, me remito a una respuesta m\u00e1s extensa que he dado anteriormente.<\/p>\n<p>P.- \u00bfCual es la postura de IU con respecto a la candidatura de Madrid a las Olimpiadas 2012? Entra dentro de sus prioridades? Gracias<\/p>\n<p>R.- IU est\u00e1 desde el principio a favor de Madrid 2012, y lo hemos planteado como una nueva oportunidad de regenerar una ciudad que lelva demasiados a\u00f1os olvidada desde la Administraci\u00f3n. Todos recordamos lo que supuso la Olimpiada de Barcelona y aspiramos a imitarla en los aspectos m\u00e1s positivos: mejoras en los barrios, mejoras en las infraestructuras, mejora de la movilidad&#8230; Y sin despreciar a una ciudad con una ilusi\u00f3n colectiva, que tambi\u00e9n hace tiempo no se tiene en Madrid.<\/p>\n<p>P.- \u00bfQu\u00e9 medidas tomar\u00eda IU desde Educaci\u00f3n para favorecer la no discriminaci\u00f3n de los gays y lesbianas? \u00bf y como normalizar\u00eda la aceptaci\u00f3n y valoraci\u00f3n de las familias que se forman conforme a esa opci\u00f3n?<\/p>\n<p>R.- La respuesta es normalidad. Que lo que se da de manera natural en la sociedad se visibilice como normal, y en esa tarea, la educaci\u00f3n es fundamental, sin hacer demasiado hincapi\u00e9, pero sin ocultarlo. Y desde las primeras edades. <\/p>\n","protected":false},"excerpt":{"rendered":"<p>Los sondeos auguran buenos resultados al candidato a la presidencia de la Comunidad de Madrid por Izquierda Unida, el partido menos salpicado por el esc\u00e1ndalo pol\u00edtico que ha obligado a repetir las elecciones auton\u00f3micas . Conozca sus proyectos de futuro para la regi\u00f3n.<\/p>\n","protected":false},"author":1,"featured_media":0,"comment_status":"open","ping_status":"open","sticky":false,"template":"","format":"standard","meta":{"footnotes":""},"categories":[],"tags":[],"class_list":["post-5672","post","type-post","status-publish","format-standard","hentry"],"_links":{"self":[{"href":"https:\/\/intervius.com\/index.html\/wp-json\/wp\/v2\/posts\/5672","targetHints":{"allow":["GET"]}}],"collection":[{"href":"https:\/\/intervius.com\/index.html\/wp-json\/wp\/v2\/posts"}],"about":[{"href":"https:\/\/intervius.com\/index.html\/wp-json\/wp\/v2\/types\/post"}],"author":[{"embeddable":true,"href":"https:\/\/intervius.com\/index.html\/wp-json\/wp\/v2\/users\/1"}],"replies":[{"embeddable":true,"href":"https:\/\/intervius.com\/index.html\/wp-json\/wp\/v2\/comments?post=5672"}],"version-history":[{"count":0,"href":"https:\/\/intervius.com\/index.html\/wp-json\/wp\/v2\/posts\/5672\/revisions"}],"wp:attachment":[{"href":"https:\/\/intervius.com\/index.html\/wp-json\/wp\/v2\/media?parent=5672"}],"wp:term":[{"taxonomy":"category","embeddable":true,"href":"https:\/\/intervius.com\/index.html\/wp-json\/wp\/v2\/categories?post=5672"},{"taxonomy":"post_tag","embeddable":true,"href":"https:\/\/intervius.com\/index.html\/wp-json\/wp\/v2\/tags?post=5672"}],"curies":[{"name":"wp","href":"https:\/\/api.w.org\/{rel}","templated":true}]}}