{"id":5667,"date":"2003-10-21T00:00:00","date_gmt":"2006-11-06T00:00:00","guid":{"rendered":"https:\/\/intervius.com\/index.html\/?p=5667"},"modified":"2006-11-06T00:00:00","modified_gmt":"2006-11-06T00:00:00","slug":"Fernando_Gonzalez_Urbaneja5667","status":"publish","type":"post","link":"https:\/\/intervius.com\/index.html\/Fernando_Gonzalez_Urbaneja5667\/","title":{"rendered":"Fernando Gonz\u00e1lez Urbaneja"},"content":{"rendered":"<p>Pregunta.- \u00bfQu\u00e9 le dir\u00eda a los muchos peridostas j\u00f3venes que creemos que la APM s\u00f3lo sirve para mantener el poder de los periodistas m\u00e1s veteranos? saludos<\/p>\n<p>Respuesta.- Pues que no sirve para eso; la APM ni mantiene ni quita, no es para eso, ni sirve para eso. Es m\u00e1s modesta. <\/p>\n<p>P.- Tengo entendido que entre sus planes est\u00e1n la modificaci\u00f3n de la Ley de Enjuiciamiento Civil para proteger a los periodistas, qu\u00e9 hay de cierto en eso?<\/p>\n<p>R.- Hemos propuyesto al ministro de justicia y a los grupos politicos, a los paralmentarios una modificaci\u00f3n en la ley para evitar el efecto autom\u00e1tico d ejecutividad de las sentencias aunque hayan sido recurridas. Coincidimoscon la propuesta del defensor del pueblo. Solo falta la oportunidad parlamentaria para materializarlo. El ministro entendi\u00f3 nuestros argumentos que son consitentes y que hemos contrastado con el colegio de abogados y con bastantes expertos.<\/p>\n<p>P.- Como beneficiario del Programa Primer Empleo de este a\u00f1o estoy enormemente agradecido a la APM, pero aparte de esta iniciativa no termino de saber qu\u00e9 hace la Asociaci\u00f3n&#8230; \u00bfPor qu\u00e9 deber\u00eda interesarme por estas elecciones y&#8230; por qu\u00e9 deber\u00eda votarle a usted? Venga, haga campa\u00f1a&#8230; \ud83d\ude09 Un saludo afectuoso.<\/p>\n<p>R.- muchas gracias pero lo de hacer campa\u00f1a me produce cierto rubor. Supongo que en este oficio nos conocemos todos bastanmte bien, somos bastante p\u00fablicos. Por resumir yo solo pretende como presidente ser igual de fertil que como tesorero estos \u00faltimos a\u00f1os; hemos multiplicado por tres el patrimonio y la administraci\u00f3n y gesti\u00f3n de la APM creo que es ejemplar. Pues eso, trasladar a la representaci\u00f3n de la profesi\u00f3n y a la presencia social de la misma semejantes resultados. S\u00ed, se puede, hay que tenmer ganas y pasi\u00f3n para hacerlo. la misma que pusimos en el program de 1\u00ba empleo que tu conoces. Adem\u00e1s tenmgo un equipo fenomenal, creo que cuento con compa\u00f1eros con la misma pasi\u00f3n que yo. <\/p>\n<p>P.- \u00bfEn que estado de salud se encuentra la profesi\u00f3n period\u00edstica en Espa\u00f1a hoy en d\u00eda?<\/p>\n<p>R.- Delicado. Uno a uno creo que tenemos los mejores profesionales de la historia. Nadie no va a devolver una dignidad que no hemos perdido. Tod lo contarrio. de empresarios vamos mal, tenemos muy malos editores, ni son caplace shoy d egarantizar el empleo ni d ecrecer. Hay que llamarles la atenci\u00f3n. Adem\u00e1s las amenazas son serias, precisamente por nuestro propio \u00e9xito.. Nunca fueron tan importantes los medios y los periodistas, pero por eso mismos nos enga\u00f1an, nos manipulan. Necesitamos mejorar la reputacion., que nos respeten. Eso p`retendo desde la APM, que se auna institucion ejemplar, bien gestionada, seria, responsable y con personalidad.Solo desde el respeto y la reputacion s epued econseguir influencia. Los ultimos a\u00f1os de la APM han sido utiles en ese sentido, han sentado bases que ahora hay que consolidar para luego innovar.<\/p>\n<p>P.- \u00bfEst\u00e1 garantizada en el futuro la atenci\u00f3n m\u00e9dica que recibimos los asociados en la Fundaci\u00f3n Jim\u00e9nez D\u00edaz?.<\/p>\n<p>R.- Nada esta garantizado en la vida. Nuestro convenio sanitario es endeble, es muy singular. Estos a\u00f1os hemos trabajado duro, con prudencia y dedicacion para consolidarlo. El acuerdo con la Fundaci\u00f3n es firme. Lo hemos trabajado bien, les hemos ayudado estos \u00faltimos meses d edificultades. Pero estam,os ante un convenio que requiere talento y buen a gestion. Otras asociaciones, por ejemplo el colegio de Cataalu\u00f1a lo perdieron y bien que lo lamentan. Es asunto delicado que requiere mantener la experiencia acumulada, concoer todos los detalles y no meterse en jardines ni aventuras. Es un gran activo que responde al espiritu fundacional y quehay que gestionar con tacto y muchisimo rigor. Creo que lo hacemos bien y que podemos hacerlo mejor. Para mi ha sido uan de las dedicaciones mayores durantye estos cuatro a\u00f1os que he estado en la Junta, y me siento orgulloso de como hemos gestionado el tr\u00e1nsito de la sanidad nacional a la auton\u00f3mica, peor no esta rematado, ni consolidado ni seguro. <\/p>\n<p>P.- Siempre he querido hacerle una pregunta, comenz\u00f3 en El Pa\u00eds, ha colaborado en la SER, en Onda cero, en ABC, en 20 minutos, en la estrella digital, en Cinco D\u00edas, en Antena 3 y seguro que me olvido de m\u00e1s&#8230; son todos medios de distinta ideolog\u00eda. En una \u00e9poca de bandos y partidismos en los medios como se explica ese travestismo. \u00bfLe quieren todos o le odian todos?<\/p>\n<p>R.- Ignoro si me quieren o me odian, habra d etodo. Creo que me respetan como yo a ellos. Siempre he tratado de ser coherente conmigo mismo sin esperar la respuesta de los deem\u00e1s. He sido m\u00e1s fundador y solventador de problemas que continuista. Me ha gustado mas innovar y hacer equipos que apoltronarme. Creo que he hecho m\u00e1s amigos que enemigos, pero habr\u00e1 d etodos.Seguro que a alguien le he perjudicado, las m\u00e1s d elas veces sin quererlo o sin darme cuenta. Y suppongo tambien que habre cometido errores. Enm conjunto me siendo tranquilo conmigo mismo. En estos m omenmtos los medios con los que colaborto me tratan con mucho respeto y m\u00e1s educaci\u00f3n (que agradezco mucho) y ninguno coarta mis opiniones. Por otyro lado tiendo a ser moderado y compponedor. Y vale d eelogios que suena horrible, incluso para mi mismo.<\/p>\n<p>P.- Sr Urbaneja \u00bfPiensa usted fomentar la relaci\u00f3n con otras entidades como el Sindicato de Periodistas de Madrid?<\/p>\n<p>R.- Sin duda alguna. Creo que la APM debe ser asocion paraguas, apoyar a todas las dem\u00e1s. Cuando convocamos la manifestacion contra ETA que fue initiva mia secundada por la junta me preocup\u00f3 espcialmente convocar a toda asociacion u organizacion que tuviera que ver con prensa y periodistas. Creo que seremos mas fuertes si cooperamos incluso si nos especializamos.<\/p>\n<p>P.- Se\u00f1or urbaneja, contempla usted la posibilidad de estudiar m\u00e1s cerca y sin miedo la situaci\u00f3n de muchos free lance de nuestra comunidad y sus condiciones laborales? Todo sabemos que es una asignatura pendiente. Muchas gracias.<\/p>\n<p>R.- Yio soy un colaborador, no tengo n\u00f3omina en ningun sitio, solo la dedicacion de 8 horas a la semana en la universidad donde cobro 450\u20ac al mes. Se que soy un colaborador de lujo, me pagan bien, pero solo me pagan mi trabajo. Entiendo la situaci\u00f3n. M\u00e1s aun, creo que este oficio es de eprofesionales, m\u00e1s all\u00e1 que meros asslariados que cobran un sueldo por un tiempo de trabajo. Pero no es facil lograr y mantener esa sitaucion sin ser explotado. creo que se puede hacer bastante en cuanto a crear conciencia, dotar a los asociados de recursos y medios, facilitarles el trabajo. Podemos hacerlop, la APM teien los recursos y la expriencia para ello. <\/p>\n<p>P.- Sr. Urbaneja: \u00bfHasta cu\u00e1ndo los contratos precarios a los periodistas? Trabajo 12 horas dirarias de lunes a jueves, cobro 540 euros al mes y sin S.S.<\/p>\n<p>R.- Hasta que no nos pongamos a la tarea de denunciar esa villan\u00eda. Muchas veces es culpa de nuestros propios compa\u00f1eros, directores, redactores jefe&#8230;que consienten y toleran. En la precaridad y ruindad de muchos trabajos hay mas racismo, clasismo y mala uva que ahorro de costes. Con el programa de primer empleo quisimos armarnos de raz\u00f3n para denunciar la situacion. defendere un codigo de buena comportamiento al que invitare a sumarse a las empresas y a los directores. <\/p>\n<p>P.- \u00bfSe puede votar por correo?<\/p>\n<p>R.- Si, es complicado pero se puede. Pretendo establecer el voto electrico. Lo hemos hablado ya con INDRA que es una empresa especialista en esos procesos. Creo que nos permitir\u00e1 ganar en trasparencia y particpacion. No solo para votar cada cuatro a\u00f1os, tambien apara consultas a la base social.<\/p>\n<p>P.- \u00bfEst\u00e1 entre sus prioridades combatir el intrusismo en la profesi\u00f3n?<\/p>\n<p>R.- El termino intrusismo es confuso, prop\u00eccia la deemogagia y el populismo y a mi no me gusta ese camino. Creo que tenemos que trabajar m\u00e1s a fondo que se quiere decir con intrusismo. La libertad de contratar no es discutible, ni la de acceso. Pero este asunto excede la respuesta de un chat, merece m\u00e1s dedicacion, m\u00e1s an\u00e1lisis, casos concretos antes d ehacer una teor\u00eda. <\/p>\n<p>P.- \u00bfPor qu\u00e9 no existe el tan necesario Colegio de Periodistas?<\/p>\n<p>R.- existe. La asociacion es un colegio, podemos llamarle colegio y sera asociacion o asociacion y es colegio. El colegio de Catalu\u00f1a y nuestra Asociacion son iguales, ellos hicieron colegio por la crisis por la que atravesaron, Nosotros podemos hacer colegio pero sin afilicion obligatoria (la tienen medicos, ingenuieron o abogados) y son capacidad para habilitar el ejercicio profesional. Podemos llmaarnos colegio o asociacion, pero siempre seremos asociacion coluntaria (como el colegio de catalu\u00f1a) y no habilitante. Lo importante no es colegio o asociacion lo importante es la reputacion, el pestigio. No como te llames sino como tye llamen. Hoy los otros colegios nos respetabn, admitan algunos d enuestros logros. No creoq eu el problema profesional hoy sea ese. No obstante creoq ue tenemos que ser como u b colegio, incliuso llmarnos colegio. me preocupa pedir a los pol\u00edticos una ley para nosotros, cuando te metes en la coc9ina a cocinar te manchas d egrasa, y si me metes a hacer leyes puede que salgas escaldado. Esta es una asdopciacion con 108 de historiop, su origen es ejemplar, me preocupa mas ser fiel al origen e innovar desde ese origenm cpon la mayor d elas ambiciones. Adem\u00e1s no me gustaria arriesgar algunos d enuestros activos por llamarnos colegio.<\/p>\n<p>P.- Sr Urbaneja, qu\u00e9 opina de lo que est\u00e1 sucediendo en Antena Usted fue uno de los integrantes del equipo fundador&#8230;.<\/p>\n<p>R.- Opino que evidencia un fracaso. he visto, he estado con compa\u00f1eros que se han visto obligados a subirse a la pancarta y no me gusta. Lamneto que nos eamos capaces de mediar en el conflicto, temo que esta evolucionando mal, que no se despliega el talento necesraio para minimizar da\u00f1os y ver oportunidades. El do,mingo escribi un articulo en ABC sobre empleo pensando en Antena 3 reclamando m\u00e1s talento. Creo que el precedente es malo., tambienm creo que se estan pagando errores pasados que cometieron otros, y que hay algunos caraduras memorables. los comap\u00f1leros d eAntena 3 no se merecen este chaparr\u00f3n, pero tamnbien tienen que entender las opciones empresariales y propiciar acuerdos inteligentes. Ojala fueramos capaces de una mediacion aceptada por las partes, pero hoy no es posible. la APM ha ofrecido esa mediacion, peor no tenemos aun prestigio ni reputacion para que nos acepten. dentrod eunos a\u00f1os es\u00e8ro que seamos capaces. <\/p>\n<p>P.- \u00bfQu\u00e9 hizo la Asociaci\u00f3n tras la muerte en Bagdad del periodista Jos\u00e9 Couso? Un saludo y suerte, le tengo entre mis favoritos.<\/p>\n<p>R.- Ayudar a la famlia, apoyar en lo que fue posible, reclamar a las autoriudades. Sin duda poco, pero no nada. Volvemos al mismo prpoblema d ela reputacion, hay que construirla y eso lleva tiempo. <\/p>\n<p>P.- Cree que los grandes grupos multimedia son una amenaza para la independencia del periodista?<\/p>\n<p>R.- No. La concentracioin e sinevitable, tambien es moda. Juanto a la concentracion hay tambien m\u00e1s huecos para nuevas iniciytoivas. Es el mecanismo d edestriuccion creacion. Floreceran miles d eflores. Ahora bien los profesionales tenemos que porganizarnos, imponer condiciones, ganar respeto. Y em ese sentido o hemos hechop todo lo que deber\u00edamos, por pereza, por carencias d eliderazgo. En ese sentido la APM no ha sido capaz de llegar lejos. Hace a\u00f1os pedi amparo a la APM por u asunto profesional, ni me contestaron. pense darme de baja y no le hice ppor pereza. Luego pens\u00e9 que en vez d edarme d ebaja debe\u00eda subirme al carro, por eso atend\u00ed la llmamada de luis Angel de la Viiuda hace cuatro a\u00f1os para incorporarme ala junta y por eso he trabajado bastante estos cuatro a\u00f1os.<\/p>\n<p>P.- Cada vez que recibo la revista de la APM y el peri\u00f3dico de la FAPE siento una verg\u00fcenza que no me es en absoluto ajena, porque soy miembro de la asociaci\u00f3n y profesional en ejercicio. \u00bfEs que los periodistas espa\u00f1oles no sabemos hacer nada mejor? Seguro que hay compa\u00f1eros dispuestos a arrimar el hombro. Yo, desde luego, lo estoy. Suerte.<\/p>\n<p>R.- Coincide plenamente contigo. MAS AUN OPTE POR NO LEERLO. ES CULPA D ETODOS, EN LA JUNTA LO HEMOS DISCUTDO PERO NO HEMOS SIDO CAPACES DE ARREGRARLO. es un prop\u00f3sito para esta junto. te aseguro que quienes trabajan la revista lo hacen con celo, pero no acertamos.<\/p>\n<p>P.- Echo de menos la presencia de mujeres en la Asociaci\u00f3n de la Prensa \u00bfHay alguna mujer en la directiva?<\/p>\n<p>R.- La mitad de los asocuados son mujeres, en los nuevos ingresos dos tercios son mujeres. En la actual direcyiva creo que hay seis ujeres. Yo no hice la candidatura con cuotas, no me parece bien, pero creo que hay ocho mujeres. Personalmente he contratado muchas mujeres, m\u00e1s aun creo que he discriminado a favor de de las mujeres. No me siento orgulloso d eello, peor tampoco lo lamento, todo lo contrario. <\/p>\n<p>P.- La mayor\u00eda de la gente que conozco est\u00e1 en la Asociaci\u00f3n de la Prensa por el seguro m\u00e9dico \u00bfpuede decirme que otras ventajas supone para un profesional darse de alta?<\/p>\n<p>R.- Es cierto. es el principal activo, la oferta. Yo llevo treinta a\u00f1os en la APM y he utilizado el servicio m\u00e9dico en contadas ocasiones, he segudo en la APM por adhesion profesional. \u00bfVentajas? las hay En lo asistencial con discrecion y eficacia se atienden muchas necesidades que no requieren publicidad. Hay un servicioo jur\u00eddico que funciona, hay asistencia a quien la demanda. Y sobre todo hay un enorme potencial para hacer m\u00e1s cosas, A mi se me han ocurrido bastsntes, algunas estan en marcha (servcioso financieros a colectivos) seguros colectivos&#8230; y otras lo estar\u00e1n.<\/p>\n<p>P.- Sr. Gonz\u00e1lez \u00bfQue defensa tenemos los telespectadores frente a la telebasura que nos inunda a todas horas y por todas partes?\u00bfNadie va a dar un toque de atenc\u00edon a los periodistas para que presenten programas que dignifiquen la profesi\u00f3n?. Saludos. Eugenio<\/p>\n<p>R.- la primera defensa es apagar. Los periodistas tenemos poco que ver con el espectaculo de las televisiones. ese es otro negocio. Consumo poca televisi\u00f3n mas alla de los informativos. Me irritan los sucedaneos, pasar por periodismo lo que es otra cosa. los periodistas hecemos, en general, productos dignos y algunos indignos, pero ese es su problema, yo no quiere redimirles, syupongo que tenrran sus razones, peor tambien hay politicos, abogados, medicos&#8230;indignos. <\/p>\n<p>P.- Llevo 15 a\u00f1os pateando la calle en busca de noticias y la situaci\u00f3n cada vez est\u00e1 peor. Como profesional, me siento desprotegido \u00bfPara cuando un estatuto que garantice nuestros derechos?<\/p>\n<p>R.- Tengo dudas sobre ese estatuto legal, pero estoy decidido a trabajar en las inicitivas legales que hay en esa materia., Creo que nos protegen las leyes y que hay que conseguir respeto, vuelvo a la reputaci\u00f3n. Y hay que lograr fuerza, la APM tiene que tomarse en serio ese problema, y creo que podemos avanzar unos metros si planteamos bien el tema.<\/p>\n<p>P.- Con que medios financiar\u00e1 su campa\u00f1a. Utilizar\u00e1 los recursos de la APM. Cree que sus competidores utilizar\u00e1n los de Telemadrid o los de la CEOE<\/p>\n<p>R.- estoy seguro que mis competidores lo estan haciendo bien. Nosotros no vamos a incurrir en otro gasto que el de un folleto que se imprimi\u00f3 ayer y que os mandaremos a cvasa la semana que viene. la APM nos ha entregado sobres y etiquetas de cada asociado para ese envio. Creo que el coste de todo eso sera peque\u00f1o y lo sufragaremos los candidatos a escote. Los gastos electores de la APM estan p`resupuestados y estaran perfectamente desglosados en las cuentas. No creo que haya que gastar m\u00e1s all\u00e1 de ese folletito. Todo exceso da\u00f1a y creo que los 5.200 asociados saben muy bien lo que tienen que elegir y de que vamos cada uno. Creo que he sido austero en mi vida profesional, la APM es de rigurosa austeridad, ya se ocupa Jose Mar\u00eda Lorente de ello y Tanto Jesus de la Srena como Alejandro Fernandez pombo ham sido ejemplares. \u00a1Ni un taxi! Puese eso<\/p>\n<p>P.- Sorprende ver que este a\u00f1o se presentan a la Asociaci\u00f3n dos periodistas en activo y no jubilados, como es costumbre, tedr\u00e1n tiempo. Un saludo y \u00e1nimo<\/p>\n<p>R.- Es un buen punto. Creo que revela avance. Siempre he pensado que esta deb\u00eda ser una asociacion gestionada por activos. La segunda cuestion es decisiva. \u00bftendremos tiempo? me le he preguntado hasta que decidi atender la peticion de varios compa\u00f1eros. Mi situacion como colaborador d evarios medios me permite organizar mi trabajo a mimanera. Yo suelo ser bastante currante, me gusta mu trabajo. esti,mo que me queda libre para la APM media jornada y que tenmgo bastantes ideas y proyectos. Afdem\u00e1s durnate estos a\u00f1os la APM se ha colocado en mis aspiraciones. He decidido aplazar algunos trabajos, ewn concreyto el libro que me gustaria acabar el 2004 para dedicarme a la APM. Si los socios no me eligen tendr\u00e9 la oportunidad de atender esas otras aspiuraciones. Creo que e smuy bueno que los dos candidatos estemos a p\u00ece de obra (aunque Paco menos a pie que yom quiza porque es m\u00e1s mayor, me lleva seis a\u00f1os aunque yo soy m\u00e1s antiguo en la APM, pero es bien majo, que decimos en Burgos de la gente que queremos) <\/p>\n","protected":false},"excerpt":{"rendered":"<p>La Asociaci\u00f3n de la Prensa de Madrid (APM) busca nuevo presidente. El pr\u00f3ximo d\u00eda 12 de noviembre las urnas decidir\u00e1n entre las candidaturas de Francisco Gim\u00e9nez-Alem\u00e1n, director de Telemadrid, y Fernando Gonz\u00e1lez Urbaneja. El colaborador de ABC y La Estrella encabeza una lista integrada por miembros de la actual junta, una candidatura &#8220;plural, independiente y profesional&#8221;, seg\u00fan sus integrantes.<\/p>\n","protected":false},"author":1,"featured_media":0,"comment_status":"open","ping_status":"open","sticky":false,"template":"","format":"standard","meta":{"footnotes":""},"categories":[],"tags":[],"class_list":["post-5667","post","type-post","status-publish","format-standard","hentry"],"_links":{"self":[{"href":"https:\/\/intervius.com\/index.html\/wp-json\/wp\/v2\/posts\/5667","targetHints":{"allow":["GET"]}}],"collection":[{"href":"https:\/\/intervius.com\/index.html\/wp-json\/wp\/v2\/posts"}],"about":[{"href":"https:\/\/intervius.com\/index.html\/wp-json\/wp\/v2\/types\/post"}],"author":[{"embeddable":true,"href":"https:\/\/intervius.com\/index.html\/wp-json\/wp\/v2\/users\/1"}],"replies":[{"embeddable":true,"href":"https:\/\/intervius.com\/index.html\/wp-json\/wp\/v2\/comments?post=5667"}],"version-history":[{"count":0,"href":"https:\/\/intervius.com\/index.html\/wp-json\/wp\/v2\/posts\/5667\/revisions"}],"wp:attachment":[{"href":"https:\/\/intervius.com\/index.html\/wp-json\/wp\/v2\/media?parent=5667"}],"wp:term":[{"taxonomy":"category","embeddable":true,"href":"https:\/\/intervius.com\/index.html\/wp-json\/wp\/v2\/categories?post=5667"},{"taxonomy":"post_tag","embeddable":true,"href":"https:\/\/intervius.com\/index.html\/wp-json\/wp\/v2\/tags?post=5667"}],"curies":[{"name":"wp","href":"https:\/\/api.w.org\/{rel}","templated":true}]}}