{"id":5646,"date":"2004-01-28T00:00:00","date_gmt":"2006-11-06T00:00:00","guid":{"rendered":"https:\/\/intervius.com\/index.html\/?p=5646"},"modified":"2006-11-06T00:00:00","modified_gmt":"2006-11-06T00:00:00","slug":"Pereza5646","status":"publish","type":"post","link":"https:\/\/intervius.com\/index.html\/Pereza5646\/","title":{"rendered":"Pereza"},"content":{"rendered":"<p>Pregunta.- Enhorabuena por vuestro directo en la Caracol. Hacia tiempo que no ve\u00eda algo asi. \u00bfeditareis alguno de vuestros directos en DVD como han hecho ya El Canto?? Enhorabuena. Juan. Alcal\u00e1 Henares<\/p>\n<p>Respuesta.- De momento no est\u00e1 dentro de los planes editarlo en DVD. Pero en un futuro nos encatar\u00eda poder sacarlo. Much\u00edsimas gracias Juan. <\/p>\n<p>P.- Hola, me gustar\u00eda saber vuestra opini\u00f3n del disco que han hecho Shuarma, Bunbury, Carlos Ann y Morti: BUSHIDO. Gracias<\/p>\n<p>R.- La verdad es que no lo he escuchado pero me parece mogoll\u00f3n de atractivo el equipo que han montado. Seguro que est\u00e1n haciendo algo interesante ya que Shuarma y bunbury me parecen unos tipos con mucho talento. Desde aqui les deseo toda la suerte del mundo.<\/p>\n<p>P.- weee!! q tal?? el domingo estube en el concierto de la caracol, una pasada! impresionante!!sobre todo pienso en aquella tarde, como os sentis al escuchar a tanta gente cantando una de vuestras canciones, para mi fue el momento mas especial de la noche junto con los tambores de Leiva. Muchas gracias por hacer q la gente se lo pase bien.Un besazo. Leticita<\/p>\n<p>R.- Lo primero quiero aclarar que mi compi, Rub\u00e9n, est\u00e1 convaleciente debido a las celebraciones postconcierto. Est\u00e1 con fiebre pero me acompa\u00f1a en el sentimiento. Fue un flipe para nosotros. Ves tu trabajo recompensado en forma de muchas bocas cantando. Para mi tambi\u00e9n fue el momento m\u00e1s emocionante de la noche, sin duda alguna. Y muchas gracias por lo de los tambores. Y si lo habe\u00eds pasado bien, para mi es objetivo cumplido. <\/p>\n<p>P.- Que os parece que gurpos como Hombres G vuelvan a tener tanto exito? os gusto trabajar con Summers?<\/p>\n<p>R.- Me parece de puta madre que los Hombres G vuelvan y nos encant\u00f3 currar con David, que es un tipo que, en el poco tiempo que estuvimos con \u00e9l, nos ense\u00f1\u00f3 mogoll\u00f3n de cosas. Fue un placer y es un encanto. <\/p>\n<p>P.- que opini\u00f3n os merece el panorama musical actual??evasannum<\/p>\n<p>R.- Una casta\u00f1a pilonga. Pero bueno, el rock est\u00e1 de moda y eso se agradece. Odio los karaokes y creo que est\u00e1n acabando con la industria de la m\u00fasica. De todas maneras, aqui estamos Pereza para aportar canciones, actitud y gamberrismo. <\/p>\n<p>P.- \u00bfTen\u00e9is pensado ya cual ser\u00e1 el pr\u00f3ximo single?<\/p>\n<p>R.- No. La verdad es que no. Hay unos cuantos posibles y nosotros somos bastante malos eligiendo singles. As\u00ed que lo dejaremos en manos de nuestra compa\u00f1\u00eda, pero vamos yo creo que est\u00e1 entre &#8220;Si quieres bailamos&#8221; y &#8220;Yo solo quiero&#8221;.<\/p>\n<p>P.- Creo que la versi\u00f3n de &#8220;Ernesto&#8221; del disco homenaje a los Nikis ha quedado genial \u00bfErais fans de este grupo? \u00bfCuando la vamos a escuchar?<\/p>\n<p>R.- Siempre hemos tenido respeto a los Nikis pero nunca hemos sido fans de ellos. La versi\u00f3n de Ernesto ha quedado cojonuda. Adem\u00e1s la grabamos con Eric, bater\u00eda de Los Planetas, y Floren, de LOs Planetas, tambi\u00e9n se meti\u00f3 en la guitarra. Ha quedado muy desenfadada y nos mola mucho. Creo que dentro de no mucho, la empezar\u00e1n a pinchar en Radio <\/p>\n<p>P.- \u00bfa quienes os queriais parecer de peque\u00f1os?<\/p>\n<p>R.- Yo cuando era peque\u00f1o me quer\u00eda parecer a Diego Armando Maradona. Y ahora quiero ser como Paco Rabal. <\/p>\n<p>P.- Hola!!! No he tenido el placer de veros en directo pero me han dicho que sois brutales&#8230; con quien os gustar\u00eda compartir escenario?? Y para cuando un concierto en Barna?? Judit, Barcelona<\/p>\n<p>R.- Gracias por la parte que nos toca. Me gustar\u00eda compartir escenario con los Stones. A Barna no creo que tardemos mucho en ir. Espero y confio en que hagamos un bolo dentro de muy poquito.<\/p>\n<p>P.- Se acabaron los garitos. Ahora a los estadios. \u00bfo no?<\/p>\n<p>R.- Los garitos han sido la banda sonora de nuestra vida y lo seguir\u00e1n siendo. Nos queda un poquito de recorrido para llenar estadios. Pero todo llegar\u00e1. Rock&#038;roll.<\/p>\n<p>P.- Mas que una pregunta es una reflexi\u00f3n. Pienso que el &#8220;top manta&#8221;, internet y la pirateria en general ha servido para que las discogr\u00e1ficas incluyan &#8220;m\u00e1s productos&#8221; (dvd, descuentos, etc) en los discos que venden. \u00bfSe podr\u00eda aplicar el &#8220;no hay mal que por bien no venga&#8221;?<\/p>\n<p>R.- Creo que si. Si algo bueno ha aportado eso es que por cada CD te llevas siempre un regalito. <\/p>\n<p>P.- \u00bfPara cuando vuestro tercer trabajo? Lory<\/p>\n<p>R.- De momento vamos a exprimir &#8220;Algo para cantar&#8221; hasta la \u00faltima gota. Pero ya tenemos un repertorio cojonudo para en cualquier momento meternos en la batalla del tercer disco. <\/p>\n<p>P.- Leiva, deja de comerte las u\u00f1as&#8230; jejeje&#8230; \u00bfque es lo que haceis antes de salir al escenario a dar lo mejor de vosotros? MaJo<\/p>\n<p>R.- Tomar una copa, palmar de nervios y brindar y hacer un grito de guerra y ponernos guapas. <\/p>\n<p>P.- No me censur\u00e9is. Pereza me da pereza. \u00bfHar\u00e9is algo por cambiar?<\/p>\n<p>R.- &#8220;Algo para cambiar&#8221;.<\/p>\n<p>P.- \u00bfQu\u00e9 m\u00fasica llevais en en discman? un besi, guap\u00edsimos. M\u00edriam<\/p>\n<p>R.- Yo llevo a Camar\u00f3n y a Los Piratas. <\/p>\n<p>P.- \u00bfSentis ya el peso de la fama? \u00bfel acoso de los fans? Laura (Cartagena y Valencia)<\/p>\n<p>R.- No, la verdad es que no. <\/p>\n<p>P.- Es cierto que perdisteis un mont\u00f3n de kilos en la gira pasada? cu\u00e1l es el mejor recuerdo de vuestros conciertos?<\/p>\n<p>R.- Si ya de por si somos unos tirillas, pesamos 58 kilos -por cabeza- y como somos unos golfos, comemos poco y bebemos bastante, volvimos como Keith Richards. Mi madre me someti\u00f3 a un intensivo de lentejas y cocido. Enseguida me volv\u00ed a poner como Schwarzenegger. El mejor recuerdo de nuestros conciertos es como la gente pide m\u00e1s con cara de felicidad. <\/p>\n<p>P.- \u00bfQue opini\u00f3n os merece la actitud de algunos grupos de abandonar una multinacional para montarselo por su cuenta?<\/p>\n<p>R.- Me parece una opci\u00f3n super respetable y me parece que hay que tener las ideas muy claras para hacer eso. En el caso de Kiko Veneno y Quique Gonz\u00e1lez merecen todos mis respetos ya que son amigos y adem\u00e1s soy fan de ellos. <\/p>\n<p>P.- \u00bfComo veis vuestro futuro en Hispanoam\u00e9rica?<\/p>\n<p>R.- Muy cerquita, muy cerquita. <\/p>\n<p>P.- \u00bfquienes sois, de donde venis y a donde vais?.Un besazo!!!<\/p>\n<p>R.- Somos unos golfos, venimos de Marte a comernos el mundo. <\/p>\n<p>P.- Soleis salir de marcha por las ciudades en las que dais conciertos? Ahora quiza lo tengais mas complicado porque mucha mas gente os conoce!Os vi en zaragoza el a\u00f1o pasado y os doy un 10!<\/p>\n<p>R.- Solemos salir de marcha a menudo&#8230;.Las celebraciones son nuestra especialidad. Nos encanta la gente y nos gusta que nos conozcan. <\/p>\n<p>P.- Cre\u00e9is que s\u00f3is el grupo de moda, ahora que todo el mundo habla de vosotros y se llenan los conciertos de famosos? \u00bfOs resulta extra\u00f1o y repentino despu\u00e9s de m\u00e1s de dos a\u00f1os de trabajo sin parar?<\/p>\n<p>R.- No creo que seamos el grupo de moda. Creo que somos una banda aut\u00e9ntica y de verdad y estamos recogiendo todo lo que hemos sembrado estos a\u00f1os pasados. Pero me flipa que la pe\u00f1a piense que somos el grupo de moda. Yujuuuuuuu!<\/p>\n<p>P.- \u00bfPor que no incluisteis &#8220;Yeah&#8221; en la primera edici\u00f3n de el disco? Est\u00e1 genial! \u00bfPodeis explicar de qu\u00e9 hablais en la letra de ese tema? Pa\u00b4alante con Pereza!<\/p>\n<p>R.- No la incluimos porque nos parecieron mejores otras. Esa letra habla de la \u00fanica que me he enemistado con un amigo. <\/p>\n<p>P.- \u00bfComo haceis para componer, ya que casi todas las letras de &#8220;Algo para cantar&#8221; estan firmadas por los dos?<\/p>\n<p>R.- Todas est\u00e1n firmadas por los dos. No hay un m\u00e9todo de composici\u00f3n. Seg\u00fan el d\u00eda, seg\u00fan la hora, unas veces tengo una letra y Rub\u00e9n pone una m\u00fasica y otras veces, tengo una m\u00fasica y Rub\u00e9n pone la letra, otras veces tengo un Rub\u00e9n y pongo una m\u00fasica y otras veces Rub\u00e9n pone una m\u00fasica y yo un Leiva. <\/p>\n<p>P.- \u00bfos cortais vosotros mismos el pelo o esq os habeis pegao con \u00e9l? Ruben ponte weno! besos judit y leticita<\/p>\n<p>R.- Nos lo muerde mi perro, que se llama Rasta. <\/p>\n<p>P.- Ole, ole y ole por el s\u00e1bado. Que Guti es un fan vuestro me consta (ya lo he visto en 2 conciertos), pero \u00bfes cierto que Sabina tambi\u00e9n se deja caer de vez en cuando? Besazos<\/p>\n<p>R.- Si. Con Sabina tenemos una relaci\u00f3n de puta madre y es cierto que se deja caer de vez en cuando. Cuando nosotros le vemos, nos empalmamos. <\/p>\n<p>P.- \u00bfcuando un desnudo en interviu de ambos??sannum<\/p>\n<p>R.- Me han ofrecido un cheque en blanco por posar con un tanga de leopardo. Lo estoy gestionando con mi manager, G\u00f3nzalo L\u00f3pez. <\/p>\n<p>P.- \u00bfComo os conocisteis Ruben y tu?<\/p>\n<p>R.- Nos conocemos de toda la vida del barrio, ni me acuerdo ya. Le mando un besito a mi amigo Rub\u00e9n que est\u00e1 muy malito: Un besito cabr\u00f3n. <\/p>\n<p>P.- \u00bfCual es la cosas m\u00e1s rara que os ha pasado en un concierto?<\/p>\n<p>R.- Una chica en el \u00faltimo concierto que hicimos en el Chesterfield Caf\u00e9, nos regal\u00f3 un l\u00e1tigo. Flipa. <\/p>\n<p>P.- Leiva corazon, que garito vais a inaugurar el proximo 12 de febrero??? es vuestro??? habra que ir no?? Besos. MaJo<\/p>\n<p>R.- Creo que al final, vamos a mover la fecha porque tenemos una gala en Galicia. El garito es de un amigo nuestro y se llama Custom Caf\u00e9 en Madrid. <\/p>\n<p>P.- \u00bfQu\u00e9 les diriais a los cientos de grupos que todav\u00eda no han triunfado?<\/p>\n<p>R.- Pues que sigan incordiando y que se lo sigan creyendo. Mientras haya actitud y ganas, hay esp\u00edritu. <\/p>\n<p>P.- \u00bfQue es eso de que quereis fichar a Slash?<\/p>\n<p>R.- Uno de nuestros principales objetivos de este a\u00f1o es fichar a Slash. Lo juramos. <\/p>\n<p>P.- Confesad! Qu\u00e9 edad teneis? \ud83d\ude42<\/p>\n<p>R.- Yo tengo 23 a\u00f1os y Rub\u00e9n tiene <\/p>\n<p>P.- \u00bften\u00e9is club de fans?<\/p>\n<p>R.- A nosotros nos gusta llamarlos amigos. Si que hay una p\u00e1gina que se llama www.pereza.info en donde tenemos cientos de amigos y amigas. <\/p>\n<p>P.- Hacer elegir a un grupo entre su primer y su segundo disco es como hacer elegir a un padre sobre un hijo, pero&#8230; Cual os gusta mas? Yo solo he escuchado el segundo y me gustan TODAS las canciones! El primero me gustara igual?Saludos desde Zaragoza moStruos!<\/p>\n<p>R.- Nos gusta m\u00e1s el segundo disco. Pero el primero es que nos parece acojonante. <\/p>\n<p>P.- quienes os parecen las principales referencias de la m\u00fasica espa\u00f1ola&#8230;seguid as\u00ed!!!!<\/p>\n<p>R.- Joaqu\u00edn Sabina y yo que se&#8230;me cuesta quedarme con alguno. <\/p>\n<p>P.- \u00bfpensais dedicaros siempre a la musica?si no, que har\u00edais?eva<\/p>\n<p>R.- Si, claro. La m\u00fasica es nuestra vida y no me imagino mi vida sin m\u00fasica. Si no, creo que ser\u00eda el mejor futbolista de la liga espa\u00f1ola. <\/p>\n<p>P.- Leiva yo tambien tengo 23!!! \u00bfbailamos? \ud83d\ude42<\/p>\n<p>R.- Venga. \u00bfEn tu casa o en la mia?<\/p>\n<p>P.- \u00bfQu\u00e9 opinais de que casi todo el mundo se baje vuestra musica de internet (y la de muchos otros grupos) y no se compren el disco?os motiva?besos.isabel<\/p>\n<p>R.- Nos parece de puta madre que se busquen la vida para acudir a nosotros. <\/p>\n<p>P.- \u00bfEs cierto que vais a hacer versiones en ingl\u00e9s para intentarlo en el mercado anglosaj\u00f3n?<\/p>\n<p>R.- No, no es cierto. \u00bfQui\u00e9n te ha contado ese tripi?<\/p>\n","protected":false},"excerpt":{"rendered":"<p>Leiva y Rub\u00e9n arrasan en directo mientras sus discos pasan de mano en mano entre sus fans, muchos de ellos no tan jovencitos, que se sienten descubridores de este potente grupo. Su segundo trabajo, Algo para cantar (RCA) es ya un \u00e9xito. Sus intensos a\u00f1os pateando los garitos de media Espa\u00f1a, les proporcionan un dominio del escenario y una seguridad que no se olvida tras el concierto.<br \/>\nclick2music.es<br \/>\nWeb oficial de Pereza<\/p>\n","protected":false},"author":1,"featured_media":0,"comment_status":"open","ping_status":"open","sticky":false,"template":"","format":"standard","meta":{"footnotes":""},"categories":[],"tags":[],"class_list":["post-5646","post","type-post","status-publish","format-standard","hentry"],"_links":{"self":[{"href":"https:\/\/intervius.com\/index.html\/wp-json\/wp\/v2\/posts\/5646","targetHints":{"allow":["GET"]}}],"collection":[{"href":"https:\/\/intervius.com\/index.html\/wp-json\/wp\/v2\/posts"}],"about":[{"href":"https:\/\/intervius.com\/index.html\/wp-json\/wp\/v2\/types\/post"}],"author":[{"embeddable":true,"href":"https:\/\/intervius.com\/index.html\/wp-json\/wp\/v2\/users\/1"}],"replies":[{"embeddable":true,"href":"https:\/\/intervius.com\/index.html\/wp-json\/wp\/v2\/comments?post=5646"}],"version-history":[{"count":0,"href":"https:\/\/intervius.com\/index.html\/wp-json\/wp\/v2\/posts\/5646\/revisions"}],"wp:attachment":[{"href":"https:\/\/intervius.com\/index.html\/wp-json\/wp\/v2\/media?parent=5646"}],"wp:term":[{"taxonomy":"category","embeddable":true,"href":"https:\/\/intervius.com\/index.html\/wp-json\/wp\/v2\/categories?post=5646"},{"taxonomy":"post_tag","embeddable":true,"href":"https:\/\/intervius.com\/index.html\/wp-json\/wp\/v2\/tags?post=5646"}],"curies":[{"name":"wp","href":"https:\/\/api.w.org\/{rel}","templated":true}]}}