{"id":5627,"date":"2004-04-02T00:00:00","date_gmt":"2006-11-06T00:00:00","guid":{"rendered":"https:\/\/intervius.com\/index.html\/?p=5627"},"modified":"2006-11-06T00:00:00","modified_gmt":"2006-11-06T00:00:00","slug":"Montserrat_Dominguez5627","status":"publish","type":"post","link":"https:\/\/intervius.com\/index.html\/Montserrat_Dominguez5627\/","title":{"rendered":"Montserrat Dom\u00ednguez"},"content":{"rendered":"<p>Pregunta.- \u00bfno le parece que los medios siguen siendo muy tendenciosos \u00bfpara cuando mayor objetividad?<\/p>\n<p>Respuesta.- Hola a todos. S\u00ed, creo que hay medios que se est\u00e1n destacando por distintas opciones pol\u00edticas de manera muy ruidosa. Creo que todos necesitamos un poco de tiempo para recuperar la normalidad tras los \u00faltimos acontecimientos&#8230; pero en cualquier caso, no estar\u00eda mal respetar un principio b\u00e1sico en el periodismo que es separar informaci\u00f3n de opini\u00f3n.<\/p>\n<p>P.- Hola Montse, \u00bfcrees que Zapatero est\u00e1 ante una oportunidad hist\u00f3rica de terminar con el terrorismo en Espa\u00f1a?. Lo digo porque despu\u00e9s del 11M la gente, incluido creo el entorno de Batasuna, est\u00e1 harta de tanta masacre. Muchas gracias y ojal\u00e1 sea verdad<\/p>\n<p>R.- Hoy mismo coment\u00e1bamos en La Mirada que el 11M deber\u00eda llevar a una reflexi\u00f3n contra la violencia a la minor\u00eda que todavia la considera un arma leg\u00edtima&#8230; Ojal\u00e1 fuera as\u00ed, pero en ese caso, no creo que se puderia atribuir a un l\u00edder pol\u00edtico determinado ese &#8220;triunfo&#8221;. <\/p>\n<p>P.- \u00bfno cree que en ocasiones la objetividad deshumaniza?Busqu\u00e9 su sentimentalidad en el 11M y no la encontr\u00e9<\/p>\n<p>R.- Pues me da una alegr\u00eda saber que pude controlarme lo suficiente la ma\u00f1ana del 11M como para que nadie notara mis sentimientos. Ha sido, de largo, la peor ma\u00f1ana de mi vida. Personal y profesional.<\/p>\n<p>P.- \u00bfPorqu\u00e9 eres tan poco objetiva? Desde que ha ganado el PSOE se te ha cambiado la cara! Radias felicidad<\/p>\n<p>R.- No s\u00e9 si soy objetiva, trato de ser honesta a la hora de abordar la informaci\u00f3n. Y francamente, dudo mucho que haya radiado felicidad con las semanas tan amargas que hemos pasado todos.<\/p>\n<p>P.- Hola! Felicitaciones por su programa. \u00bfQu\u00e9 hace para que no se le revuelvan las tripas cuando se da cuenta que un pol\u00edtico le est\u00e1 mintiendo en una entrevista? Gracias<\/p>\n<p>R.- Cuando est\u00e1s entrevistando a un pol\u00edtico y sientes que te cuenta un &#8220;cuento&#8221;, puedes tratar de ponerle frente a sus contradicciones&#8230; pero poco m\u00e1s. No creo en las entrevistas-batalla, con el periodista discutiendo con el pol\u00edtico. No creoque sea mi trabajo. La gente es lo suficientmente lista como para creerse o no determinados argumentos.<\/p>\n<p>P.- Te admiro much\u00edsimo. Eres un ejemplo de seriedad y rigor informativo. \u00bfEs dif\u00edcil conseguirlo? \u00bfSe paga alg\u00fan precio?<\/p>\n<p>R.- Gracias, pero una s\u00f3lo puede ser seria y rigurosa si el medio te lo permite y lo alienta. Y yo tengo la inmensa suerte de trabajar rodeada de un ambiente de libertad y de respeto profesional en Tele <\/p>\n<p>P.- \u00bfconsidera que los medios manipularon la informaci\u00f3n del 11-M para influir en el resultado electoral?\u00bfConsidera que de verdad existe indepencia en su cadena? Piense por favor en la tertulia pol\u00edtica de Maria Teresa Campos, en Javier Sard\u00e1&#8230;&#8230;Muchas gracias, mi enhorabuena por su programa<\/p>\n<p>R.- Hablo de mi trabajo y mi experiencia; no puedo juzgar lo que hacen o dejan de hacer otros compa\u00f1eros de Tele Creo que en mi cadena, y concretamente en informativos, se hizo un esfuerzo m\u00e1ximo para afrontar el hecho de que ten\u00edamos informaci\u00f3n propia que no coincid\u00eda con la que facilitaba el gobierno. Hab\u00eda al mismo tiempo mucho riesgo de intoxicaci\u00f3n informativa, y toda la presi\u00f3n que suponia una cita electoral el domingo. Yo estoy satisfecha de c\u00f3mo trabajamos, creo que nuestros espectadores tuvieron una informaci\u00f3n que luego se ha demostrado fiable y contrastada. Cada medio deber\u00e1 responder por sus verdades y sus mentiras. <\/p>\n<p>P.- Hola Montse. En estos momentos de cambio politico, aceptarias trabajar en TVE?<\/p>\n<p>R.- Si me ofrecen un programa sobre libros y literatura, o uno sobre viajes, a una hora fuera del prime time, y me lo pagan bien&#8230;. firmo ahora mismo. <\/p>\n<p>P.- En primer lugar, muchas felicidades por tu programa, creo que uno de los mejores de la parrilla televisiva. \u00bfEs dificil hacerse valer como mujer y periodista, cuando la mayor\u00eda de los invitados son hombres (por otro lado, reflejo de qui\u00e9n ocupa los altos cargos en nuestro pa\u00eds?. Un abrazo.<\/p>\n<p>R.- Protesto: esta misma ma\u00f1ana he tenido como invitada a una mujer fant\u00e1stica. Es verdad que son m\u00e1s los hombres en la pol\u00edtica y en los centros de decisi\u00f3n del pa\u00eds, pero cada vez hay m\u00e1s mujeres, y los periodistas tenemos que hacer un peque\u00f1o esfuerzo adiciional por localizarlas y exponerlas a la luz p\u00fablica. En cuanto a m\u00ed, he tenido suerte. Ni en Tele 5 ni en ninguno de mis anteriores trabajos me he sentido nunca discriminada por ser mujer. <\/p>\n<p>P.- \u00bfQu\u00e9 tipo de programas no har\u00eda jamas? GRacias<\/p>\n<p>R.- T\u00fa quieres pillarme&#8230;. te dir\u00e9 mejor lo que me gusta: la informaci\u00f3n, el an\u00e1lisis, la pol\u00edtica nacional e internacional, la literatura. No me veo haciendo un concurso o moderando una tertulia del coraz\u00f3n, pero \u00bf\u00bfqui\u00e9n sabe???<\/p>\n<p>P.- como lo pasaste el otro dia durante la entrevista con Esperanza Aguirre, no te dieron ganas de decirle pero ke me est\u00e1s contando?<\/p>\n<p>R.- Me sorprendieron algunos de sus argumentos.<\/p>\n<p>P.- El 11-M te pude ver recogiendo declaraciones a las puertas del Hospital Gregorio Mara\u00f1\u00f3n. \u00bfEs habitual que directores de espacios informativos cubran noticias de calle? \u00bfCrees que deber\u00edan de hacerlo de vez en cuando para valorar m\u00e1s el trabajo de los redactores?<\/p>\n<p>R.- La tarde del 11M me acerqu\u00e9 al Gregorio Mara\u00f1\u00f3n porque me sent\u00eda tremendamente in\u00fatil, y all\u00ed al menos pod\u00eda ayudar a los compa\u00f1eros y sentirme cerca de lo que estaba ocurriendo. Es verdad que cuando llevas mucho tiempo en la redacci\u00f3n o en el estudio echas de menos el contacto con la calle. Pero yo nunca he perdido ese &#8220;feeling&#8221;.<\/p>\n<p>P.- Buenos d\u00edas, \u00bfCual de las entrevistas que ha realizado en estos a\u00f1os en &#8220;La mirada cr\u00edtica&#8221; le ha resultado m\u00e1s dificil? \u00bfCual ha sido la m\u00e1s interesante desde el punto de vista period\u00edstico?<\/p>\n<p>R.- UFffff, qu\u00e9 dif\u00edcil&#8230;. Fue muy complicado abordar emocionalmente la entrevista con Julio Anguita, ex coordinaodr de IU, con quien ten\u00edamos una cita que se cancel\u00f3 cuando su hijo Julio muri\u00f3 en Irak. Luego \u00e9l quiso respetar su compromiso, pero como entrevistadora me result\u00f3 dif\u00edcil encontrar el tono: era una entrevista a un pol\u00edtico en un momento delicad\u00edsimo, en plena guerra de Irak, pero tambi\u00e9n a un padre&#8230;. fue duro y emocionante.<\/p>\n<p>P.- Teniendo en cuenta que es uste una mujer inteligente ademas de guapa. Cabr\u00eda la posibilidad de oirla y verla en Tv en horas que los que trabajamos por la ma\u00f1ana no tenemos esa posbilidad?<\/p>\n<p>R.- Gracias por los piropos; creo que hay unos aparatos muy sencillos de manejar que se llaman videos y que graban lo que no puedes ver para utilizarlo luego a convenciencia&#8230; En serio, \u00bfsabes lo que ocurrir\u00eda si un programa como La Mirada Cr\u00edtica&#8221; pasara a una hora de m\u00e1xima audiencia?? Ser\u00edamos barridos por la audiencia de la parrilla.<\/p>\n<p>P.- \u00bfa quien le guataria entrevistar y no ha podido hacerlo todavia o lo han rechazado?<\/p>\n<p>R.- Hay mucha gente a la que no consigo &#8220;cazar&#8221;. Alvarez Cascos, por ejemplo, es el \u00fanico miembro del gobierno de Aznar que se va sin haber pasado por el programa&#8230;.. Pero es una excepci\u00f3n: pocos pol\u00edticos se resisten a sus 20 minutos de gloria en televisi\u00f3n. Es m\u00e1s dif\u00edcil conseguir a determinados artistas, intelecutales&#8230;. no te digo nada sobre los banqueros&#8230;<\/p>\n<p>P.- Soy un estudiante de periodismo al que le faltan tres meses para acabar la carrera: \u00bfQu\u00e9 me recomienda? \u00bfqu\u00e9 me espera ah\u00ed fuera? \u00bfqu\u00e9 tengo que hacer para trabajar con usted?. Un saludo.<\/p>\n<p>R.- \u00c1nimo, porque el panorama no es id\u00edlico. Te recomiendo trabajar duro y colarte en todas las redacciones que puedas: cualquier experiencia vale. \u00a1Suerte!<\/p>\n<p>P.- Hola Montse, m\u00f3jese \u00bfen su cadena hay bustos parlantes? \u00bfy en la competencia? vamos, presentadores que se mueren si se quedan sin autocue<\/p>\n<p>R.- S\u00ed, claro que hay &#8220;locutores&#8221; que leen lo que otros escriben, en todas las teles, en muchas radios&#8230;y es una profesi\u00f3n muy digna tambi\u00e9n. Pero en Tele 5, y concretamente en informativos, esa figura no existe. Todos los que damos la cara somos periodistas y estamos vinculados directamente en la edici\u00f3n de nuestros espacios ifnormativos&#8230;. por cierto, que cuando estoy agobiada de trabajo no dejo de pensar lo maravilloso que ser\u00eda que alguien pensara por m\u00ed y yo s\u00f3lo tuviera que leer un papel&#8230; \u00bfalguna oferta? <\/p>\n<p>P.- \u00bfNo crees que existe cierto corporativismo entre los profesionales de la informaci\u00f3n? La actitud de determinados periodistas (pongamos por ejemplo a Urdaci) creo que debiera ser criticada por vosotros mismos de alguna forma. \u00bfObjetivamente se puede decir que Urdaci es un mal periodista?<\/p>\n<p>R.- El problema del periodista es que cada d\u00eda es una prueba distinta; y tienes que demostrar lo que vales, tu talante y tu criterio de manera permanente, todos los d\u00edas, en cada informativo, en cada peri\u00f3dico. Uno no puede decir &#8220;fui muy bueno&#8221; y pensar que eso avala lo que har\u00e1 el d\u00eda siguiente. Y me hace gracia que hables de corporativismo, en un momento en el que un sector del periodismo est\u00e1 a la gre\u00f1a permanente con el de enfrente&#8230;.<\/p>\n<p>P.- Hola. \u00bfNo te gustar\u00eda entrevistar en tu programa a una persona an\u00f3nima, de a pie, en la media de la ciudadan\u00eda espa\u00f1ola?. \u00bfNo crees que ser\u00eda interesante hacerle a esa persona las mismas preguntas que se suelen hacer a los grandes pol\u00edticos?<\/p>\n<p>R.- \u00bfT\u00fa realmente crees que existe &#8220;un&#8221; ciudadano\/a que representa a todos los dem\u00e1s? Tendr\u00eda que entrevistar a unos cuantos millones, me parece&#8230;. pero por La Mirada Cr\u00edtica pasa todo tipo de gente: hoy, una mujer casi desconocida que tiene una asociaci\u00f3n de mujeres en Toledo; el representante de los becarios-precarios, he tenido a un marinero de Vigo cuando lo del Prestige&#8230; es verdad que estos d\u00edas hay una sobredosis de pol\u00edticos, pero ya volver\u00e1n las aguas a su cauce -espero.<\/p>\n<p>P.- Buenas tardes, \u00bfcrees que existi\u00f3 manipulaci\u00f3n informativa de los atentados del 11-M, por parte de la prensa vinculada al gobierno? Gracias y un saludo<\/p>\n<p>R.- Tendr\u00eda que hablar de ejemplos concretos. Creo que TVE, por ejemplo, nunca debi\u00f3 programar una pel\u00edcula sobre ETA la noche del s\u00e1bado, jornada de reflexi\u00f3n; igual que hizo Telemadrid el viernes, tras las manifestaciones.<\/p>\n<p>P.- Hola Montse \u00bfsabes que en TV das superatractiva? De todas formas, lo que m\u00e1s me gusta es tu serenidad y moderaci\u00f3n, que hacen m\u00e1s cre\u00edble la mirada cr\u00edtica. \u00bfEsto es espont\u00e1neo o deliverado?<\/p>\n<p>R.- Gracias, lo de ser moderada es por naturaleza, as\u00ed que aprovecho en mi propio beneficio profesional las cualidades que me da haber nacido bajo el signo de Libra. <\/p>\n<p>P.- \u00bfcrees que hay que tener m\u00e1s mano dura con estos pol\u00edticos cuando est\u00e1n delante de uno para hacerles ver que no somos un reba\u00f1o?<\/p>\n<p>R.- Creo que, si algo ha quedado claro en estas \u00faltimas semanas, es que los pol\u00edticos no pueden tratarnos como idiotas.<\/p>\n<p>P.- \u00bfQu\u00e9 le parece la actitud de los &#8220;artistas&#8221; del mundo audiovisual espa\u00f1ol, que se ponen en pie de guerra con lo de Irak pero que hn escondido la cabeza durante m\u00e1s de 30 a\u00f1os con ETA? \u00bfno ve su actitud muy cobarde?<\/p>\n<p>R.- No comparto tu punto de vista. A m\u00ed no me parece cobarde nadie que protesta contra algo que no le gusta si viene desde el poder&#8230;<\/p>\n<p>P.- Hola Montse.Enhorabuena a ti y todo el equipo de InformativosT5.\u00bfNo teneis miedo, en T5 de perder esa independencia informativa que ten\u00e9is ahora, debido a los due\u00f1os actuales de la cadena?Me refiero a la influencia de Correo y Berlusconi. Gracias!<\/p>\n<p>R.- Cuando yo entr\u00e9 a trabajar en Tele 5, en 1991, Berlusconi ya era el socio de referencia en la cadena. Los profesionales de la casa hemos tenido mucha suerte con los empresarios en el aspecto informativo: entienden que nuestra credibilidad es un aut\u00e9ntico activo, y por eso la defienden contra viento y marea. No es habitual, pero as\u00ed es. Yo no creo que vayamos a perder ahora ese sello de independencia que tenemos, ser\u00eda tirar por la borda el trabajo de muchos a\u00f1os. <\/p>\n<p>P.- \u00bfHas tenido alguna queja o reproche de alguno de tus invitados una vez finalizado el programa?<\/p>\n<p>R.- No que recuerde. Y si se han quejado a mi jefe, no me lo ha contado. Pero ser\u00eda dif\u00edcil de creer que todos hayan salido contentos \u00bfno?<\/p>\n<p>P.- \u00bflos entrevistados conocen de antemano las preguntas que les vas a hacer?<\/p>\n<p>R.- Hombre, se las imaginan&#8230; pero no, no hay cuestionario previo, ni aceptamos condiciones tipo &#8220;yo voy pero de esto no hablamos&#8221;<\/p>\n<p>P.- influyen tanto los medios o la gente es poco inteligente?<\/p>\n<p>R.- \u00bfPor qu\u00e9 relacionas la falta de inteligencia con los medios? Yo creo que nuestro trabajo en necesario, e importante.<\/p>\n<p>P.- Pregunta comprometida: \u00bferes M-A-R-A-V-I-L-L-O-S-A? Respuesta sugerida: S\u00ed<\/p>\n<p>R.- No lo sabes t\u00fa bien&#8230;.<\/p>\n<p>P.- Me gustan sus debates porque usted expresa sus propias opiniones sobre los temas que se tratan. \u00bfCree que es algo que deber\u00edan hacer otros compa\u00f1eros suyos que no lo hacen?.<\/p>\n<p>R.- Pues mira, es algo que me preocupa, porque creo que mis opiniones no importan, pero reconozco que se me &#8220;escapan&#8221; cada vez m\u00e1s&#8230; son tres a\u00f1os al frente del programa, me llevo muy bien con mis contertulios, y me resulta inevitable a veces&#8230; yo me rega\u00f1o muchas veces por tomar partido. Creo que el moderador no debe hacerlo por norma general. Intentar\u00e9 aplicarme el cuento.<\/p>\n<p>P.- \u00bfSeleccionas t\u00fa a tus tertulianos?\u00bfCuales son los tres tertulianos de La Mirada que m\u00e1s te gustan?<\/p>\n<p>R.- Ah\u00ed tampoco me vas a pillar&#8230;\u00b4cada uno de ellos y ellas aporta algo que les hace imprescindibles en seg\u00fan qu\u00e9 momentos. La mayor\u00eda de los contertulios ya estaban en La Mirada Cr\u00edtica cuando me hice cargo de la direcci\u00f3n, hace tres a\u00f1os. Con mi jefe, valoramos las nuevas incorporaciones, pero no es una decisi\u00f3n exclusiva m\u00eda. <\/p>\n<p>P.- \u00bfTe gustar\u00eda entrevistar a alguien de la familia Real?<\/p>\n<p>R.- Me EN-CAN-TA-R\u00cdA entrevistar al REY. En serio. Lo m\u00e1s.<\/p>\n<p>P.- le gustan los hombres asturianos?<\/p>\n<p>R.- Y tanto&#8230;.<\/p>\n<p>P.- \u00bfAceptar\u00edas en este momento la oferta de dirigir los servicios informativos de TVE?<\/p>\n<p>R.- La verdad es que Zapatero tiene una buena papeleta: demostrar que cumple su compromiso a la hora de garantizar un estatuto que convierta a RTVE en un ente independiente del poder pol\u00edtico, de su gobierno y los futuro&#8230;. Respecto a los informativos&#8230; \u00bfde verdad no hay alg\u00fan puesto m\u00e1s c\u00f3modo y mejor pagado para el que pueda postularme?<\/p>\n<p>P.- Buenas tardes. Soy psic\u00f3logo y he trabajado en la formaci\u00f3n del pensamiento cr\u00edtico (bien escaso) y de la dial\u00e9ctica. \u00bf Sab\u00eda que usted es un ejemplo excepcional de comunicaci\u00f3n dial\u00e9ctica? Mi m\u00e1s sincera enhorabuena.<\/p>\n<p>R.- No ten\u00eda ni idea. Me acaba de alegrar la tarde. <\/p>\n","protected":false},"excerpt":{"rendered":"<p>La directora y conductora de &#8220;La mirada cr\u00edtica&#8221;, programa de an\u00e1lisis de la actualidad que se emite de lunes a viernes en Tele 5 a las 9,25 de la ma\u00f1ana, se ha convertido en una de las profesionales m\u00e1s admiradas por sus colegas. La calidad y el rigor que respira su trabajo ha cosechado multitud de premios.<\/p>\n","protected":false},"author":1,"featured_media":0,"comment_status":"open","ping_status":"open","sticky":false,"template":"","format":"standard","meta":{"footnotes":""},"categories":[],"tags":[],"class_list":["post-5627","post","type-post","status-publish","format-standard","hentry"],"_links":{"self":[{"href":"https:\/\/intervius.com\/index.html\/wp-json\/wp\/v2\/posts\/5627","targetHints":{"allow":["GET"]}}],"collection":[{"href":"https:\/\/intervius.com\/index.html\/wp-json\/wp\/v2\/posts"}],"about":[{"href":"https:\/\/intervius.com\/index.html\/wp-json\/wp\/v2\/types\/post"}],"author":[{"embeddable":true,"href":"https:\/\/intervius.com\/index.html\/wp-json\/wp\/v2\/users\/1"}],"replies":[{"embeddable":true,"href":"https:\/\/intervius.com\/index.html\/wp-json\/wp\/v2\/comments?post=5627"}],"version-history":[{"count":0,"href":"https:\/\/intervius.com\/index.html\/wp-json\/wp\/v2\/posts\/5627\/revisions"}],"wp:attachment":[{"href":"https:\/\/intervius.com\/index.html\/wp-json\/wp\/v2\/media?parent=5627"}],"wp:term":[{"taxonomy":"category","embeddable":true,"href":"https:\/\/intervius.com\/index.html\/wp-json\/wp\/v2\/categories?post=5627"},{"taxonomy":"post_tag","embeddable":true,"href":"https:\/\/intervius.com\/index.html\/wp-json\/wp\/v2\/tags?post=5627"}],"curies":[{"name":"wp","href":"https:\/\/api.w.org\/{rel}","templated":true}]}}