{"id":5612,"date":"2004-05-18T00:00:00","date_gmt":"2006-11-06T00:00:00","guid":{"rendered":"https:\/\/intervius.com\/index.html\/?p=5612"},"modified":"2006-11-06T00:00:00","modified_gmt":"2006-11-06T00:00:00","slug":"Jaume_Pages5612","status":"publish","type":"post","link":"https:\/\/intervius.com\/index.html\/Jaume_Pages5612\/","title":{"rendered":"Jaume Pag\u00e9s"},"content":{"rendered":"<p>Pregunta.- \u00bfPorque El Forum? \u00bfPorque no una Expo? \u00bfQu\u00e9 diferencia este nuevo &#8220;evento&#8221; frente a una Expo?<\/p>\n<p>Respuesta.- El F\u00f3rum es un evento de comunicaci\u00f3n sobre valores, mientras que la Expo es un evento que pretende fomentar el comercio de productos y servicios. Las Exposiciones est\u00e1n organizadas por los estados y el F\u00f3rum no; esa es la diferencia fundamental.<\/p>\n<p>P.- Buenas tardes, yo no s\u00e9 si estoy pel\u00edn mediatizado por algunos medios de comunicaci\u00f3n, pero alguien como yo, de derechas, cl\u00e1sico y con inquietudes culturales, tiene cabida en el F\u00f3rum 2004?<\/p>\n<p>R.- S\u00ed, sin duda. El F\u00f3rum pretende tener una oferta muy amplia que pueda interesar, total o en parte, a ciudadanos muy diversos. <\/p>\n<p>P.- Le va a parecer una pregunta absurda,&#8230;pero Sr.Pag\u00e9s..\u00bfme podr\u00eda explicar llana y simplemente,que es esto del F\u00f3rum? .Agradecido.Javier<\/p>\n<p>R.- Es un acontecimiento internacional, multitudinario y que pretende promover valores relacionados con tres ejes: diversidad cultural, desarrollo sostenible y condiciones para la paz. Para ello tiene una oferta muy amplia que va desde exposiciones, congresos, manifestaciones art\u00edsticas y la voluntad de crear un ambiente de proximidad entre los ciudadanos y las entidades que han hecho del cultivo de estos valores la raz\u00f3n de su existencia.<\/p>\n<p>P.- \u00bfle parece l\u00f3gico que cancelen una actuaci\u00f3n por que hay viento? Sr. Pag\u00e9s, BCN es una ciudad con mar, por lo tanto los vientos est\u00e1n a la orden del d\u00eda, \u00bfno lo pensaron antes?<\/p>\n<p>R.- No s\u00e9, hay vientos y vientos, y hay actuaciones que se pueden realizar con cierto viento pero a partir de cierto momento las condiciones de seguridad del p\u00fablico y los artistas impide realizarlas. La mayor\u00eda de estas actuaciones se repiten varias veces al d\u00eda y usualmente hay posibilidad de verlas en otro momento cuando hay que suprimirlas. <\/p>\n<p>P.- S\u00f3lo quiero darle la enhorabuena. El recinto es b\u00e1rbaro y las exposiciones y espect\u00e1culos est\u00e1n realmente bien.<\/p>\n<p>R.- Muchas gracias. Espero que repita.<\/p>\n<p>P.- Hola, dejando aparte la comida, una vez dentro del Forum se tiene acceso gratuito a todas sus actividades o por el contrario hay que seguir pagando para asistir a conferencias y eventos, y de ser asi diganos por favor cual es el precio medio. Gracias<\/p>\n<p>R.- Dentro del recinto no hay que pagar para nada, excepto la comida y la bebida (aunque se puede limitar a beber de las fuentes). En cambio, en los di\u00e1logos, por una cuesti\u00f3n de aforo, s\u00ed que hay que inscribirse previamente. El precio medio es el precio de la entrada.<\/p>\n<p>P.- \u00bfC\u00f3mo lleg\u00f3 usted, desde el mundo universitario, al proyecto F\u00f3rum? \u00bfCrey\u00f3 en \u00e9l desde el principio?<\/p>\n<p>R.- Me lo propusieron desde el Ayuntamiento de Barcelona, la Generalitat y la administraci\u00f3n central del Estado. Constat\u00e9 que el consenso era s\u00f3lido y la voluntad de realizarlo, tambi\u00e9n, y pens\u00e9 que si pod\u00eda ayudar, deb\u00eda ponerme a disposici\u00f3n del proyecto. Y aqu\u00ed estoy. <\/p>\n<p>P.- \u00bfNo es el Forum y la zona diagonal Mar un claro ejemplo de especulaci\u00f3n urbanistica (pisos por 500.000 euros)?<\/p>\n<p>R.- En el F\u00f3rum no hay ning\u00fan piso&#8230; En la zona los hay, pero esto queda fuera de nuestras posibilidades de acci\u00f3n y de nuestras responsabilidades. Yo creo que las obras que la ciudad ha promovido en el recinto del F\u00f3rum, son obras que mejoran notablemente la zona y la propia ciudad. <\/p>\n<p>P.- La iniciativa para que los estudiantes puedan convalidar cr\u00e9ditos asistiendo a los di\u00e1logos me parece fant\u00e1stica. \u00bfPor qu\u00e9 no se ampl\u00eda a las universidades de toda Espa\u00f1a?<\/p>\n<p>R.- Desde la organizaci\u00f3n ofrecemos condiciones especiales de acceso a los estudiantes universitarios. El reconocimiento de cr\u00e9ditos es ya una cuesti\u00f3n de cada universidad en funci\u00f3n de su autonom\u00eda acad\u00e9mica. Adem\u00e1s, no todas las universidades catalanas, ni siquiera las de Barcelona, reconocen cr\u00e9ditos, pero si alguna del resto de Espa\u00f1a (o del mundo) lo quiere hacer, desde la organizaci\u00f3n daremos todas las facilidades que est\u00e9n en nuestras manos.<\/p>\n<p>P.- \u00bfNo resulta contradictorio que un acontecimiento de estas caracter\u00edsticas est\u00e9 subvencionado por grandes empresas?<\/p>\n<p>R.- Yo pienso que no. Es importante que empresas grandes y peque\u00f1as se comprometan con unos valores que el F\u00f3rum pretende promover. Si esto crea unas contradicciones, mejor que mejor. <\/p>\n<p>P.- tradici\u00f3n, costumbre&#8230; cultura, \u00bfdonde est\u00e1 el limite, cultura para unos barbarie para otros ?, \u00bfest\u00e1n reflejadas estas fricciones en el forum?<\/p>\n<p>R.- Desde mi punto de vista, los l\u00edmites los pone cada sociedad y \u00e9stas han evolucionado a lo largo de la historia. Creo que un recorrido detallado y atento por la oferta del F\u00f3rum refleja esta realidad.<\/p>\n<p>P.- Hola. La verdad es que quiero ir a visitarlo, pero, \u00bfsi es el foro de las culturas porqu\u00e9 est\u00e1 todo en Catal\u00e1n? Un Saludo<\/p>\n<p>R.- No, no est\u00e1 todo s\u00f3lo en catal\u00e1n. Hay cuatro lenguas de trabajo: catal\u00e1n, castellano, franc\u00e9s e ingl\u00e9s. No hay m\u00e1s por motivos presupuestarios obvios.<\/p>\n<p>P.- Las exposiciones que se muestran en el Forum podr\u00e1n ser itinerantes una vez termine este? Gracias<\/p>\n<p>R.- Depende de si cerramos o no un acuerdo con alguna entidad a la que le interesen. <\/p>\n<p>P.- Una cosa que no entiendo, durante a\u00f1os se luch\u00f3 porque se llamase Girona y no Gerona, ahora en canvio se le canvia el nombre al mism\u00edsimo Jefe del Estado y pasa a llamarse Joan Carles. \u00bfNo cree que es algo hip\u00f3crita por parte del F\u00f3rum?<\/p>\n<p>R.- La placa no la ha puesto la organizaci\u00f3n, sino Infraestuctures del Llevant, que es la empresa que ha puesto el edificio. <\/p>\n<p>P.- \u00bfPorque los precios son tan desorbitados- pagar para entrar al recinto y por las conferencias&#8230;?\u00bfNo creen que asi estan limitando mucho su publico?<\/p>\n<p>R.- No creo que sean desorbitados, insisto, la oferta del F\u00f3rum por 21 euros es extraordinaria. Contamos que exige 15 horas seguirla y puede exigir muchas m\u00e1s si se quiere profundizar en ella. Hay precios reducidos para determinados sectores de la sociedad y por lo que a los di\u00e1logos se refiere, tienen formato de congreso en los que es tradicional la inscripci\u00f3n.<\/p>\n<p>P.- Sr. Pag\u00e9s ya he visitado el FORUM y estoy muy de acuerdo con los valores que se quiere transmitir. Es mas, estoy de acuerdo con la necesidad de hacer que estos valores sean un tema de moda. Pero cree realmente que el FORUM puede llegar a despertar conciencias en nuestra sociedad? Gracias.<\/p>\n<p>R.- Pues creo que s\u00ed, modestamente, y lo he constatado con personas que han visitado por ejemplo, la exposici\u00f3n Habitar el mundo. <\/p>\n<p>P.- Bueno, la pregunta importante: \u00bfSe liga en el forum?<\/p>\n<p>R.- Eso depende m\u00e1s de la persona que del F\u00f3rum, bueno, de las personas. En cualquier caso ligar es absolutamente compatible con los valores que el F\u00f3rum promueve.<\/p>\n<p>P.- \u00bfCu\u00e1l es su balance del F\u00f3rum por el momento?<\/p>\n<p>R.- Extraordinariamente positivo. Sinceramente creo que hace dos a\u00f1os todos los que viv\u00edamos el F\u00f3rum como un compromiso hubi\u00e9ramos firmado un acuerdo que nos pusiera en el d\u00eda de hoy en la situaci\u00f3n en la que estamos.<\/p>\n<p>P.- \u00bfNo le parece que estaba un poco fuera de lugar la presencia de Clos en la carroza del carnaval? No hay demasiados pol\u00edticos metidos en un evento en teor\u00eda de los ciudadanos?<\/p>\n<p>R.- Clos es el alcalde de la ciudad y el carnaval sucedi\u00f3 en Barcelona. Tampoco hay tantos pol\u00edticos que vengan al F\u00f3rum. Quiz\u00e1s los medios de comunicaci\u00f3n les dedican mucha atenci\u00f3n y quiz\u00e1s sea que ellos, los pol\u00edticos, lo ven como una oportunidad.<\/p>\n<p>P.- Se ha mentido o exagerado en algunos datos sobre la participaci\u00f3n de la gente en el F\u00f3rum?<\/p>\n<p>R.- No. De los datos que aporta la organizaci\u00f3n me hago responsable de que no hay ninguno falseado. La asistencia en la jornada de puertas abiertas cre\u00f3 m\u00e1s sensaci\u00f3n de centenares de miles de personas y la organizaci\u00f3n dio las cifras reales: poco m\u00e1s de 80.000 el s\u00e1bado y 140.000 el domingo.<\/p>\n<p>P.- Hola, me interesar\u00eda acudir a alguna conferencia sobre la pobreza en el tercer mundo \u00bfMe recomienda alguna en particular, que la entrada total (recinto + conferencia) valga menos de 60 Euros?<\/p>\n<p>R.- S\u00ed, le recomiendo la de Pobreza, microcr\u00e9ditos y desarrollo, del 15 al 18 de julio.<\/p>\n<p>P.- No le parece una iron\u00eda hablar de diversidad cultural en una ciudad en la cual una manifestaci\u00f3n como la feria de Abril de Barcelona es considerada por muchos sectores como que &#8220;da mala imagen&#8221;?<\/p>\n<p>R.- La diversidad cultural es uno de los valores que el F\u00f3rum quiere promover, aceptarla y verla como algo positivo es uno de los esfuerzos que todos debemos realizar y es m\u00e1s necesario hacerlo en los entornos m\u00e1s reacios. Sobre la Feria de Abril pienso que hay visiones muy distintas en nuestra sociedad y dudo que haya ninguna que sea contraria a esta manifestaci\u00f3n por considerarla expresi\u00f3n de diversidad cultural.<\/p>\n<p>P.- Sr.Jaume, qu\u00e9 es lo que no puedo perderme bajo ning\u00fan concepto?<\/p>\n<p>R.- Lo siento, deber\u00eda conocerle a usted para poder responderle a esta pregunta. Estoy convencido de que encontrar\u00e1 elementos que le interesen, pero no se los puedo se\u00f1alar sin conocer sus aficciones.<\/p>\n<p>P.- Despu\u00e9s del Forum, \u00bfQue utilidades tendr\u00e1n los edificios e infraestructuras?<\/p>\n<p>R.- Est\u00e1 claro. El Centro de Convenciones y el Auditorio del Edificio F\u00f3rum est\u00e1 concesionado a una empresa que lo explotar\u00e1 como Centro Internacional de Convenciones de Barcelona. El puerto funcionar\u00e1 como puerto deportivo; la explanada quedar\u00e1 a disposici\u00f3n de la ciudad, controlada por el ayuntamiento.<\/p>\n<p>P.- \u00bfC\u00f3mo encaja usted las cr\u00edticas \u2014que son muchas\u2014 al Forum incluso desde sectores barceloneses?<\/p>\n<p>R.- Intentando comprender a los ciudadanos que la realizan y aprovech\u00e1ndolas cuando nos parecen razonables para mejorar el acontecimiento. <\/p>\n","protected":false},"excerpt":{"rendered":"<p>El consejero delegado del F\u00f3rum 2004 de Barcelona nos contar\u00e1 todo lo que hay que saber para disfrutar del acontecimiento cultural de la temporada.<\/p>\n","protected":false},"author":1,"featured_media":0,"comment_status":"open","ping_status":"open","sticky":false,"template":"","format":"standard","meta":{"footnotes":""},"categories":[],"tags":[],"class_list":["post-5612","post","type-post","status-publish","format-standard","hentry"],"_links":{"self":[{"href":"https:\/\/intervius.com\/index.html\/wp-json\/wp\/v2\/posts\/5612","targetHints":{"allow":["GET"]}}],"collection":[{"href":"https:\/\/intervius.com\/index.html\/wp-json\/wp\/v2\/posts"}],"about":[{"href":"https:\/\/intervius.com\/index.html\/wp-json\/wp\/v2\/types\/post"}],"author":[{"embeddable":true,"href":"https:\/\/intervius.com\/index.html\/wp-json\/wp\/v2\/users\/1"}],"replies":[{"embeddable":true,"href":"https:\/\/intervius.com\/index.html\/wp-json\/wp\/v2\/comments?post=5612"}],"version-history":[{"count":0,"href":"https:\/\/intervius.com\/index.html\/wp-json\/wp\/v2\/posts\/5612\/revisions"}],"wp:attachment":[{"href":"https:\/\/intervius.com\/index.html\/wp-json\/wp\/v2\/media?parent=5612"}],"wp:term":[{"taxonomy":"category","embeddable":true,"href":"https:\/\/intervius.com\/index.html\/wp-json\/wp\/v2\/categories?post=5612"},{"taxonomy":"post_tag","embeddable":true,"href":"https:\/\/intervius.com\/index.html\/wp-json\/wp\/v2\/tags?post=5612"}],"curies":[{"name":"wp","href":"https:\/\/api.w.org\/{rel}","templated":true}]}}