{"id":5597,"date":"2004-06-08T00:00:00","date_gmt":"2006-11-06T00:00:00","guid":{"rendered":"https:\/\/intervius.com\/index.html\/?p=5597"},"modified":"2006-11-06T00:00:00","modified_gmt":"2006-11-06T00:00:00","slug":"Willy_Meyer5597","status":"publish","type":"post","link":"https:\/\/intervius.com\/index.html\/Willy_Meyer5597\/","title":{"rendered":"Willy Meyer"},"content":{"rendered":"<p>Pregunta.- En su af\u00e1n federalista dice que las comunidades aut\u00f3nomas deben tener voz propia en los ausntos europeos. Parece que en Francia no tienen ese modelo y sin embargo es de los pa\u00edses que mejor defiende sus intereses como naci\u00f3n \u00bfno cre?<\/p>\n<p>Respuesta.- Est\u00e1 el modelo alem\u00e1n de los Lander y el modelo belga, regiones que si participan en el proceso ascendente de las toma de decisiones. Francia es un estado centralista, pero Espa\u00f1a no lo es.<\/p>\n<p>P.- Una Europa Social \u00bfSer\u00eda una Europa intervencionista?<\/p>\n<p>R.- Una Europa social requiere una reorientaci\u00f3n de la actual pol\u00edtica ecom\u00f3mica para sustituir el d\u00e9fict de estabilidad y el d\u00e9ficit cero por un pacto por el empleo y recuperando empresas p\u00fablicas que nunca se dener\u00edan haber mercantilizado y privatizado: el agua, la electricidad, el transporte, la comunicaci\u00f3n y correos. Y contando con empresas p\u00fablicas que efectivamente ayuden a corregir el mercado hacia el objetivo principal que es la creaci\u00f3n de empleo. <\/p>\n<p>P.- para evitar la deslocalizaci\u00f3n de empresas,porqu\u00e9 no se instala un salario m\u00ednimo en toda Europa y que a partir de ahi prevalezca m\u00e1s la competitividad y la calidad que no los salarios de hambre por un lado y el, paro obligatorio por otro<\/p>\n<p>R.- Estamos de acuerdo. Cuando criticamos que el proyecto de tratado constitucional no es la Contituci\u00f3n que Europa necesita es, entre otras cosas, porque no regula la Europa Social. Nosotros reclamamos el salario m\u00ednimo en Europa y un c\u00f3digo de conducta que regule el traslado de empresas de un lugar a otro, contando siempre con la participaci\u00f3n de los trabajadores \/as.<\/p>\n<p>P.- \u00bfPor qu\u00e9 no considera su programa la responsabilidad social corporativa de las empresas?<\/p>\n<p>R.- Si consideramos que las empresas tienen responsabilidad. Lo que ocurre es en el marco de una reorientaci\u00f3n de la pol\u00edtica econ\u00f3mica y fiscal que permita el criterio de que quien m\u00e1s tenga m\u00e1s pague.<\/p>\n<p>P.- \u00bfNO cree usted que los electroes pasan de votar porque la mayor\u00eda no tiene ni idea de lo que es ni de para qu\u00e9 sirve el Parlamento Europeo?<\/p>\n<p>R.- Efectivamente, en esta campa\u00f1a estoy denunciando el d\u00e9ficit democr\u00e1tico, porque son unas elecciones muy singulares, porque elegimos la representaci\u00f3n espa\u00f1ola en el Parlamento Europeo, pero tambi\u00e9n se nos dice que estamos en un proceso constituyente. Yo he denunciado que tanto el Gobierno del PP como el del PSOE no hayan hecho una campa\u00f1a institucional de publicidad, informando directamente a los ciudadanos del contenido de ese borrador constitucional. <\/p>\n<p>P.- Cada Europeo paga 2 euros al d\u00eda por los enormes costes de traducci\u00f3n entre 21 lenguas oficiales. \u00bfApoyar\u00eda el uso de una lengua com\u00fan f\u00e1cil de aprender y de usar, como Ido, para solucionar el problema?<\/p>\n<p>R.- En principio si, pero lo veo bastante lejano. Yo me conformar\u00eda con que uno de los valores que tienen los europeos, la pluralidad lig\u00fcistica y cultural se protegiera, como hacen los franceses. A partir de ah\u00ed, todo lo que sea ensayar una lengua com\u00fan estar\u00eda muy bien, pero yo lo veo a largo plazo. <\/p>\n<p>P.- \u00bfESperan mejorar sus espectativas frente a las elecciones del 14-M?<\/p>\n<p>R.- Yo creo que s\u00ed, aunque el PP y el PSOE se empe\u00f1an en convertir estas elecciones en esta segunda vuelta de las elecciones. Nosotros estamos haciendo un discurso que habla de nuestras alternativas para la construcci\u00f3n europea. En este sentido el programa de IU no es intercambiable con el del PSOE. Queremos una Europa sin bases militares ni OTAN, mientras el PSOE s\u00ed. Nosotros queremos sustituir el Pacto de EStabilidad y D\u00e9ficit Cero por un pacto por el empleo, a diferencia del PSOE que lo sigue defendiendo. Por eso, el voto \u00fatil de la izquierda para ese tipo de construcci\u00f3n europea es el de la izquierda. <\/p>\n<p>P.- Cree ud que el debilitamiento de la izquierda alternativa en espaNa (iu) se podria subsanar con un partido rojo y otro verde bien definidos e indepedientes q representaran a sus propios electores (aunq luego fueran aliados electorales). Salud y Republica.<\/p>\n<p>R.- Hemos constituido hace un mes en Roma el Partido de la Izquierda Europea que es un partido con vocaci\u00f3n de unir distintas culturas e ideolog\u00edas de izquierda: comunistas, socialistas, verdes, feministas, pacifistas. Y ese partido, lo que pretende es coordinar las movilizaciones sociales y la acci\u00f3n institucional. Creemos que es muy positivo que ese partido haya conseguido el encuentro entre valores rojos y verdes. <\/p>\n<p>P.- Visto el \u00e9xito en las \u00faltimas citas electorales, \u00bfno cree que ser\u00eda bueno que IU cambiara un poco el discurso?<\/p>\n<p>R.- Yo creo que en las \u00faltimas elecciones generales hubo un hecho que determin\u00f3 la concentraci\u00f3n del voto: el 11-M. Esa conmoci\u00f3n hizo que muchos ciudadanos que iban a votar a IU concentrasen el voyo para asegurar quitar al PP del Gobierno. En ese sentido, el discurso y la practica de IU es una pr\u00e1ctica aut\u00f3noma e independiente que ha contribuido a derrotar al PP. Tenemos un perfil y un discurso propio que vamos a seguir manteniendo, tanto en las instituciones como en las movilizaciones. <\/p>\n<p>P.- si el resultado de izquierda unida en las elecciones europeas vuelve a ser catastr\u00f3fico, \u00bfva a producirse por f\u00edn una reegeneraci\u00f3n o vamos a tener que esperar un nuevo fracaso?<\/p>\n<p>R.- Creo que en la \u00faltima asamblea de IU, celebrada hace pocos meses, se cifr\u00f3 por los delegados\/as un mensaje muy claro. Se trataba de mantener el proyecto fundacional como lo definimos: un movimienro pol\u00edtico y social plural. Pero los delegados aprobaron la necesidad de cambiar en la forma de funcionar organizativamente hablando para ser m\u00e1s eficaces, tener m\u00e1s implantaci\u00f3n organizativa y aprender lo que debe de ser una gesti\u00f3n colectiva del proyecto. <\/p>\n<p>P.- \u00bfEs imposible entender una Uni\u00f3n Europea que en lugar de estar m\u00e1s pendiente de la moneda, de la cohexi\u00f3n econ\u00f3mica o de las relaciones con Estados Unidos lo est\u00e9 m\u00e1s de la cohexi\u00f3n social o el desarrollo sostenible?<\/p>\n<p>R.- No, para nada. Creemos que el \u00fanico objeto de la construcci\u00f3n de la UE a 25 Estados son los ciudadanos\/as. Y por lo tanto, creemos que hay que construir esa Europa que, junto a los ciudadanos y regiones, permita una cohesi\u00f3n social defendiendo y protegiendo la biodiversidad, apostando por un desarrollo sostenible que, entre otros objetivos, cumpla el Protocolo de Kioto e inicie la sustituci\u00f3n de energ\u00edas de origen f\u00f3sil por energ\u00edas renovables y limpias. <\/p>\n<p>P.- Me gustar\u00eda saber cuales son las propuestas concretas a nivel Europeo de IU frente a la futura Constituci\u00f3n, y dentro de esta sus propuestas laborales, sobre todo dentro del marco de precariedad que nos asola???<\/p>\n<p>R.- Las propuesta concreta es la reorientaci\u00f3n de la pol\u00edtica econ\u00f3mica que sit\u00fae como prioridad la creaci\u00f3n de empleo de calidad y de una subsistencia digna con servicios p\u00fablicos eficientes, el derecho a una vivienda p\u00fablica y todo aquello que resuelva esa vida en dignidad. Por eso queremos sustituir ese pacto de estabilidad por un pacto por el empleo, por eso no compartimos el actual proyecto de Constituci\u00f3n, porque no regula los derechos sociales, entre otros el derecgo a un salario m\u00ednimo com\u00fan para toda la Uni\u00f3n, un c\u00f3digo de conducta que reglamente los traslados de empresas de una pa\u00eds de la UE a otro, con participaci\u00f3n de los trabajadores y un desarrollo sostenible que sea transversal a toda la pol\u00edtica econ\u00f3mica de la UE. <\/p>\n<p>P.- se plantea iu que pasar\u00eda si los electores volvieran a utilizar el\u00f1 voto util, votando psoe?<\/p>\n<p>R.- No va a haber voto \u00fatil. El voto a IU es muy \u00fatil. Nustros programas no son intercambiables, Ellos piden el voto a la juventud para una Europa en paz, pero con bases norteamericanas y OTAN, nosotros se los pedimos para una Europa sin bases y sin OTAN, El PSOE pide el voto para defender el Pacto de EStabilidad y el D\u00e9ficit cero y nosotros defendemos sustituir ese pacto por una pacto por el empleo. Por lo que estamos viendo, en el sector de la cultura, que jug\u00f3 un papel muy importante en contra de la guerra, personas muy importantes est\u00e1n pidiendo el voto para IU. Ayer mismo, Miguel R\u00edos, en su 60 cumplea\u00f1os planteaba que \u00e9l, en esta ocasi\u00f3n, iba a votar a IU. <\/p>\n<p>P.- \u00bfQu\u00e9 voz puede tener un comunista en una UE dominada por la derecha?<\/p>\n<p>R.- El caso de Estado Espa\u00f1ol, la voz de un comunista, que en el Parlamento Europe se har\u00e1 a trav\u00e9s de IU sigue teniendo una vigencia. Mientras exista la desigualdad, la explotaci\u00f3n y la depredaci\u00f3n de unos pa\u00edses sobre otros, el movimiento emancipador del comunismo, sigue siendo necesario. <\/p>\n<p>P.- En mi opini\u00f3n la izquierda carece de valent\u00eda para decirle a los electores que busca una planeta m\u00e1s justo y que eso significa una reducci\u00f3n del nivel de riqueza de los europeos. \u00bfQu\u00e9 opina usted?<\/p>\n<p>R.- Eso se referir\u00e1 a la izquierda acomplejada. IU, izquierda sin complejos, decimos en esta campa\u00f1a que se trata de construir otra Europa posible, pero no para encerrarnos en nosotros mismos, los europeos, sino para otro mundo posible. Hacemos un discurso fuerte en el sentido ideol\u00f3gico, que plantee la reducci\u00f3n del gasto de seguridad, la sustituci\u00f3n del actual modelo de seguridad militarizado, por otro desmilitarizadp y esos ahorros en gasto militar invertirlos en cooperaci\u00f3n, invertir tambi\u00e9n en otra cultura no consumista y para la propia protecci\u00f3n social de los m\u00e1s necesitados en la UE. <\/p>\n<p>P.- tengo 27 a\u00f1os, inquietudes y muchas ganas de ver una Europa social,libre,democr\u00e1tica. El gobierno Espa\u00f1ol ha girado ahora toca Europa.\u00bfcual es su mensaje para que los jovenes voten? por una Europa cercana<\/p>\n<p>R.- El primer mensaje es que los j\u00f3venes no deben aceptar que hablen por ellos en el proceso de Constituci\u00f3n Europea. Deben de ser muy cr\u00edticos con el modelo empleado por los Gobiernos para redactar el procesos de Constituci\u00f3n. No concibo Europa sin protegonismo de la juventud. Esta debe ser un motor del cambo de la pol\u00edtica econ\u00f3mica y exterior. Una pol\u00edtica econ\u00f3mica que precariza el empleo, y castiga especialmente a la juventud. Y una pol\u00edtica exterior que non defiende la autonom\u00eda de Europa frenta a EEUU. <\/p>\n<p>P.- hay dos temas que ustedes abanderan: la sostenibilidad productiva (y viceversa) y las libertades digitales, \u00bfqu\u00e9 medidas (concretas por favor) proponen al respecto? Gracias. Alberto P.<\/p>\n<p>R.- Si se refiere a las tecnolog\u00edas, creemos que hay que hacer una esfuerzo por casar el desarrollo sostenible con mayor aumento de los programas de I+D, para poner la tecnolog\u00eda al servicio del objetivo de creaci\u00f3n de empleo y desarrollo sostenible. <\/p>\n<p>P.- Por qu\u00e9 interpelan al PSOE hablando de la izquierda plural, cuando IU tiene una oportunidad \u00fanica para diferenciarse como \u00fanico partido serio de izquierdas?<\/p>\n<p>R.- Creo que sociol\u00f3gicamente hablando si entiende que hay una izquierda plural, aunque desde IU planteamos que el proyecto del PSOE es de centro izquierda, porque su programa econ\u00f3mico sigue anclado en posiciones liberales y tiene una gran servidumbre al defender la existencia de bases norteamericanas en Espa\u00f1a. Nosotros, cuando nos referimos a nuestro proyecto, no lo hacemos en funci\u00f3n de lo cerca o lejos que est\u00e9 del del PSOE, sino en funci\u00f3n de nuestro propio programa. <\/p>\n<p>P.- Hace ahora el 60 aniversario del desembarco de Normandia \u00bfNo cree que las posturas extremistas (fascismo y comunismo) son ya agua pasada?<\/p>\n<p>R.- Aunque nos intenten presentar el desembarco de Nomand\u00eda como la contribuci\u00f3n fundamental norteamricana para la liberaci\u00f3n de Europa del fascismo y el nacismo, no nos cansaremos de decir que la verdadera contribuci\u00f3n decisiva para derrotar el facismo y el nacismo la dio el pueblo sovi\u00e9tico con m\u00e1s de 21 millones de muertos. En cuento a las pol\u00edticas totalitarias fascistas, desgraciadamente, una parte de esos valores, han sobrevivido con la pol\u00edtica de la derecha extrema de Bush. Y en relaci\u00f3n al comunismo, que no al Stalinismo, como dec\u00eda antes, como movimiento emancipador, sigue teniendo una rabiosa actualidad. <\/p>\n<p>P.- Hola Sr. Meyer. \u00bfPor qu\u00e9 cree usted que la experiencia de la izquierda plural francesa no ha logrado cuajar en la realidad espa\u00f1ola, a nivel estatal?<\/p>\n<p>R.- Creo que no ha cuajado porque no hemos necesitados de un Gobierno plural a nivel estatal Pero si ha cuajado en muchas CCAA y en muchos ayuntamientos. El tripartito catal\u00e1n es una ejemplo de esa izquierda plural, igual que en Asturias y en muchos ayuntamientos, donde conseguimos gestionar un programa social muy avanzado contribuyendo a la creaci\u00f3n de empleo de calidad. <\/p>\n<p>P.- \u00bfno cree que se deber\u00eda revisar la funci\u00f3n de IU y apostar de nuevo por el PCE?<\/p>\n<p>R.- No, no lo creo as\u00ed. Creo que la sociedad espa\u00f1ola necesita un PCE fuerte para una IU fuerte. Que el PCE debe recoger lo mejor de la tradici\u00f3n de Dolores Ib\u00e1rruri, apostar por un partido que levante siempre la bandera de la unidad, desde las propuestas que busquen s\u00edntesis en IU.<\/p>\n<p>P.- \u00bfno cree que incluir en sus listas a una actriz (bardem) es un insulto a toda la gente que trabaja para IU?<\/p>\n<p>R.- No solamente no es un insulto, sino que para las personas de IU es un verdadero honor y un orgullo contar con Pilar Bardem, una magn\u00edfica actriz; o con Luis Garc\u00eda Montero, unao de los mejores poetas de Espa\u00f1a, as\u00ed como con la colaboraci\u00f3n de algunos de los hombres y mujeres de la cultura que entienden esta no como un mercado sino como de los mejores valores activos de la sociedad. <\/p>\n<p>P.- \u00bfQue pasa si la coalicion de IU se resquebraja como esta a punto de suceder (Reneses&#8230;) Se dividira tb el grupo obtenido en Europa?<\/p>\n<p>R.- IU goza de muy buiena salud y, por lo tanto, a Europa vamos a ir muy unidos y adem\u00e1s recibiendo mayor respaldo electoral.<\/p>\n<p>P.- Sr Meyer, Enhorabuena por su discurso, despues de 20 a\u00f1os estoy pensando en votar de nuevo IU. Dicho esto, que debe de hacer en general el partido para recuperar la confianza de la gente? Muchas veces el mensaje ha sido impreciso, ligero, tachado de radical, y con incoherencias dentro del partido. Como define Espa\u00f1a, como un Pueblo con un pasado-presente-futuro, o simplemente como un estado en transicion?<\/p>\n<p>R.- Le animo a que vuelva a darnos confianza sobre la base de un discurso, porque al fin y al cabo, los contratos que establecemos los partidos con la sociedad, son los discursos y los programas, En este sentido, el discurso que estamos manteniendo es un discurso coherente, alternativo, que pretende ilusionar para devolver el protagonismo a las personas, en relaci\u00f3n a la construcci\u00f3n europea. <\/p>\n<p>P.- En el hipotetico caso de q el PP ganase \u00bfQue pensaria usted?<\/p>\n<p>R.- Ni me planteo esa hip\u00f3tesis. Cada vez que Mayor Oreja habla, sube el pan. <\/p>\n<p>P.- \u00bfPor qu\u00e9 para ser de izquierdas en Espa\u00f1a, y no s\u00e9 si tambi\u00e9n si en otros pa\u00edses, hay que estar en contra de Usa y en contra de la Iglesia Cat\u00f3lica?<\/p>\n<p>R.- No hay por qu\u00e9 estar contra la Iglesia Cat\u00f3lica y EEUU. Lo que si hace la izquierda es estar contra una pol\u00edtica de EEUU depredadora que se caracteriza por incumplir compromisos internacionales que pretenden un mundo m\u00e1s justo. El Gobierno norteamericano no ha firmado el Protocolo de Kioto, ni el de Otawa, que proh\u00edbe el uso de Minas antipersonales, y no est\u00e1 de acuerdo con el tribunal internacional. Nosotros defendemos un estado laico y aconfesional y no compartimos un trato preferente entre el Estado espa\u00f1ol y el vaticano.<\/p>\n<p>P.- Sr.Meyer me gustaria saber su origen,tb queria felicitarle pq es sin duda alguna el candidato de IU m\u00e1s sereno y democr\u00e1tico que he visto en mucho tiempo.\u00bfAceptaria sustituir en su momento a Gaspar Llamazares si se lo pide el partido o sus aspiraciones son puramente europeistas?.Un saludo.<\/p>\n<p>R.- Me llamo Willy Meyer, exactamente como mi abuelo, un ingeniero alem\u00e1n que en 1936 viv\u00eda en Madrid, casado y con hijos y cuando. Cuando se produjo la sedici\u00f3n militar contra la Segunda Rep\u00fablica fue movilizado como capit\u00e1n de ingenieros y el acept\u00f3, a pesar de ser extranjero, poner sus conocimientos para la defensa de la Segunda Rep\u00fablica y de Madrid. En relaci\u00f3n a la sustituci\u00f3n de Gaspar, para nada. Gaspar es el coordinador de todos los afiliadosy, por lo tanto, mi responsabilidad es, en primer lugar, gestionar la secretar\u00eda internacional y hacer el trabajo en el Parlamento Europeo lo mejor posible.<\/p>\n<p>P.- Me parece que est\u00e1n ustedes mucho mas cerca en forma y fondo de los grandes partidos (PP, PSOE) que del emergente movimiento antiglobalizaci\u00f3n. \u00bfPor qu\u00b4en IU hay tanto pol\u00edtico profsional desde hace 25 a\u00f1os?<\/p>\n<p>R.- Creo que una de las referencias del movimiento antiglobalizaci\u00f3n fue Brasil. Desde Porto Algre salieron las referencias para un proyecto muy participativo de arriba abajo y para esos incipientes pasos de los anti globalizaci\u00f3n Lula era un refrente que ha llegado al poder de la mano de ese movimiento y lleva m\u00e1s de 25 a\u00f1os dedicado a la pol\u00edtica. Es un s\u00edmbolo que demuestra que es compatible dedicarse a la luvha pol\u00edtica durante a\u00f1os, pero dentro de un movimiento pol\u00edtico muy particpado que propugne que otro mundo es posible. <\/p>\n<p>P.- \u00bfPor qu\u00e9 le dan tanta importancia alapoyo de intelectuales y artistas, un grupo de personas acomodadas e idealistas que desconocen los problemas del trabajador medio? \u00bfd\u00f3nde est\u00e1 la IU del pueblo?<\/p>\n<p>R.- No compartimos esa visi\u00f3n que distancia la cultura comprometida con el pueblo. Venimos de la cultura de Alberti, Miguel Hern\u00e1ndez, Machado, Neruda, Garc\u00eda Lorca, todos los intelectuales y artistas siempre al servicio del pueblo, Creemos que el motor de la historia es el de la cultura y la fuerza del trabajo. Cuando se unen en objetivos comunes es cuando las sociedades avanzan. NO quiesiera irme sin felicitar a mi amigo JOs\u00e9 Caballero BOnald, que ha sido premiado con el Premio Reina Sif\u00eda de Poes\u00eda, <\/p>\n<p>P.- \u00bfQue propuesta sobre juventud lleva a Europa?<\/p>\n<p>R.- La nbecesidad de que tenga garantizado un trabajo no precario y temporal Que tenga garantizado el acceso a la vivienda, que se aumente el presupuesto de las becas Erasmus, una Europa cooperativa y en paz, sin OTAN ni bases norteamericanas, una juventud a la que se garanticen servicios p\u00fablicos de calidad, educaci\u00f3n no clasista y una juventud activa en la toma de decisiones de los gobiernos europeos. <\/p>\n","protected":false},"excerpt":{"rendered":"<p>El candidato de IU al Parlamento Europeo intenta evitar que los comicios del 13-J se conviertan en unas elecciones bipartidistas PP\/PSOE. Conoce cu\u00e1les son las propuestas que incluye su programa, bajo el lema Otra europa es posible.<\/p>\n","protected":false},"author":1,"featured_media":0,"comment_status":"open","ping_status":"open","sticky":false,"template":"","format":"standard","meta":{"footnotes":""},"categories":[],"tags":[],"class_list":["post-5597","post","type-post","status-publish","format-standard","hentry"],"_links":{"self":[{"href":"https:\/\/intervius.com\/index.html\/wp-json\/wp\/v2\/posts\/5597","targetHints":{"allow":["GET"]}}],"collection":[{"href":"https:\/\/intervius.com\/index.html\/wp-json\/wp\/v2\/posts"}],"about":[{"href":"https:\/\/intervius.com\/index.html\/wp-json\/wp\/v2\/types\/post"}],"author":[{"embeddable":true,"href":"https:\/\/intervius.com\/index.html\/wp-json\/wp\/v2\/users\/1"}],"replies":[{"embeddable":true,"href":"https:\/\/intervius.com\/index.html\/wp-json\/wp\/v2\/comments?post=5597"}],"version-history":[{"count":0,"href":"https:\/\/intervius.com\/index.html\/wp-json\/wp\/v2\/posts\/5597\/revisions"}],"wp:attachment":[{"href":"https:\/\/intervius.com\/index.html\/wp-json\/wp\/v2\/media?parent=5597"}],"wp:term":[{"taxonomy":"category","embeddable":true,"href":"https:\/\/intervius.com\/index.html\/wp-json\/wp\/v2\/categories?post=5597"},{"taxonomy":"post_tag","embeddable":true,"href":"https:\/\/intervius.com\/index.html\/wp-json\/wp\/v2\/tags?post=5597"}],"curies":[{"name":"wp","href":"https:\/\/api.w.org\/{rel}","templated":true}]}}