{"id":5584,"date":"2004-07-13T00:00:00","date_gmt":"2006-11-06T00:00:00","guid":{"rendered":"https:\/\/intervius.com\/index.html\/?p=5584"},"modified":"2006-11-06T00:00:00","modified_gmt":"2006-11-06T00:00:00","slug":"Rosa_Garcia_Maroto5584","status":"publish","type":"post","link":"https:\/\/intervius.com\/index.html\/Rosa_Garcia_Maroto5584\/","title":{"rendered":"Rosa Garc\u00eda Maroto"},"content":{"rendered":"<p>Pregunta.- El sol del amanecer (me refiero a ese por la ma\u00f1ana temprano, a eso de las 8 o las 9) que parece que calienta menos que el de la tarde, es bueno para conseguir un buen bronceado??<\/p>\n<p>Respuesta.- S\u00ed, es bueno para conseguir un bronceado y no es tan da\u00f1ino como m\u00e1s tarde. El sol que m\u00e1s quema es el de 12 de la ma\u00f1ana a las 4 de la tarde.<\/p>\n<p>P.- es cierto que las cremas protecctoras solares con mucha graduacion ( sun block) pueden ser perjudiciales para la piel?<\/p>\n<p>R.- No, es lo contrario. Nos van a proteger de los rayos da\u00f1inos del sol. Debemos renovar la aplicaci\u00f3n de la crema cada dos horas y despu\u00e9s de tomar el ba\u00f1o.<\/p>\n<p>P.- \u00bfResulta recomendable exponerse al sol cuando se est\u00e1 inmerso en un tratamiento con acido glicolico?<\/p>\n<p>R.- Recomendable no es nunca tomar el sol y m\u00e1s cuando se tiene un tratamiento con \u00e1cido glic\u00f3lico, pues hemos exfoliado la piel y queda desprotegida, con el consiguiente riesgo de manchas solares.<\/p>\n<p>P.- qu\u00e9 puedo hacer para evitar las machitas que me salen en la cara al tomar el sol? creo que es porque tomo la p\u00edldora, pero no quiero dejar de tomarla, claro. Gracias por su respuesta<\/p>\n<p>R.- Antes de salir de casa, aplicar una crema de protecci\u00f3n solar pantalla total, renovar la aplicaci\u00f3n cada hora y media y evitar que nos de el sol en la cara, protegi\u00e9ndonos con un gorro o estando a la sombra.<\/p>\n<p>P.- Tengo 25 a\u00f1os y me han salido bastantes estrias en el pecho aparte de muy flacido debido a un regimen. Que me recomienda?<\/p>\n<p>R.- Las estr\u00edas tienen un mal pron\u00f3stico con cualquier tratamiento. Podemos intentar tratarlas con peeling y mesoterapia. Tambi\u00e9n se pueden tratar con l\u00e1ser vascular si disponemos de \u00e9l. La flacidez en el pecho requiere tratamiento quir\u00fargico, con resultado muy satisfactorio.<\/p>\n<p>P.- Hola Doctora, tengo 32 a\u00f1os y me ha aperecido una arruga muy desagradable en la &#8220;cana&#8221; del pecho. Me podr\u00eda recomendar alguna crema regenerativa para que la arruga desaparezca. Es muy molesto porque me gusta mucho llevar escotes. Muchas gracias<\/p>\n<p>R.- Cualquier crema que lleve un porcentaje alto en \u00e1cido glic\u00f3lico. Con ello conseguiremos ir limando la arruga y saldr\u00e1 piel nueva.<\/p>\n<p>P.- \u00bfcuanto dura una operacion de bolsas de ojos? \u00bfse vuelven a reproducir?<\/p>\n<p>R.- Cuando se estirpa la bolsa del p\u00e1rpado inferior de los ojos, es defiitivo, no se reproduce nunca.<\/p>\n<p>P.- los rayos uva son perjudiciales si se toman por ejemplo 10 \u00f3 15 sesiones al a\u00f1o?<\/p>\n<p>R.- Los rayos uvanos perjudican igual que si tom\u00e1ramos el sol y debemos tomar las mismas precauciones que cuando vamos a la playa, siempre con protecci\u00f3n. As\u00ed, producen arrugas, deshidrataci\u00f3n y flacidez. Cada uno valora el beneficio de estar morena y los inconvenientes del fotoenvejecimiento.<\/p>\n<p>P.- Buenas tardes Dra. Que opina del tratamiento Amelan para las manchas de melasma? Se puede volver a tomar el sol con protecci\u00f3n despu\u00e9s del a\u00f1o de tratamiento? Muchas gracias. &#8220;Una mujer desesperada&#8230;&#8221;<\/p>\n<p>R.- El peeling Amelan sirve para eliminar las manchas producidas por el sol. Desaparecen en un mes en el 90 por ciento de los casos. Si eres propensa a que tu piel se manche, siempre tienes que ponerte protecci\u00f3n, porque si no, la mancha aparecer\u00e1 otra vez. Tras exponerte al sol, siempre con protecci\u00f3n, al llegar a casa debes lavarte la cara y aplicarte la crema Amelan-M, como ya te habr\u00e1n recomendado en tu centro de est\u00e9tica.<\/p>\n<p>P.- \u00bfq puedo hacer contra un lunar muy feo q ha cambiado de forma?<\/p>\n<p>R.- Acudir al dermat\u00f3logo sin demorarlo demasiado,p ara una posible estirpaci\u00f3n.<\/p>\n<p>P.- Doctora Garc\u00eda, soy morena de piel pero desde hace unos a\u00f1os, cuando empiezo a tomar el sol (con protecci\u00f3n 8 a 12) se me llenan el escote y los brazos de granitos que pican bastante y desaparecen a la semana. Qu\u00e9 puedo hacer para evitar que aparezcan? Gracias<\/p>\n<p>R.- Como primera medida, aumentar la protecci\u00f3n solar. TRas tomar el ba\u00f1o, en la piscina o el mar, ducharse siempre, porque puede ser una peque\u00f1a alergia a la sal, al cloro o al sol. Si no desaparece, acudir al dermat\u00f3logo para un posible tratamiento con antihistam\u00ednicos.<\/p>\n<p>P.- Tengo 41 a\u00f1os y la piel normal tirando a grasa. La dermat\u00f3loga me hace peelings de glic\u00f3lico cada mes o mes y medio \u00bfdeber\u00eda espaciarlos m\u00e1s? \u00bfson perjudiciales para la piel?<\/p>\n<p>R.- No son perjudiciales para la piel, al rev\u00e9s, favorecen la salida de los posibles ac\u00famulos de grasa en la piel. El intervalo entre sesi\u00f3n y sesi\u00f3n es correcto, y debe ir acompa\u00f1ado de un tratamiento cosm\u00e9tico en casa.<\/p>\n<p>P.- \u00bfQu\u00e9 se debe hacer para evitar que vaya a m\u00e1s lo que parece una incipiente celulitis en muslos y abdomen? Tengo 25 a\u00f1os, soy de constituci\u00f3n delgada y pensaba que nunca iba a suceder&#8230;&#8230;<\/p>\n<p>R.- Lo mejor es tratarla antes de que vaya a m\u00e1s, porque el resultado ser\u00e1 m\u00e1s satisfactorio. Actualmente, contamos con una serie de aparatos, como el LPG, placas de gimnasia pasiva, presoterapia y mesoterapia. <\/p>\n<p>P.- Buenas tardes. Una vez hecho el da\u00f1o, es decir, habernos quemado y empezar a &#8220;pelarnos&#8221;, \u00bfes recomendable exfoliar o dejar que la piel se caiga sola?<\/p>\n<p>R.- Lo ideal es hidratar la piel las veces que lo necesite. No debemos forzar el pelado con peelings, pues suelen ser agresivos para la piel y nos escocer\u00e1 m\u00e1s y la desprotegeremos m\u00e1s.<\/p>\n<p>P.- \u00bfES CONVENIENTE DARSE LA CREMA UNA HORA ANTES DE TOMAR EL SOL ?<\/p>\n<p>R.- Lo ideal ser\u00eda d\u00e1rsela media hora antes de tomar el sol y repetir la aplicaci\u00f3n a las dos horas.<\/p>\n<p>P.- \u00bfc\u00f3mo puedo potenciar el bronceado sin por ello sacrificar la piel?<\/p>\n<p>R.- Tomando alimentos ricos en betacarotenos, como las zanahorias. Incluso existen en el mercado comprimidos de betacarotenos, que nos aceleran el bronceado y ser\u00e1 m\u00e1s duradero.<\/p>\n<p>P.- Hola Rosa, soy una mujer de 35 a\u00f1os que sufre desde los 21 una perdida lenta pero continua de pelo, actualmente es bastante visible a simple vista, antes me recogia el pelo para que no se notara, pero ahora a\u00fan as\u00ed se nota. \u00bfcual crees que podr\u00eda ser la soluci\u00f3n, sabiendo que pastillas y ung\u00faentos s\u00f3lo sacan la pasta, pero no tiene resultados?\u00bfHay alguna posibilidad en la cirugia o todo es in\u00fatil? Gracias<\/p>\n<p>R.- Actualmente, existen ingertos de pelo de uno mismo. Se sacan de una zona del cuero cabelludo poblada y se ingertan en la zona despoblada. Antes de acudir a un centro, ases\u00f3rate de su profesionalidad. Hay pastillas en el mercado que s\u00ed funcionan, como por ejemplo GLANN, que las puedes adquirir en la farmacia.<\/p>\n<p>P.- Buenas tardes, Dra. que propiedades tiene el aceite de rosa mosqueta. Yo lo utilizo para la cara, mezclandolo con agua de rosas. Gracias, por la informaci\u00f3n.<\/p>\n<p>R.- El aceite rosa mosqueta es muy hidratante, us\u00e1ndolo como t\u00fa dices, con agua de rosas, consigues tonificar la cara e hidratarla. <\/p>\n<p>P.- Doctora, tengo la piel muy sensible al sol. Cuaquier rayito aun en primavera, me quema la cara y me queda roja por varios dias y esto no me gusta. H e buscado protectores solares, pero todos son brillantes y eso con mi piel grasosa es horrible. Qu\u00e9 me aconseja ???? mil gracias<\/p>\n<p>R.- Actualmente, dispones en la farmacia de cremas denominadas oil-free, que son especiales para personas con tendencia a piel grasa, dando un aspecto mate en la cara.<\/p>\n<p>P.- Buenas tardes doctora soy un nudista y quer\u00eda preguntarle si me tengo que echar crema protectora en, ya sabe, mis partes. Muchas gracias.<\/p>\n<p>R.- Esas zonas que t\u00fa sabes, son especialmente sensibles al sol y a cualquier agresi\u00f3n, porque, normalmente est\u00e1n tapadas y no reciben agrasiones como el resto del cuerpo. As\u00ed, debes usar cremas de protecci\u00f3n solar pantralla total y renovarlo cada hora y media.<\/p>\n<p>P.- Tengo manchas en escote y manos, he probado todo: cremas (pigmentasa, etc) acido glic\u00f3lico y tricloroac\u00e9tico, IPL, y en las manos tambi\u00e9n Amel\u00e1n, pero siguen ah\u00ed \u00bfque puedo hacer? \u00bfhay alg\u00fan tratamiento realmente efectivo? No me importa el precio, pero quiero resultados. Gracias por su ayuda<\/p>\n<p>R.- Todos los tratamientos que citas son efectivos seg\u00fan la indicaci\u00f3n a cada persona. Puede que tu caso no haya sido bien diagnosticado y aunque los tratamientos que te has hecho son buenos, no lo son en tu caso. Deber\u00edas acudir a un dermat\u00f3logo o a un m\u00e9dico est\u00e9tico de prestigio.<\/p>\n<p>P.- Quer\u00eda saber si las cremas con protecci\u00f3n solar que a su vez son anticelul\u00edticas son realmente efectivas o son un timo&#8230;gracias!<\/p>\n<p>R.- Pienso que para eliminar la celulitis, una crema no basta, hay que hacer un tratamiento en la consulta y estas cremas s\u00f3lo nos sirven para mantener el tratamiento realizado. <\/p>\n<p>P.- hola, siempre he tenido la piel muy seca, pero ultimamente, no se si por el estres, me han salido granitos por la espalda y en la barbilla que me han dicho que es acne&#8230; ahora me encuentro a los 30 con piel muy seca y no sabiendo muy bien como tratar el acne&#8230; es posible tener acne en zonas y piel muy seca en otras? Que tratamiento me recomendaria?<\/p>\n<p>R.- Actualmente, estamos viendo en consulta acn\u00e9s en personas maduras y muchas veces obedece a un estres. Te recomendar\u00eda un tratamiento de peeling en consulta a partir de septiembre, que el sol no es tan fuerte, y un tratamiento cosm\u00e9tico en casa, aplicando una crema con \u00e1cido glic\u00f3lico en las zonas con acn\u00e9 y siempre por la noche.<\/p>\n<p>P.- Buenas tardes, tengo 27 a\u00f1os y soy muy blanco de piel. Tengo muchos lunares y algunas manchas de diferentes tama\u00f1os por la espalda, e incluso me sale alguno nuevo de vez en cuando&#8230;..\u00bfdeber\u00eda ir al dermat\u00f3logo para un seguimiento de ello? \u00bfo que otra cosa deber\u00eda de hacer? Muchas gracias<\/p>\n<p>R.- S\u00ed, ser\u00eda conveniente acudir al dermat\u00f3logo para que vea si esos lunares son nevus, ver su aspecto, contarlos para ver si aparecen m\u00e1s en el tiempo, y ver si cambian de color, tienen formas irregurares, pelos y, en definitiva, si hay que extirparlos o no.<\/p>\n<p>P.- Mi pregunta no se ci\u00f1e a los problemas derivados de la exposici\u00f3n al sol, aunque espero encontrar respuesta. Tengo 24 a\u00f1os y cicatrices, no demasiado profundas por el acne, as\u00ed como brotes puntuales. Me han recomendado en una de esas famosas clinicas que se anuncian en tv (no digo nombres) un peeling con acido glic\u00f3lico. \u00bfes lo recomendable para estos casos?<\/p>\n<p>R.- En esta \u00e9poca del a\u00f1o, no es conveniente hacer peeling porque eliminamos capas de la piel y la desprotegemos con el consiguiente riesgo de manchas. Lo speelings los empezamos a hacer a partir de septiembre y, en tu caso, lo recomendable es usar \u00e1cido glic\u00f3lico o \u00e1cido l\u00e1ctico.<\/p>\n<p>P.- \u00bfCual es en su opinion la mejor crema hidratante del mercado?<\/p>\n<p>R.- La crema m\u00e1s cara del mercado no tiene por qu\u00e9 ser la mejor. La alta cosm\u00e9tica dispone de cremas muy buenas, pero la farmacia tiene cremas igual de buenas y a mejor precio. Incluso el porcentaje activo de las cremas de farmacia es mayor, porque se consideran cremas m\u00e9dicas. Busca en la farmacia una crema adecuada a tu tipo de piel y con protecci\u00f3n solar. Por ejemplo, Hidrance de Avene.<\/p>\n<p>P.- Me puede decir alg\u00fan tratamiento que pueda aplicar en casa contr la celulitis?<\/p>\n<p>R.- Hacer una alimentaci\u00f3n sana, beber dos litros de agua al d\u00eda, andar media hora cuatro veces a la semana y aplicar una crema anticelul\u00edtica con un masaje de rodilas hacia el muslo.<\/p>\n<p>P.- Buenas tardes, soy muy, muy blanca de piel y este verano ir\u00e9 a Cuba de vacaciones. Es recomendable que tome rayos uva para &#8220;preparar&#8221; la piel para el calor del Caribe? Gracias<\/p>\n<p>R.- Puedes tomar rayos uva, dos sesiones a la semana, con protecci\u00f3n total durante diez minutos cada sesi\u00f3n. En Cuba, no exponerte al sol en las horas centrales del d\u00eda y siempre con protecci\u00f3n pantalla total y posteriormente aplicar una crema con Aloe vera, que te hidratar\u00e1 la piel.<\/p>\n","protected":false},"excerpt":{"rendered":"<p>La especialista en est\u00e9tica y cirug\u00eda reparadora de la Cl\u00ednica de la Fuente, ofrece a los internautas los consejos necesarios para cuidar la piel en verano y protegerla de los efectos nocivos del sol.<\/p>\n","protected":false},"author":1,"featured_media":0,"comment_status":"open","ping_status":"open","sticky":false,"template":"","format":"standard","meta":{"footnotes":""},"categories":[],"tags":[],"class_list":["post-5584","post","type-post","status-publish","format-standard","hentry"],"_links":{"self":[{"href":"https:\/\/intervius.com\/index.html\/wp-json\/wp\/v2\/posts\/5584","targetHints":{"allow":["GET"]}}],"collection":[{"href":"https:\/\/intervius.com\/index.html\/wp-json\/wp\/v2\/posts"}],"about":[{"href":"https:\/\/intervius.com\/index.html\/wp-json\/wp\/v2\/types\/post"}],"author":[{"embeddable":true,"href":"https:\/\/intervius.com\/index.html\/wp-json\/wp\/v2\/users\/1"}],"replies":[{"embeddable":true,"href":"https:\/\/intervius.com\/index.html\/wp-json\/wp\/v2\/comments?post=5584"}],"version-history":[{"count":0,"href":"https:\/\/intervius.com\/index.html\/wp-json\/wp\/v2\/posts\/5584\/revisions"}],"wp:attachment":[{"href":"https:\/\/intervius.com\/index.html\/wp-json\/wp\/v2\/media?parent=5584"}],"wp:term":[{"taxonomy":"category","embeddable":true,"href":"https:\/\/intervius.com\/index.html\/wp-json\/wp\/v2\/categories?post=5584"},{"taxonomy":"post_tag","embeddable":true,"href":"https:\/\/intervius.com\/index.html\/wp-json\/wp\/v2\/tags?post=5584"}],"curies":[{"name":"wp","href":"https:\/\/api.w.org\/{rel}","templated":true}]}}