{"id":5576,"date":"2004-08-24T00:00:00","date_gmt":"2006-11-06T00:00:00","guid":{"rendered":"https:\/\/intervius.com\/index.html\/?p=5576"},"modified":"2006-11-06T00:00:00","modified_gmt":"2006-11-06T00:00:00","slug":"Javier_Veiga5576","status":"publish","type":"post","link":"https:\/\/intervius.com\/index.html\/Javier_Veiga5576\/","title":{"rendered":"Javier Veiga"},"content":{"rendered":"<p>Pregunta.- Hola Javier, \u00bfcu\u00e1ndo se estrena la pel\u00edcula? \u00bfPuedes contarnos un poco de qu\u00e9 va la peli y cu\u00e1l es tu papel en ella? Gracias. Saludos<\/p>\n<p>Respuesta.- La peli est\u00e1 estrenada desde el viernes y es muy divertida. Tienes que ir corriendo a verla.<\/p>\n<p>P.- Hola Javier, enhorabuena por tus trabajos \u00bfque tal la experiencia de trabajar con V\u00e9ronica? \u00bfme podrias conseguir una cita con ella jajaja? Un saludo<\/p>\n<p>R.- Bueno la cita se la llevo pidiendo yo hace tiempo y no la consigo. Cuando tenga hora y sitio, te aviso y vienes de mir\u00f3n. <\/p>\n<p>P.- \u00bfTienes p\u00e1gina web o alg\u00fan sitio donde podamos saber tus proyectos?<\/p>\n<p>R.- Todav\u00eda no, pero est\u00e1 en construcci\u00f3n. La prensa os mantendr\u00e1 informados.<\/p>\n<p>P.- \u00bfTe has sentido c\u00f3modo interpretando este personaje?<\/p>\n<p>R.- Es un personaje extremo, un tipo muy radical y los personajes grotescos siempre son m\u00e1s interesantes para un actor. Me lo he pasado muy bien haci\u00e9ndolo y es muy divertido, cu\u00e1ndo ves un personaje que ya has hecho, y lo ves tan distinto a ti.<\/p>\n<p>P.- Hola Javier. \u00bfTienes algo de garrapata? Un besote.<\/p>\n<p>R.- Pues supongo que poco. Llevo trabajando desde los 18 a\u00f1os y lo de chupar del bote nunca ha sido lo m\u00edo. Prefiero chupar otras cosas.<\/p>\n<p>P.- Adem\u00e1s de ser un hombre.com creo que en teatro has hecho m\u00e1s cosas. \u00bfTienes previsto algo m\u00e1s en ese terreno?<\/p>\n<p>R.- Estoy de gira con un espect\u00e1culo unipersonal que se llama &#8220;Tonto el que lo lea&#8221;. Llevo m\u00e1s de un a\u00f1o con este espect\u00e1culo y pienso seguir girando mientras me sigan contratando. Esta noche act\u00fao en Sanxenxo y el d\u00eda 28 en Ciudad Rodrigo.<\/p>\n<p>P.- \u00bfle faltaba mala leche a Moncloa digame, para haber triumfado<\/p>\n<p>R.- Creo que m\u00e1s bien le falt\u00f3 tiempo. A veces las series necesitan ajustar cosas y puede que la mala leche fuese una de ellas, pero las televisiones trabajan a veces con demasiada ansiedad y as\u00ed es complicado hacer productos bien terminados.<\/p>\n<p>P.- &#8230;te queremos en Siete Vidas!!!!!!!<\/p>\n<p>R.- Ya pero t\u00fa no eres uno de los productores. La verdad es que fue muy divertido el tiempo que estuve en 7 Vidas, me hubiese gustado hacer alg\u00fan cap\u00edtulo m\u00e1s porque el personaje era muy cachondo pero ya habr\u00e1 m\u00e1s series y m\u00e1s vidas despu\u00e9s de la s\u00e9ptima.<\/p>\n<p>P.- Hola Javi \u00bfSabes que eres muy riqui\u00f1o? Te invito a la playa \u00bfTe vienes?<\/p>\n<p>R.- Vete quitando el ba\u00f1ador que ahora voy.<\/p>\n<p>P.- \u00bfDe qu\u00e9 va El a\u00f1o de la garrapata? \u00bfEs una comedia facilona o realmente la defender\u00edas?<\/p>\n<p>R.- Es una comedia muy gamberra y realmente la defiendo. En todo caso, si esperas ver una comedia social o un melodrama con apuntes c\u00f3micos, esta no es tu pel\u00edcula.<\/p>\n<p>P.- \u00bfpor qu\u00e9 los actores ten\u00e9is aspecto\/actitud de neoprogresistas? \u00bfEs obligatorio para que te den trabajos?<\/p>\n<p>R.- En absoluto. Yo de hecho soy un pijo redomado. De todas maneras, todos los actores tenemos algo de progresistas porque estamos en contacto con el mundo. Lo que es cierto es que el aspecto de hippy trasnochado, algunos se lo ponen porque es m\u00e1s mol\u00f3n para las fotos.<\/p>\n<p>P.- \u00bfDe donde es el collar que llevas? \u00bfTiene algun significado especial?<\/p>\n<p>R.- Me lo compr\u00e9 en Las Palmas hace dos semanas y tiene el significado de que estaba de vacaciones y en cuanto llegue septiembre, lo archivar\u00e9 en alg\u00fan caj\u00f3n. \u00bfTe gusta?.<\/p>\n<p>P.- \u00bfCrees estar en tu mejor etapa profesional?<\/p>\n<p>R.- Creo estar en mi mejor etapa personal y siempre creo estar bien profesionalmente porque si no fuese as\u00ed, no cambiar\u00eda. <\/p>\n<p>P.- Despu\u00e9s de que un payaso te quitara del circo de la televisi\u00f3n te dedicaste a dar soliloquios por ah\u00ed, luego tuviste la nevera llena de &#8220;estrellas&#8221; y ahora nos vienes a dar el preg\u00f3n a Sanxenxo, \u00bfvas hacia arriba o siendo un &#8220;meco&#8221; cuesta abajo?<\/p>\n<p>R.- Si eres de Sanxenxo y consideras que ir a dar el preg\u00f3n a tu pueblo es ir cuesta abajo, entonces s\u00ed.<\/p>\n<p>P.- Hola Javier, siempre de guasa eh! \u00bfPara cu\u00e1ndo un drama? \u00bfTe atreves?<\/p>\n<p>R.- No me parece que para el drama haya que atreverse m\u00e1s que para la comedia. Me parece incluso m\u00e1s f\u00e1cil y no haberlo hecho tiene que ver con circunstancias profesionales. Uno tampoco elige exactamente lo que hace, las cosas van viniendo y uno se va adaptando.<\/p>\n<p>P.- \u00bfSe puede ir tirando y viviendo no siendo una superestrella del cine patrio (como Resines o Bardem)?\u00bfHay trabajo?\u00bfEl teatro sirve como v\u00eda de escape a esto?<\/p>\n<p>R.- El teatro no es una v\u00eda de escape, es otra rama de la profesi\u00f3n. Se puede vivir perfectamente sin ser estrella de cine, de hecho vivimos mejor los que compaginamos televisi\u00f3n con cine y teatro. Yo particularmente estoy forrao. Resines tambi\u00e9n pero es m\u00e1s viejo y m\u00e1s calvo.<\/p>\n<p>P.- \u00bfTienes pensado hacer m\u00e1s cosas en televisi\u00f3n proximamente?<\/p>\n<p>R.- No hay nada cerrado. Algunos proyectos est\u00e1n a la vista pero nada definitivo. Llevo casi un par de a\u00f1os sin hacer televisi\u00f3n pero no por una decisi\u00f3n personal sino porque no he encontrado ning\u00fan proyecto que me motivase.<\/p>\n<p>P.- \u00bfD\u00f3nde te encuentras mas c\u00f3modo haciendo cine o haciendo televisi\u00f3n?<\/p>\n<p>R.- Me gustan los dos medios. Cada uno tiene su encanto. La televisi\u00f3n tiene el encanto de la inmediatez que es muy estresante pero te hace trabajar a un ritmo terrible y eso es muy excitante. El cine se hace con tiempos m\u00e1s largos y te permite hacer trabajos m\u00e1s elaborados pero a veces es muy aburrido.<\/p>\n<p>P.- Ahora que se est\u00e1n celebrando las Olimpiadas dinos, practicas o eres seguidor de alg\u00fan deporte?<\/p>\n<p>R.- Soy campe\u00f3n gallego de mus y he jugado a balonmano, baloncesto, f\u00fatbol, tenis, pin pon, volleyball&#8230; pero en ninguno de ellos he llegado a alcanzar la gloria ni en mi pueblo.<\/p>\n<p>P.- \u00bfla gente te sigue recordando por el anuncio de la once?<\/p>\n<p>R.- Ya ves que s\u00ed, t\u00fa eres un claro ejemplo.<\/p>\n<p>P.- El &#8220;Club de la comedia&#8221; no es lo mismo desde que te fuiste. \u00bfTe han propuesto volver al programa?<\/p>\n<p>R.- Me propusieron en su d\u00eda ir a hacer un mon\u00f3logo. Yo les dije que quer\u00eda hacer uno titulado -Cuando te echan del trabajo- pero no les hizo gracia y no se me ocurri\u00f3 ning\u00fan otro tema.<\/p>\n<p>P.- Creo recordar que has rodado una peli con Victoria Abril, supongo que habr\u00e1 sido impresionante. \u00bfC\u00f3mo es Victoria como compa\u00f1era?<\/p>\n<p>R.- La pel\u00edcula se llama Escuela de seducci\u00f3n y se estrena a mediados de septiembre. Trabajar con Victoria ha sido una experiencia cojonuda a nivel personal y profesional. La \u00fanica pena es que, para tristeza del imaginario de mis amigos, no ha habido escena er\u00f3tica. Mi gozo en un pozo.<\/p>\n<p>P.- Javier, yo tambi\u00e9n soy gallego. Se te ve poco por la TVG&#8230; \u00bfno te llaman o no te interesa lo que te ofrecen? Abur.<\/p>\n<p>R.- Bueno, yo trabajo habitualmente en Madrid y las cosas que me han ofrecido nunca han coincidido bien. Quien sabe si en el futuro podremos colaborar.<\/p>\n<p>P.- \u00bfC\u00faales son tus pr\u00f3ximos proyectos: cine, televisi\u00f3n&#8230;?<\/p>\n<p>R.- Este invierno voy a dirigir dos espect\u00e1culos de teatro. Uno de ellos para ni\u00f1os. En cine y televisi\u00f3n supongo que algo se har\u00e1 pero todav\u00eda no os puedo contar nada. En realidad, no tengo nada que contaros pero he visto que esto siempre lo dicen los actores, como si los secretos generasen m\u00e1s trabajo.<\/p>\n<p>P.- El otro d\u00eda me adelantaste por la autov\u00eda, altura Ponferrada, a 150 o m\u00e1s en tu escarabajo&#8230; \u00bfno sueles hacer caso de la DGT?<\/p>\n<p>R.- Seguro que no era yo. Y si era yo, c\u00f3mo co\u00f1o pudiste verme a 150. \u00bfTienes s\u00faper poderes?.<\/p>\n","protected":false},"excerpt":{"rendered":"<p>Se hizo famoso como presentador de El club de la comedia y desde entonces le han llovido las ofertas de trabajo. Ahora da el salto a la gran pantalla con El a\u00f1o de la garrapata, una comedia en la que comparte protagonismo con Ver\u00f3nica S\u00e1nchez, F\u00e9lix G\u00f3mez y Mar\u00eda V\u00e1zquez.<\/p>\n","protected":false},"author":1,"featured_media":0,"comment_status":"open","ping_status":"open","sticky":false,"template":"","format":"standard","meta":{"footnotes":""},"categories":[],"tags":[],"class_list":["post-5576","post","type-post","status-publish","format-standard","hentry"],"_links":{"self":[{"href":"https:\/\/intervius.com\/index.html\/wp-json\/wp\/v2\/posts\/5576","targetHints":{"allow":["GET"]}}],"collection":[{"href":"https:\/\/intervius.com\/index.html\/wp-json\/wp\/v2\/posts"}],"about":[{"href":"https:\/\/intervius.com\/index.html\/wp-json\/wp\/v2\/types\/post"}],"author":[{"embeddable":true,"href":"https:\/\/intervius.com\/index.html\/wp-json\/wp\/v2\/users\/1"}],"replies":[{"embeddable":true,"href":"https:\/\/intervius.com\/index.html\/wp-json\/wp\/v2\/comments?post=5576"}],"version-history":[{"count":0,"href":"https:\/\/intervius.com\/index.html\/wp-json\/wp\/v2\/posts\/5576\/revisions"}],"wp:attachment":[{"href":"https:\/\/intervius.com\/index.html\/wp-json\/wp\/v2\/media?parent=5576"}],"wp:term":[{"taxonomy":"category","embeddable":true,"href":"https:\/\/intervius.com\/index.html\/wp-json\/wp\/v2\/categories?post=5576"},{"taxonomy":"post_tag","embeddable":true,"href":"https:\/\/intervius.com\/index.html\/wp-json\/wp\/v2\/tags?post=5576"}],"curies":[{"name":"wp","href":"https:\/\/api.w.org\/{rel}","templated":true}]}}