{"id":557,"date":"2006-03-27T00:00:00","date_gmt":"2006-11-06T00:00:00","guid":{"rendered":"https:\/\/intervius.com\/index.html\/?p=557"},"modified":"2006-11-06T00:00:00","modified_gmt":"2006-11-06T00:00:00","slug":"Nena_Daconte557","status":"publish","type":"post","link":"https:\/\/intervius.com\/index.html\/Nena_Daconte557\/","title":{"rendered":"Nena Daconte"},"content":{"rendered":"<p>Pregunta.- Ha tenido mucho que ver Carlos Jean en el disco? Ha cambiado mucho de la maqueta que teniais o la idea de como iba a ser? gracias<\/p>\n<p>Respuesta.- Carlos Jean s\u00f3lo hga participado en la producci\u00f3n del remix de &#8220;Idiota&#8221;. El resto del disco est\u00e1 producido por Kim. <\/p>\n<p>P.- Las cosas de palacio van despacio, \u00bfno?. Sencillamente perfecto. \u00bfPor qu\u00e9 elgist\u00e9is Idiota como primer single? Saludos, una de tus incondicionales.<\/p>\n<p>R.- Porque es la canci\u00f3n que resume el eps\u00edritu del disco: intenso y sencillo. <\/p>\n<p>P.- os vi en el buho real y la verdad me quede impresionada&#8230; fichar por una discogr\u00e1fica, que te pongan un video en los 40 principales, anuncios en Antena3, etc.. \u00bfesto har\u00e1 que dejeis de tocar en sitios peque\u00f1os del circuito madrile\u00f1o? ser\u00eda una pena para los que frecuentamos esos lugares. un beso enorme y suerte para los dos. sed felices \ud83d\ude00<\/p>\n<p>R.- Gracias por venir al concierto. Nos gusta mucho tocar en sitiso peque\u00f1los y lo seguiremos haciendo siempre que podamos. Estar con una multinacional como Universal nos va a permitir llegar a m\u00e1s gente y eso para una rtista siempre es importante. <\/p>\n<p>P.- Recuerdo cuando las canciones sonaban sin arreglos en el Medi, en un acustico, y te dije \u00bfMai como puedo conseguir esto? &#8220;Lo que sonaba cuando acabo el concierto &#8220;En que estrella estar\u00e1&#8221;, y dijiste no! Que si no cuando salga el disco no lo comprareis! Yo te lo comprare!! y si hace falta comprar 2 se compran! Mil besos!<\/p>\n<p>R.- Muchas gracias por seguirnos desde el principio. Ahora por fin ya puedes conseguirlo.<\/p>\n<p>P.- Hola ! Yo preguntas no har\u00e9&#8230; Solo deseo a Mai y Kim toda la suerte del mundo. Tuve el gusto de compartir escenario con Kim y con Felix el bater\u00eda de Nena Daconte, en ERRANTES y Busker Band con la canci\u00f3n Flying y&#8230; se que Nena Daconte lo conseguir\u00e1. Suerte y a comerse el mundo haciendo el &#8220;Idiotaaa&#8221;. David !<\/p>\n<p>R.- Much\u00edsimas gracias!! Errantes forever!!!!<\/p>\n<p>P.- \u00bfCon qu\u00e9 dos adjetivos os definir\u00edais como grupo? \u00bfQue es cada uno en NENA DACONTE? Mua me encantais<\/p>\n<p>R.- Sencillo y aut\u00e9ntico. Kim se encarga de la producii\u00f3n y Mai, compone y canta. <\/p>\n<p>P.- Enhorabuena por el disco, es fant\u00e1stico. \u00bfD\u00f3nde perdisteis los zapatos? Un saludo<\/p>\n<p>R.- En Barcelona. Gracias.<\/p>\n<p>P.- Me encant\u00f3 la presentaci\u00f3n de vuestro \u00e1lbum debut en la sala Vivaldi. Pienso que vais a ser uno de los grupos revelaci\u00f3n del 2006. \u00bfSeguir\u00e9is actualizando vuestro blog? Creo que es fundamental esta interacci\u00f3n con vuestro p\u00fablico.<\/p>\n<p>R.- Mil gracias por venir al concierto. Seguiremos actualizando el blog siempre que podamos. NOs gusta cambiar impresiones con la gente que nos sigue. <\/p>\n<p>P.- En la canci\u00f3n &#8220;Eng\u00e1\u00f1ame a mi tambi\u00e9n&#8221; hay im\u00e1genes preciosas como por ejemplo cuando dice &#8220;&#8230;que tus dedos manejen mi espalda&#8221;. Bueno, en general la canci\u00f3n es muy evocadora. En este sentido, querr\u00eda saber c\u00f3mo consigues transmitir lo que sientes o lo que te propones de una manera tan sensible y pl\u00e1stica. No s\u00e9, pero hac\u00eda tiempo que no escuchaba letras tan capaces de tocarte y embelesarte. Cuando me pongo a o\u00edrlas me siento en la canci\u00f3n, como si yo participara de ella. Mil gracias. <\/p>\n<p>R.- Muchas garcias por lo que dices de las letras. El truco es sentirlo. <\/p>\n<p>P.- Para Mai Meneses. En operacion triunfo no confiabas mucho en ti misma y no te veias en el mundo de la musica \u00bfcomo te has dado cuenta de que si que vales para esto?<\/p>\n<p>R.- Vivir de la m\u00fasica es bastante complicado. Por eso ten\u00eda mis dudas. Ahora, simplemente me he liado la manta a la cabeza y he perdido los zapatos. <\/p>\n<p>P.- Ahora que habeis conseguido un hueco en la m\u00fasica espa\u00f1ola, cual es vuestro deseo?\u00e1nimo y seguid asi!!!!Saludos desde Ronda!!!!<\/p>\n<p>R.- El hueco nos lo tenemos que hacer todav\u00eda, gan\u00e1rnoslo. El deseo ser\u00eda llegar a la gente con nuestras canciones. <\/p>\n<p>P.- Hola, \u00bfcu\u00e1les son vuestras influencias musicales? Durante estos \u00faltimos meses hab\u00e9is tocado en sitios peque\u00f1os, habitualmente frecuentados por cantautores \u00bfqu\u00e9 deber\u00edas pasar para que gente con talento (como Tiza, C\u00e9sar Rodr\u00edguez, etc) consiguieran grabar un disco? Mucha suerte, sois geniales!<\/p>\n<p>R.- Cuando est\u00e1bamos grabando el disco estuvimos escuchando mucho a Tom Petty, Radiohead, ELvis Costello, Jorge drexler&#8230; influencias hay muchas&#8230; Que la suerte te pille trabajando, quiz\u00e1s&#8230;<\/p>\n<p>P.- Hola, \u00bfqu\u00e9 me pod\u00e9is contar de la canci\u00f3n &#8220;Marta&#8221;? \u00bfexiste de verdad? \u00bfpor qu\u00e9 decis lo de &#8220;nunca cumplir\u00e1 los cincuenta&#8221;? me intriga, jeje. Mucha suerte, estais llenos de talento, enhorabuena!<\/p>\n<p>R.- El tema de &#8220;MArta&#8221; est\u00e1 inspirada en una mujer que quiz\u00e1s vivi\u00f3 demasiado r\u00e1pido y nunca cumplir\u00e1 los 50. <\/p>\n<p>P.- Saludos!!he de admitir que tu voz me enamora, y siento algo extra\u00f1o&#8230;y a la vez especial al oirte cantar. Tienes alg\u00fan secreto para tener esa voz tan dulce? Me encantaria alg\u00fan d\u00eda poder hacer un dueto contigo. Ya sabes el nombre del grupo,jej, tenemos mucho en com\u00fan, no es broma! Muchos besos y suerte en vuestra carrera!<\/p>\n<p>R.- Muchas gracias y mucah suerte. JEJEJE!!!<\/p>\n<p>P.- Holaaa!! enhorabuena por vuestras canciones (las 2 que he podido escuchar, jej), teneis muy buen gusto musical. Me gustaria que contarais alguna an\u00e9cdota curiosa que os halla ocurrido; al grabar el disco, al componer&#8230;mucha suerte y \u00e1nimo!! <\/p>\n<p>R.- Quiz\u00e1s la an\u00e9cdota sea la de la sesi\u00f3n de fotos de la portada. Erasn 18 galgos metidos en una habitaci\u00f3n decorada en el sXIX y todos vigilando que nmo se hicieran pis. Fue un momento tenso y algo c\u00f3mico. Ah\u00ed ten\u00e9is la portada.<\/p>\n<p>P.- Mai, como compositora, para quien te sentirias honrrada de que te pidiese un tema? Y de artistas noveles, con quien crees harias bonita m\u00fasica?<\/p>\n<p>R.- En principio estoy componiendo para nosotros, pero me encantar\u00eda hacerlo para otra gente que me lo pidiera. <\/p>\n<p>P.- Mai \u00bfEres consciente de hasta qu\u00e9 punto tu voz es capaz de emocionar?<\/p>\n<p>R.- Kim: no es consciente. <\/p>\n<p>P.- \u00bfA qui\u00e9n se le ocurri\u00f3 la idea de los galgos en la portada? Me ha encantado.<\/p>\n<p>R.- Nos hizo gracia la idea de buscar el simil entre una rtista y un galgo. Porque una rtista es siempre, aunque nos ea n\u00ba1 en ventas, y se les debe respetar (los galgos son sacrificados si no ganan ninguna carrera). <\/p>\n<p>P.- Esta va dirigida a Mai, \u00bfen alg\u00fan momento llegaste a pensar que nunca grabar\u00edas un disco?<\/p>\n<p>R.- Hay una frase dentro del libreto, que explica esto y responde esta pregunta. <\/p>\n<p>P.- \u00bfSe diferencia mucho lo que haceis actualmente, con lo que se dibujaba en vuestra mente cuando decidisteis emprender esta aventura? Se os espera por Extremadura. Un saludo.<\/p>\n<p>R.- Se parece bastante. hemos podido hacer el disco que quer\u00edamos. Esperamos verte pronto por Extremadura. <\/p>\n<p>P.- Ambos tene\u00eds relaci\u00f3n con Ainhoa, Mai por se compa\u00f1era de concurso y Kim por ser guitarrista de su banda. \u00bfQue relaci\u00f3n mantene\u00eds actualmente con ella? \u00bfKim, seguir\u00e1s tocando en su banda? Xao, suerte!<\/p>\n<p>R.- KIM: yo era bajista. la vemois de vez en cuando y me temo que no podr\u00e9s seguir con ella. Estoy al 100 por 100 con Nena Daconte. <\/p>\n<p>P.- Hola! Os felicito por el single, al que le sobra buen gusto y calidad&#8230; de verdad, enhorabuena. En OT yo segu\u00ed mucho a Mai, me parec\u00eda muy especial, compr\u00e9 su single y me asombr\u00f3 lo bueno que era&#8230;1 pregunta: \u00bfconservas trato con alguno de tus ex-compis??? Es que adoro a Vega (que,por cierto, el otro d\u00eda confes\u00f3 tener vuestro disco) Un besote y much\u00edsima suerte chicos! VICO!<\/p>\n<p>R.- Muchas gracias.S\u00ed que conservo trato con mayor parte de mis compa\u00f1eros. <\/p>\n<p>P.- Mai, \u00bfdirias que existen muchas diferencias (en ideas, sue\u00f1os, metas&#8230;) en la chica que un d\u00eda compuso y cant\u00f3 &#8220;Vuelve&#8221; con la chica de Nena Daconte?<\/p>\n<p>R.- No, es la misma, pero he aprendido un mont\u00f3n de cosas. <\/p>\n<p>P.- hola chicos! muchas felicidades por el lanzamiento de vuestro disco, sabemos que es el fruto de mucho trabajo!ahora,nuestra pregunta:\u00bfque significado tiene la cancion de idiota? besicos incondicionales. <\/p>\n<p>R.- Muchas gracias. Idiota expresa el miedo a perder algo antes de tiempo por nuestra culpa. <\/p>\n<p>P.- &#8230;concretamente no es una pregunta&#8230;es una felicitaci\u00f3n, ya hace meses que les sigo la pista, hasta fu\u00ed al mediterr\u00e1neo&#8230;y me encantaron&#8230;la voz de mai es dulce y genuina&#8230;espero que todo os vaya de lujo, yo por si a caso comprar\u00e9 el disco&#8230;que ya tengo unas ganas de tenerlo en las manos&#8230;cuando otro concierto en barcelona?<\/p>\n<p>R.- Gracias por venirnos a ver. Por ahora estamos de promo, pero pronto esperamos poder hacer directos. os avisaremos a trav\u00e9s de www.nenadaconte.com y en los espacios de Nena Daconte en MSM y myspace.<\/p>\n<p>P.- Mai eres genial, y tienes un gran espiritu de lucha porque creo que nadie te ha facilitado el camino \u00bfEs eso cierto?<\/p>\n<p>R.- S\u00ed, creo que las facilidades se las busca uno mismo a base de aprender y no rendirse nunca. <\/p>\n<p>P.- Hola a los dos! Y enhorabuena por este vuestro primer disco! Menudo single habeis sacado. &#8220;Idiota&#8221; es una reflexi\u00f3n sobre los puntos y aparte que nos ponemos nosotros cuando en realidad la vida nos pone punto y seguido. Muchos sabiamos que Mai tarde o temprano volver\u00eda a sembra nuestras vidas con su voz. Me podeis decir que linea sigue vuetro disco musicalmente hablando?<\/p>\n<p>R.- Qu\u00e9 bonito lo que dices!!! La l\u00ednea que sigue es la que difiere entre lo comercial y alternativo. Es pop.<\/p>\n<p>P.- Felicidades!!! Una pregunta: \u00bfcomo se os ocurre sacar un single como &#8220;idiota&#8221; donde la percusi\u00f3n brilla por su ausencia, en un tiempo donde el ritmo calibra nuestras vidas? Soys arriesgados y supongo que eso dara sus frutos!!! Seguid as\u00ed (&#8220;Idiota&#8221; es preciosa, me faltan palabras)<\/p>\n<p>R.- Muchas gracias! Ns alegramos mucho de que te haya gustado. Creemos tanto en la m\u00fasica que hacemos, que estamos dispuesto a arriesgarnos con una canci\u00f3n como &#8220;Idiota&#8221;. <\/p>\n<p>P.- Mai, que recuerdos tienes de aquel single &#8220;Vuelve&#8221; que lo pongan donde lo pongan todo el mundo lo conoce? Te abri\u00f3 puertas o te las cerr\u00f3? Y la colabroaci\u00f3n con Inma Serrano?<\/p>\n<p>R.- En el mundo de la m\u00fasica, como en todos, todo suma y cuenta. Tengo buen\u00edsimos recuerdos de cantar &#8220;VUelve&#8221; en el Sant Jordi, por ejemplo, y que todo el mundo la cantara. <\/p>\n<p>P.- Vuestra musica es especial, llegais a lo mas intimo de una persona, me gusta escucharos y aunque algunas canciones son melancolicas otras levantan el \u00e1nimo. En el panorama musical espa\u00f1ol \u00bfdonde creeis que vais a ocupar un espacio? Animo que sois geniales y llegareis lejos<\/p>\n<p>R.- Vuestra musica es especial, llegais a lo mas intimo de una persona, me gusta escucharos y aunque algunas canciones son melancolicas otras levantan el \u00e1nimo. En el panorama musical espa\u00f1ol \u00bfdonde creeis que vais a ocupar un espacio? Animo que sois geniales y llegareis lejos<\/p>\n<p>P.- He escuchado los adelantos que hay en vuestra web y son geniales,en unos d\u00edas tendre en CD en mis manos! espero poder veros en directo, planeais una gira que os lleve por toda Espa\u00f1a?<\/p>\n<p>R.- Ahora estamos centrados en la promo, pero esperamos pdoer salir en la carretera en breve para presentar las canciones por toda Espa\u00f1a.<\/p>\n<p>P.- Despu\u00e9s de daros la enhorabuena por vuestro disco, me gustaria preguntaros \u00bfdonde soleis escribis las canciones? \u00bfteneis alg\u00fan sitio que os inspira? Suerte<\/p>\n<p>R.- Mchas gracias. Compongo en cualquier parte cuando me viene la inspiraci\u00f3n, siempre llevo mi libretilla encima.<\/p>\n<p>P.- Hola Mai. \u00bfCrees que Nena Daconte es un prototipo &#8220;Amaral&#8221;?<\/p>\n<p>R.- Seg\u00fan nuestra opini\u00f3n Amaral es m\u00e1s rockero y nosotros m\u00e1s pop. <\/p>\n<p>P.- \u00bfQu\u00e9 es lo que anda mal en la industria del disco para que una obra como la vuestra tenga que esperar tanto para ser publicada? Os deseo la mejor suerte del mundo con vuestro disco.<\/p>\n<p>R.- Al final todo requiere un preparaci\u00f3n y no hay que precipitarse y la industria musical sigue dando nuevos talentos y oportunidad a los grupos. <\/p>\n<p>P.- Me encanta el tema idiota. Me gustar\u00eda saber como surgi\u00f3, por qu\u00e9 uno sarreglos tan sencillos (estupendos por cierto)&#8230;<\/p>\n<p>R.- &#8220;Idiota&#8221; la empec\u00e9 a componer hace m\u00e1s de 10 a\u00f1os. En casda nueva etapa fu\u00ed a\u00f1adiendo frases sy estrofas. Despu\u00e9s lleg\u00f3 Kim y me encargu\u00e9 de simpificar el tema y dejarlo con lo esencial desde donde yo lo entend\u00eda. <\/p>\n<p>P.- Hola !! Queria saber si en alguna de tus canciones har\u00e1s alguna coreogrf\u00eda o no es tu estilo?? Muchisima suerte.UN beso!<\/p>\n<p>R.- \u00bfUna coreograf\u00f1ia? \u00a1\u00a1\u00a1Pero si yo no s\u00e9 bailar!!!<\/p>\n<p>P.- hola xicos!mai cuando vi el videoclip de idiota dije dios mio si es mai, y me meti corriendo en vuestra pagina web para confirmalo.Me alegro de q hayas vuelto y me pregunta es:a quien se le ocurrio el nombre del grupo?\u00bf muxos besos y espero q vengais a cadiz de concierto!!suerte<\/p>\n<p>R.- El nombre del grupo se nos ocurri\u00f3 a los dos y es el personaje de un cuento de Garc\u00eda M\u00e1rquez. <\/p>\n","protected":false},"excerpt":{"rendered":"<p>Este dueto irrumpe en el panorma musical nacional con el deb\u00fa He perdido los zapatos. Esto es lo que les dijeron a sus fans.<\/p>\n","protected":false},"author":1,"featured_media":0,"comment_status":"open","ping_status":"open","sticky":false,"template":"","format":"standard","meta":{"footnotes":""},"categories":[],"tags":[],"class_list":["post-557","post","type-post","status-publish","format-standard","hentry"],"_links":{"self":[{"href":"https:\/\/intervius.com\/index.html\/wp-json\/wp\/v2\/posts\/557","targetHints":{"allow":["GET"]}}],"collection":[{"href":"https:\/\/intervius.com\/index.html\/wp-json\/wp\/v2\/posts"}],"about":[{"href":"https:\/\/intervius.com\/index.html\/wp-json\/wp\/v2\/types\/post"}],"author":[{"embeddable":true,"href":"https:\/\/intervius.com\/index.html\/wp-json\/wp\/v2\/users\/1"}],"replies":[{"embeddable":true,"href":"https:\/\/intervius.com\/index.html\/wp-json\/wp\/v2\/comments?post=557"}],"version-history":[{"count":0,"href":"https:\/\/intervius.com\/index.html\/wp-json\/wp\/v2\/posts\/557\/revisions"}],"wp:attachment":[{"href":"https:\/\/intervius.com\/index.html\/wp-json\/wp\/v2\/media?parent=557"}],"wp:term":[{"taxonomy":"category","embeddable":true,"href":"https:\/\/intervius.com\/index.html\/wp-json\/wp\/v2\/categories?post=557"},{"taxonomy":"post_tag","embeddable":true,"href":"https:\/\/intervius.com\/index.html\/wp-json\/wp\/v2\/tags?post=557"}],"curies":[{"name":"wp","href":"https:\/\/api.w.org\/{rel}","templated":true}]}}