{"id":5569,"date":"2004-09-08T00:00:00","date_gmt":"2006-11-06T00:00:00","guid":{"rendered":"https:\/\/intervius.com\/index.html\/?p=5569"},"modified":"2006-11-06T00:00:00","modified_gmt":"2006-11-06T00:00:00","slug":"Julio_Cesar_Iglesias5569","status":"publish","type":"post","link":"https:\/\/intervius.com\/index.html\/Julio_Cesar_Iglesias5569\/","title":{"rendered":"Julio C\u00e9sar Iglesias"},"content":{"rendered":"<p>Pregunta.- \u00bfComo podremos participar los oyentes en tu programa?\u00bfSe podra escuchar por Internet?<\/p>\n<p>Respuesta.- En el programa se puede participar de diversas maneras. En casi todas las horas hay un tiempo de participaci\u00f3n, definido, en unos casos, y variable, en otros. Se puede participar, por ejemplo, al final de la hora de tertulia (hacia las 9.45 de la ma\u00f1ana). Luego, hay una hora espec\u00edfica de participaci\u00f3n, que es la segunda (de 10.00 a 11.00). Proponemos un tema que afecte a aspectos muy pr\u00f3ximos de la vida, relaciones personales, costumbres, noticias de repercusi\u00f3n inmediata, y los oyentes cuentan sus experiencias a prop\u00f3sito del tema propuesto. Por ejemplo, ayer recibi\u00f3 el premio Pr\u00edncipe de Asturias a las Concordia el Camino de Santiago; as\u00ed que hoy nos han contado historias del Camino de Santiago y de otros acontecimientos populares de parecida naturaleza. En el resto del programa, despu\u00e9s de los debates de las 11, por ejemplo, tambi\u00e9n pueden participar.<\/p>\n<p>P.- Igual que existe una telebasura..\u00bfCrees que existe tambien una especie de radiobasura?\u00bfDe que salud goza la radio en Espa\u00f1a?<\/p>\n<p>R.- Con toda seguridad hay radio buena y radio mala, como hay televisi\u00f3n buena y televisi\u00f3n mala. Sin duda, determinados espacios radiof\u00f3nicos podr\u00edan merecer ese calificativo, pero yo creo que el problema se concentra por ahora en televisi\u00f3n.<\/p>\n<p>P.- \u00bfCual seran los ejes fundamentales de tu programa?\u00bfHabra tertulia,humor,participacion de oyentes,informacion&#8230;?<\/p>\n<p>R.- Todos los g\u00e9neros y f\u00f3rmulas tendr\u00e1n su acogida en el programa porque en un magazine convencional se impone la variedad y debe haber tiempo para todo. As\u00ed, por ejemplo, en el programa habr\u00e1 muchos minutos para el humor. Debo decir que si la responsabilidad del humor racae en figuras como Carlos Latre, que est\u00e1 en el programa de 12.00 a 13.00 en directo, o en Mariano Mariano, que hace de animador de 10.00 a 11.00, o en Luis Figuerola Ferreti, que aparece en la cabecera de las 11 de la ma\u00f1ana, creo yo que la calidad y la variedad est\u00e1n garantizadas. La entrevista, la tertulia, el debate, el reportaje, todos los g\u00e9nero y f\u00f3rmulas, en fin, tienen cabida en esta aventura. <\/p>\n<p>P.- Querido Julio C\u00e9sar, eres un gr\u00e1n polifac\u00e9tico de la Radio, diriamos todo un dinosaurio, dominas el deporte, el humor, el magazine, la actualidad, la m\u00fasica \u00bfPara cuando tu salto a TV?<\/p>\n<p>R.- Yo estuve dirigiendo el programa Los desayunos de TVE durante seis a\u00f1os. Por cierto, que la f\u00f3rmula hizo fortuna y todas las cadenas tienen hoy programas an\u00e1logos a primera hora de la ma\u00f1ana. Quiere decirse que la televisi\u00f3n no es para m\u00ed una novedad, ni me siento extra\u00f1o en un plat\u00f3. Ocurre que casi siempre he tenido encomendados programas de radio de larga duraci\u00f3n y eso excluye casi toda posibilidad de disponer de tiempo libre para la tele. Tengo la sensaci\u00f3n de que la radio es mejor compa\u00f1era para el periodista que la tele, sobre todo, una compa\u00f1era m\u00e1s leal y estable. <\/p>\n<p>P.- Buenas tardes Sr. Iglesias. No es que yo lo des\u00e9e pero, \u00bfporque un profesional como Vd. no ha sido fichado ya por alguna emisora privada como lo han hecho todos los que destacaban en la radio publica? Seguro que ha sido tentado&#8230; y por alguna razon no ha querido. Cuentenos, si lo desea porqu\u00e9.<\/p>\n<p>R.- Estuve en la cadena SER durante cinco a\u00f1os y medio. Comenc\u00e9 a RNE, cuatro a\u00f1os despu\u00e9s de dirigir programas, me hicieron una oferta en esa cadena privada y la acept\u00e9. En la SER dirig\u00ed el magazine de tarde en dos etapas, Hora 25, el programa de noche La ventana indiscreta, y alg\u00fan que otro programa especial. All\u00ed comenz\u00f3 y se consolid\u00f3 La verbena de la Moncloa, un programa semanal de humor en el que participaban Luis Figuerola Ferreti y Javier Capit\u00e1n, programa que, en mi \u00faltimo a\u00f1o en esa cadena, fue galardonado con el premio Ondas. A pesar de todo, un d\u00eda decid\u00ed volver a RNE y, a ser posible, quedarme para siempre. <\/p>\n<p>P.- Desde aqu\u00ed quiero agradecerle los buenos ratos que me hace pasar leyendo sus columnas sobre deporte, en mi opini\u00f3n es Ud. el mejor columnista deportivo de este pa\u00eds con mucha diferencia.\u00bf Para cuando un libro donde se recopilen? .Y gracias tambi\u00e9n por las risas y sonrisas provocadas en sus di\u00e1logos con Mariano Mariano: a partir de ahora podr\u00e9 ir a trabajar sin ojeras. Un saludo desde Valencia<\/p>\n<p>R.- Muchas gracias. La cuesti\u00f3n del libro puede resolverse en cualquier momento, pero yo he dejado en manos del peri\u00f3dico esa iniciativa. En realidad yo escribo de deporte por gusto y eso hace que se trate de una experiencia muy grata para m\u00ed. Sospecho que ha sido usted oyente de La Ola, el programa nocturno que he dirigido en RNE hasta ahora. Celebro haber terminado con sus ojeras. <\/p>\n<p>P.- \u00bfNo cee que al igual que no existe un periodico del estado, ya no tiene sentido una radio publica?<\/p>\n<p>R.- Esa es m\u00e1s una cuesti\u00f3n para pol\u00edticos que para periodistas. A nosotros, creo yo, debe exig\u00edrsenos honradez a la hora de interpretar la profesi\u00f3n, ya sea en una emisora p\u00fablica, o en una emisora privada. A prop\u00f3sito, he trabajado en una y en otra y puedo decir, con toda confianza, que no hay grandes diferencias entre ellas. <\/p>\n<p>P.- \u00bfTiene soluci\u00f3n la situaci\u00f3n financiera de RTVE?\u00bfCu\u00e1l?\u00bfNo cree que el problema ha sido que los distintos partidos en el poder han utilizado RTVE en su propio beneficio? Un saludo<\/p>\n<p>R.- Deber\u00eda tenerla. Yo no soy en absoluto experto en cuestiones finaciera, s\u00f3lo puedo decir que tengo la sensaci\u00f3n de que los poderes p\u00fablicos han dejado ir el problema demasiado lejos. Seguramente, la soluci\u00f3n est\u00e1 en un amplio consenso parlamentario, pero en el fondo s\u00e9 que estoy pidiendo la luna.<\/p>\n<p>P.- Estimado Julio C\u00e9sar: me alegra enormente que regreses a las ma\u00f1anas y abandones los deportes. \u00bfQu\u00e9 consideraci\u00f3n te merece que en toda la oferta de radio convencional a partir de las 00.00 h \u00fanicamente exista oferta de programas deportivos? No s\u00e9 si Radio Nacional mantendr\u00e1 el magazine nocturno recientemente inaugurado tras tu marcha de La Onda, o es una situaci\u00f3n pasajera. Muchas gracias y \u00e9xitos. Por favor, mant\u00e9n al ciudadano Garc\u00eda (soy paisano suyo)<\/p>\n<p>R.- Siempre he pensado que RNE deber\u00eda ensayar una f\u00f3rmula no especializada a partir de las De hecho, este a\u00f1o comienza una aventura de esa naturaleza con mi compa\u00f1era y amiga, Ana Solanes. Hasta ahora el programa La Ola ten\u00eda una hora de tertulia deportiva y dos, de magazine. Confieso que me habr\u00eda gustado que tuviera tres de magazine. Estoy encantado con la decisi\u00f3n de la direcci\u00f3n de RNE porque creo que podemos ser en ese horario una alternativa. En cuanto a mi amigo Garc\u00eda, ha decidido emigrar a la tarde y acompa\u00f1ar a Olga Viza. No puedo reprocharle el cambio y s\u00ed puedo anunciar que Olga y \u00e9l estar\u00e1n en buena compa\u00f1\u00eda. <\/p>\n<p>P.- Durante la legislatura del PP, RNE demostr\u00f3 un parcialismo y una adhesi\u00f3n sin fisuras al gobierno. Har\u00e1n lo mismo con el gobierno actual?<\/p>\n<p>R.- Esa es una pregunta cuya respuesta puede tener muchos matices. Cada profesional deber\u00eda contestarla desde el fondo de su conciencia. Si irme por la tangente, dir\u00e9 que a estas alturas he trabajado sucesivamente, dirigiendo programas, se entiende, con todos los Gobiernos y administraciones. A veces pienso que es as\u00ed porque nunca he hecho la radio contra nadie y \u00e9sa es una actitud profesional que espero seguir manteniendo. Ahora bien, cada profesional de RNE debe tener su propia respuesta para esa pregunta. <\/p>\n<p>P.- Querido Julio C\u00e9sar. Mucha suerte en tu nueva aventura profesional. \u00bfQu\u00e9 criterio se ha seguido para elegir a los tertulianos? \u00bfQui\u00e9nes son?. Gracias<\/p>\n<p>R.- El criterio es que procedan de todos los grandes medios de comunicaci\u00f3n y opini\u00f3n. Se nos ha pedido que cada tertuliano act\u00fae una sola vez por semana, tanto en el programa Buenos D\u00edas como en el Informativo 24 horas. Tres tertulianos por d\u00eda, cinco d\u00edas por semana, hacen un total de 15 tertulianos, que son 30, si consideramos el informativo nocturno. En Buenos D\u00edas habr\u00e1 profesionales de EL MUNDO, El Pa\u00eds, ABC, La Raz\u00f3n, La Vanguardia, El Peri\u00f3dico, y otros. Adem\u00e1s, tendremos un banquillo de profesionales especializados que puedan reforzar, en su caso, la tertulia de alguno de los d\u00edas. Nadie es perfecto, pero procuramos que todas las voces y opiniones est\u00e9n representadas. <\/p>\n<p>P.- \u00bfEn la radio te dejan decir todo lo que quieras decir?<\/p>\n<p>R.- S\u00ed, tajantemente. Reconozco que soy yo quien pone los filtros que puede haber en mi cabeza. B\u00e1sicamente, me preocupo de que todos los oyentes se sientan respetados por lo que yo pueda decir. Ese es el \u00fanico tipo de censura que me permito. <\/p>\n<p>P.- Buenas tardes Julio Cesar. Tu que bautizaste a la &#8220;Quinta del Buitre&#8221;, \u00bfQu\u00e9 Real Madrid te gusta m\u00e1s aqu\u00e9l o el que conquist\u00f3 &#8220;la Novena&#8221;?, porque de el de ahora mejor ni hablamos. Un saludo<\/p>\n<p>R.- Comprenderas que tenga un recuerdo muy especial de aquel grupo (Butrague\u00f1o, M\u00edchel, Pardeza, Sanch\u00eds y Mart\u00edn V\u00e1zquez). Es imposible comparar \u00e9pocas, pero la frescura de aquel grupo, que pas\u00f3 r\u00e1pidamente de la etapa juvenil a la profesional, era incomparable. Seguramente, porque eran buenos y porque eran de aqu\u00ed, siguen siendo mis preferidos. S\u00f3lo les falt\u00f3 un poco de dureza muscular. <\/p>\n<p>P.- \u00bfQu\u00e9 opina de sus competidores FJLS, Luis del Olmo y Carlos Herrera?<\/p>\n<p>R.- Tengo un enorme respeto a todos ellos y ese respeto tiene una raz\u00f3n de ser: conozco las enormes dificultades que implica este trabajo. Cada cual tiene su estilo y todos tienen su p\u00fablico. Con Carlos y con Luis me une adem\u00e1s una amistad profunda. Ambos han pasado por RNE y con ambos he compartido muy buenos ratos y muchas conversaciones sobre esta profesi\u00f3n tan especial. De hecho, Carlitos y yo hemos dado muchos naturales a las mesas y ficheros de varias redacciones en las que hemos coincidido. \u00c9l tiene mucho temple y yo hago lo que puedo.<\/p>\n<p>P.- Bns Julio Cesar, se lo habeis dejado a huevo a la competencia con la supresion de Do\u00f1a Maria , del Garcia, y de Capit\u00e1n \u00bf Porque ese cambio y los mandais a otros sitios de vuestra programacion donde no son tan &#8221; efectivos &#8220;? Saludos<\/p>\n<p>R.- Se trata no s\u00f3lo de un cambio deseado por Luis, Jos\u00e9 Antonio y Javier, sino de un intento, a mi juicio sensato, de reforzar la nueva etapa de la tarde. Como ya he comentado, a Luis y Javier, que no se conoc\u00edan, les propuse yo la f\u00f3rmula La verbena de la Moncloa, primero, y el Gran Carnaval despu\u00e9s. Es f\u00e1cil imaginar el cari\u00f1o que puedo tenerles. con Garc\u00eda me ocurre lo mismo, pero debo aceptar que las necesidades de la cadena est\u00e9n por encima de los gustos del profesional. Dicho esto, Luis seguir\u00e1 conmigo, Carlos Latre reforzar\u00e1 la apuesta por el humor y Mariano Mariano no se quedar\u00e1 a la zaga. Todos son muy buenos. <\/p>\n<p>P.- \u00bfQu\u00e9 le parece la nueva competencia de Punto Radio? \u00bfHay oyentes para todos?<\/p>\n<p>R.- Contestar\u00e9 primero a la segunda: en un pa\u00eds de m\u00e1s de 40 millones de habitantes, hay oyentes para todos. Los profesionales tenemos que hacer el esfuerzo m\u00e1ximo para convencerlos de que la radio puede ser una buena amiga. Punto Radio es una aventura que hace esta temporada m\u00e1s sugestiva todav\u00eda. Ojal\u00e1 nos sirva para ir a buscar la calidad un poco m\u00e1s lejos todav\u00eda. <\/p>\n<p>P.- \u00bfCree que la radio p\u00fablica conseguir\u00e1 ser a apartir de ahora m\u00e1s plural?<\/p>\n<p>R.- S\u00e9 que los profesionales comprometidos con la programaci\u00f3n 2004-2005 dicen, con mucha determinaci\u00f3n, que quieren hacer una radio para todos.<\/p>\n<p>P.- Ante todo darle mi enhorabuena por su trayectoria, ya que le sigo desde hace a\u00f1os. \u00bfNo cree que RTVE deberia ser un organo independiente del Gobierno para evitar que cada cambio en el poder altere su estructura? Un saludo<\/p>\n<p>R.- Le dir\u00e9 con toda franqueza que yo he viajado por todos los horarios como consecuencia de los frecuentes cambios de direcci\u00f3n. Ha sido una experiencia satisfactoria porque me ha permitido conocer todos los escenarios posibles en un d\u00eda. Tambi\u00e9n debo confesar que algunos de los proyectos de los que me encargu\u00e9 habr\u00edan necesitado m\u00e1s tiempo para consolidarse. Yo suelo decir que los programas duran porque son buenos, pero tambi\u00e9n son buenos porque dur\u00e1n. Dir\u00e9 como ejemplo que me he encargado de la ma\u00f1ana durante siete a\u00f1os, pero lo he hecho en cuatro etapas diferentes. A veces, habr\u00eda deseado disponer de cinco a\u00f1os consecutivos. En todo caso, la variedad me ha divertido. <\/p>\n<p>P.- <\u00bfNo cree que en general las cadenas de radio espa\u00f1olas est\u00e1n produciendo un exceso de contenidos de opini\u00f3n?\n\nR.- Un d\u00eda apareci\u00f3 el g\u00e9nero que conocemos como tertulia, se acredit\u00f3 r\u00e1pidamente y todas las cadenas lo incorporaron. En alg\u00fan momento, se pens\u00f3 que tendr\u00eda una vida corta, pero hoy es una demanda, casi una costumbre, de los oyentes. Los profesionales nos limitamos a ser consecuentes con esa situaci\u00f3n. \n\nP.- Julio Cesar, como afronta esta temporada con el cambio de directivos en Radio Nacional. Va a luchar por la audiencia o por la calidad.\n\nR.- Ambos objetivos son, por fortuna, compatibles. En la radio la calidad (en todas sus expresiones) conduce invariablemente a la audiencia. \n\nP.- \u00bfEstarias dispuesto a trabajar en el periodismo determinado como periodismo ROSA?\n\nR.- Estar\u00eda dispuesto. La calidad y la honradez son compatibles con todos los g\u00e9neros. Ahora bien, hoy y aqu\u00ed estamos llamando periodismo rosa a un guirigay en el que no hay reglas y en el que los profesionales se confunden con personajes surgidos de nadie sabe d\u00f3nde. Me gustar\u00eda que la profesi\u00f3n reflexionara profundamente sobre este asunto. Confieso que nos impone un fuerte coste de desprestigio que me tiene personalmente muy preocupado. Ma\u00f1ana jueves de 11.30 a 12 ofrecer\u00e9 a los oyentes un debate sobre la cuesti\u00f3n. \n\n\n<\/p>\n","protected":false},"excerpt":{"rendered":"<p>Es la gran apuesta de RNE para liderar las franja matinal al frente del espacio Buenos D\u00edas, que ya dirigi\u00f3 con anterioridad. Iglesias es uno de los cl\u00e1sicos de la casa p\u00fablica, donde ha prestado su voz a programas deportivos como La Ola.<\/p>\n","protected":false},"author":1,"featured_media":0,"comment_status":"open","ping_status":"open","sticky":false,"template":"","format":"standard","meta":{"footnotes":""},"categories":[],"tags":[],"class_list":["post-5569","post","type-post","status-publish","format-standard","hentry"],"_links":{"self":[{"href":"https:\/\/intervius.com\/index.html\/wp-json\/wp\/v2\/posts\/5569","targetHints":{"allow":["GET"]}}],"collection":[{"href":"https:\/\/intervius.com\/index.html\/wp-json\/wp\/v2\/posts"}],"about":[{"href":"https:\/\/intervius.com\/index.html\/wp-json\/wp\/v2\/types\/post"}],"author":[{"embeddable":true,"href":"https:\/\/intervius.com\/index.html\/wp-json\/wp\/v2\/users\/1"}],"replies":[{"embeddable":true,"href":"https:\/\/intervius.com\/index.html\/wp-json\/wp\/v2\/comments?post=5569"}],"version-history":[{"count":0,"href":"https:\/\/intervius.com\/index.html\/wp-json\/wp\/v2\/posts\/5569\/revisions"}],"wp:attachment":[{"href":"https:\/\/intervius.com\/index.html\/wp-json\/wp\/v2\/media?parent=5569"}],"wp:term":[{"taxonomy":"category","embeddable":true,"href":"https:\/\/intervius.com\/index.html\/wp-json\/wp\/v2\/categories?post=5569"},{"taxonomy":"post_tag","embeddable":true,"href":"https:\/\/intervius.com\/index.html\/wp-json\/wp\/v2\/tags?post=5569"}],"curies":[{"name":"wp","href":"https:\/\/api.w.org\/{rel}","templated":true}]}}