{"id":5568,"date":"2004-09-09T00:00:00","date_gmt":"2006-11-06T00:00:00","guid":{"rendered":"https:\/\/intervius.com\/index.html\/?p=5568"},"modified":"2006-11-06T00:00:00","modified_gmt":"2006-11-06T00:00:00","slug":"Carlos_Herrera5568","status":"publish","type":"post","link":"https:\/\/intervius.com\/index.html\/Carlos_Herrera5568\/","title":{"rendered":"Carlos Herrera"},"content":{"rendered":"<p>Pregunta.- \u00bfQu\u00e9 reto se ha marcado &#8220;Herrera en la Onda&#8221; para este curso?<\/p>\n<p>Respuesta.- Yo no tengo vocaci\u00f3n de minor\u00eda, mi reto es el m\u00e1ximo posible a m\u00ed me gustar\u00eda tener el 100% de audiencia, pero como s\u00e9 que es imposible me consuelo pensando que hay oyentes para todos y que se puede conseguir todo a base de trabajo, esfuerzo y buen humor. <\/p>\n<p>P.- Sr herrera , tengo una curiosidad , que audiencia tendr\u00eda segun usted una tertulia deportiva a la misma hora de la ma\u00f1ana que las politicas , les ve buena salud a estas \u00faltimas . muchas gracias<\/p>\n<p>R.- A m\u00ed las tertulias deportivas me gustan en su justa di\u00f3cesis. La terutlia no s\u00f3lo tiene que ser pol\u00edtica y creo que tampoco debe ser s\u00f3lo deportiva. Me gustan las tertulias que hablan de todo. Si le sirve de orientaci\u00f3n, yo hoy en mi tertulia he hablado del partido de f\u00fatbol de ayer de Espa\u00f1a.<\/p>\n<p>P.- Qu\u00e9 le parece la incorporaci\u00f3n de Antonio Burgos y de Alfonso Uss\u00eda a su programa?<\/p>\n<p>R.- Una magn\u00edfica idea teniendo en cuenta que ha sido mia. <\/p>\n<p>P.- Ultimamente encuentro que en la radio actual se abusa de las opiniones de tertulianos, en lugar de contactar directamente con las personas expertas en cada terreno, cual es su opinion al respecto? Muchas gracias.<\/p>\n<p>R.- Que tiene usted raz\u00f3n, en la radio no hay nada como el testimonio directo, sobre el que despu\u00e9s se puede analizar, pero al que primero hay que escuchar. Si alg\u00fan d\u00eda comprueba usted que abuso de lo segundo, h\u00e1gamelo saber, por favor. <\/p>\n<p>P.- \u00bfCu\u00e1l es la f\u00f3rmula para que un periodista pueda llegar al p\u00fablico y engancharlo?<\/p>\n<p>R.- Honestidad, coherencia, sinceridad, complicidad. <\/p>\n<p>P.- Buenos d\u00edas Carlos, me gustaria que nos contestaras dos preguntas: qu\u00e9 opinas de la declaraci\u00f3n de Luis del Olmo de que Onda Cero ha perdido a su buque insignia con su programa &#8220;Protagonistas&#038;quo t; Qu\u00e9 opinas de la opci\u00f3n que nos daba Luis del Olmo de escuchar en directo su programa y grabar el tuyo ? Mucha suerte con tu nuevo programa. Saludos de un f\u00f3sforo tuyo.<\/p>\n<p>R.- Primero: Yo quiero mucho a Luis y todo aquel lugar del que se vaya Luis siempre tiene que lamentarlo. Protagonistas fue el buque insignia de la Onda Cero de Luis. Segundo: Como broma es imaginativa y me lo pone muy f\u00e1cil, h\u00e1galo al rev\u00e9s. <\/p>\n<p>P.- Hace un tiempo en otro encuentro aqu\u00ed en elmundo.es, dijo usted que pensar\u00eda la posibilidad de encuentros mensuales con sus oyentes a trav\u00e9s de carlosherrera.com \u00bfSigue pensando en hacerlo?<\/p>\n<p>R.- En cuanto tenga desarrollada la p\u00e1gina web a nivel que mi tiempo me lo permita, lo tengo en la cabeza. Es m\u00e1s, no me lo quito de ella. <\/p>\n<p>P.- Son conscientes los &#8220;periodistas estrellas&#8221; que se han convertido en los nuevos predicadores de nuestro tiempo?.No cree que algunos se sobreexceden en su poder y adem\u00e1s de informar pretenden acomodar la realidad espa\u00f1ola a su propia visi\u00f3n de la realidad<\/p>\n<p>R.- \u00bfCuando est\u00e1 hablando de periodista estrella se est\u00e1 usted refiriendo a m\u00ed? Si es as\u00ed, le agradezco el cumplido, pero no me tengo por tal. En segundo lugar, sobre los que predican habr\u00e1 que preguntarle a los que acuden a sus pr\u00e9dicas.<\/p>\n<p>P.- QUE HA SIGNIFICADO LA FIGURA DE MAT\u00cdAS PRATS CA\u00d1ETE EN TU VIDA<\/p>\n<p>R.- Una referencia, un profesor, un amigo, un se\u00f1or. <\/p>\n<p>P.- Hola paisano, tu de Cuevas y yo de Garrucha. Mi mujer es periodista y te hizo una entrevista hace tiempo y recuerdo que te hizo una pregunta que era \u00bfcomo veias el futuro del periodismo con todo el intrusismo que existia en la profesion? contestaste que no te preocupaba. \u00bfHa cambiado tu opinion sobre esto? mi mujer sigue sin trabajar en lo suyo gracias a ese problema. Gracias y un saludo y a ver si te pasas poor tu tierra de vez en cuando.<\/p>\n<p>R.- Precisamente de la tierra vengo. Yo no contratar\u00e9 para mi programa a ning\u00fan intruso, pero mi programa no lo pueden hacer s\u00f3lo periodistas, lo hace m\u00e1s gente. Los que lo confeccionan s\u00ed son s\u00f3lo periodistas, pero despu\u00e9s la visi\u00f3n de la vida rec\u00e1e sobre diversas personas de diversas procedencias. A eso me refiero con que no me preocupa el instrusismo. <\/p>\n<p>P.- Aprovechando que usted conoce muy bien los Estados Unidos, al igual que yo, quer\u00eda preguntarle cual es su opini\u00f3n ante la gran ola de antiamericanismo y profundo desconocimiento que hay hacia la primera potencia en nuestro pa\u00eds. Gracias<\/p>\n<p>R.- Me revienta profundamente el antiamericanismo de manual como tambi\u00e9n me revienta la adoraci\u00f3n al becerro de oro de una pa\u00eds que se tiene por antiamericano pero que se pasa el d\u00eda en los McDonalds. Yo amo profundamente los EEUU, pero no votar\u00eda a Bush. Lo digo por si eso le deja m\u00e1s tranquilo a alguno. <\/p>\n<p>P.- Te atreves con un progama de corazon o realiti show (que es lo mismo) ?<\/p>\n<p>R.- Atreverme, s\u00ed me atrevo, lo que pasa es que no me apetece nada, me da mucha pereza.<\/p>\n<p>P.- Enhorabuena por su programa. Usted es casi el \u00fanico de los periodistas que compiten en su franja horaria, que ha pasado por la cuatro emisoras importantes. \u00bfPodr\u00eda explicar si hay diferencias entre c\u00f3mo es tratado un profesional en cada una de ellas? (sobre todo en cuanto a la libertad para trabajar) Muchas gracias<\/p>\n<p>R.- Pues lamento defraudarle, pero debo decirle que yo he trabajado con libertad en las cuatro y que, efectivamente, todos somos mayores y sabemos bien para quien trabajamos. Pero en el balance de tensiones que conlleva siempre la libertad del trabajor y los intereses de la empresa, puedo decirle que a m\u00ed no me ha ido mal. <\/p>\n<p>P.- Cual es su postura ante el maltrato que sufre lo andaluz y los andaluces en la mayoria de los medios?<\/p>\n<p>R.- Estoy deseando ver una serie de ficci\u00f3n en la que la empleada de hogar sea vasca y del PNV o barcelonesa de la Bona Nova. Entonces, entender\u00e9 que se normalizan las cosas, que ahora mismo se siguen llevando hasta lo rid\u00edculo. Me revientan.<\/p>\n<p>P.- \u00bfQu\u00e9 le preguntar\u00edas a Bin Laden si pudieras?<\/p>\n<p>R.- Le leer\u00eda la lista, uno a uno, de las v\u00edctimas mortales de sus atentados. Eso me llevar\u00eda mucho tiempo. <\/p>\n<p>P.- \u00bfCual ser\u00e1 tu bandera esta temporada (aparte de la blaugrana, claro)? Me refiero a si optar\u00e1s por ser contemplativo con el Gobierno o afilar\u00e1s los micros contra el Presidente Rodriguez?<\/p>\n<p>R.- Contemplativo, ni debajo del agua. Y al presidente Rodr\u00edguez, lo que considere honestamente que se merezca pero nunca con una visi\u00f3n prefijada en la que predomine la inquina o la visi\u00f3n de fracaso. El \u00e9xito del presidente Rodr\u00edguez ser\u00e1 el \u00e9xito de los espa\u00f1oles, yo le deseo lo mejor. <\/p>\n<p>P.- Va a estar Josemi contigo en las ma\u00f1anas de Onda Cero.?<\/p>\n<p>R.- No lo concibo de otra menera. De hecho, ya est\u00e1, a las 11 todos los d\u00edas. <\/p>\n<p>P.- A sus \u00f3rdenes, mi cabo ferroviario. \u00bfLa radio est\u00e1 inventada en su totalidad, o quedan sorpresas para ganar audiencias? \u00bfQu\u00e9 idea imaginativa se te ocurrir\u00eda, as\u00edn, como de repente?<\/p>\n<p>R.- Descanse, soldado. La radio no deja de ser uno que habla y uno que escucha, lo que cambian permanentemente son las formas y cualquier renovaci\u00f3n de sonido no deja de ser una innovaci\u00f3n. \u00bfIdea imaginativa?, temo que si se lo digo me lo copie Luis del Olmo. <\/p>\n<p>P.- \u00bfComo lleva los madrunes? Se ha cruzado usted ya con el encargado de poner las calles, existe o es solo una leyenda urbana<\/p>\n<p>R.- No he conseguido nunca depertarme m\u00e1s all\u00e1 de las 7 de la ma\u00f1ana, con lo cual, el madrug\u00f3n es inherente a m\u00ed. Y yo no me encuentro con el encargado de poner las calles, me encuentro con el encargado de quitarlas. <\/p>\n<p>P.- \u00bfPara cuando otro libro de Carlos Herrera?<\/p>\n<p>R.- En diciembre aparece el tercer libro de Los F\u00f3sforos. <\/p>\n<p>P.- Con permiso: Sr. D. Carlos Herrera, siendo usted un monstruo como es de la comunicaci\u00f3n radiof\u00f3nica, \u00bfha pensado en trabajar un tiempito en TV para mejorar la calidad y la salud mental de todos los espa\u00f1oles con su buen hacer? Gracias de antemano, un f\u00f3sforo.<\/p>\n<p>R.- Lo he pensado, pero si trabajas en la radio, normalmente no tiene tiempo para trabajar en algo m\u00e1s. Tiemblo s\u00f3lo de pensar que cuando salgo de la radio, a eso de las 2 de la tarde -despu\u00e9s de estar despierto desde las 4.30-, tuviera que ir a un plat\u00f3 de televisi\u00f3n a poner buena cara. <\/p>\n<p>P.- Carlos \u00bfser\u00e1 posible disponer de tu programa en alg\u00fan formato que podamos escuchar por internet y que no sea en directo?<\/p>\n<p>R.- Lo ignoro, me consta que la p\u00e1gna de Onda Cero quiere mejorar en ese sentido, pero habr\u00e1 que esperar unas semanas.<\/p>\n<p>P.- Crees que se ha confundido informar con manipular (los medios de comunicacion), y ahora parece esto inglaterra, todos sabemos de que pie cojea cada medio?<\/p>\n<p>R.- \u00bfA usted le parece malo saber de qu\u00e9 pie cojea cada medio? A m\u00ed eso no me preocupa. La informaci\u00f3n tiene que venir cargada de an\u00e1lisis y el an\u00e1lisis, evidentemente, comporta opini\u00f3n. <\/p>\n<p>P.- H\u00e1game un pron\u00f3stico para la Champions de este a\u00f1o.<\/p>\n<p>R.- A m\u00ed me sigue enamorando el f\u00fatbol ingl\u00e9s. <\/p>\n<p>P.- En cuesti\u00f3n de cocina se muere por&#8230; Vicio confesable&#8230;<\/p>\n<p>R.- El aceite virgen extra, de oliva, claro. <\/p>\n<p>P.- \u00bfQu\u00e9 te parece la idea del Gobierno de quitar el servicio de escolta a determinadas personas amenazadas por ETA?<\/p>\n<p>R.- En casos determinados y muy concretos, me parece infame. En otros caso, posiblemente pueda solucionarse con contravigilanca. Pero en esas cosas es mejor andar con pies de plomo y, en cualquier caso, no comunicarlo en rueda de prensa. Pero tenemos un secretario de estado de seguridad que dijo que los terroristas callejeros lo que hac\u00edan s\u00f3lo era divertirse, con lo cual podemos esperar de todo. <\/p>\n<p>P.- Los toros es el segundo espect\u00e1culo de \u00e9ste pa\u00eds, \u00bfPorqu\u00e9 nadie tiene un espacio en sus programas para los toros?. Bisbal dice que mete 15.000 personas hoy en las ventas y sale en el telediario. Hace unos meses un torero sevillano meti\u00f3 22.000 y no sali\u00f3 en ninguna parte. \u00bf No crees que lo que pasa es que no hay una industria detr\u00e1s, es decir, que falta estructura en los toros?.GRACIAS.<\/p>\n<p>R.- A los aficionados nos van a acabar echando de los toros, no los concejales catalanes ni cualquier otro cretino que haga bandera violenta del antitaurinismo: nos van a acabar echando los ganaderos y los toreros, porque cada d\u00eda es m\u00e1s aburrido ir a una plaza. En cuanto aparezca una figura que revolucione la fiesta, ya ver\u00e1 como aparecen de nuevo los toros en los medios.<\/p>\n<p>P.- \u00bfCONTRATAR\u00cdAS A RA\u00daL COMO COMENTARISTA DEPORTIVO SI HOY MISMO DECIDE DEJAR EL F\u00daTBOL? ESTA MA\u00d1ANA HAS SIDO CRUEL, Y A M\u00cd NO ME GUSTA EL JUGADOR.<\/p>\n<p>R.- Hombre, no creo que entre las virtudes de Ra\u00fal se encuentre la expresividad. Lo que yo quiero es que vuelva a ser el gran jugador que fue, pero mientras juegue como juega me parece una tomadura de pelo que sea el delantero centro de la selecci\u00f3n. <\/p>\n<p>P.- Una pena que ya no pueda haber la tertulia de f\u00fatbol de los ni\u00f1os \u00bfHa pensado en la posiblidad de seguir haci\u00e9ndola utilizando el recreo de los chavales? Puede estar bien, eh?<\/p>\n<p>R.- Hombre, t\u00e9cnicamente un poquito complicado, que quiere que le diga. Le cedo la idea a otros. <\/p>\n<p>P.- Buenas tardes D. Carlos, una preguntita: \u00bfA qu\u00e9 personaje pol\u00edtico ser\u00eda usted incapaz de entreistar?<\/p>\n<p>R.- A m\u00ed particularmente me descorazonan los aburridos y los previsibles, y de esos, desgraciadamente hay muchos en Espa\u00f1a. <\/p>\n<p>P.- Como antiguo m\u00e9dico \u00bfqu\u00e9 piensa de la eutanasia? \u00bfQu\u00e9 te ha parecido la pel\u00edcula de Amen\u00e1bar?<\/p>\n<p>R.- No la he visto. Tengo entendido que es una pel\u00edcula estimable con algunos tics de progre antiguo pero, t\u00e9cnicamente incontestable. En cuanto a la eutanasia, me pasa lo que a Rodr\u00edguez: yo no le hubiera administrado el ciuanuro a Ram\u00f3n Sampedro, aunque entiendo que es tan lamentable administrar la muerte como alargar innecesariamente la vida.<\/p>\n<p>P.- Buenas Tardes Sr. Herrera, \u00bf Qu\u00e9 opina de la Comisi\u00f3n del 11-M, sabremos alguna vez la Verdad de lo sucedi\u00f3? Un afectuoso saludo.<\/p>\n<p>R.- Entre las labores de la Comisi\u00f3n no est\u00e1 investigar la autor\u00eda del atentado. Eso tiene que hacerlo la inteligencia, la polic\u00eda, los jueces. Hubiera sido un fraude imperdonable haberle dado carpetazo a la Comisi\u00f3n, no obstante, en el punto en que lo pretend\u00eda el PSOE y, con la boca callada, el PP. Afortunadamente, han rectificado y seguir\u00e1n discutiendo. Eso es bueno para la democracia.<\/p>\n<p>P.- \u00bfQu\u00e9 opinas de la radio digital? \u00bfCrees que lograr\u00e1 hacerse un hueco en Espa\u00f1a o no hay PRISA?<\/p>\n<p>R.- PRISA no hay, pero yo no la ver\u00e9 como profesional. Tardar\u00e1 a\u00f1os, pero llegar\u00e1 y ser\u00e1, efectivamente, revolucionaria. <\/p>\n<p>P.- Buenas, Sr. Herrera. \u00bfCree usted que el Comit\u00e9 de Sabios creado por Zapatero para mejorar en RTVE servir\u00e1 realmente para mejorarlo?<\/p>\n<p>R.- Hombre, en principio de televisi\u00f3n saben quienes la hacen, pero tambi\u00e9n ser\u00eda injusto emitir juicio llenos de suficiencia a cerca de unas conclusiones que todav\u00eda no conocemos. Lo mejor es esperar a ver qu\u00e9 dicen y tomar posici\u00f3n despu\u00e9s. <\/p>\n<p>P.- PIenso que el nivel intelectual y profesional de nuestros pol\u00edticos ha ca\u00eddo en picado en los \u00faltimos a\u00f1os \u00bfEst\u00e1 de acuerdo? \u00bfQui\u00e9n sube, en su opini\u00f3n un poco el list\u00f3n?<\/p>\n<p>R.- Qu\u00e9 le hace pensar que antes era muy elevado. Hay grandes intelectuales en la pol\u00edtica, grandes hombres de estado, pero como ocurre en otros \u00e1mbitos, incluido el periodismo, en pol\u00edtica hay una amplia representaci\u00f3n de la sociedad espa\u00f1ola. No son ni mejores ni peores que los abogados, que los arquitectos o que las psic\u00f3logas. Ahora bien, si me pregunta usted si echo en falta a Alfonso Guerra, yo le dir\u00e9 que s\u00ed. <\/p>\n<p>P.- \u00bfporque nos calentais tanto con la seleccion los medios periodisticos si despues somos campeones de nada?\u00bfnecesidad de hacer caja con la publicidad? Saludos.<\/p>\n<p>R.- Me parece que ha dado usted en el clavo, pero no me tire de la lengua. <\/p>\n<p>P.- Un saludo Sr. Herrera. \u00bfCree que en la radio comercial podria concentrarse un poco los tiempos publicitarios? Con tanto corte ya no sabe uno si es una opinion o es que la lavadora esta rota<\/p>\n<p>R.- Ja, ja ja. Ha estado usted brillante. Indudablemente, algo habr\u00e1 que hacer; o se suben las tarifas o se renuncia a determinados clientes. Le paso la sugerencia al director de publicidad de Onda Cero <\/p>\n<p>P.- \u00bfSigue pensando que ser\u00eda una buena idea salir del EGM? Gracias y saludos<\/p>\n<p>R.- Indudablemente. Pagar para que te maltraten me parece un signo de masoquismo incompresible. <\/p>\n<p>P.- buenas tardes. su mayor acierto en el programa de la tarde, y lo que me engancho, fue por una vez volver la radio del reves, oyendo lo que tenemos que decir los oyentes&#8230;.cree que por las ma\u00f1anas esta formula funcionara igual?<\/p>\n<p>R.- En teor\u00eda, no tiene por qu\u00e9 no. Al fin y al cabo, esa f\u00f3rmula yo me la llev\u00e9 de la ma\u00f1ana a la tarde y en la ma\u00f1ana anteriormente hab\u00eda funcionado. <\/p>\n<p>P.- Muy buenas tardes, Carlos. Soy de Tucson, Arizona, aunque llevo a\u00f1os viviendo en Madrid, y su respuesta a la pregunta n\u00ba11 no me sorprende para nada, pero quiero saber, c\u00f3mo el buen rockero que es, si va dar m\u00e1s espacio a musica rock en su nuevo programa. Saludos, amigo.<\/p>\n<p>R.- Yo lo que le he pedido a la radio es que me d\u00e9 una hora en la programaci\u00f3n para hacer un programa de rock, que sn realidad es lo que me gusta. Por las ma\u00f1anas, todos los d\u00edas acabo, alas 12.45, con una pieza de mi discoteca favorita que, normalmente, es de rock. Pero, ahora que caigo, qu\u00e9 quiere decir con eso de que la respuesta no le sorprende nada. <\/p>\n","protected":false},"excerpt":{"rendered":"<p>Nombre con may\u00fasculas del mundo radiof\u00f3nico, Carlos Herrera charlar\u00e1 con los internautas sobre su nuevo reto profesional: Herrera en la Onda deja las tardes de Onda Cero y toma el relevo matutino a Luis del Olmo.<\/p>\n","protected":false},"author":1,"featured_media":0,"comment_status":"open","ping_status":"open","sticky":false,"template":"","format":"standard","meta":{"footnotes":""},"categories":[],"tags":[],"class_list":["post-5568","post","type-post","status-publish","format-standard","hentry"],"_links":{"self":[{"href":"https:\/\/intervius.com\/index.html\/wp-json\/wp\/v2\/posts\/5568","targetHints":{"allow":["GET"]}}],"collection":[{"href":"https:\/\/intervius.com\/index.html\/wp-json\/wp\/v2\/posts"}],"about":[{"href":"https:\/\/intervius.com\/index.html\/wp-json\/wp\/v2\/types\/post"}],"author":[{"embeddable":true,"href":"https:\/\/intervius.com\/index.html\/wp-json\/wp\/v2\/users\/1"}],"replies":[{"embeddable":true,"href":"https:\/\/intervius.com\/index.html\/wp-json\/wp\/v2\/comments?post=5568"}],"version-history":[{"count":0,"href":"https:\/\/intervius.com\/index.html\/wp-json\/wp\/v2\/posts\/5568\/revisions"}],"wp:attachment":[{"href":"https:\/\/intervius.com\/index.html\/wp-json\/wp\/v2\/media?parent=5568"}],"wp:term":[{"taxonomy":"category","embeddable":true,"href":"https:\/\/intervius.com\/index.html\/wp-json\/wp\/v2\/categories?post=5568"},{"taxonomy":"post_tag","embeddable":true,"href":"https:\/\/intervius.com\/index.html\/wp-json\/wp\/v2\/tags?post=5568"}],"curies":[{"name":"wp","href":"https:\/\/api.w.org\/{rel}","templated":true}]}}