{"id":5558,"date":"2004-09-21T00:00:00","date_gmt":"2006-11-06T00:00:00","guid":{"rendered":"https:\/\/intervius.com\/index.html\/?p=5558"},"modified":"2006-11-06T00:00:00","modified_gmt":"2006-11-06T00:00:00","slug":"Fran_Llorente5558","status":"publish","type":"post","link":"https:\/\/intervius.com\/index.html\/Fran_Llorente5558\/","title":{"rendered":"Fran Llorente"},"content":{"rendered":"<p>Pregunta.- \u00bfQu\u00e9 opina de la gala de la programaci\u00f3n de TVE del pasado domingo?<\/p>\n<p>Respuesta.- A m\u00ed en general no me gustan mucho las galas, y si encima no tienen la ilusi\u00f3n de saber qui\u00e9n es el ganador de un premio pierden inter\u00e9s. Hacer reir con una gala es seguramente dif\u00edcil y la del domingo tuvo momentos divertidos y otros que me gustaron menos. <\/p>\n<p>P.- Sr. Llorente, me parece indignante que los presentadores no lleven corbata en los telediarios. Menuda falta de seriedad!<\/p>\n<p>R.- Nuestra intenci\u00f3n, desde luego, no es digustar a nadie. Sinplemente creemos que se pueden combinar dos formas de presentar la realidad que nos rodea, donde en las empresas, hoy en d\u00eda, conviven personas con traje y personas m\u00e1s de sport. La \u00fanica intenci\u00f3n es ir siempre bien vestidos y elegantes, y la corbata es un elemento m\u00e1s, que no ha desaparecido. <\/p>\n<p>P.- \u00bfQu\u00e9 le diferencia a Usted de Urdaci?<\/p>\n<p>R.- No me gusta compararme con nadie. Ni tengo que ser yo quien lo haga. \u00c9l dirig\u00eda los informativos a su estilo, y yo lo hago con el mio, que es muy diferente.<\/p>\n<p>P.- TVE es un instrumento que utilizan los pol\u00edticos para manipular. La mejor TV p\u00fablica es la que no existe. \u00bfQu\u00e9 opina?<\/p>\n<p>R.- Seguramente ha sido as\u00ed, pero alguna vez hay que intentar que deje de serlo. Y \u00e9ste es un momento importante para crear un modelo de televisi\u00f3n p\u00fablica independiente, que no dependa de un director de informativos, sea yo o qui\u00e9n sea. Y para eso hay que crear mecanismos de control m\u00e1s eficaces, por ejemplo, en TVE los trabajadores est\u00e1n empujando la puesta en marcha de los Consejos de Redacci\u00f3n y el Estatuto de Redacci\u00f3n. En pa\u00edses como Gran Breta\u00f1a o Francia estos mecanismos internos han demostrado que son eficaces porque sirven de vigilancia y si hay que poner rojo al director de turno, se le pone e incluso se le ha obligado a dimitir. Adem\u00e1s, hay que pensar en un Consejo de lo Audiovisual, con expertos independientes que vigilen la informaci\u00f3n qe se da en la televisi\u00f3n p\u00fablica, y tambi\u00e9n en las privadas. Y, adem\u00e1s, cambiar el Estatuto de Televisi\u00f3n con mayores garant\u00edas, por ejemplo, en el nombramiento del director general. S\u00e9 que hay mucho escepticismo, pero si no se intenta, no se podr\u00e1 conseguir. <\/p>\n<p>P.- Usted presentaba el TD de la 2 durante la etapa del PP. \u00bfRecibi\u00f3 usted algun tipo de presi\u00f3n pol\u00edtica o censura a su trabajo?<\/p>\n<p>R.- No me gusta hablar de la \u00e9poca anterior. No es mi estilo. S\u00f3lo dir\u00e9 que s\u00ed hubo presiones, pero tambi\u00e9n es verdad que nunca me cesaron. <\/p>\n<p>P.- soy un &#8220;fan&#8221; acerrimo de sus telediarios de La 2 desde hace algunos a\u00f1os, mucho m\u00e1s frescos que los de La Primera, \u00bfcu\u00e1l es su secreto?<\/p>\n<p>R.- Siempre hemos dicho que lo primero es pensar siempre en el espectador, conseguir seducirle, que le interese y que se entere de lo que ocurre en el mundo. Darle informaci\u00f3n y claves para que se forme \u00e9l mismo su propia opini\u00f3n. Se trata de hacer periodismo de televisi\u00f3n, que tiene sus propios esquemas: dar mucha importancia a la imagen y usar un lenguaje cercano y natural. Y muchas gracias \ud83d\ude42 <\/p>\n<p>P.- Si tan plural y democr\u00e1tico es el nuevo talante que impera en los informativos de TVE \u00bfPor qu\u00e9 hay tanto tufo pro gubernamental en los telediarios? \u00bfA que se deben ciertos reportajes que tratan de convencer a los espectadores de ciertas medidas gubernamentales? Recuerdo especialmente uno: el que justificaba las desaladoras como alterntiva al PHN&#8230; ninguna voz en contra de las desaladoras \u00bfes eso periodismo?<\/p>\n<p>R.- Pues no recuerdas bien, porque es ese caso concreto, en los telediarios expresamente se incluyeron las cr\u00edticas de los ecologistas a los problemas que provocan los residuos de las desaladoras en la calidad del agua. Los reportajes de apoyo a las informaciones siempre incluyen opiniones cr\u00edticas o visiones diferentes a las del Gobierno. Lo del tufo es una sensaci\u00f3n subjetiva contra la que s\u00f3lo puedo luchar por tiempo. S\u00f3lo te puedo decir que los datos que tenemos demuestran que la oposici\u00f3n tiene ahora m\u00e1s tiempo en los telediarios y no s\u00f3lo la oposici\u00f3n, sino tambi\u00e9n las organizaciones sociales. <\/p>\n<p>P.- Trabajo como becario en los servicios informativos de la radio del Ayuntamiento \u00bfPodr\u00eda conseguir una invitaci\u00f3n para visitar vuestra redacci\u00f3n y explicarme c\u00f3mo funciona?. Gracias.<\/p>\n<p>R.- Si llamas a televisi\u00f3n y preguntas por la direcci\u00f3n de Servicios Informativos, all\u00ed te explican c\u00f3mo se puede hacer. <\/p>\n<p>P.- \u00bfpor qu\u00e9 la TV p\u00fablica pierde tanto dinero y no las privadas?<\/p>\n<p>R.- Posiblemente la televisi\u00f3n no perder\u00eda dinero en s\u00ed misma. Es todo el conjunto, que incluye desde la radio hasta la orquesta de RTVE y numerosos servicios p\u00fablicos. Aunque el problema de fondo es la deuda, que va creciendo y se va comiendo cada vez m\u00e1s parte de los presupuestos. En cualquier caso, lo que es evidente es que el modelo hay que cambiarlo. Hay un esquema que viene de cuando s\u00f3lo hab\u00eda una televisi\u00f3n. Llegaron las privadas y no hubo un plan ni una estrategia para la nueva situaci\u00f3n de competencia. <\/p>\n<p>P.- Hola Sr. Llorente. El Sr. Urdaci acus\u00f3 a TVE y al gobierno del PSOE de una caza de brujas contra \u00e9l. \u00bfQu\u00e9 opina la respecto?. \u00bfTiene miedo de que se tache de &#8220;socialista&#8221; a partir de ahora?<\/p>\n<p>R.- Yo no quiero entrar en ninguna pol\u00e9mica con Urdaci. \u00c9l mismo dijo, de sus propias declaraciones que eran una provocaci\u00f3n. S\u00f3lo te puedo decir algunos datos: dos de los editores de su etapa siguen siendo editores, uno de los editores adjuntos de su propio telediario sigue si\u00e9ndolo, lo mismo ocurre en el TD-Uno de sus editores es ahora subdirector conmigo. El editor del TD-2 fue jefe de \u00e1rea nombrado por Urdaci y en el \u00e1rea de Nacional, pr\u00e1cticamente no ha cambiado la redacci\u00f3n, donde una jefa adjunta es la misma. Y pod\u00eda seguir, pero lo mejor es preguntar a los trabajadores de Torre Espa\u00f1a.<\/p>\n<p>P.- por que se dedica tanto tiempo en los telediarios al futbol en lugar de hacer programas especificos?<\/p>\n<p>R.- Uno de los objetivos declarados de estos nuevos telediarios es reducir el tiempo de f\u00fatbol para dedic\u00e1rselo a la informaci\u00f3n polideportiva. Yo creo que se est\u00e1 consiguiendo poco a poco. Estos d\u00edas estamos hablando mucho de la Vuelta Ciclista, de las motos, de la Copa Davis o de los Juegos Paral\u00edmpicos. \u00c9sa es la meta. <\/p>\n<p>P.- \u00bfPorqu\u00e9 cuando en una noticia salen las palabras de una persona extranjera no lo subtitulan en lugar de traducirlo? Se agradece mucho escuchar a Bush o Balir en ingl\u00e9s y a Chirac en Franc\u00e9s, pero en TVE parece dif\u00edcil.<\/p>\n<p>R.- Es un debate dif\u00edcil. En La 2 Noticias lo subtitul\u00e1bamos siempre, pero en el Telediario hay muchos espectadores ya mayores a los que no se les puede obligar a leer mucho. Estamos intentando una f\u00f3rmula h\u00edbrida, donde se pueda escuchar en parte los sonidos originales de los que hablan y despu\u00e9s la traducci\u00f3n. <\/p>\n<p>P.- Estimado se\u00f1or: \u00bfQu\u00e9 opina de los medios digitales? Gracias y un saludo<\/p>\n<p>R.- Yo soy un consumidor que disfruta mucho del aire fresco que aportan su instantaneidad y su libertad. <\/p>\n<p>P.- Suerte en su nueva etapa. \u00bfHas oido los comentarios que os dedican algunos medios, en especial, Jimenez Losantos en la Cope? Que dirias a quien duda de vuestra independencia informativa.<\/p>\n<p>R.- Yo le dir\u00eda que nos diera tiempo y que intentara juzgarnos con cierta distancia, sin predisposici\u00f3n. Yo acepto de muy buen grado las cr\u00edticas&#8230; constructivas. <\/p>\n<p>P.- Algunos de los cambios introducidos en los informativos me han reconciliado un poco con TVE. Sin embargo, creo que los informativos de las diversas cadenas van de la frivolidad rosa a la destinada a mayores de 40 y de sesgo conservador. \u00bf Cree que conseguiran ustedes &#8220;calar&#8221; entre los menores de 30 a\u00f1os ?<\/p>\n<p>R.- Es dif\u00edcil recuperar a un espectador que se ha alejado de los informativos, pero \u00e9se es uno de los grandes desaf\u00edos. Ahora tenemos una competencia enorme y no s\u00f3lo de de las televisiones privadas, sino de las televisiones digitales, locales y especialemente, de Internet. Yo mismo he dejado de ver mucho televisi\u00f3n los \u00faltimos tres a\u00f1os y ese tiempo se lo he dedicado al ordenador. <\/p>\n<p>P.- Me parece muy bien lo del cambio de estilo, pero \u00bfalguna vez potenciar\u00e1n la m\u00fasica de calidad, y dejaran de programar a los mismos de siempre? Me parece algo necesario.<\/p>\n<p>R.- De m\u00ed s\u00f3lo dependen los Telediarios. Y, por decir algo, en todo un TD-2 sacamos a Los Planetas. Y tambi\u00e9n por supuesto a Barenboim. <\/p>\n<p>P.- Considero que un informativo p\u00fablico debe ser \u00fanicamente informativo y no dar opini\u00f3n, especialmente pol\u00edtica. Si usted est\u00e1 de acuerdo con esta premisa, me gustar\u00eda saber su opini\u00f3n sobre el tratamiento que dieron el primer d\u00eda sobre la noticia de la foto de Zapatero con Chirac y Schreder compar\u00e1ndola con la foto de Aznar con Bush y Blair. Gracias.<\/p>\n<p>R.- Yo creo que un informativo de una televisi\u00f3n p\u00fablica no puede dar opini\u00f3n, y dar esa imagen, creo que no era opini\u00f3n. Lo que pienso es que s\u00ed que hay que dar contexto. Un dato del IPC, si no lo comparas con otras cifras, no significa nada. Lo mismo pasa con las noticias pol\u00edticas. Ese d\u00eda lo \u00fanico que se dijo es que hab\u00eda un cambio de pol\u00edtica exterior y que ese cambio se reflejaba en un cambio de im\u00e1genes. Hab\u00eda una apuesta eurocentrista y una apuesta estadounidense; nadie dijo que una era mejor que otra. Si alguien cree que poner la imagen de las Azores es criticar a Aznar es porque est\u00e1 asumiendo que eso era mala. Si eso era bueno, entonces es un elogio. La opini\u00f3n es del cristal de cada espectador. Lo \u00fanico que se dio fue contexto. Por cierto, Telecinco hizo lo mismo, e incluso se recre\u00f3 en postproducci\u00f3n. Y nadie dice nada porque nadie va buscando dobles lecturas o intenciones. Lo profesional ese d\u00eda era hablar del cambio en la pol\u00edtica exterior, y en televisi\u00f3n eso se hace con im\u00e1genes. <\/p>\n<p>P.- Tanto su telediario de la 2 como los nuevos informativos parecen en ocasiones notas de prensa de Greenpeace. \u00bfAlguna vez dar\u00e1n informaci\u00f3n medioambiental que no siga al pie de la letra lo que opinan los ecologistas?<\/p>\n<p>R.- No s\u00f3lo escuchamos lo que dice Greenpeace, tambi\u00e9n aparecen otras voces como las de Adena o las de Ecologistas en Acci\u00f3n. Si te refieres a opiniones contrarias, tambi\u00e9n sales, por ejemplo la industria nuclear ha salido en La 2 Noticias y en los Telediarios.<\/p>\n<p>P.- Hace unos cuatro a\u00f1os en la facultad de ciencias de la informaci\u00f3n usted acudi\u00f3 junto con Lorenzo Mila a dar una charla sobre el informativo de LaSe les ve\u00eda gente muy cercana y con ganas de cambiar los informativos y as\u00ed lo hicieron. Pero, \u00bfen qu\u00e9 ha cambiado Fran LLorente desde su reciente nombramiento?. Espero que no haya perdido la humildad. Enhorabuena.<\/p>\n<p>R.- De momento, soy el mismo. Como en el mismo comedor con mis compa\u00f1eros y tengo siempre las puesrtas del despacho abiertas. Me he rodeado de gente para que no me permita cambiar. Y a mis amigos y a mi mujer les he dicho que si me vuelvo idiota, me den con la sart\u00e9n. <\/p>\n<p>P.- En clase de &#8220;mundo&#8221; vivimos que se hacecn debates sobre corbata si o no en los informativos?<\/p>\n<p>R.- Eso mismo digo yo. Hoy en d\u00eda en el mundo que nos rodea convive gente con corbata y sin ella con naturalidad. De eso se trata, de no obligar a ponerse una corbata a quien no la usa nunca, ni de quit\u00e1rsela a quien se siente c\u00f3modo con ella. Se nos acusa de pose cuando es todo lo contrario, respetar a cada uno como es. De todas maneras, no somos los primeros ni los \u00faltimos: en Gran Breta\u00f1a o en Francia, por ejemplo, en la televisi\u00f3n p\u00fablica ya aparecen presentadores sin corbata. <\/p>\n<p>P.- Le dara a Urdaci un telediario igual que \u00e9l consinti\u00f3 que Vd. tuviera uno?<\/p>\n<p>R.- Lo de consinti\u00f3 lo has dicho t\u00fa, y ya dice mucho. Cuando Alfredo Urdaci lleg\u00f3 a ser director de Informativos, yo llevaba ya siete a\u00f1os dirigiendo La 2 Noticias con dos Gobiernos diferentes y creo que cinco directores generales.<\/p>\n<p>P.- \u00bfPor qu\u00e9 existe una especie de pacto t\u00e1cito para silenciar las noticias y posturas reales de aportaci\u00f3n constructiva de la Iglesia, sobre todo en cuestiones de moral y bio\u00e9tica en los telediarios? \u00bfSe debe a motivos ideol\u00f3gicos o econ\u00f3micos?<\/p>\n<p>R.- Yo creo que la opini\u00f3n de la Iglesia cat\u00f3lica, por lo que representa, s\u00ed aparece en los telediarios, y en concreto, s\u00ed se ha contado su postura y se ha escuchado su opini\u00f3n sobre los avances de la investigaci\u00f3n gen\u00e9tica. <\/p>\n<p>P.- \u00bfSi recibiera alg\u00fan tipo de hipot\u00e9tica presi\u00f3n respecto a los contenidos, ser\u00eda capaz de llegar a renunciar a su puesto?, en cualquier caso, \u00bfLo denunciar\u00eda publicamente?<\/p>\n<p>R.- Hoy por hoy, te digo que s\u00ed. Y si no, ya te digo que mis amigos y mi mujer tienen una sart\u00e9n. \ud83d\ude42 En serio, no soy s\u00f3lo yo, a mi lado tengo un equipo de periodistas que nos hemos embarcado en este desaf\u00edo porque nos creemos que es el moewmnto de intentarlo. Y si yo no dimito, me dejar\u00edan s\u00f3lo, que ser\u00eda a\u00fan m\u00e1s bochornoso.<\/p>\n<p>P.- \u00bfpueden las audiencias condicionar los contenidos informativos como ocurre con otros formatos televisivos?<\/p>\n<p>R.- Me resisto a ello y estoy decidido a hacer los mejores telediarios pensando s\u00f3lo en su calidad. En junio bajamos de audiencia y no cambiamos ni buscamos atajos. Seguimos apostando por ser los primeros con informaciones de contenido social, constructivas, de integraci\u00f3n, con noticias de cultura, con otros deportes que no sean el f\u00fatbol. En julio recuperamos el liderato y ah\u00ed vamos, los primeros. Pero m\u00e1s que ser los primeros, que tambi\u00e9n, quiero que seamos los mejores. <\/p>\n<p>P.- \u00bfM\u00e1s actualidad y pol\u00edtica internacional o m\u00e1s reportajes insulsos con lo mismo de siempre: la vuelta al cole, la obesidad, la adicci\u00f3n al tabaco&#8230;?<\/p>\n<p>R.- Habr\u00e1 actualidad pol\u00edtica y, desde luego, pol\u00edtica internacional. Pero, desde luego, sociedad y no insulsa. La vuelta al cole es un momento excelente para denucniar problemas como hicimos, como por ejemplo, la falta de plazas que obliga a ni\u00f1os a empezar las clases en barracones o para explicar los desaf\u00edos de nuestra realidad cotidiana como pasa con el crecimeitno del n\u00famero de inmigrantes en los colegios. Ni la obesidad ni la adicci\u00f3n al tabaco me parecen temas insulsos. Lo que hay que aportar novedades y puntos de vista nuevos e interesantes. Hay muchas organizaciones, cient\u00edficos, m\u00e9dicos que trabajan d\u00eda a d\u00eda y se ganan su sitio en los telediarios igual que los l\u00edderes pol\u00edticos. <\/p>\n<p>P.- \u00bfQule le parece que una compa\u00f1era suya, de repente, se haya convertido en Princesa de Asturias?, \u00bfc\u00f3mo era en el d\u00eda a d\u00eda, normal, estirada, abierta,&#8230; en fin, d\u00edganos algo?<\/p>\n<p>R.- Fue uno de los momentos m\u00e1s incre\u00edbles que hemos vivido. Muchos nos quedamos estupefactos y todav\u00eda hoy nos divierte recordarlo. De Letizia yo dir\u00eda que era muy educada y que viv\u00eda esto del periodismo con intensidad. <\/p>\n<p>P.- \u00bfPor qu\u00e9 no se le est\u00e1 dando el tratamiento que deben los Paral\u00edmpicos cuando doblan en medallas a los anteriores?<\/p>\n<p>R.- Yo creo que en TVe le estamos dando un tratamiento destacado. Evidentemente, no es el mismo que en los Juegos Ol\u00edmpicos, pero todos los d\u00edas en los telediarios destacamos los resultados y conocemos m\u00e1s de algunos de sus protagonistas. Los Paral\u00edmpicos han sido noticia por encima de los titulares el d\u00eda de su inauguraci\u00f3n y otros d\u00edas. Y varios d\u00edas m\u00e1s han estado en los titulares.Tenemos enviado especiales, lo que demuestra nuestro inter\u00e9s. <\/p>\n<p>P.- hay noticias sobre estrenos de pel\u00edculas, discos, libros,etc&#8230; que a veces parecen m\u00e1s publireportajes o promoci\u00f3n que pura noticia o cr\u00edtica. \u00bfEs esto as\u00ed? \u00bfA que se debe esto? \u00bfpr qu\u00e9 se usa el telediario para promocionar a ciertos artistas?<\/p>\n<p>R.- Desde luego, no queremos que sea as\u00ed. El problema, seguramente, es que las p\u00e1ginas de cultura de un peri\u00f3dico siempre se completan con las cr\u00edticas. Y eso es algo que falta en los telediarios, una n\u00f3mina de cr\u00edticos culturales. Lo hacemos a veces en cine, pero tienes raz\u00f3n en que es un camino por explorar. <\/p>\n<p>P.- Para intentar atajar los males de la T.V p\u00fablica se ha nombrado un comit\u00e9 de &#8220;sabios&#8221;. \u00bfQu\u00e9 opian de esta idea?. \u00bfNo cree que deber\u00eda haber gente m\u00e1s vinculada al periodismo, T.V. gesti\u00f3n de recursos p\u00fablicos (en definitiva m\u00e1s t\u00e9cnicos) en \u00e9l?<\/p>\n<p>R.- Lo del Comit\u00e9 me parece una buena idea como mecanismo para desbloquear la situaci\u00f3n actual y poner en marcha una reforma imprescindible. Los Sabios, por lo que yo s\u00e9, est\u00e1n recibiendo informes y opiniones de todos los sectores y expertos que pueden aportar algo a sus conclusiones. No lo hacen siete personas encerradas solas, a pesar de la broma de la gala. \ud83d\ude42<\/p>\n<p>P.- \u00bfCree que en la televisi\u00f3n p\u00fablica debe haber tertulias y debate de contenido pol\u00edtico?.<\/p>\n<p>R.- Claro. Esta nueva etapa hemos estrenado una tertulia pol\u00edtica por la ma\u00f1an junto a la entrevista de Los Desayunos de TVE. En ella participan periodistas de los principales medios. Ya que estamos en EL MUNDO, te dir\u00e9 que entre nuestros colaboradores tenemos la suerte de contar con Victoria Prego y Luc\u00eda M\u00e9ndez. Tambi\u00e9n habr\u00e1 un programa de debate en La 2, presentado por Pedro Piqueras, y en La Primera hay un proyecto de hacer un debate con humor. Es arriesgado, pero merece la pena.<\/p>\n<p>P.- Buenas tardes. Como intentan asegurar la pluralidad y objetividad de sus contenidos?<\/p>\n<p>R.- Por un lado, es importante la voluntad, pero, como dec\u00eda antes, no es suficiente. El camino pasa por hacer m\u00e1s part\u00edcipes a los trabajadores de TVE del resultado final, con un sistema de trabajo m\u00e1s horizontal y a trav\u00e9s de mecanismos como los Consejos de Redacci\u00f3n.<\/p>\n<p>P.- \u00bfQu\u00e9 puede usted decirnos de los resultados de audiencia que han tenido los informativos y de su competencia directa con las noticias de Antena 3?<\/p>\n<p>R.- Despu\u00e9s de la peque\u00f1a bajada de junio, que llen\u00f3 tantos titulares, en julio recuperamos el liderato. Ahora mismo los Telediarios son los m\u00e1s vistos. Pero es evidente que la competencia con Antena 3 y con Telecinco va a ser dura y eso hace m\u00e1s estimulante el trabajo. Lo importante es estar ah\u00ed, demostrando que est\u00e1s con los mejores.<\/p>\n<p>P.- Sr. Llorente: \u00bfcu\u00e1l es su modelo de televisi\u00f3n p\u00fablica? \u00bfCon o sin publicidad? \u00bfFinanciada por un canon?. Yo tampoco llevo corbata salvo que sea imprescincdible. Suerte<\/p>\n<p>R.- Mi modelo de televisi\u00f3n p\u00fablica es la televisi\u00f3n de calidad, que apueste por contenidos divulgativos, educativos, culturales, desde luego con informativos potentes y con entretenimiento inteligente. Mi televisi\u00f3n p\u00fablica no busca la audiencia a cualquier precio, pone por delante la responsabilidad social frente a la rentabilidad del share. Cu\u00e1nto cuesta \u00e9so y c\u00f3mo se paga, eso es algo que tiene que decidir la sociedad espa\u00f1ola a trav\u00e9s de sus representantes. Pd:en la gala me puse corbata \ud83d\ude09<\/p>\n","protected":false},"excerpt":{"rendered":"<p>El flamante director de Informativos de TVE ha comenzado una nueva etapa en la cadena p\u00fablica marcada por la renovaci\u00f3n de sus telediarios, con la que espera alcanzar el liderazgo de audiencia.<\/p>\n","protected":false},"author":1,"featured_media":0,"comment_status":"open","ping_status":"open","sticky":false,"template":"","format":"standard","meta":{"footnotes":""},"categories":[],"tags":[],"class_list":["post-5558","post","type-post","status-publish","format-standard","hentry"],"_links":{"self":[{"href":"https:\/\/intervius.com\/index.html\/wp-json\/wp\/v2\/posts\/5558","targetHints":{"allow":["GET"]}}],"collection":[{"href":"https:\/\/intervius.com\/index.html\/wp-json\/wp\/v2\/posts"}],"about":[{"href":"https:\/\/intervius.com\/index.html\/wp-json\/wp\/v2\/types\/post"}],"author":[{"embeddable":true,"href":"https:\/\/intervius.com\/index.html\/wp-json\/wp\/v2\/users\/1"}],"replies":[{"embeddable":true,"href":"https:\/\/intervius.com\/index.html\/wp-json\/wp\/v2\/comments?post=5558"}],"version-history":[{"count":0,"href":"https:\/\/intervius.com\/index.html\/wp-json\/wp\/v2\/posts\/5558\/revisions"}],"wp:attachment":[{"href":"https:\/\/intervius.com\/index.html\/wp-json\/wp\/v2\/media?parent=5558"}],"wp:term":[{"taxonomy":"category","embeddable":true,"href":"https:\/\/intervius.com\/index.html\/wp-json\/wp\/v2\/categories?post=5558"},{"taxonomy":"post_tag","embeddable":true,"href":"https:\/\/intervius.com\/index.html\/wp-json\/wp\/v2\/tags?post=5558"}],"curies":[{"name":"wp","href":"https:\/\/api.w.org\/{rel}","templated":true}]}}