{"id":5556,"date":"2004-09-22T00:00:00","date_gmt":"2006-11-06T00:00:00","guid":{"rendered":"https:\/\/intervius.com\/index.html\/?p=5556"},"modified":"2006-11-06T00:00:00","modified_gmt":"2006-11-06T00:00:00","slug":"Juan_Pedro_Valentin5556","status":"publish","type":"post","link":"https:\/\/intervius.com\/index.html\/Juan_Pedro_Valentin5556\/","title":{"rendered":"Juan Pedro Valent\u00edn"},"content":{"rendered":"<p>Pregunta.- \u00bfcomo se prepara y se afronta una entrevista con zapatero y rajoy en unas elecciones como las anteriores?<\/p>\n<p>Respuesta.- Pues al detalle. Cada entrevista hay que prepararla con mimo, sea cual sea el nivel del entrevistado. Pero cuando vas a entrevistar a un pol\u00edtico tienes que estar mucho m\u00e1s atento a responder a la inquietud del ciudadano, que est\u00e1 en su casa pensando &#8220;preguntanle esto y lo otro&#8221;. Hay que estar muy atento durante la entrevista.<\/p>\n<p>P.- \u00bfHay alg\u00fan telediario totalmente imparcial en alguna de las cadenas? Un saludo.<\/p>\n<p>R.- La imparcialidad y la independiencia son t\u00e9rminos que todos manejamos en el mundo del periodismo, pero dificiles de plasmar en el d\u00eda a d\u00eda. Yo prefiero decir que los periodistas han de ser honestos y honrados. Todos tenemos nuestras filias y fobias y es muy dif\u00edcil aparcarlas totalmente. Tenemos que conformamos con contar las cosas como las vemos y las percibimos honradamente.<\/p>\n<p>P.- Buenos d\u00edas, \u00bfqu\u00e9 tal es \u00c0ngels Barcel\u00f3 en el d\u00eda a d\u00eda?, \u00bfc\u00f3mo lleva el estar separada de su familia de lunes a viernes?<\/p>\n<p>R.- Es muy pesada, pero la queremos. Lo de estar en Madrid en lugar de en Barcelona es duro, aunque se lo tendr\u00edais que preguntar a ella.<\/p>\n<p>P.- Como simple espectador\/lector\/oyente&#8230;tengo muchas veces la sensaci\u00f3n de que se me hace valorar la importancia de tal o cual noticia en funci\u00f3n de la importancia que le otorgue el mensajero de cada una de ellas, o dicho de otra forma, \u00bflo importante es lo que para los periodistas es importante?, perd\u00f3n por la simplicidad de la pregunta y gracias de antemano. Pablo C.P.<\/p>\n<p>R.- Creo que lo has definido muy bien. El periodista manipula la informaci\u00f3n desde el momento que decide contar una cosa primero y otra desp\u00faes, o eliminar algun dato que considera superfluo y hacer hincapi\u00e9 en otro que le parece m\u00e1s relevante. Por eso digo que esta acci\u00f3n diaria hay que hacerla movida por criterios profesionales. Es decir, te cuento esto, de esta manera porque a m\u00ed me ha parecido lo m\u00e1s importante. Si t\u00fa no lo consideras as\u00ed tienes la libertad de elegir otro medio.<\/p>\n<p>P.- \u00bfEn qu\u00e9 se parece su estilo al de Fran Llorente? \u00bfY al de Urdaci?<\/p>\n<p>R.- Espero que el estilo de Informativos Telecinco sea percibido como muy diferente de ambos, a eso aspiramos. Creo que lo hemos demostrado en la etapa de Urdaci y la de Fran, como acaba de empezar, habr\u00e1 que esperar para valorarla.<\/p>\n<p>P.- \u00bfHan perdido los informativos de telecinco esa postura cr\u00edtica con el gobierno que les caracterizaba?<\/p>\n<p>R.- Para nada. Sigue siendo nuestro esp\u00edritu. Concebimos la cr\u00edtica como una actitud ante el poder y lo demostramos a diario (crisis de astilleros, meteduras de pata en el precio de los libros, etc.) Lo que ocurre es que nunca nos inventaremos los temas para criticar o hacer campa\u00f1as contra alguien. Nos parece absurdo. Hay que buscar las vueltas y no fiarse de la versi\u00f3n oficial, pero nunca montar tu propia historia para criticar a otros.<\/p>\n<p>P.- Se ha arrepentido alguna vez de lo desagradable que estuvo Vs. con el Sr. Aznar en las entrevistas de su telediario???<\/p>\n<p>R.- No creo que estuviera desagradable en ning\u00fan momento. Me limit\u00e9 a hacer preguntas. He revisado esa entrevista bastantes veces y no tengo nada de que arrepentirme, aunque s\u00e9 que a una parte del p\u00fablico que la vio les pareci\u00f3 lo contrario y a otra parte se lo contaron as\u00ed y prefirieron quedarse con que fue desagradable. Aun estoy esperando que me digan en qu\u00e9 falt\u00e9 al respeto a Aznar o a Zapatero en una entrevista anterior en la que tambi\u00e9n se me dijo lo mismo.<\/p>\n<p>P.- \u00bfComo se explica que en un dia como ayer, en el que ocurrieron tantas cosas tan importantes, la cabecera de todos los informativos se refirieran a un embarazo?<\/p>\n<p>R.- El nuestro no. Me imagino que se refiere al rumor del embarazo de Letizia Ortiz. Para nosotros fue una curiosidad al final del informativo. Es verdad que en Antena 3 fue la primera imagen, pero yo trabajo en Informativos Telecinco.<\/p>\n<p>P.- \u00bfQu\u00e9 noticia sue\u00f1a con dar alg\u00fan d\u00eda? \u00bfCu\u00e1l no desear\u00eda dar jam\u00e1s? Enhorabuena por sus informativos.<\/p>\n<p>R.- Deber\u00eda decir algo as\u00ed como &#8220;la paz en todo el mundo&#8221; o &#8220;que se ha acabado el hambre&#8221;, pero como suena mucho al discurso de Zapatero y no creo que la pueda decir nunca me conformar\u00e9 con decir que mi equipo, el atleti de Madrid, es campe\u00f3n de la Champions. Claro que no s\u00e9 que es m\u00e1s dificil&#8230;<\/p>\n<p>P.- Sr. Valent\u00edn \u00bfSigue usted teniendo tiempo para jugar al f\u00fatbol?<\/p>\n<p>R.- Por supuesto, mal, pero ah\u00ed sigo miercoles y domingos con mi equipo el Jaican.<\/p>\n<p>P.- Ante todo felicitarle por la calidad de los informativos de su cadena, que considero a gran distancia de los de la competencia. Mi pregunta es \u00bfno cree que deber\u00eda haber mayor variedad de contenidos fuera de la pol\u00edtica (sobre todo la agotadora secci\u00f3n de pol\u00edtica), sucesos y deportes? Gracias<\/p>\n<p>R.- Hacemos lo que podemos para variar los contenidos, pero la pol\u00edtica es algo muy importante para un pa\u00eds y si no somos capaces de convertirla en un contenido atractivo para el espectador es que hemos fracasado. Ese es nuestro reto, hacer atractivo lo importante. Si nos quedasemos s\u00f3lo con lo atractivo har\u00edamos otro tipo de programas, mucho m\u00e1s habituales en las televisiones hoy en d\u00eda.<\/p>\n<p>P.- \u00bf Cree que los periodistas tienen con frecuencia demasiado poder en sus manos en proporci\u00f3n con los conocimientos que pueden tener acerca de algunos temas?, \u00bf Cree que deberia de hacerse un gran pacto de estado que controlara determinado tipo de informaci\u00f3n de una sensibilidad especial?<\/p>\n<p>R.- Sobre lo primero, creo que s\u00ed. El periodista debe ser un tipo humilde, que se entera de cosas y las cuenta, pero no un profeta que le dice a los dem\u00e1s lo que deben hacer y lo que est\u00e1 bien y est\u00e1 mal. Sobre lo segundo creo que deben ser los periodistas los que sepan valorar la sensibilidad del material que est\u00e1n tratando. No me f\u00edo de alguien que quiere regular la informaci\u00f3n por decreto.<\/p>\n<p>P.- Juan Pedro, \u00bfpodr\u00edas explicar brevemente tu carrera profesional al frente de las c\u00e1maras de forma cron\u00f3logica? Comienzos, en qu\u00e9 medios y en qu\u00e9 puntos de la geograf\u00eda, salto a TV, una peque\u00f1a biograf\u00eda del periodista&#8230; Gracias de parte de otro joven periodista.<\/p>\n<p>R.- Empec\u00e9 trabajando en Aral, una revista de alimentaci\u00f3n. Excelente escuela porque nadie te conoce y tienes que abrirte puertas que se cierran en tus narices. Luego hice el master de El Pa\u00eds, trabaj\u00e9 como maquetador en el peri\u00f3dico, trabaj\u00e9 un a\u00f1o en la SER; me hicieron unas pruebas y entr\u00e9 a presentar en Telemadrid, donde estuve cinco a\u00f1os y luego a Telecinco, primero como presentador-editor, luego como subdirector y ahora como director.<\/p>\n<p>P.- \u00bfcomparte los planteamientos formulados hoy por el defensor del pueblo a la hora de mejorar la programaci\u00f3n juvenil e infantil y acabar con la programaci\u00f3n &#8220;rosa&#8221; y de cotilleo?<\/p>\n<p>R.- No creo que sea una cuesti\u00f3n de contenidos. Se puede hablar de lo rosa, lo verde o lo amarillo. La cuesti\u00f3n es c\u00f3mo se hace. No creo que se deba decir que de tal hora a tal otra todos a ver dibujos animados y ya est\u00e1. Me parece una aberraci\u00f3n.<\/p>\n<p>P.- Le he visto su cambio de Look, esta muy bien muy juvenil, gracias por hacer q sean asi los informtivos de su cadena.<\/p>\n<p>R.- \u00bfEstas seguro\/a?<\/p>\n<p>P.- \u00bfLa Gala de RTVE fue un acto pol\u00edtico o no?<\/p>\n<p>R.- A mi no me gusto.<\/p>\n<p>P.- Despu\u00e9s de a\u00f1o y medio de la muerte del c\u00e1mara de T5 Pepe Couso y del c\u00e1mara de Reuters Taras Protsyuk como consecuencia del ataque nortamericano contra el Hotel Palestina \u00bfCrees que los autores de este &#8220;crimen de guerra&#8221;(seg\u00fan lo calific\u00f3 la Federaci\u00f3n Internacional de Periodistas) ser\u00e1n llevados un d\u00eda ante la Justicia Internacional?\u00bfTras casi dos a\u00f1os crees que &#8220;no merece la pena (perder la vida) por toda la informaci\u00f3n que hemos realizado&#8221; como declaraste tras la muerte de Couso?.Un abrazo.<\/p>\n<p>R.- Empiezo por el final. Ninguna informaci\u00f3n vale la vida de una persona. Si pensara al rev\u00e9s justificar\u00eda enviar una persona a la muerte. Aun nos queda mucho camino por recorrer en el tema Couso. Tanto en Espa\u00f1a como en el plano internacional. No nos hemos parado a la hora de hacer gestiones y espero poder aportar novedades. NO cejaremos en nuestro empe\u00f1o.<\/p>\n<p>P.- \u00bfPor qu\u00e9 todod los programas de Tele5 son tan mordaces con la derecha y tan sumisos con la izquierda y los nacionalismos? \u00bfNo le parece un progresismo infantiloide?<\/p>\n<p>R.- No creo que en los programas de Telecinco se debata mucho sobre pol\u00edtica, ni de izquierdas ni de derechas ni nacionalista. Sobre la informaci\u00f3n que hacemos intentamos que sea lo m\u00e1s honesta posible. LO que ocurre es que venimos de una etapa de fuertes pol\u00e9micas con un Gobierno del PP. Es normal que todos los medios se hayan centrado en esos asuntos pol\u00e9micos. Nosotros lo hicimos en los meses en los que era m\u00e1s dif\u00edcil hacerlo porque no le gusta a un Gobierno unos informativos que analizan temas inc\u00f3modos para \u00e9l.<\/p>\n<p>P.- Porque desde hace tiempo los periodistas &#8220;sientan c\u00e1tedra&#8221; en vez de informar ? es que el corporativismo feroz le ciega lo sesgado de sus informaciones ?<\/p>\n<p>R.- Repito, creo que el periodista no debe sentar c\u00e1tedra sino informar de manera veraz y honrada sobre lo que ve. Su opini\u00f3n es una m\u00e1s y a veces no es la m\u00e1s formada (otras s\u00ed por supuesto). El problema es cuando el periodista se cree m\u00e1s de lo que es y se permite dar lecciones a la sociedad. Creo que equivoca su oficio.<\/p>\n<p>P.- En su &#8220;famosa &#8220;entrevista al ex-presidente del Gobierno,\u00bf cual fue su conclusion?.La verdad,por favor.Gracias.Miguel<\/p>\n<p>R.- La m\u00eda personal fue que \u00e9l fue a Informativos Telecinco en busca de credibilidad en un momento muy dificil para \u00e9l, desde el punto de vista pol\u00edtico y personal. Nosotros ten\u00edamos la obligaci\u00f3n de ponerle frente a sus errores o contradicciones, e intentar saber el porqu\u00e9 de algunas de las actuaciones del Gobierno. Creo que Aznar acus\u00f3 el cansancio, la tensi\u00f3n y el golpe a su moral que supuso el atentado y la derrota electoral. Pero nosotros hicimos nuestro trabajo.<\/p>\n<p>P.- \u00bfCree que deben ir a declarar en la Comisi\u00f3n del 11 M la juez francesa, Moratinos, Jos\u00e9 Blanco y los confidentes? \u00bfPor qu\u00e9<\/p>\n<p>R.- La comisi\u00f3n hace tiempo que se ha convertido en un instrumento pol\u00edtico del que PP y PSOE tratan de sacar el mejor partido. Desde ese punto de vista, que acuda todo el mundo. Pienso que ya es dificil sacar una conclusi\u00f3n compartida por parte de los miembros de la comisi\u00f3n, como ha sucedido en Estados Unidos con la del 11-s. Se ha planteado mal desde el principio.<\/p>\n<p>P.- \u00bfNo es demasiado agobiante encontrarase en la televisi\u00f3n programas como Gran Hermano, La Granja, Hotel Glamour,&#8230;? \u00bfCree que afecta negativamente a la juventud?<\/p>\n<p>R.- No s\u00e9 si afectan negativamente a la juventud. Me inclino a pensar que no, que la juventud tiene suficiente criterio. Estos programas son s\u00f3lo diversi\u00f3n. Si te divierten, bien. Si no, pues mejor no los veas y diviertete con otra cosa. Lo peor es pretender que estos programas sean modelos de conducta. La TV no tiene que educar a la poblaci\u00f3n. La educaci\u00f3n se recibe en los colegios, universidades, entorno familiar&#8230; La televisi\u00f3n informa y divierte. A mi me toca solo la primera parte.<\/p>\n<p>P.- \u00bfEn qu\u00e9 se diferenci\u00f3 la cobertura de los atentados del 11-M de Telecinco a la de la cadena Ser o CNN+ y TVE?<\/p>\n<p>R.- En que dimos toda la informaci\u00f3n contrastada que hab\u00eda en nuestro poder y en que no retrasmitimos en directo las manifestaciones del s\u00e1bado (s\u00ed dimos informaci\u00f3n pero no las retransmitimos), ni emitimos un documental sobre atentados de ETA el s\u00e1bado por la noche. En muchas m\u00e1s cosas, pero no me quiero extender.<\/p>\n<p>P.- \u00bfQu\u00e9 va a cambiar en Informativos Telecinco esta temporada?<\/p>\n<p>R.- El equipo y el esp\u00edritu sigue siendo el mismo. Hemos cambiado el grafismo y la rotulaci\u00f3n. Seguiremos intentando ser inc\u00f3modos con el poder y ser explicativos y originales. Todo muy dif\u00edcil, vaya.<\/p>\n<p>P.- Hola, fue una pena que quitaran las desconexiones regionales del informativo del mediodia. Yo aqu\u00ed en Madrid era gran fan de los de la Comunidad y por supuesto de su presentadora. \u00bfNo tienen previsto retomarlos? \u00bfes s\u00f3lo un poblema de dinero?<\/p>\n<p>R.- \u00bfEres Bego\u00f1a? Era broma. Bego\u00f1a Chamorro, la presentadora, est\u00e1 ahora en el informativo 14.Una cadena nacional como la nuestra tiene muy dificil hacer informativos regionales. Es un coste demasiado alto y cada vez competimos peor con las municipales y auton\u00f3micas. No podemos llegar a tantos sitios. <\/p>\n<p>P.- Hola Juan Pedro me alegro verte, pues te conozco de cuando trabajabas en Telemadrid y ven\u00edas cas\u00ed todos los d\u00edas a comer a mi restaurante. Se valiente en la respuesta\u00bfDe verdad existe la independencia period\u00edstica? Un fuerte abrazo de Gonzalo el de la Fondue<\/p>\n<p>R.- Hola Gonzalo. La independencia absoluta no existe. Todos tenemos nuestras vivencias personales, nuestros gustos, nuestros pensamientos. Todo ello influye a la hora de valorar la informaci\u00f3n. LO que ocurre es que hay mucho trecho entre la independencia absoluta y la parcialidad manifiesta. Por eso, me conformo con que contemos lo que ha pasado seg\u00fan lo hemos vivido nosotros. Sin prejuzgar a nada ni a nadie.<\/p>\n<p>P.- Buenas tardes. Mi pregunta es sencilla y relacionada con los informativos. Desde hace casi dos meses los enfrentamientos en Irak, entre los americanos e irakies han ido in crescendo, con un continuo e ingente n\u00famero de muertos irakies. Cientos y cientos seg\u00fan todos los informativos. No se ha dado en estas cifras ni un solo muerto americano o de las fuerzas ocupantes \u00bfHay un pacto de silencio para que la muerte de estos militares no haga cuestionarse la presencia en Irak? \u00bfTan mala punter\u00eda tienen los irakies que ataque tras ataque no hacen blanco? \u00bfO es que su \u00fanica arma es carne de ca\u00f1\u00f3n o mu\u00f1ecos de pim pam pum y salen a ver quien esquiva?. Gracias. FRANCISCO-(SCARFACE).<\/p>\n<p>R.- En Espa\u00f1a s\u00ed se dan las cifras y las im\u00e1genes de las muertes de soldados americanos al igual que las de los iraqu\u00edes. En EEUU es otra cosa. La moral de toda una naci\u00f3n se ha puesto por encima de la informaci\u00f3n veraz. La moral o los intereses de un Gobierno&#8230;<\/p>\n<p>P.- Hola Juan Pedro. Ahora que se habla tanto de los nuevos informativos de la televisi\u00f3n p\u00fablica, \u00bfno echas en falta una referencia a la calidad y estilo period\u00edstico de Informativos Telecinco?. \u00bfNo crees que hab\u00e9is sido pioneros en Espa\u00f1a en la puesta en escena (plat\u00f3 vanguardista) y contenidos de las informaciones?.<\/p>\n<p>R.- Pues mira ahora que lo dices&#8230; En serio, creo que el trabajo de todos los que formamos Informativos Telecinco en los \u00faltimos a\u00f1os ha sido excelente y nos sentimos orgullosos de ello. Nos gusta pensar que lo que hemos hecho ha servido para algo y por eso pensamos que tendremos que seguir haciendolo cada d\u00eda para que siga sirviendo. Lo que hagan los dem\u00e1s es su problema. Bastante l\u00edo tenemos nosotros con lo que hacemos cada d\u00eda.<\/p>\n<p>P.- La TV francesa no enviar\u00e1 m\u00e1s periodistas a Irak por miedo a secuestros. \u00bften\u00e9is en este momento a alguien all\u00ed vosotros? despu\u00e9s de lo de Couso \u00bfc\u00f3mo garantiz\u00e1is la seguridad de vuestros corresponsales dado el clima de especial violencia que se vive?<\/p>\n<p>R.- La seguridad es imposible de garantizar en una guerra. Lo que pedimos es que no nos dispare un ejercito aliado a la habitaci\u00f3n de nuestro hotel, que no es mucho pedir. Desde aquello y con todo lo que est\u00e1 pasando en Iraq, est\u00e1n consiguiendo que los periodistas dejemos de ir a las guerras a informar. No somos locos kamikazes a los que nos encanta el riesgo, sino simples periodistas que acuden a los sitios m\u00e1s complicados a contar lo que pasa. Ahora tambi\u00e9n somos moneda de cambio con lo que se nos est\u00e1 poniendo muy dif\u00edcil eso de informar en tiempos de guerra. Ahora no tenemos a nadie en Iraq por todo ello.<\/p>\n","protected":false},"excerpt":{"rendered":"<p>Comienza su cuarta temporada como director de Informativos de Telecinco, cargo que ocup\u00f3 en septiembre de 2000. Antes de encargarse de tejer la l\u00ednea informativa de la cadena, Valent\u00edn hab\u00eda repasado la actualidad delante de las c\u00e1maras en diversos telediarios.<\/p>\n","protected":false},"author":1,"featured_media":0,"comment_status":"open","ping_status":"open","sticky":false,"template":"","format":"standard","meta":{"footnotes":""},"categories":[],"tags":[],"class_list":["post-5556","post","type-post","status-publish","format-standard","hentry"],"_links":{"self":[{"href":"https:\/\/intervius.com\/index.html\/wp-json\/wp\/v2\/posts\/5556","targetHints":{"allow":["GET"]}}],"collection":[{"href":"https:\/\/intervius.com\/index.html\/wp-json\/wp\/v2\/posts"}],"about":[{"href":"https:\/\/intervius.com\/index.html\/wp-json\/wp\/v2\/types\/post"}],"author":[{"embeddable":true,"href":"https:\/\/intervius.com\/index.html\/wp-json\/wp\/v2\/users\/1"}],"replies":[{"embeddable":true,"href":"https:\/\/intervius.com\/index.html\/wp-json\/wp\/v2\/comments?post=5556"}],"version-history":[{"count":0,"href":"https:\/\/intervius.com\/index.html\/wp-json\/wp\/v2\/posts\/5556\/revisions"}],"wp:attachment":[{"href":"https:\/\/intervius.com\/index.html\/wp-json\/wp\/v2\/media?parent=5556"}],"wp:term":[{"taxonomy":"category","embeddable":true,"href":"https:\/\/intervius.com\/index.html\/wp-json\/wp\/v2\/categories?post=5556"},{"taxonomy":"post_tag","embeddable":true,"href":"https:\/\/intervius.com\/index.html\/wp-json\/wp\/v2\/tags?post=5556"}],"curies":[{"name":"wp","href":"https:\/\/api.w.org\/{rel}","templated":true}]}}