{"id":5520,"date":"2004-11-05T00:00:00","date_gmt":"2006-11-06T00:00:00","guid":{"rendered":"https:\/\/intervius.com\/index.html\/?p=5520"},"modified":"2006-11-06T00:00:00","modified_gmt":"2006-11-06T00:00:00","slug":"Eduardo_Noriega5520","status":"publish","type":"post","link":"https:\/\/intervius.com\/index.html\/Eduardo_Noriega5520\/","title":{"rendered":"Eduardo Noriega"},"content":{"rendered":"<p>Pregunta.- hola Eduardo, no he visto todav\u00eda la pel\u00edcula pero me alegro en cualquier caso de que el cine espa\u00f1ol se enfrente a nuevos retos y temas como este, especialmente delicado, por otra parte. \u00bfC\u00f3mo preparaste este personaje? \u00bfpudiste conocer a Lobo o a alg\u00fan otro &#8220;topo&#8221;? gracias, elena<\/p>\n<p>Respuesta.- Me prepar\u00e9 sobre todo con los libros escritos sobre el Lobo real y luego, por supuesto, trabaj\u00e9 espec\u00edficamente el gui\u00f3n.<\/p>\n<p>P.- Hola, Eduardo. \u00bfC\u00f3mo te has preparado este papel? \u00bfPuedes catalogarlo como uno de los m\u00e1s complejos de tu carrera? Un saludo. David.<\/p>\n<p>R.- Seguramente el m\u00e1s complejo es, siempre, el pr\u00f3ximo que voy a hacer. Pero es un personaje complejo y atractivo para cualquier actor.<\/p>\n<p>P.- Hola !! me gustaria mucho q me dijese que hasido para ti lo mejor y lo peor de esta peli ,desconocia esta historia yla verdad es que me parece muy interesante.1saludo y bsos desde santiago<\/p>\n<p>R.- Es imposible contestar a esta pregunta en una l\u00ednea, pero es un personaje que he disfrutado much\u00edsimo. la acci\u00f3n trepidante no le dejaba descansar ni un momento y, adem\u00e1s, hablea de algo importante para todos.<\/p>\n<p>P.- Hola Eduardo, estoy ansiosa por ver Lobo&#8230; ya se me estaba haciendo muy larga la espera&#8230; el lunes la comentaremos en &#8220;tu foro&#8221; as\u00ed que podr\u00edas pasarte por all\u00ed&#8230; yo quer\u00eda preguntarte por &#8220;Alatriste&#8221; si finalmente encarnar\u00e1s a Malatesta y para cuando se prev\u00e9 el rodaje, estreno, etc.. Un beso, Sof\u00eda.<\/p>\n<p>R.- No es Malatesta mi personaje, sino el Conde de Guadalmedina. Ese rodaje es para marzo del 200Estar\u00e9 pendiente del foro y os mandar\u00e9 un saludo, sobre todo a aquellos que llevais tanto tiempo conectando.<\/p>\n<p>P.- Un grupo de mis pacientes quieren preguntarte c\u00f3mo te metistes en el papel de un personaje real y porque decid\u00edstes hacerlo. Nos gustar\u00eda ir a ver la pel\u00edcula&#8230;cuando la estrenen en un cine accesible para sillas de ruedas (son escasos ). Un saludo y gracias, deseamos que todo te vaya bien. Mar\u00eda. Email: visifem@hotmail.com<\/p>\n<p>R.- Me interessaba mucho la pel\u00edcula, la ficci\u00f3n, y tambi\u00e9n me interesaba que estaba basado en hechos reales de nuestra historia reciente.<\/p>\n<p>P.- tienes alg\u00fan proyecto con Amen\u00e1bar? Te hubiera gustado que hubiera contado contigo para Mar Adentro?<\/p>\n<p>R.- Mar adentro naci\u00f3 siempre con el casting que tiene y creo que es inmejorable, pero alg\u00fan d\u00eda volveremos a trabajar juntos.<\/p>\n<p>P.- Hola Eduardo, sabes si aqu\u00ed en Francia se estrenar\u00e1 pronto la pelicula? Como ha sido trabajar con Bruel? aqui es m\u00e1s conocido como cantante que como actor. Gracias, Laura (desde Paris)<\/p>\n<p>R.- No tengo ni idea de fechas en Francia. A pesar de la estrella que es, Bruel es un gran compa\u00f1ero. <\/p>\n<p>P.- Hola Eduardo, aunque se que voy a parecer fr\u00edvola cuando por lo que est\u00e1s aqu\u00ed es por una pel\u00edcula muy comprometida, mi pregunta es \u00bfno te duele ser tan guapo?.<\/p>\n<p>R.- Efectivamente es una pregunta fr\u00edvola, pero gracias por el piropo.<\/p>\n<p>P.- Hola Eduardo. Te escribimos desde la redacci\u00f3n de La Tribuna de Talavera. Desde aqu\u00ed nos preguntabamos cu\u00e1ndo vendr\u00e1s para poder entrevistarte y, por cierto: \u00bfTe sientes ahora m\u00e1s identificado con la lucha contra ETA y el terrorismo?<\/p>\n<p>R.- Ya hab\u00eda rodado en el Pa\u00eds Vasco en varias ocasiones, y siempre me hab\u00eda sentido bastante concienciado con respecto al problema del terrorismo. Creo que es un tema de reflexi\u00f3n obligada para todos.<\/p>\n<p>P.- \u00bfTeme que ETA tome su intrepretaci\u00f3n como represalia hacia su persona? S\u00e9 que puede parecer un poco fuerte, pero se ha planteado la posibilidad de que pueda estar en el ojo de mira de la banda terrorista?<\/p>\n<p>R.- No, no tengo ning\u00fan temor. Somos simples comediantes que, a vces, ponemos temas sobre el tapete. No tengo m\u00e1s miedo al terrorismo por haber hecho una pel\u00edcula. Una bomba le puede caer a cualquiera.<\/p>\n<p>P.- Eduardo seguro que el haber ido a los Agustinos imprime caracter y si ademas eres del racing,lo del lobo esta chupado.Un saludo desde tu Santander<\/p>\n<p>R.- Saludos a Santander<\/p>\n<p>P.- \u00bfEs cierto que lboo lleva guantes para no dejar huella? \u00bfHay m\u00e1s de mito que de realidad en lo que cuentan? Las medidas de seguridad, etc.<\/p>\n<p>R.- Es una persona que sigue escondida, con otra identidad y con la cara transfigurada. Adem\u00e1s, lleva guantes porque asegura que ETA puede reconerte por las manos.<\/p>\n<p>P.- Hola Eduardo. S\u00f3lo decirte que soy una gran admiradora de tu trabajo, ante todo. El otro d\u00eda te v\u00ed en el programa de Julia Otero, estabas guap\u00edsimo. Pero en todas las entrevistas que veo y leo, te noto como si quisieras desaparecer de ah\u00ed, como si el rollo no fuera contigo, se te nota inc\u00f3modo y en tensi\u00f3n. \u00bfMe equivoco? Un beso.<\/p>\n<p>R.- No me acabo de acostumbrar a las entrevistas. Es cierto que siempre queda algo de incomodidad y de tensi\u00f3n. es dif\u00edcil hablar de uno mismo en p\u00fablico.<\/p>\n<p>P.- \u00bfC\u00f3mo definir\u00eda su experiencia en Dos rombos con Lorena Berdum?<\/p>\n<p>R.- Para el miedo que ten\u00eda, creo que estuvo muy bien. Lorena me lo puso f\u00e1cil y, dentro de que era una entrevista, me sent\u00ed bastante c\u00f3modo.<\/p>\n<p>P.- \u00bfVas a estar en la pel\u00edcula para no dormir que est\u00e1 preparando el GRAN Mateo Gil para Tele 5?<\/p>\n<p>R.- No, ya me gustar\u00eda. Con Mateo, donde \u00e9l me diga. De hecho, empiezo a rodar el lunes la peli de Pi\u00f1eyro, que es un gui\u00f3n de Mateo.<\/p>\n<p>P.- Hola wapisimo!!! me enamore de ti en tesis y he visto todas tus pelis (me encanto historias del kronen)\u00bfComo reaccionaste cuando te ofrecieron interpretar al Lobo?Ya era hora de que hicieran una pelicula sobre este tema. Un saludo y un beso muy fuerte. Silvi<\/p>\n<p>R.- Me encant\u00f3 el gui\u00f3n y no tuve ninguna duda en hacerla.<\/p>\n<p>P.- \u00bfHas sentido el S\u00edndrome de Estocolmo?<\/p>\n<p>R.- No.<\/p>\n<p>P.- por lo que aparentas, pareces una persona mas bien timida. es cierto? Como puede llevarse esto en el mundo de la interpretacion?<\/p>\n<p>R.- A la hora de interpretar, no hay posibilidad para la timidez. Otra cosa es a la hora de aparecer en p\u00fablico&#8230;<\/p>\n<p>P.- A los que trabajamos en una oficina, muchas ma\u00f1anas, desgraciadamente, nos da una pereza terrible ir a trabajar.. y nos aburrimos mucho&#8230; t\u00fa crees que a un actor le pasa eso alguna vez?<\/p>\n<p>R.- Me cuesta creerlo. El trabajo de interpretar cada d\u00eda es distinto y nuevo. Yo disfruto much\u00edsimo.<\/p>\n<p>P.- Hola Eduardo! \u00bfEchaste de menos alg\u00fan contacto con Mikel Lejarza durante el rodaje para dar mas realismo al personaje? \u00bfCrees que haber hablado con \u00e9l habr\u00eda cambiado tu forma de darle vida en la pel\u00edcula? 1beso enorme .Lorena<\/p>\n<p>R.- Estuve muy documentado con los libros sobre \u00e9l, donde \u00e9l habla en primera persona. No sent\u00ed que fuera necesario, porque yo ten\u00eda un gui\u00f3n al que atenerme.<\/p>\n<p>P.- \u00bfno crees que el mundo del cine no ha sido valiente y no ha apoyado con firmeza a la lucha contra ETA y a las victimas?Muchas gracias<\/p>\n<p>R.- Es un tema complicado y espinoso. S\u00ed que hay que tener cierta valent\u00eda para afrontarlo y hay buenos ejemplos, como Camus o Uribe.<\/p>\n<p>P.- Hola Eduardo, a mi novia le gustas m\u00e1s t\u00fa que yo, \u00a1\u00a1dime qu\u00e9 hago!!<\/p>\n<p>R.- Tienes un problema. <\/p>\n<p>P.- Creo que tienes un talento oculto para la comedia, te vi en un corto donde hac\u00edas de vendedor de seguros y estabas genial, \u00bfno te apetece mostrar ese lado?<\/p>\n<p>R.- Es un corto muy bueno. S\u00ed que me apetece hacer comedia.<\/p>\n<p>P.- Hoal Eduardo. Me encantas como actor, sobre todo cuando haces de malo porque le pega a tu inquietante mirada. \u00bfTe consideras un hombre metrosexual?<\/p>\n<p>R.- No se ni lo que es. <\/p>\n<p>P.- Hola desde Lanzarote mi mas sincera felicitaci\u00f3n, no s\u00f3lo por \u00e9sta tu \u00faltima pelicula sino por toda tu trayectoria profesional, \u00bfque hay de Lobo en Eduardo Noriega?<\/p>\n<p>R.- Quiz\u00e1 la inconsciencia de dedicarme a algo sin pararme a pensar las conseuencias que tendr\u00e1 en mi vida.<\/p>\n<p>P.- Durante el rodaje, \u00bf has llegado a odiar a tu personaje y lo que \u00e9l representa ?<\/p>\n<p>R.- No se puede juzgar a un personaje de esa manera porque te distanciar\u00edas y no podr\u00edas interpretarlo.<\/p>\n<p>P.- hoLA eduardo me pareces un gran actor,como fue trabajar con Penelope Cruz en Abre los ojos,que recuerdos guardas del rodaje?,un besazo de una fan<\/p>\n<p>R.- Penelope es una actriz maravilosa. Tengo muy buenos recuerdos de todo lo relacionado con Abre los Ojos.<\/p>\n<p>P.- \u00bfconsideras al Lobo un h\u00e9roe o un traidor?<\/p>\n<p>R.- Ni lo uno ni lo otro. Cuando intenta ser un h\u00e9roe no le dejan. Por un lado le marginan y, los otros, le condenan a muerte. Termina solo, habi\u00e9ndolo perdido todo, con el \u00fanico consuelo de seguir vivo&#8230;<\/p>\n<p>P.- se comenta que eres una persona que no &#8220;transmite&#8221;. No quiero decir que tengas que venderte a los medios, pero si quiz\u00e1s careces de un aura de &#8220;simpat\u00eda&#8221;. Crees que refleja la realidad? Gracias&#8230;..<\/p>\n<p>R.- No. <\/p>\n<p>P.- vas a ver tus peliculas cuando se estrenan en cine? eres critico contigo mismo? que te ha parecido esta?<\/p>\n<p>R.- Las veo varias veces durante la promoci\u00f3n y el estreno. Creo que soy autocr\u00edtico, pero supongo que todo el mundo lo cree de s\u00ed mismo. Esta peli me encanta, y cada vez que la he visto he descubierto cosas nuevas.<\/p>\n<p>P.- Felicidades, me parece usted un buen profesional. \u00bf cuanto hay de Thriller en la pelicula y cuanto de &#8220;contenido politico&#8221;?<\/p>\n<p>R.- Es una pel\u00edcula de acci\u00f3n, entretenida e inspirada en hechos reales.<\/p>\n<p>P.- \u00bfque te parecio la pelota vasca?<\/p>\n<p>R.- Me parece una apuesta valiente a favor del di\u00e1logo. Su intento es noble y a quien se debe criticar es a los violentos.<\/p>\n<p>P.- \u00bfHa cambiado tu forma de pensar acerca de como resolver el problema de eta?<\/p>\n<p>R.- Sigo considerando que es un problema de muy dif\u00edcil soluci\u00f3n. <\/p>\n<p>P.- Que opinas de la frase de Hobbes &#8220;el hombre es un lobo para el hombre&#8221;? Saludos desde Alemania<\/p>\n<p>R.- Efectivamente, es as\u00ed. Saludos.<\/p>\n<p>P.- Bush acaba de ser reelegido por &#8220;Four years more&#8221;&#8230; \u00bfCrees en su pol\u00edtica antiterrorismo o te parece mejor la lucha antiterrorista del LOBO?<\/p>\n<p>R.- Ni la una ni la otra.<\/p>\n<p>P.- Como persona conocida p\u00fablicamente, te das cuenta que ahora hay gente por todo el mundo atenta a que respondas a sus preguntas? gente com\u00fan&#8230; se te hace raro? qu\u00e9 piensas de esto? te das cuenta que tu influencia en las personas puede ser importante? X desde Londres<\/p>\n<p>R.- Aunque estoy acostumbrado, no dejo de sentir cierta responsabilidad a la hora de hablar p\u00fablicamente. <\/p>\n<p>P.- \u00bfCrees que la pelicula rebirir\u00e1 muchas criticas?Que es lo que pueden opinar los politicos sobre la pelicula?<\/p>\n<p>R.- Supongo que habr\u00e1 opiniones para todo. Si conseguimos generar debate, ya ser\u00eda un \u00e9xito.<\/p>\n<p>P.- Todav\u00eda recuerdo la peli &#8220;Plata quemada&#8221;: el tr\u00edo Noriega, Sbaraglia y Echarri, sorprendi\u00f3 a muchos! Para cu\u00e1ndo otra peli por la Argentina? Un abrazo porte\u00f1o!<\/p>\n<p>R.- El lunes empiezo a rodar con Pi\u00f1eyro y Echarri. Che, reloco que estoy con los pibes!<\/p>\n<p>P.- Desde Chile me he enterado de la noticia del estreno de Lobo, junto con felicitarte por tu trayectoria, quisiera saber si la pel\u00edcula tendr\u00e1 difusi\u00f3n por este conf\u00edn del planeta. Cari\u00f1os desde Santiago de Chile<\/p>\n<p>R.- Besos a Chile. Seguro que no tardar\u00e1 en llegar la pel\u00ed all\u00e1.<\/p>\n<p>P.- \u00bfpiensas que el lobo se arrepentio de lo que hizo?<\/p>\n<p>R.- No, no creo. Se siente frustrado porque su trabajo no fue reconocido, pero no arrepentido.<\/p>\n","protected":false},"excerpt":{"rendered":"<p>El protagonista de &#8220;Lobo&#8221;, la pel\u00edcula que hoy se estrena, sobre el primer agente infiltrado en la banda terrorista ETA, charla con los internautas sobre la tremenda historia de su personaje y todos los detalles del rodaje.<\/p>\n","protected":false},"author":1,"featured_media":0,"comment_status":"open","ping_status":"open","sticky":false,"template":"","format":"standard","meta":{"footnotes":""},"categories":[],"tags":[],"class_list":["post-5520","post","type-post","status-publish","format-standard","hentry"],"_links":{"self":[{"href":"https:\/\/intervius.com\/index.html\/wp-json\/wp\/v2\/posts\/5520","targetHints":{"allow":["GET"]}}],"collection":[{"href":"https:\/\/intervius.com\/index.html\/wp-json\/wp\/v2\/posts"}],"about":[{"href":"https:\/\/intervius.com\/index.html\/wp-json\/wp\/v2\/types\/post"}],"author":[{"embeddable":true,"href":"https:\/\/intervius.com\/index.html\/wp-json\/wp\/v2\/users\/1"}],"replies":[{"embeddable":true,"href":"https:\/\/intervius.com\/index.html\/wp-json\/wp\/v2\/comments?post=5520"}],"version-history":[{"count":0,"href":"https:\/\/intervius.com\/index.html\/wp-json\/wp\/v2\/posts\/5520\/revisions"}],"wp:attachment":[{"href":"https:\/\/intervius.com\/index.html\/wp-json\/wp\/v2\/media?parent=5520"}],"wp:term":[{"taxonomy":"category","embeddable":true,"href":"https:\/\/intervius.com\/index.html\/wp-json\/wp\/v2\/categories?post=5520"},{"taxonomy":"post_tag","embeddable":true,"href":"https:\/\/intervius.com\/index.html\/wp-json\/wp\/v2\/tags?post=5520"}],"curies":[{"name":"wp","href":"https:\/\/api.w.org\/{rel}","templated":true}]}}