{"id":5517,"date":"2004-11-11T00:00:00","date_gmt":"2006-11-06T00:00:00","guid":{"rendered":"https:\/\/intervius.com\/index.html\/?p=5517"},"modified":"2006-11-06T00:00:00","modified_gmt":"2006-11-06T00:00:00","slug":"Mohamad_Jaber5517","status":"publish","type":"post","link":"https:\/\/intervius.com\/index.html\/Mohamad_Jaber5517\/","title":{"rendered":"Mohamad Jaber"},"content":{"rendered":"<p>Pregunta.- Mis condolencias por la muerte de Y. Arafat. Que actividades desarrolla su asociacion en Espanya y en que se centra su ayuda a Palestina desde aqui?<\/p>\n<p>Respuesta.- A nivel cultural, entre hispano-palestinos, hacemos charlas y conferencias, en funci\u00f3n de los temas de la actualidad. Por ejemplo, el 27 de noviembre se va a celebrar el D\u00eda de Palestina en La Riviera, donde invitamos a todo el mundo a que participe con nosotros. Una de las cosas m\u00e1s importantes que estamos haciendo desde finales de septiembre es apadrinar familias palestinas. <\/p>\n<p>P.- Buenos d\u00edas,\u00bfc\u00f3mo cree que queda la situaci\u00f3n de Palestina ante el fallecimiento de su lider y la reelecci\u00f3n del Presidente de E.E.U.U. cuya falta de simpat\u00eda hacia su movimiento es m\u00e1s que evidente?.<\/p>\n<p>R.- Yaser Arafat ha luchado durante 40 a\u00f1os de su vida por la unidad del pueblo palestino, dentro y fuera de la OLP. Por lo tanto, es una p\u00e9rdida para el pueblo palestino muy importante, pero creemos que la unidad del pueblo est\u00e1 por encima de todos los actos que puedan perjudicarla. Sobre la reelecci\u00f3n del presidente de EEUU no vemos que pueda cambiar mucho, salvo que la pol\u00edtica exterior de EEUU cambie desde su raiz. <\/p>\n<p>P.- \u00bfEs cierto lo que se dice de que Arafat amas\u00f3 gran fortuna, requisando ese dinero de las ayudas a su pueblo? Esto ha sido una gran sorpresa para m\u00ed<\/p>\n<p>R.- No es cierto. Creemos que la propaganda del sionismo busca perjudicar la figura de Arafat atacando por todas las v\u00edas. <\/p>\n<p>P.- As salam alaikum: \u00bfQu\u00e9 cree que puede pasar en Jordania tras la muerte de Arafat, debido a la mucha poblaci\u00f3n palestina que vive all\u00ed?<\/p>\n<p>R.- No creo que vaya a pasar absolutamente nada. <\/p>\n<p>P.- \u00bfMe podr\u00eda decir porque no se firmo la paz con Israel cuando gobernaba Barak, si por lo que tengo entendido \u00e9l cedi\u00f3 aun 95% de sus peticiones?<\/p>\n<p>R.- Lamento decirle que Barak no cedi\u00f3 nada. Especialmente en dos temas muy importantes para el pueblo palestino. Uno de ellos es el retorno de los refugiados, que est\u00e1 establecido en la resoluci\u00f3n 194 de Naciones Unidas y otro la ciudad de Jerusal\u00e9n. En estos dos puntos, ni Arafat ni ning\u00fan hombre puede tomar o firmar alg\u00fan acuerdo en contra de los derechos de los refugiados o en contra de los derechos del pueblo palestino a tener a Jerusal\u00e9n como capital de su futuro estado. <\/p>\n<p>P.- \u00bfuna palabra que resumiera la vida de Arafat?<\/p>\n<p>R.- Unidad. <\/p>\n<p>P.- En primer lugar mi p\u00e9same a todos los palestinos. \u00bfEn qu\u00e9 estado se encuentra el pueblo palestino actualemte?. \u00bfCuales son sus demandas y esperanzas?<\/p>\n<p>R.- Como sabe, el pueblo palestino vive en un estado lamentable y especialmente con la \u00faltima etapa del sionismo, que es la construcci\u00f3n del muro de la verg\u00fcenza que hace que en la actualidad, el 90% del pueblo palestino se encuentre encarcelado en su propia tierra. Nuestras demandas son dos: paz y justicia. <\/p>\n<p>P.- Cree usted que el sucesor del rais sera capaz de mantener el control politico? segun muchos analistas, tras el rais no ha quedado ningun politico de suficiente fortaleza<\/p>\n<p>R.- La figura de Arafat siempre ha sido y ser\u00e1 importante para el pueblo palestino. Pero como usted sabe, detr\u00e1s de una gran pol\u00edtico y un gran hombre, hay un gran pueblo. Por lo tanto, desde la unidad del pueblo palestino hay sucesores importantes que puedan cumplir el camino iniciado por todos los palestinos. <\/p>\n<p>P.- \u00bfpor qu\u00e9 no se puede considerar a Arafat un terrorista?\u00bfes cierto que permiti\u00f3 el entrenamiento de miembros de ETA?<\/p>\n<p>R.- Cualquier hombre que luche por sus derechos de la forma que hemos y ha luchado Arafat, no nos podemos considerar terroristas. Me resulta extra\u00f1a la pregunta sobre ETA, ya que Arafat siempre ha luchado por la paz y no por el terrorismo. <\/p>\n<p>P.- \u00bfque personalidades espa\u00f1olas le han comunicado o sabe usted que iran a los funerales de Arafat?<\/p>\n<p>R.- Sabemos que ir\u00e1n representantes del Ministerio de Asuntos Exteriores y otras pesonalidades, pero no podemos detallar sus nombres. <\/p>\n<p>P.- \u00bfQu\u00e9 diferencias hab\u00eda entre Sharon y Arafat (aparte de las evidentes, claro?<\/p>\n<p>R.- Much\u00edsimas. La gran diferencia evidente es que uno pide la paz y la justicia, y el otro se lo niega. <\/p>\n<p>P.- \u00bfLa mujer de Arafat ha sido una buena compa\u00f1era de camino o mas bien una interesada?<\/p>\n<p>R.- No estoy dentro de su cerebro para saberlo. <\/p>\n<p>P.- \u00bfQU\u00e9 opina de la situaci\u00f3n de la mujer en el mundo \u00e1rabe? Un saludo y gracias.<\/p>\n<p>R.- El mundo \u00e1rabe es muy grande. Seg\u00fan el pa\u00eds, unas tienen m\u00e1s derechos y obligaciones que otras. Bajo mi punto de vista personal, hemos de luchar por la igualdad tanto la mujer como el hombre. <\/p>\n<p>P.- Es obvio que se ha cometido una injusticia contra su pueblo. Es igual de obvio que se han cometido muchas injusticias contra muchos pueblos. No creen ustedes que deben ceder para frenar las muertes y comenzar desde otro sitio. Cree que el terror beneficia al pueblo palestino, cree que el odio y las tentaciones terroristas son una buena se\u00f1al de futuro para los j\u00f3venes palestinos.<\/p>\n<p>R.- \u00bfCeder? No s\u00e9 qu\u00e9 m\u00e1s podemos ceder. <\/p>\n<p>P.- Normalmente en todo enfrentamiento suele haber una causa econ\u00f3mica oculta. Cual es en este caso ? Jerusalem? El agua? La tierra? O en este caso el &#8220;fondo&#8221; del problema es m\u00e1s hist\u00f3rico o religioso? Gracias<\/p>\n<p>R.- El problema palestino no es solamente econom\u00eda, ni agua, ni tierra, etc. Se trata de la identificaci\u00f3n del pueblo; un pueblo que luch\u00f3 y seguir\u00e1 luchando por su reconocimiento internacional como pueblo. <\/p>\n<p>P.- \u00bfSer\u00e1n capaces como servicio a su causa de juzgar objetivamente a su ex-lider o van a facilitarse la tarea idealiz\u00e1ndolo sin tener en cuenta sus lagunas legales-morales?<\/p>\n<p>R.- Sin duda alguna, toda persona que tenga el poder de la decisi\u00f3n comete errores, pero no por eso hemos de juzgarle o dejar de juzgarle. <\/p>\n<p>P.- \u00bfno es demasiado simple echarle la culpa al sionismo de que tiene una fortuna amasada en los bancos suizos? Si tiene dicha fortuna, pues la tiene y que conste, no soy jud\u00edo ni partidario de sharon al que considero un nazi<\/p>\n<p>R.- No es demasiado porque ha sido hasta el momento la fuente de ingresos para potenciar al armamento del estado de Israel y utilizarlo en contra de un pueblo que lucha con las piedras. <\/p>\n<p>P.- Qu\u00e9 tiende hacer el grupo Hamas o otros grupos radicales despu\u00e9s de la muerte de Arafat?<\/p>\n<p>R.- Todos los l\u00edderes de distintas organizaciones dentro de palestina est\u00e1n por la unidad del pueblo palestino. <\/p>\n<p>P.- Creo que de entrada se equivocan usted y los suyos. Cuando ni\u00f1os bomba dejen de asesinar a civiles inocentes, entonces Sharon podr\u00e1 ofrecer m\u00e1s cosas que ahora&#8230; \u00bfno le parece obvio?<\/p>\n<p>R.- Aqu\u00ed no se trata de ni\u00f1os bomba o no. Lo que pedimos todo el pueblo palestino, desde los reci\u00e9n nacidos hasta los ancianos, es paz y justicia. Y cuando la comunidad internacional, incluida Israel, reconozca el estado independiente del pueblo palestino ver\u00e1 que no va a haber ning\u00fan acto de ese tipo. <\/p>\n<p>P.- Fortuna personal de Arafat entre 300 y 900 millones de dolares. \u00bfAlgun comentario?<\/p>\n<p>R.- Ninguno. <\/p>\n<p>P.- Sr Jaber, todos sabemos que la Historia la escriben los vencedores (aunque en este caso no hay tales); no obstante, \u00bfpor qu\u00e9 no izaron ustedes la bandera palestina en un acto conjunto con Israel el 15 de mayo de 1948, si estos aceptaron cada centimetro de partici\u00f3n de la resoluci\u00f3n de la ONU de 1947? \u00bfPor qu\u00e9 optaron entonces por el todo o nada en vez de prosperar en la mayor parte del Mandato Brit\u00e1nico en el que la partici\u00f3n les otorgaba a ustedes casi todas las zonas cultivables (y a los israel\u00edes desierto)? \u00bfSe dan cuenta que Israel nunca va a dejar de existir y que las concesiones que vayan a obtener siempre ser\u00e1n menos satisfactorias que lo que se hubieran llevado en 1947? gracias<\/p>\n<p>R.- Si llego a estar yo en 1947, le aseguro que aceptar\u00eda sin ning\u00fan problema dicha resoluci\u00f3n. <\/p>\n<p>P.- Buenos d\u00edas, \u00bfc\u00f3mo puede entenderse que la mujer de Arafat viva en Par\u00eds de una manera tan lujosa siendo la mujer de quien es? \u00bfQui\u00e9n pagaba todo?, \u00bfComo pod\u00eda permitirlo Arafat?. Gracias.<\/p>\n<p>R.- Sin comentarios. Lo lamento, pero no voy a entrar en ese tema.<\/p>\n<p>P.- \u00bfDentro de los diferentes mandatarios mundiales a quienes consideraba Arafat como amigos? \u00bfquien preferia Arafat a Zapatero o a Aznar?<\/p>\n<p>R.- En este tema, no se trata de a qui\u00e9n prefer\u00eda Arafat, a Zapatero o Aznar. Normalmente, la postura pol\u00edtica de cada presidente del Gobierno es diferente, aunque en algunos casos tienen puntos en com\u00fan. <\/p>\n<p>P.- Como cree usted que los ciudadanos palestinos, y arabes en general, que viven es Espana pueded cooperar ante la amenaza del terrorismo integrista?<\/p>\n<p>R.- Como todos los ciudadanos de Espa\u00f1a, porque somos parte de ella. <\/p>\n<p>P.- As salam alaikum: \u00bfC\u00f3mo ser\u00e1n los funerales teniendo en cuenta que pueden coincidir con el final del Ramadam? Xukram.<\/p>\n<p>R.- Lo habitual. Ser\u00e1 como en cualquier otra fecha, no tiene porqu\u00e9 haber tanta diferencia. <\/p>\n<p>P.- \u00bfLos Palestinos tienen posibilidades de ser atendidos en un hospital de Par\u00eds?Porqu\u00e9 los dirigentes juegan a ser parte del pueblo cuando son unos privilegiados.<\/p>\n<p>R.- Durante los \u00faltimos cuatro a\u00f1os, todos los hospitales de la Uni\u00f3n Europea han recibido a heridos y enfermos palestinos. <\/p>\n<p>P.- Se\u00f1or Jaber, \u00bfest\u00e1 usted diciendo que es justificable que haya ni\u00f1os bomba por la opresion a la que se est\u00e1n viendo sometidos?. Por expliquese para que no tengamos una opini\u00f3n de su pueblo igual que la que tenemos de los Israel\u00edes. Gracias<\/p>\n<p>R.- No. No estamos justificando ning\u00fan tipo de acci\u00f3n de esa envergadura. S\u00f3lo le estoy indicando que el pueblo palestino ha de seguir luchando por la paz y por la justicia. Nosotros rechazamos cualquier acci\u00f3n terrorista, en cualquier parte del mundo. <\/p>\n<p>P.- \u00bfque escribiria usted en el epitafio de Arafat?<\/p>\n<p>R.- Bastante. <\/p>\n<p>P.- Sr Jaber, soy israelita, no cree que la muerte del Sr Arafat y la futura perdida del poder por parte de Sharon haran que vuelva el dialogo a oriente proximo?<\/p>\n<p>R.- Estimado\/a amigo\/a israel\u00ed, la verdad es que nuestro deseo es que podamos vivir conjuntamente en paz. La muerte de Arafat o la p\u00e9rdida de poder de Sharon no deber\u00edan ser necesarios para que podamos llegar a compartir y ivir en paz. <\/p>\n<p>P.- \u00bfPor qu\u00e9 no se anticipa la ANP al m\u00e1s que presumible juego sucio de Israel y proclama ante la ONU la creaci\u00f3n del estado palestino?<\/p>\n<p>R.- Las resoluciones de Naciones Unidas est\u00e1n bastante claras. En ellas se determinan y solucionan todos los problemas del pueblo palesino, pero como usted sabe, el \u00fanico pa\u00eds que no cumple ninguna resoluci\u00f3n, apoyado por EEUU, es Israel. <\/p>\n<p>P.- Buenos d\u00edas,los miembrod de mi familia,Tareq, Azzam y Chelo,le acompa\u00f1amos en el sentimiento \u00bfcree que la muerte de Arafat ,puede facilitar el proceso de Paz?<\/p>\n<p>R.- Una muerte nunca facilita el proceso. Es Israel el que ha de cumplir las resoluciones de Naciones Unidas. <\/p>\n<p>P.- Sr Jaber \u00bfcree usted que a corto plazo plazo y debido al vacio de poder dejado por Arafat podria haber enfrentamientos armados entre facciones palestinas rivales?<\/p>\n<p>R.- No. Rotundamente no. <\/p>\n<p>P.- \u00bfPorqu\u00e9 el terrorismo isl\u00e1mico golpea a otros paises como el nuestro?. \u00bfPorque\u00b4cada vez hay m\u00e1s integristas isl\u00e1micos dispuestos a morir como martires de Al\u00e1?. Debe haber algo en el islamismo que est\u00e1 equivocado \u00bfno?.<\/p>\n<p>R.- No, no es que el islamismo est\u00e9 equivocado, son las personas las que se equivocan. Yo personalmente rechazo cualquier acto terrorista. El terrorismo no tiene religi\u00f3n. <\/p>\n<p>P.- Sinceramente y con todo el respeto del mundo, creo que ustedes se equivocan al no condenar plenamente la violencia. Estamos todos de acuerdo que la situac\u00f3n del pueblo palestino es una verg\u00fcenza, pero creo que lo primero que tendr\u00edan que dejar claro es la condena sin paliativos de la toda violencia, bien sea israel\u00ed o palestina. Espero que pronto todo pueda solucionarse y mis saludos al pueblo palestino.<\/p>\n<p>R.- Aqu\u00ed no se trata de la violencia, sino de la lucha de un pueblo por su autodeterminaci\u00f3n y sus derechos b\u00e1sicos de la vida.<\/p>\n<p>P.- La democracia palestina es &#8220;real&#8221;? Me refiero a que la imagen que da, dista mucho de parecerlo. Muchas gracias y mi m\u00e1s sentido p\u00e9same.<\/p>\n<p>R.- Siempre hemos de trabajar por la democracia y por fortalecerla, porque la democracia en s\u00ed parece sencilla pero se necesitan muchos a\u00f1os para conseguirla. No muchos de lo que dicen que tienen democracia la tienen.<\/p>\n<p>P.- \u00bfNo se dan cuenta los Palestinos de que son usados por las dictaduras arabes para eliminar la \u00fanica democracia del sector porque no les interesa que sus pueblos vean lo bien que se vive sin que haya dictadores y reyezuelos?<\/p>\n<p>R.- En referencia a los dirigentes de los pa\u00edses \u00e1rabes, pedimos que nos apoyen pol\u00edtica y econ\u00f3micamente. <\/p>\n<p>P.- Realmente creo que estamos intoxicados de tanta informaci\u00f3n y perdemos objetividad. \u00bfMe podr\u00eda resumir el conflicto entre Israel y Palestina?<\/p>\n<p>R.- En dos palabras, un pueblo pide paz y justicia y otro quiere ocupar la mayor parte de sus hogares. <\/p>\n","protected":false},"excerpt":{"rendered":"<p>El vicepresidente de la Asociaci\u00f3n Hispano Palestina Jerusal\u00e9n, con sede en Madrid, analizar\u00e1 junto a los internautas la situaci\u00f3n a la que se enfrenta el pueblo palestino tras la muerte de su l\u00edder, Yasir Arafat.<\/p>\n","protected":false},"author":1,"featured_media":0,"comment_status":"open","ping_status":"open","sticky":false,"template":"","format":"standard","meta":{"footnotes":""},"categories":[],"tags":[],"class_list":["post-5517","post","type-post","status-publish","format-standard","hentry"],"_links":{"self":[{"href":"https:\/\/intervius.com\/index.html\/wp-json\/wp\/v2\/posts\/5517","targetHints":{"allow":["GET"]}}],"collection":[{"href":"https:\/\/intervius.com\/index.html\/wp-json\/wp\/v2\/posts"}],"about":[{"href":"https:\/\/intervius.com\/index.html\/wp-json\/wp\/v2\/types\/post"}],"author":[{"embeddable":true,"href":"https:\/\/intervius.com\/index.html\/wp-json\/wp\/v2\/users\/1"}],"replies":[{"embeddable":true,"href":"https:\/\/intervius.com\/index.html\/wp-json\/wp\/v2\/comments?post=5517"}],"version-history":[{"count":0,"href":"https:\/\/intervius.com\/index.html\/wp-json\/wp\/v2\/posts\/5517\/revisions"}],"wp:attachment":[{"href":"https:\/\/intervius.com\/index.html\/wp-json\/wp\/v2\/media?parent=5517"}],"wp:term":[{"taxonomy":"category","embeddable":true,"href":"https:\/\/intervius.com\/index.html\/wp-json\/wp\/v2\/categories?post=5517"},{"taxonomy":"post_tag","embeddable":true,"href":"https:\/\/intervius.com\/index.html\/wp-json\/wp\/v2\/tags?post=5517"}],"curies":[{"name":"wp","href":"https:\/\/api.w.org\/{rel}","templated":true}]}}