{"id":5511,"date":"2004-11-23T00:00:00","date_gmt":"2006-11-06T00:00:00","guid":{"rendered":"https:\/\/intervius.com\/index.html\/?p=5511"},"modified":"2006-11-06T00:00:00","modified_gmt":"2006-11-06T00:00:00","slug":"La_Sonrisa_de_Julia5511","status":"publish","type":"post","link":"https:\/\/intervius.com\/index.html\/La_Sonrisa_de_Julia5511\/","title":{"rendered":"La Sonrisa de Julia"},"content":{"rendered":"<p>Pregunta.- hola chicos. me encanta vuestro cd y espero q tengais mucha suerte. quien es julia?<\/p>\n<p>Respuesta.- Julia es una persona muy cercana al grupo. Es nuestro quinto elemento, la musa. Tiene mucho que ver en que hayamos conseguido que hagamos hecho finalmente nosotros el disco.<\/p>\n<p>P.- El disco est\u00e1 compuesto y producido por vosotros, pero \u00bfde qu\u00e9 manera componeis y trabajais? \u00bftomais todas las decisiones en conjunto o alguno de vosotros lleva la direcci\u00f3n del grupo? Enhorabuena por vuestro trabajo. Hac\u00eda tiempo que no escuchaba algo tan bueno dentro de nuestras fronteras. Suerte!!!!<\/p>\n<p>R.- Se lleva una idea, que puede ser una melod\u00eda o parte de un tema y all\u00ed le sacamos todo el partido que podemos. Normalmente muchos temas los compone Marcos. La direcci\u00f3n del grupo la lleva Marcos, las ideas parten de \u00e9l y luego en el local las desarrollamos todos. <\/p>\n<p>P.- \u00bfC\u00f3mo empezasteis en el mundo de la m\u00fasica?<\/p>\n<p>R.- Empezamos hace dos a\u00f1os, nos conocimos y empezamos a ensayar. Compart\u00edamos gustos y decidimos hacer un proyecto entre todos. Hasta hoy. Empezamos a tocar en directo en la sala Honky Tonk (Madrid) y de all\u00ed tocar y tocar.<\/p>\n<p>P.- pensais que se puede hacer amigos en el mundo de la musica o es demasiado competitivo<\/p>\n<p>R.- Creemos que s\u00ed, por supuesto. No es tan competitivo. Creemos que como en todos los gremios, puedes encontrar todo tipo de personas. Si te centras en buscar gente af\u00edn a ti, la encuentras. Si solo te centras en conseguir lo que te ofrecen, puede que te lleves un disgusto.<\/p>\n<p>P.- Hola, me ha gustado mucho el single &#8220;llevo tu voz&#8221; el resto de temas me han sorprendido aun mas aunque no sean del mismo estilo. Habeis hecho estilos distintos dentro del album a proposito o salio asi? un beso y animo que sois muy buenos.<\/p>\n<p>R.- Nosotros al grabar el disco no ten\u00edamos ni discogr\u00e1fica ni productor, nos lanzamos. Y esa situaci\u00f3n de soledad aunque en principio puede ser m\u00e1s dura, al final lo que te da es much\u00edsima libertad. As\u00ed pudimos dar a cada canci\u00f3n los arreglos que seg\u00fan nuestros gustos se merec\u00edan, sin tener que repetir una misma f\u00f3rmula en todas las canciones.<\/p>\n<p>P.- felicidades por vuestro single, qu\u00e9 bonito tema. ten\u00e9is vinilos en casa? que os parece que ahora se vuelva a editar en ese formato?<\/p>\n<p>R.- Algunos tenemos y otros queremos. Nos parece muy bien que se vuelva a editar en vinilo, tiene un sonido m\u00e1s c\u00e1lido. Adem\u00e1s una de las posibles formas de evitar pirater\u00eda podr\u00eda ser, editar en vinilo.<\/p>\n<p>P.- \u00bfVais a hacer alg\u00fan concierto en Madrid?<\/p>\n<p>R.- S\u00ed, el d\u00eda 9 en la sala La Sal. Dar\u00e1n invitaciones en los Y el d\u00eda 15 tocamos junto a El canto del loco, La Oreja de Van Gogh y Alex Ubago en la plaza de toros de Vistalegre. Es un concierto a beneficio de la Asociaci\u00f3n Contra el C\u00e1ncer.<\/p>\n<p>P.- Saludos. He visto \u00fanicamente vuestro primer video, y el sonido, pero sobre todo el cantante me recuerda vocal, musical e incluso f\u00edsicamente a Karl Walinger. Me gustar\u00eda un comentar\u00edo al respecto, si se trata de una mera coincidencia,o es una referencia musical buscada, si os gusta la comparaci\u00f3n o no.Me llama mucho la atenci\u00f3n, sobre todo teniendo en cuenta que el video se desarrolla en una playa y Walinger fue un Waterboy.<\/p>\n<p>R.- Ser\u00e1 una coincidencia porque aunque respetamos mucho a esa banda, no es una de nuestras influencias m\u00e1s claras, de momento.<\/p>\n<p>P.- \u00bfVuestro nombre es en homenaje a Julia Roberts?<\/p>\n<p>R.- No. La sonrisa de la que hablamos supera en naturalidad y sinceridad a la de la Roberts. Es una persona real que vive muy muy cerca de uno de los componentes del grupo.<\/p>\n<p>P.- Hola de nuevo, estoy encantada de poder &#8220;hablar&#8221; con vosotros, \u00bftene\u00eds club de fans?, \u00bfcomo me puedo poner en contacto con el?<\/p>\n<p>R.- S\u00ed, tenemos. Te puedes poner en contacto con ellos visitando el grupo Yahoo, La Sonrisa de Julia.<\/p>\n<p>P.- \u00bfSe puede escuchar vuestro disco por la Red? \u00bfqu\u00e9 opinais del itunes?<\/p>\n<p>R.- S\u00ed, se puede escuchar, incluso maquetas caseras. La verdad preferimos que os compre\u00eds el disco. Una banda nueva como nosotros necesita ese primer apoyo del p\u00fablico para poder llegar a hacer un segundo disco. En cuanto al itunes, en principio nos parece una buena idea. Est\u00e1 por ver como se desarrolla.<\/p>\n<p>P.- Hola chicos mi pregunta es sencilla :\u00bfC\u00f3mo os conoc\u00edsteis? me han hablado de un lugar llamado Warhol, \u00bfpuede ser? Gracias!<\/p>\n<p>R.- Como sabes, cada uno de nosotros somos de un lugar distinto de Espa\u00f1a. Curro es de M\u00e1laga, Diego es de Zamora, Ra\u00fal de Madrid y Marcos de Santander. Nos conocimos en el barrio madrile\u00f1o de Lavapi\u00e9s ya que cada uno de nosotros lleg\u00f3 all\u00ed para ser m\u00fasicos. Algunos de nosotros hemos bajado por las escaleras del Warhol, y no recordamos la subida.<\/p>\n<p>P.- Respecto a la polemica con Bisbal y las criticas que os lanz\u00f3 \u00bfcual es vuestra opini\u00f3n?<\/p>\n<p>R.- Encajamos muy bien las cr\u00edticas, incluso de Bisbal. En serio, no sabemos a que te refieres. No seguimos la pista de nuestro maravilloso artista espa\u00f1ol.<\/p>\n<p>P.- Hola chicos.Primero daros la enhorabuena por el disco y por vuestro directo que es estupendo. Me gustar\u00eda saber xq os pusisteis ese fantastico nombre de La Sonrisa deJulia. Gracias. Cris, Fuenlabrada (Madrid)<\/p>\n<p>R.- Gracias por tus cr\u00edticas. Nosotros trabajamos mucho el directo y es un placer que cuando empezamos a mostrarlo, encontremos cr\u00edticas como las tuyas. Con respecto a lo de Julia, el concepto de &#8220;sonrisa&#8221; es muy recurrente en nuestras letras. Creemos que cuando uno sonr\u00ede, es muy d\u00edficil que disimule como es lo que tiene dentro. Por otro lado, Julia es una persona muy cercana a uno de los componentes del grupo, podr\u00edamos decir que es nuestra musa.<\/p>\n<p>P.- \u00bfSon los &#8220;Singson&#8221; vuestro espejo y vuestro paradigma?, que teng\u00e1is muchas suerte&#8230;<\/p>\n<p>R.- S\u00ed, es el espejo de aquello a lo que no nos queremos parecer jam\u00e1s&#8230; Bueno, en algunas cosas s\u00ed que nos gustar\u00eda parecernos. Nos da mucha envidia cuando vemos a las masas pidiendoles autogr\u00e1fos despu\u00e9s de los conciertos.<\/p>\n<p>P.- Elegid: La Oreja de Van Gogh, Fresones Rebeldes o Efecto Mariposa.<\/p>\n<p>R.- Depende para que. De postre, unos Fresones. A la plancha, La Oreja. Y una comida en el campo, con el Efecto Mariposa.<\/p>\n<p>P.- Hola \u00bfpor qu\u00e9 es tan d\u00edficil ver a artistas nuevos actuar en la tele? Estoy harta de los triunfitos!!<\/p>\n<p>R.- Paciencia, el tiempo pone a cada cual en su sitio. Cada uno tendremos el nuestro. Al respecto de los nuevos artistas y la tele, lo mismo nos preguntamos nosotros. No entendemos porque esta faceta de la cultura no interesa a los programadores.<\/p>\n<p>P.- \u00bfTeneis miedo a que se os compare con Cold Play?<\/p>\n<p>R.- Para nada. Coldplay es a nuestro parecer una de las mejores bandas que hay actualmente en la escena mundial. Por otro lado, nos parece normal que se utilice la comparaci\u00f3n para definir a un grupo que empieza. Es una forma m\u00e1s r\u00e1pida de saber cu\u00e1l es su estilo. A\u00fan as\u00ed, si escuchas el disco Caminos diferentes, ver\u00e1s que cada canci\u00f3n tiene su propia personalidad. <\/p>\n<p>P.- Hola me encanta vuestro disco, \u00bfque se siente al escucharse de repente en las radios y al veros en vuestro video en las teles?<\/p>\n<p>R.- \u00c1l principio te sorprendes mucho. Y despu\u00e9s te sorprendes todav\u00eda m\u00e1s cuando ves que avanzas en la lista en la que nunca pensabas que pod\u00edas llegar. El video no lo vemos porque no hay programas en la tele.<\/p>\n<p>P.- han comparado tu voz con la de Camilo Sesto? el grito en llevo tu voz es digno de camilo, enhorabuena!!<\/p>\n<p>R.- Muchisimas gracias Camilo, sabemos que eres t\u00fa el que ha escrito este mail. No en serio, nunca nos hab\u00edan comparado aunque ahora que lo dices, Camilo es un cantante con mucha energ\u00eda y nosotros aspiramos a transmitir algo parecido.<\/p>\n<p>P.- vuestro disco me parece de lo mejorcito \u00bfqui\u00e9n lo ha producido?<\/p>\n<p>R.- Por suerte o por desgracia, lo hemos producido nosotros. Primero hicimos el disco y luego buscamos una discogr\u00e1fica que lo distribuyera. Hemos hecho el disco que nos apetec\u00eda hacer. Gracias por tu cr\u00edtica.<\/p>\n<p>P.- \u00bfA d\u00f3nde os gustar\u00eda llegar?<\/p>\n<p>R.- A fin de mes. Nuestra primera aspiraci\u00f3n es mostrar nuestro directo a todos aquellos a los que les gusta el disco, creemos mucho en \u00e9l. Por supuesto tambi\u00e9n so\u00f1amos con hacer un segundo disco, en lo cual ya estamos trabajando a nivel compositivo. Por otro lado, hemos llegado hasta aqu\u00ed sin haber tenido que cambiar ninguna de nuestras actitudes o creencias. Esperamos que si nuestro camino sigue avanzando, sigamos teniendo los pies muy cerquita del suelo.<\/p>\n<p>P.- Hola, hay dos cosas que me encantan del disco: las letras, sinceras, y el sonido, c\u00e1lido y &#8220;de verdad&#8221;. Felicidades porque adem\u00e1s os he visto en directo y sonais muy potentes. Solo era eso&#8230;<\/p>\n<p>R.- Muchas gracias por tus comentarios. Si algo intentamos hacer tanto al componer como al tocar en directo, es ser lo m\u00e1s sinceros que podemos.<\/p>\n<p>P.- Seg\u00fan la cr\u00edtica especializada de este pais, vuestro estilo llega a rozar la sutileza y pulcritud de una banda m\u00edtica,&#8221; la Caraband&#8221; \u00bfq opi\u00f3n os merece?<\/p>\n<p>R.- Es todo un orgullo y un halago que nos comparen con una banda de culto como la Caraband, esperamos poder estar a la altura de tal comparaci\u00f3n. <\/p>\n<p>P.- Con qu\u00e9 referencias musicales tanto nacionales como internacionales os identificais? \u00bfCu\u00e1les son vuestro mitos musicales?<\/p>\n<p>R.- En el panorama nacional, sobre todos destaca en nuestra discoteca Antonio Vega. Tambi\u00e9n disfrutamos mucho con las letras y las melod\u00edas de Jorge Drexler, Andr\u00e9s Calamaro, Los Piratas, Ojos de Brujo, Vetusta Morla. Nuestros mitos internacionales: desde Police, Beatles, U2, Jimmy Hendrix, Red Hot Chili Peepers. Actualmente no podemos dejar de reconocer que la forma que tienen los brit\u00e1nicos de hacer pop, marcan nuestro ideal. Nos encantan grupos como Colplay, Travis, Muse, Keane&#8230; <\/p>\n<p>P.- \u00bfPodr\u00edais hacer una peque\u00f1a dedicatoria a mi hija que nacer\u00e1 el pr\u00f3ximo mes, se llamar\u00e1 Julia y lo que deseo es que sea feliz y que tenga motivos para sonreir con frecuencia?<\/p>\n<p>R.- Por supuesto. Curro, Diego, Marcos y Ra\u00fal (La Sonrisa de Julia) mandamos desde este chat un besazo enorme y nuestro deseo de felicidad a nuestra peque\u00f1a Julieta. <\/p>\n<p>P.- Creo que uno de vosotros tiene un papel en una pel\u00edcula junto al protagonista de El canto del loco. \u00bfCu\u00e1ndo podremos verla?<\/p>\n<p>R.- Ra\u00fal el bater\u00eda del grupo aparece en un par de escenas de la pel\u00edcula Sin fin, protagonizada por Dani de El Canto del Loco y dirigida por Manu y Pocho, directores de La Fiesta. Adem\u00e1s de esta colaboraci\u00f3n hay muchas posibilidades de que La Sonrisa de Julia participe en la BSO con alguna canci\u00f3n.<\/p>\n<p>P.- \u00bfEs verdad que a uno de vosotros le flipa la feria de Sevilla?<\/p>\n<p>R.- No, no es verdad. Lo que nos flipa es la Sierra de M\u00e1laga a d\u00f3nde vamos a ensayar a una casa de la monta\u00f1a.<\/p>\n<p>P.- \u00bfque os parece la actual situaci\u00f3n de la m\u00fasica espa\u00f1ola?<\/p>\n<p>R.- Aunque el momento es d\u00edficil, nosotros siempre somos optimistas. Parece que comienza a haber en el mercado discos de grupos autoproducidos, como el nuestro.<\/p>\n<p>P.- \u00bfEs cierto que para tocar mejor os hartais a fruta en los ensayos?<\/p>\n<p>R.- Lo de la fruta era por falta de pelas para comer un men\u00fa del d\u00eda. <\/p>\n<p>P.- \u00bfEs verdad que teneis una filosof\u00eda especial y que Ra\u00fal, vuestro bater\u00eda, es el ide\u00f3logo?.<\/p>\n<p>R.- No, no es cierto. Ra\u00fal es muchas cosas para nosotros pero no sabemos si nuestro ideologo precisamente.<\/p>\n<p>P.- Hola a todos. Me gustaria saber qu\u00e9 tal fue el concierto que disteis en Tenerife. Sois muy buenos y el directo es fant\u00e1stico, creo que la presentaci\u00f3n del disco en Madrid fue un \u00e9xito. Gracias por todo lo que me hac\u00e9is sentir cada vez que escucho el disco. Besos y enhorabuena<\/p>\n<p>R.- Gracias a ti por lo que nos acabas de hacer sentir ahora. Es un placer despu\u00e9s de tanto trabajo, recibir muestras de apoyo como la tuya. En Tenerife fue todo muy bien, en la plaza de Espa\u00f1a antes miles de personas se mont\u00f3 una gran fiesta. Colaboramos en ella con Llevo tu voz y Caminos diferentes. Corto pero intenso.<\/p>\n<p>P.- qui\u00e9n compone las canciones y letras? Son de estilos diferentes<\/p>\n<p>R.- Las canciones las compone y escribe Marcos normalmente en su casa y la idea es llevada al local donde todo el grupo aporta su granito de arena. En cuanto a los estilos, el nombre del disco quer\u00eda indicar el hecho de hacer un disco distinto. En ese sentido, como ya hemos respondido antes, hemos tenido libertad para dotar a cada una de las canciones de los arreglos que ella ped\u00eda. De ah\u00ed que te pueda parecer que hay diferentes estilos. <\/p>\n<p>P.- El otro d\u00eda oi en la radio que habiais actuado en un pa\u00eds que no me acuerdo pero era peculiar \u00bfpodeis explicarme esto?<\/p>\n<p>R.- En junio del 2003 fuimos de gira una semana a Ruman\u00eda, despu\u00e9s de ganar el trofeo Rock Villa de Madrid, llamaron de Ruman\u00eda para pedir al Ayuntamiento un representante espa\u00f1ol que actuase en la fiesta de la m\u00fasica de Ruman\u00eda. Tocamos en varias ciudades junto a grupos de todo el mundo, incluso llegamos a tocar en Transilvania.<\/p>\n<p>P.- \u00bfLigais mucho? \u00bften\u00e9is grupis?. \u00bfYa habeis tenido alguna an\u00e9cdota con fans?<\/p>\n<p>R.- Ligamos igual que siempre, osea poco.<\/p>\n<p>P.- \u00bfAlgo que ver con La Oreja de Van Gogh? Desde luego el nombre es igual de rimbomante. Suerte!!!<\/p>\n<p>R.- En principio nada que ver, excepto la rimbombancia.<\/p>\n<p>P.- Me acabo de incorporar al chat. Me hace gracia vuestro nombre pero no os he escuchado nunca. \u00bfqu\u00e9 otros grupos os gustan? (\u00bfy que se parezcan a vosotros?)<\/p>\n<p>R.- Nos han comparado con Piratas, Coldplay, Travis, Police e incluso con los Caravan.<\/p>\n<p>P.- Tengo entendido que Antonio Vega es uno de vuestros referentes. \u00bfQu\u00e9 opin\u00e1is de \u00e9l?<\/p>\n<p>R.- En nuestra opini\u00f3n es el artista m\u00e1s interesante de los 80. Nos encanta la forma en que trata las melod\u00edas y las letras. Adem\u00e1s su voz y su forma de interpretar es \u00fanica.<\/p>\n<p>P.- decis en todas las respuestas que habeis hecho el disco que habeis querido, es posible que la discogr\u00e1fica no se haya metido en nada??<\/p>\n<p>R.- Es posible. Tan solo tienes que hacer primero el disco y despu\u00e9s firmar el contrato.<\/p>\n<p>P.- Como veis el panorama musical actual, \u00bfcreeis que podre\u00eds vencer a la pirateria?. Desde mi punto de vista, si, espero que vuestra trayectoria sea muy larga, soy la h..<\/p>\n<p>R.- Los corsarios siempre han sido d\u00edficiles de abatir. Lo que nunca se podr\u00e1 piratear es un buen directo y si de algo presumimos, es de nuestros conciertos. Eso es la m\u00fasica de verdad.<\/p>\n","protected":false},"excerpt":{"rendered":"<p>El cuarteto presenta Caminos diferentes, disco con el que se han estrenado. Procedentes de diversas provincias espa\u00f1olas, estos cuatro chicos se reunieron en Madrid e iniciaron su periplo por el mundo musical. Ahora suenan en todas las radiof\u00f3rmulas.<\/p>\n","protected":false},"author":1,"featured_media":0,"comment_status":"open","ping_status":"open","sticky":false,"template":"","format":"standard","meta":{"footnotes":""},"categories":[],"tags":[],"class_list":["post-5511","post","type-post","status-publish","format-standard","hentry"],"_links":{"self":[{"href":"https:\/\/intervius.com\/index.html\/wp-json\/wp\/v2\/posts\/5511","targetHints":{"allow":["GET"]}}],"collection":[{"href":"https:\/\/intervius.com\/index.html\/wp-json\/wp\/v2\/posts"}],"about":[{"href":"https:\/\/intervius.com\/index.html\/wp-json\/wp\/v2\/types\/post"}],"author":[{"embeddable":true,"href":"https:\/\/intervius.com\/index.html\/wp-json\/wp\/v2\/users\/1"}],"replies":[{"embeddable":true,"href":"https:\/\/intervius.com\/index.html\/wp-json\/wp\/v2\/comments?post=5511"}],"version-history":[{"count":0,"href":"https:\/\/intervius.com\/index.html\/wp-json\/wp\/v2\/posts\/5511\/revisions"}],"wp:attachment":[{"href":"https:\/\/intervius.com\/index.html\/wp-json\/wp\/v2\/media?parent=5511"}],"wp:term":[{"taxonomy":"category","embeddable":true,"href":"https:\/\/intervius.com\/index.html\/wp-json\/wp\/v2\/categories?post=5511"},{"taxonomy":"post_tag","embeddable":true,"href":"https:\/\/intervius.com\/index.html\/wp-json\/wp\/v2\/tags?post=5511"}],"curies":[{"name":"wp","href":"https:\/\/api.w.org\/{rel}","templated":true}]}}