{"id":5482,"date":"2005-01-28T00:00:00","date_gmt":"2006-11-06T00:00:00","guid":{"rendered":"https:\/\/intervius.com\/index.html\/?p=5482"},"modified":"2006-11-06T00:00:00","modified_gmt":"2006-11-06T00:00:00","slug":"Angel_Rivera5482","status":"publish","type":"post","link":"https:\/\/intervius.com\/index.html\/Angel_Rivera5482\/","title":{"rendered":"\u00c1ngel Rivera"},"content":{"rendered":"<p>Pregunta.- \u00bfCon cuanto tiempo se puede hablar de una predicci\u00f3n fiable? \u00bfse esperan precipitaciones a medio plazo en zonas necesitadas de agua (mitad sur de Espa\u00f1a)?. Gracias<\/p>\n<p>Respuesta.- A tres o cuatro d\u00edas con el 70 u 80 por ciento. En cuanto a las precipitaciones y para un plazo de 8 o 10 dias no se ve ninguna situaci\u00f3n clara para que lleguen esas precipitaciones al sur<\/p>\n<p>P.- Con todo mi respeto&#8230; esto de las nevadas y las temperaturas bajas en enero&#8230; pues es lo que toca. En Pamplona, mi ciudad, no ha sido nada extraordinario. Me da la impresi\u00f3n que es m\u00e1s un tema medi\u00e1tico que cient\u00edfico. Parecemos californianos, obsesionados por el tiempo a cada minutos. Pel\u00edn rid\u00edculo. Gracias<\/p>\n<p>R.- Esta situaci\u00f3n ha sido importante por su gran extensi\u00f3n geogr\u00e1fica y por los valores de temperatura en niveles bajos y medios de la atm\u00f3sfera. Desde el punto de vista de zonas espa\u00f1olas es muy de destacar las temperaturas m\u00ednimas de Andaluc\u00eda y de la zona centro cercanas en muchos casos a sus valores mas extremos desde que hay observaciones<\/p>\n<p>P.- estamos entrando en una era glacial?, todo lo que esta ocurriendo es debido al efecto invernadero?<\/p>\n<p>R.- No es posible responder con exactitud a esa pregunta aunque en la atm\u00f3sfera todo est\u00e1 conectado. En cualquier caso ya han existido olas de frio con caracter\u00edsticas parecidas o mas fuertes como las de 1956 o 1985<\/p>\n<p>P.- Y eso de la sensaci\u00f3n t\u00e9rmica \u00bfno es una tomadura de pelo?<\/p>\n<p>R.- Desde el punto de vista del cuerpo humano no lo es. Existen bastantes estudios cient\u00edficos sobre el tema y diversas f\u00f3rmulas para calcularla que tienen en cuenta temperatura, humedad y viento.<\/p>\n<p>P.- \u00bfC\u00f3mo es posible que en los grandes premios de F\u00f3rmula 1 a veces tengan previsiones de en qu\u00e9 minuto y en qu\u00e9 zona de un circuito vaya a hacer determinado tiempo?<\/p>\n<p>R.- Puede ser posible con modelos de caracter din\u00e1mico-estad\u00edstico desarrollados para el punto geogr\u00e1fico o puntos geogr\u00e1ficos en cuestion. Est\u00e1 dentro de las posibilidades de la meteorolog\u00eda moderna aunque su fiabilidad puede ser discutible en ocasiones<\/p>\n<p>P.- \u00bfCuando cesar\u00e1 el temporal?<\/p>\n<p>R.- Por lo que se refiere a su intensidad m\u00e1xima hoy se va a notar una mejor\u00eda apreciable. A partir del s\u00e1bado por la tarde y durante el domingo volver\u00e1 a producirse un cierto empeoramiento con vientos frios del nordeste para mejorar mas definitivamente a partir del martes con un 70 u 80 por ciento de probabilidad de que sea as\u00ed<\/p>\n<p>P.- buenos dias, te escribo desde Burgos. La gran nevada que vivimos en diciembre y la de ahora \u00bf\u00bf\u00bfson consecuencia del cambio climatico??\u00bf\u00bfhay que empezar a preocuparse??<\/p>\n<p>R.- Como dec\u00eda antes todo influye en la evoluci\u00f3n de la atm\u00f3sfera pero no puede demostrarse una relaci\u00f3n directa causa-efecto. Nevadas de este tipo se han registrado en muchas ocasiones desde que existen observaciones meteorol\u00f3gicas.<\/p>\n<p>P.- \u00bfQu\u00e9 tipo de relaci\u00f3n\/coordinaci\u00f3n ten\u00e9is con los centros de otros paises?<\/p>\n<p>R.- Muy estrecha. En tiempo real el intercambio de datos es cont\u00ednuo y adem\u00e1s existen reuniones muy frecuentes de estudio y coordinaci\u00f3n sobre los aspectos mas variados. La meteorolog\u00eda es una de las actividades que mas se distingue por la fluidez en el intercambio y colaboraci\u00f3n internacional<\/p>\n<p>P.- \u00bfPor qu\u00e9 no ha nevado mucho en Madrid capital, si ha nevado en casi toda Espa\u00f1a?<\/p>\n<p>R.- Por dos razones. Primero porque no era una situaci\u00f3n de gran inestabilidad y solo se favoreci\u00e1n las nevadas en las zonas de barlovento de las monta\u00f1as. La segunda es que el aire continental que entraba era muy seco. Incluso donde ha nevado las cantidades registradas no han sido muy importantes<\/p>\n<p>P.- \u00bfQue opinas de los presentadores del tiempo que no tienen conocimientos reales de Meteorolog\u00eda, sino que s\u00f3lo cuentan su &#8220;serm\u00f3n&#8221; aprendido?<\/p>\n<p>R.- Creo que lo fundamental es que entre todos hagamos un esfuerzo para &#8220;contar&#8221; de la manera mas clara y cuidadada la evoluci\u00f3n atmosf\u00e9rica y de sus consecuencias dado el inter\u00e9s creciente de la sociedad por estas cuestiones. \u00bfPara cuando un buen programa semanal de divulgaci\u00f3n meteorol\u00f3gica en la tele?<\/p>\n<p>P.- Un economista es un se\u00f1or que le dir\u00e1 ma\u00f1ana porqu\u00e9 la predicci\u00f3n de ayer no se cumpli\u00f3 hoy. Sucede lo mismo con los meteor\u00f3logos ? Un saludo.<\/p>\n<p>R.- Eso lo debemos hacer y lo hacemos para aprender de nuestros errores pero intentamos adelantarnos al tiempo lo mejor que sabemos. Y honradamente creo que los avances de los \u00faltimos a\u00f1os han sido espectaculares. Otra cosa es mejorar la difusi\u00f3n y la presentaci\u00f3n de las predicciones. Hay queda bastante campo por desarrollar<\/p>\n<p>P.- \u00bfCuanto de culpa tiene el hombre en los \u00faltimos fen\u00f3menos que est\u00e1n sucediendo en el mundo? Ya sabe, la desaparci\u00f3n de las estaciones intermedias; las inundaciones; el problema en la antartida; etc. Gracias.<\/p>\n<p>R.- No soy un especialista en el tema. Solo puedo decir que en el planeta Tierra todo, absolutamente todo, est\u00e1 interrelacionado. Ya se ha demostrado que en el aumento de temperaturas detectado a nivel global el hombre ha tenido claramente que ver. Lo que no se conoce todav\u00eda es en qu\u00e9 porcentaje.<\/p>\n<p>P.- \u00bfQue opinas de los modelos de prediccion a largo plazo? \u00bfPuedes recomendarnos alguno?<\/p>\n<p>R.- Los modelos de predicci\u00f3n mensual van siendo cada vez mejores mientras que los de caracter estacional creo que preesentan todav\u00eda bastantes deficiencias si bien mejoran paulatinamente. En nuestro Instituto utilizamos los del Centro Europeo aunque tambi\u00e9n se consultan otros. En cualquier caso son a\u00fan productos experimentales<\/p>\n<p>P.- Nieva en Baleares y nos hacen caso&#8230; ahora bien, el resto del a\u00f1o nuestras estimadas islas siempre resultan eclipsadas por las espaldas del Maldonado de turno. \u00bfNo han pensado en remediarlo? Es un error que se produce desde los inicios de la TV. Saludos de un mallorqu\u00edn.<\/p>\n<p>R.- En el Instituto Nacional de Meteorolog\u00eda trabajamos para elaborar las mejores predicciones posibles y las Baleares son tratadas del mismo modo que otras zonas y en este caso con toda la pericia del Grupo de Predicci\u00f3n y Vigilancia de Palma. Otra cosa son los programas del tiempo en TV de los que no somos responsables salvo en algunos casos como sumnistradores de la informaci\u00f3n t\u00e9cnica<\/p>\n<p>P.- Es cierto que entramos en un ciclo de sequ\u00eda&#8230;sobre todo en el sur&#8230;como en los 80<\/p>\n<p>R.- No creo que pueda afirmarse eso de un modo cient\u00edfico ni que sea posible hacerlo mas all\u00e1 de conjeturas. Lo que si es claro es que las sequ\u00edas son un fen\u00f3meno peri\u00f3dico que hay que tener en cuenta en cualquier planificaci\u00f3n a medio y largo plazo.<\/p>\n<p>P.- \u00bfEst\u00e1n las casas espa\u00f1olas preparadas de forma suficiente para estas temperaturas?<\/p>\n<p>R.- Lo siento pero no soy especialista en esos temas. En cualquier caso creo que se debe estar muy atentos a la previsible evoluci\u00f3n clim\u00e1tica e ir tomando medidas en todas las actividades acordes con la posible evoluci\u00f3n<\/p>\n<p>P.- q es mejor para paliar las sequias \u00bf\u00bfla nieve o la lluvia??<\/p>\n<p>R.- Ambas. Cada tipo de precipitaci\u00f3n influye de modo diferente. Lo que si es importante es que sean precipitaciones continuadas y no de caracter muy fuerte y torrencial. De este modo la mayor parte del agua precipitada no se pierde por escorrent\u00eda y recarga los acu\u00edferos.<\/p>\n<p>P.- \u00bfQu\u00e9 opini\u00f3n te merece que en Catalu\u00f1a vayan a tener su propio INM?<\/p>\n<p>R.- Creo que se trata de un tema complejo y que queda fuera del \u00e1mbito de esta charla. En cualquier caso estimo que lo mas importante es que se articulen mecanismos a nivel estatal que hagan posible el mejor servicio a la sociedad y la coordinaci\u00f3n mas eficiente posible<\/p>\n<p>P.- La p\u00e1gina del INM es realmente increible. Toda clase de informaci\u00f3n, y para un amante de las tablas, las graficas y las estadisticas como soy yo, una pasada. Muchas gracias, por vuestro trabajo y por hacerlo tan bien. Un saludo.<\/p>\n<p>R.- Le agradezco esta valoraci\u00f3n. Intentamos que sea as\u00ed. En cualquier caso nuestra intenci\u00f3n es seguirla mejorando en contenidos y accesibilidad.<\/p>\n<p>P.- Las personas de mayor edad (yo tengo 32), dicen que antes hac\u00eda m\u00e1s frio y llov\u00eda m\u00e1s, \u00bfHasta que punto es esto cierto?<\/p>\n<p>R.- Lo de mas frio, aun con matizaciones, es probablemente verdad. Lo de la lluvia creo que los datos no apoyan esa visi\u00f3n, al menos con caracter general.<\/p>\n","protected":false},"excerpt":{"rendered":"<p>El aut\u00e9ntico hombre del tiempo, jefe del Servicio de Predicci\u00f3n del Instituto Nacional de Meteorolog\u00eda (INM) analiza el porqu\u00e9 de las bajas temperaturas y hasta cu\u00e1ndo se mantendr\u00e1n.<\/p>\n","protected":false},"author":1,"featured_media":0,"comment_status":"open","ping_status":"open","sticky":false,"template":"","format":"standard","meta":{"footnotes":""},"categories":[],"tags":[],"class_list":["post-5482","post","type-post","status-publish","format-standard","hentry"],"_links":{"self":[{"href":"https:\/\/intervius.com\/index.html\/wp-json\/wp\/v2\/posts\/5482","targetHints":{"allow":["GET"]}}],"collection":[{"href":"https:\/\/intervius.com\/index.html\/wp-json\/wp\/v2\/posts"}],"about":[{"href":"https:\/\/intervius.com\/index.html\/wp-json\/wp\/v2\/types\/post"}],"author":[{"embeddable":true,"href":"https:\/\/intervius.com\/index.html\/wp-json\/wp\/v2\/users\/1"}],"replies":[{"embeddable":true,"href":"https:\/\/intervius.com\/index.html\/wp-json\/wp\/v2\/comments?post=5482"}],"version-history":[{"count":0,"href":"https:\/\/intervius.com\/index.html\/wp-json\/wp\/v2\/posts\/5482\/revisions"}],"wp:attachment":[{"href":"https:\/\/intervius.com\/index.html\/wp-json\/wp\/v2\/media?parent=5482"}],"wp:term":[{"taxonomy":"category","embeddable":true,"href":"https:\/\/intervius.com\/index.html\/wp-json\/wp\/v2\/categories?post=5482"},{"taxonomy":"post_tag","embeddable":true,"href":"https:\/\/intervius.com\/index.html\/wp-json\/wp\/v2\/tags?post=5482"}],"curies":[{"name":"wp","href":"https:\/\/api.w.org\/{rel}","templated":true}]}}