{"id":5480,"date":"2005-01-31T00:00:00","date_gmt":"2006-11-06T00:00:00","guid":{"rendered":"https:\/\/intervius.com\/index.html\/?p=5480"},"modified":"2006-11-06T00:00:00","modified_gmt":"2006-11-06T00:00:00","slug":"Carlos_Kurdi5480","status":"publish","type":"post","link":"https:\/\/intervius.com\/index.html\/Carlos_Kurdi5480\/","title":{"rendered":"Carlos Kurdi"},"content":{"rendered":"<p>Pregunta.- Se plantean ustedes un escenario con un kurdistan independiente a corto plazo o medio plazo?<\/p>\n<p>Respuesta.- No, en principio no. En principio no, pero a largo plazo Kurdist\u00e1n con toda seguridad va a ser independiente. Pero \u00bfcu\u00e1ndo? Eso nosotros no lo sabemos en este momento.<\/p>\n<p>P.- Hola: \u00bfqu\u00e9 espera del resultado de las elecciones? \u00bfCu\u00e1l es su pron\u00f3stico? Gracias<\/p>\n<p>R.- Bueno, mi pron\u00f3stico es que habr\u00e1 una participaci\u00f3n masiva en estas elecciones, aunque estas elecciones no dejar\u00e1n de ser una prueba que pueda tener sus defectos, en el sentido, de que la participaci\u00f3n no llegue a ser la deseada. Pero s\u00ed es ya algo muy importante que respira el pueblo y, como kurdos, esperamos conseguir el m\u00e1ximo n\u00famero de esca\u00f1os en la asamblea que se va a construir para poder influir en la redacci\u00f3n de la nueva constituci\u00f3n iraqu\u00ed.<\/p>\n<p>P.- \u00bfQu\u00e9 papel crees que van a jugar los kurdos en el futuro m\u00e1s inmediato de Irak?<\/p>\n<p>R.- Los kurdos pueden jugar un papel muy importante puesto que desde el 92 tiene una experiencia democr\u00e1tica muy importante y ya ha habido elecciones en Kurdist\u00e1n, se form\u00f3 un parlameto kurdo y ha habido funcionamiento democr\u00e1tico en la ciudad del kurdist\u00e1n donde las libertades funcionaron bien, se respet\u00f3 a las minor\u00edas y, en general, toda la experiencia democr\u00e1tica del kurdist\u00e1n se puede utilizar y trasladarla al resto de Irak. Creemos que somos un factor de estabilidad para el futuro democr\u00e1tico de Irak.<\/p>\n<p>P.- \u00bfTiene alguna sede en Espa\u00f1a?, c\u00f3mo puedo informarme -desde su punto de vista- del problema de su pueblo?<\/p>\n<p>R.- S\u00ed, nuestra sede est\u00e1 la Avda. Pava Negro n\u00ba 20 puerta 105, en Madrid (en el parque del Conde Ordaz). Nosotros peri\u00f3dicamente tenemos entrevistas en los medios de comunicaci\u00f3n, radio, prensa escrita, televisi\u00f3n&#8230; Tenemos n\u00famero de tel\u00e9fono (91 75 994 75) abierto a todos los que quieran informarse. Hay un correo electr\u00f3nico que dejo tambi\u00e9n a su disposici\u00f3n: kurdi@infonegocio.com<\/p>\n<p>P.- \u00bfQu\u00e9 opini\u00f3n tienen de los shi\u00edes y de los sunnis? \u00bfha cambiado todo tras la ca\u00edda de Husein?<\/p>\n<p>R.- Los segundos,los sun\u00edes (20% de la poblaci\u00f3n) han tenido durante 80 a\u00f1os el dominio pol\u00edtico de las comunidades kurdas y chi\u00edes, alcanzando los kurdos entre el 20-25% de la poblaci\u00f3n y los chi\u00edes el 50%. Esto es, la composici\u00f3n de las tres comunidades importantes en Irak, los kurdos tienen una autonom\u00eda y el Norte de Irak, que ahora seg\u00fan la ley transitoria iraqu\u00ed, los convierte en un estado federado dentro de Irak. Seg\u00fan declaraciones de los chi\u00edes, ellos tambi\u00e9n trabajan por un Irak democr\u00e1tico y un estado laico, que respete el islam, pero no est\u00e1n tampoco por la labor de convertirlo en un estado isl\u00e1mico como es el caso de Ir\u00e1n. Queda la comunidad sunn\u00ed descolgada del proceso pero porque ellos los quieren, y tienen ellos mismos problemas a este respecto. Pero de hecho, ya hay intentos por parte de l\u00edderes pol\u00edticos, de convocar un congreso de reconciliaci\u00f3n nacional entre todos los sectores de la sociedad, incluidos los sun\u00edes.<\/p>\n<p>P.- Buenas tardes, \u00bfcree en la posibilidad de una convivencia pac\u00edfica en Irak? Gracias<\/p>\n<p>R.- Creo que si los pa\u00edses vecinos dejan en paz a los iraqu\u00edes, y con un poco de colaboraci\u00f3n y ayuda por parte de Occidente, es posible. Porque la sociedad iraqu\u00ed es una sociedad muy madura, y actualmente hay mucha intromisi\u00f3n en los asuntos de la poblaci\u00f3n. Y creo que los restos del anterior regimen, y los ciudadanos pertenecientes al partido que gobernaba, necesitan m\u00e1s tiempo para mentalizarse de que con una sociedad civilizada y un sistema democr\u00e1tico, caben todos en la sociedad, nadie tiene que quedar fuera.<\/p>\n<p>P.- El nuevo gobierno que salga, m\u00e1s o menos democr\u00e1tico pero desde luego m\u00e1s que el provisional, cu\u00e1nto tiempo cree que deber\u00eda tardar en exigir que las tropas extranjeras abandonasen el pa\u00eds?<\/p>\n<p>R.- En principio, en el momento en que est\u00e9n las fuerzas y cuerpos de seguridad iraqu\u00edes preparados y listos para garantizar la seguridad de la poblaci\u00f3n, por un lado, y est\u00e9n preparados para repeler cualquier exterior de cualquier pa\u00eds vecino, entonces s\u00ed se puede exigir la salida inmediata de las fuerzas especiales de Irak. Aunque posiblemente, justo despu\u00e9s de las elecciones, el gobierno iraqu\u00ed llegar\u00e1 a un acuerdo con las fuerzas especiales para que vayan paulatinamente entregando zonas al dominio de las fuerzas de seguridad de iraqu\u00edes. Con toda seguridad, todas las fuerzas pol\u00edticas iraqu\u00edes desean que, lo antes posible, salgan las fuerzas extranjeras de las calles de Irak. A excepci\u00f3n de los terroristas, cuyo \u00fanico empe\u00f1o es dar excusas a las fuerzas extranjeras para que tengan pretextos para no salir. Porque, sin duda, si no hay violencia, si no hay terrorismo, no tienen sentido que permanezcan esas fuerzas ah\u00ed en Irak.<\/p>\n<p>P.- \u00bfCree que la llegada de la democracia a Irak puede ayudar a lograr la Naci\u00f3n Kurda sin fronteras? Gracias.<\/p>\n<p>R.- El objetivo de los kurdos es llegar a tener un d\u00eda su estado independiente, en Irak. Ahora, unifar todo el Kurdist\u00e1n de momento no est\u00e1 en la mente de nadie, puesto que es un objetivo bastante m\u00e1s largo y que no sabemos si el pueblo kurdo en cada zona donde est\u00e1 ocupado por el pa\u00eds que le domina, querr\u00e1 unirse a la otra parte o no. Pero lo que es claro es que el deseo de independencia existe en la poblaci\u00f3n kurda. Aunque en este momento, las fuerzas pol\u00edticas kurdas, no tienen como objetivo a corto y medio plazo desarrollar eta idea.<\/p>\n<p>P.- \u00bfCree que la experiencia democr\u00e1tica iraqu\u00ed puede servir de ejemplo al resto de pa\u00edses \u00e1rabes? Les deseo que tengan suerte y salgan adelante.<\/p>\n<p>R.- Ese es el problema que actualmente hay. Los pa\u00edses \u00e1rabes, todos los pa\u00edses vecionos (entre ellos Ir\u00e1n tambi\u00e9n) temen que esta experiencia les contagie a sus sociedades, de modo que sus regimenes puedan salir perjudicados. Por ello, en este momento, tenemos esta situaci\u00f3n tan compleja en Irak, y no nos ayuda en absoluto para que haya una estabilidad y no haya violencia y terrorismo en Irak, cuando ellos, si quisieran, podr\u00edan controlar perfectamente bien la entrada de terroristas extranjeros a Irak. La poblaci\u00f3n de estos pa\u00edses, sin duda tendr\u00e1 deseos de que esta experiencia transpase las fronteras de Irak, no como sus gobernantes. Pero, sin duda, si esta experiencia prospera en Irak, afectar\u00e1 a todo el Oriente Medio de una forma muy positiva.<\/p>\n<p>P.- Carlos,\u00bfes cierto que que los servicios secretos israelies entrenan en secreto a grupos kurdos en el Norte de Irak para contrarrestrar a la irsugencia sunie como publicaba hace unos meses New Yorker?\u00bfNo temes que esta alianza americana-israeli-kurda pueda perjudicar vuestra imagen en el mundo \u00e1rabe y en la opini\u00f3n p\u00fablica europea?.Gracias.Fcastillo.<\/p>\n<p>R.- Han salido muchas informaciones hasta ahora en ese sentido. Y todas ellas se han demostrado totalmente falsas y que tenemos el Kurdist\u00e1n abierto de par en par, para que quienes publican estas calumnias vengan a visitarnos y nos ense\u00f1en a nosotros d\u00f3nde est\u00e1n los israel\u00edes en el Kurdist\u00e1n. Los kurdos, a lo largo de la historia, han dado gran apoyo y soporte a la causa de los \u00e1rabes, desde los d\u00edas de Saladino, el kurdo, que liber\u00f3 Palestina, fue la primera y \u00faltima vez que Palestina fue liberada. Y no existe, en absoluto, ninguna alianza entre los kurdos y los israel\u00edes. Tal vez si existiera de hecho una cosa as\u00ed, nuestra situaci\u00f3n hubiera sido diferente. Y duele mucho que la mayor\u00eda de los pa\u00edses \u00e1rabes mantienen buenas relaciones con Israel, tienen all\u00ed sus embajadas y acuerdos econ\u00f3micos con ellos mientras, paralelamente, acusan a los kurdos de tener relaciones con los israel\u00edes. Por otro lado, Turqu\u00eda acusa de vez en cuando a los kurdos de que hay convivencia entre los kurdos y oficiales del ej\u00e9rcito israel\u00ed. Sin embargo, al mismo tiempo, tienen convenios y acuerdos bilaterales en todos los campos (militares, econ\u00f3micos, tur\u00edsticos&#8230;) en todos los campos con Israel. Hasta el punto de que los palestinos est\u00e1n firmando convenios de seguridad con Israel. No es entonces comprensible mantener siempre bajo sospecha a los kurdos.<\/p>\n<p>P.- Hola Carlos: \u00bfqu\u00e9 soluci\u00f3n ve para los peshmergas?&#8230;podr\u00eda suceder algo parecido como con los &#8220;\u00e1rabes afganos&#8221; y ser un foco potencial de m\u00e1s inestabilidad en el futuro?<\/p>\n<p>R.- No, los kurdos tenemos un ej\u00e9rcito regular entrenado y adiestrado seg\u00fan el sistema del ej\u00e9rcito iraqu\u00ed. Las academias militares kurdas ense\u00f1an las clases militares de acuerdo con la doctrina militar internacional. Paralelamente el ej\u00e9rcito regular kurdo se est\u00e1 integrando en el nuevo ej\u00e9rcito iraqu\u00ed y se le ha dado una soluci\u00f3n tambi\u00e9n a los pesmergas para convertirles en guardias fronterizos (los m\u00e1s j\u00f3venes), otros se jubilan (los m\u00e1s mayores), otros como guardabosques del mismo Kurdist\u00e1n iraqu\u00ed.<\/p>\n<p>P.- Carlos \u00bfque ha sido de Halabja despu\u00e9s de que fuera blanco de las bombas quimicas de Sadam?\u00bfSe ha reconstruido la ciudad?\u00bfEs cierto que llegaron a morir 5.000 kurdos en una hora?.Un fuerte abrazo.<\/p>\n<p>R.- Totalmente cierto. Pero no solamente murieron 5.000 civiles kurdos en una hora sino que cientos de miles civiles kurdos sufrieron las secuelas de ese ataque con armas qu\u00edmicas. Hasta el d\u00eda de hoy se siguen sufriendo las secuelas entre la poblaci\u00f3n y entre pueblos veciones de aquel dram\u00e1tico d\u00eda. La ciudad, y los pueblos de alrededor, han sido parcialmente reconstruidos, pero a\u00fan queda mucho por hacer. Pasar\u00e1n d\u00e9cadas hasta que la poblaci\u00f3n pueda superar aquel drama y aquella psicosis de la masacre de la ciudad de Halabja.<\/p>\n<p>P.- Sr Kurdi,\u00bf van a respetar los derechos hist\u00f3ricos de los \u00e1rabes residentes en ciudades como Kirkuk,Erbil, o en menor medida en Sulemaneyah?.<\/p>\n<p>R.- Nosotros, desde hace 13 a\u00f1os, a\u00fan siendo Kurdist\u00e1n un estado independiente de facto, hemos venido respetando a todas las minor\u00edas que habitan el Kurdist\u00e1n, entre ellos turcumanos, asirios, caldeos, \u00e1rabes, y ten\u00edan mucha m\u00e1s libertad en el Kurdist\u00e1n que en cualquier parte de Irak. Y nunca han tenido ning\u00fan problema por ser de otra etnia, y podr\u00e1n seguir viviendo perfectamente en el Kurdist\u00e1n. Sin embargo, cuando hablamos de la normalizaci\u00f3n en las ciudades kurdas que hab\u00edan sufrido la arabizaci\u00f3n, es normalizar la situaci\u00f3n, quiere decir que los \u00e1rabes tra\u00eddos por el r\u00e9gimen iraqu\u00ed por la fuerza a ocupar casas y tierras kurdas, estos tienen que volver a sus lugares de origen, pero no expuls\u00e1ndoles sino ayud\u00e1ndoles para que puedan regresar. Algunos de ellos pueden haber echado ra\u00edces en Kurdist\u00e1n normalizando su situaci\u00f3n legal, en cuyo caso pueden perfectamente permanecer ah\u00ed. Cualquier kurdo, o \u00e1rabe o turcumano puede vivir en cualquier rinc\u00f3n de Irak, pero el ciudadano kurdo debe volver a tener su casa, sus tierras; todo aquello que le hab\u00eda sido arrebatado.<\/p>\n<p>P.- Respecto a la pregunta 10, la prueba del 8 seria si vais a reconocer o no al Estado de Israel y por otra parte \u00bfquien controlar\u00e1 el petroleo de Kirkuk los kurdos a los chiies?<\/p>\n<p>R.- Los kurdos no somos un estado, sino que estamos dentro del estado iraqu\u00ed, as\u00ed que no es una prioridad de momento, hablar del reconocimiento a Israel o no. Respecto al petroleo, nosotros estamos trabajando para poder explotar los recursos que tiene Kurdist\u00e1n con el respeto a las reglas de juego y con la absoluta solidaridad con el resto de Irak, si es posible. Y si no, se deber\u00e1 tener en cuenta la marginaci\u00f3n a lo largo de muchas d\u00e9cadas del Kurdist\u00e1n iraqu\u00ed, a pesar de ser una de las principales zonas ricas de Irak, para poder indemnizarles y fortalecer el tejido industrial en estas zonas. En todo caso, existen diversas f\u00f3rmulas de distribuci\u00f3n de la riqueza en los distintos estados federales del mundo. Y hace poco Naciones Unidas ha dado una soluci\u00f3n en Sud\u00e1n que acaba con la guerra que ha habido entre el Sur y el gobierno sudan\u00ed, con la partici\u00f3n de los beneficios del petr\u00f3leo entre las dos partes. Y ah\u00ed ha dejado un precedente. Todo esto se puede siempre alcanzar mediante el di\u00e1logo y el entendimento, porque hay muchas f\u00f3rmulas que puedan satisfacer a las distintas partes implicadas.<\/p>\n<p>P.- Enhorabuena por el proceso en el que esta inmerso tu pais, la pregunta es la siguiente, \u00bfque piensas de los paises que no han apollado este proceso, o como en el caso de Espa\u00f1a, lo han dejado a medias?<\/p>\n<p>R.- Gracias ante todo por la felicitaci\u00f3n, a\u00fan tenemos que tocar madera, porque el proceso es muy largo y con muchos obst\u00e1culos y con muchas zancadillas que otros nos ponen. Pero estamos empe\u00f1ados en seguir este proceso hasta la consolidaci\u00f3n de las bases de la convivencia en Irak. Respecto a los pa\u00edses que no nos han apoyado, creo que se arrepentir\u00e1n porque ver\u00e1n que el pueblo iraqu\u00ed es capaz de recuperar su soberan\u00eda y su libertad, y es amante de las libertades y la democracia, a pesar de que se le haya juzgado injustamente. Y se puede recuparar el camino manteniendo buenas relaciones econ\u00f3micas y comerciales, que muchos pensaron que iban a desaparecer al caer el regimen dictatorial de Sadam. En el caso de Espa\u00f1a, tenemos el m\u00e1ximo respeto hacia la voluntad y la decisi\u00f3n del pueblo espa\u00f1ol y de su gobierno soberano, pero creemos que fue un error la retirada, ya que, por un lado, el ej\u00e9rcito espa\u00f1ol no estaba en el frente y, por otro, la decisi\u00f3n no estaba tomada por este gobierno sino por el anterior (siendo as\u00ed que el desgaste de la impopularidad de una guerra no era para este gobierno) y, por \u00faltimo, el ej\u00e9rcito espa\u00f1ol realmente estaba realizando una labor humanitaria excelente. Ayudando a la poblaci\u00f3n a superar la crisis y el sufrimiento, en las labores cotidianas. Pero bueno, la decisi\u00f3n \u00faltima de permanecer o no ah\u00ed es de la poblaci\u00f3n espa\u00f1ola y de sus gobernantes y, en ese sentido, cualquier decisi\u00f3n es respetable. Y hay mucho camino por delante si Espa\u00f1a quiere solidarizarse con el pueblo iraqu\u00ed y ayudarle.<\/p>\n<p>P.- Del pueblo kurdo se conoce muy poco, s\u00f3lo su desgraciada historia, \u00bfSe sienten una minor\u00eda olvidada?\u00bfCu\u00e7anta gente compone la comunidad kurda espa\u00f1ola?<\/p>\n<p>R.- La comunidad kurda espa\u00f1ola es de alrededor de 1000 personas. S\u00ed, realmente, sentiamos que la historia nos hab\u00eda abandonado y nos hab\u00eda juzgado muy mal. Somos la minor\u00eda m\u00e1s grande del mundo sin estado. Y realmente hubo un silencio c\u00f3mplice de toda la comunidad internacional hacia todas las calamideades que ha padecido el pueblo kurdo. Esperemos que esta p\u00e1gina desaparezca y se abra una nueva, y que no nos olviden a partir de ahora. Y que no se olvide a ning\u00fan otro pueblo oprimido.<\/p>\n","protected":false},"excerpt":{"rendered":"<p>El representante del Partido Democr\u00e1tico del Kurdist\u00e1n y delegado del gobierno federal kurdo en Espa\u00f1a har\u00e1 balance de la crucial jornada electoral en Irak.<\/p>\n","protected":false},"author":1,"featured_media":0,"comment_status":"open","ping_status":"open","sticky":false,"template":"","format":"standard","meta":{"footnotes":""},"categories":[],"tags":[],"class_list":["post-5480","post","type-post","status-publish","format-standard","hentry"],"_links":{"self":[{"href":"https:\/\/intervius.com\/index.html\/wp-json\/wp\/v2\/posts\/5480","targetHints":{"allow":["GET"]}}],"collection":[{"href":"https:\/\/intervius.com\/index.html\/wp-json\/wp\/v2\/posts"}],"about":[{"href":"https:\/\/intervius.com\/index.html\/wp-json\/wp\/v2\/types\/post"}],"author":[{"embeddable":true,"href":"https:\/\/intervius.com\/index.html\/wp-json\/wp\/v2\/users\/1"}],"replies":[{"embeddable":true,"href":"https:\/\/intervius.com\/index.html\/wp-json\/wp\/v2\/comments?post=5480"}],"version-history":[{"count":0,"href":"https:\/\/intervius.com\/index.html\/wp-json\/wp\/v2\/posts\/5480\/revisions"}],"wp:attachment":[{"href":"https:\/\/intervius.com\/index.html\/wp-json\/wp\/v2\/media?parent=5480"}],"wp:term":[{"taxonomy":"category","embeddable":true,"href":"https:\/\/intervius.com\/index.html\/wp-json\/wp\/v2\/categories?post=5480"},{"taxonomy":"post_tag","embeddable":true,"href":"https:\/\/intervius.com\/index.html\/wp-json\/wp\/v2\/tags?post=5480"}],"curies":[{"name":"wp","href":"https:\/\/api.w.org\/{rel}","templated":true}]}}