{"id":548,"date":"2006-03-15T00:00:00","date_gmt":"2006-11-06T00:00:00","guid":{"rendered":"https:\/\/intervius.com\/index.html\/?p=548"},"modified":"2006-11-06T00:00:00","modified_gmt":"2006-11-06T00:00:00","slug":"Joan_Puigcercos548","status":"publish","type":"post","link":"https:\/\/intervius.com\/index.html\/Joan_Puigcercos548\/","title":{"rendered":"Joan Puigcerc\u00f3s"},"content":{"rendered":"<p>Pregunta.- Joan, \u00bfqu\u00e9 consideras m\u00e1s importante para el s\u00ed de ERC: el reconocimiento del t\u00e9rmino naci\u00f3n aunque sea en el pre\u00e1mbulo o la nueva financiaci\u00f3n para Catalunya, aunque no consiga la plena autonom\u00eda fiscal? Gracias.<\/p>\n<p>Respuesta.- Para Esquerra lo m\u00e1s importante de este Estatuto es la financiaci\u00f3n que nos permita dotarnos de las herramientas para cohesionar al m\u00e1ximo la sociedad. El reto de la inmigraci\u00f3n requiere competencias en la materia y recursos. Sin una sanidad de calidad, sin una escuela p\u00fablica competente, no habr\u00e1 cohesi\u00f3n social. No podemos repetir los errores de muchos otros pa\u00edses europeos. Solo se puede contruir una naci\u00f3n desde la igualdad y la cohesi\u00f3n social de sus ciudadanos. Es evidente que el reconocimiento de Catalunya como naci\u00f3n es muy importante para nosotros. Y no va contra nadie ni para negar a nadie. <\/p>\n<p>P.- \u00bfHacia d\u00f3nde se escora el nacionalismo de ERC?\u00bfEs un nacionalismo revolucionario-democr\u00e1tico, como lo predicaba Mazzinni, o se parece m\u00e1s bien al nacionalismo conservador de despu\u00e9s de 1848, que m\u00e1s tarde di\u00f3 lugar a ideolog\u00edas como el pangermanismo? Muchas gracias.<\/p>\n<p>R.- Esquerra Republicana no es nacionalista. No nos consideramos mejores que nadie. Somos un partido de izquierda independentista catalana. El hecho que Catalunya no est\u00e9 dotada de instrumentos para contruir una sociedad m\u00e1s justa, m\u00e1s libre requiere de un poder pol\u00edtico que hoy no tiene. La reivindicaci\u00f3n de este poder pol\u00edtico conlleva nuestra apuesta por la v\u00eda independentista. Pero este no es un fin sino un medio de un partido de izquierda que quiere lo mejor para sus ciudadanos vengan de donde vengan y hablen la lengua que hablen. Como se ha demostrado siempre, el enemigo de las clases populares catalanas ha sido un regionalismo clasista catal\u00e1n y los que desde la Espa\u00f1a nacionalista han negado el respeto a la libre determinaci\u00f3n de un pueblo. Las \u00e9lites de Barcelona y Madrid se entienden a la perfecci\u00f3n por mucho que hablen lenguas distintas. ERC no es un partido de esencialismos. <\/p>\n<p>P.- \u00bfCree usted que si el Estatut hubiera sido redactado en otra comunidad aut\u00f3noma se habr\u00eda montado tanto foll\u00f3n?<\/p>\n<p>R.- No. En absoluto. El PP y algunos sectores PSOE se han movido m\u00e1s por una catalofobia que tristemente existe y que hasta ahora se hallaba en estado de hibernaci\u00f3n pero que convenientemente azuzada es instrumento de presi\u00f3n pol\u00edtica de primer orden. No es un hecho aislado. En 1993, durante el \u00faltimo gobierno de Felipe Gonz\u00e1lez, el apoyo de Jordi Pujol a \u00e9ste ya levant\u00f3 una campa\u00f1a parecida; eso s\u00ed, de menor intensidad porque hab\u00eda otros elementos para minar y erosionar al leg\u00edtimo gobierno de Felipe. Casos como el Gal, Filesa o Mariano Rubio fueron bazas muy importantes para Aznar. La catalanofobia fue un componente m\u00e1s. Ahora estamos ante un gobierno sin desgaste, entre otras razones porque todav\u00eda est\u00e1 al inicio de ciclo; pese a ello, el PP y su frente medi\u00e1tico ha tirado del enfrentamiento entre pueblos y comunidades aut\u00f3nomas sin complejos ni escr\u00fapulos.<\/p>\n<p>P.- \u00bfCree usted que la convivencia en el estado espa\u00f1ol ser\u00eda m\u00e1s tranquila si se revisara el modelo de estado y caminasemos hacia un estado federal sim\u00e9trico? <\/p>\n<p>R.- Sin ning\u00fan lugar a dudas. El reconocimiento del uno y del otro es el primer paso para el di\u00e1logo. Y solo desde el di\u00e1logo respetuoso entre pueblos y culturas, en trato de igual a igual, puede contruirse una convivencia basada en el respeto.<br \/>\nEsquerra ha dado apoyo al Gobierno de Jos\u00e9 Luis Rodr\u00edguez Zapatero durante estos dos primeros a\u00f1os de legislatura precisamente por eso: porque parec\u00eda que el nuevo presidente espa\u00f1ol pretend\u00eda realmente solucionar el modelo de Estado y el debate territorial desde el di\u00e1logo y el respeto y no desde la imposici\u00f3n como hicieron sus predecesores. Veremos c\u00f3mo termina el proceso estatutario pero mucho nos tememos que buena parte de las marchas atr\u00e1s del Gobierno de Zapatero ha venido propiciada por el miedo a las encuestas y el ruido del frente medi\u00e1itco de la derecha que ha conseguido doblegar, en parte, las buenas intenciones iniciales de Zapatero. Veremos como termina todo. Las notas, siempre a final de curso. Lo lamentable ser\u00eda que hubi\u00e9rarmos desperdiciado una ocasi\u00f3n de oro para poner encima de la mesa soluciones a un debate que qued\u00f3 mal cerrado ya en la denominada Transici\u00f3n. <\/p>\n<p>P.- 24 a\u00f1os, mil euros de n\u00f3mina en 12 pagas. Quiero emanciparme, pero no s\u00e9 c\u00f3mo. Hipoteca + Subida de tipos inminente. Me da la sensaci\u00f3n que tengo que empadronarme en Suria para optar a una VPO. Porqu\u00e9 no en mi localidad, en Sant Boi del Llobregat esta oferta es realmente escasa. \u00bfEn qu\u00e9 parte el Estatut se acuerda de m\u00ed?<\/p>\n<p>R.- La primera prioridad del Estatut era precisamente el dise\u00f1o de un sistema de financiaci\u00f3n justo y claro para tener m\u00e1s recursos precisamente para los mileurista como t\u00fa y la mayor\u00eda de menores de 30 a\u00f1os o la gente m\u00e1s necesitada. Los pol\u00edticos en general deber\u00edamos darnos cuenta de que los j\u00f3venes son los grandes olvidados de nuestros programas y propuestas. Estamos en una sociedad que envejece muy r\u00e1pidamente. Los ancianos son ya un poder f\u00e1ctico de primer orden y esto deber\u00eda hacernos reflexionar. Qu\u00e9 podemos ofrecer a los j\u00f3venes: educaci\u00f3n p\u00fablica de calidad, condiciones laborales justas y no precarias y acceso m\u00e1s f\u00e1cil a la vivienda, sea de compra o de alquiler. Lo dem\u00e1s requiere el esfuerzo de cada uno. Creo sinceramente que la educaci\u00f3n la mejoraremos y las condiciones laborales va a ser m\u00e1s dificil porque juegan otros factores externos a los gobiernos. Pero donde no hay tregua es en vivienda. Deb\u00e9is exigirnos m\u00e1s, por ejemplo trabajar para que la nueva reforma fiscal, el alquiler de la vivienda lleve acompa\u00f1ada la misma fiscalidad que los compradores. Habilitar m\u00e1s suelo p\u00fablico. <\/p>\n<p>P.- Bona tarda des de Formentera. \u00bfTras su experiencia en el Parlamento espa\u00f1ol, le dice algo la famosa sentencia de Josep Pla &#8220;lo que m\u00e1s se parece a un espa\u00f1ol de derechas es un espa\u00f1ol de izquierdas&#8221;?<\/p>\n<p>R.- Pues s\u00ed, hasta ahora he hecho todos los esfuerzos para convencerme que la frase de Pla no se sosten\u00eda. Viendo algunos gestos del Gobierno de Zapatero como por ejemplo su comprensi\u00f3n al hecho diferencial catal\u00e1n y su lengua y cultura, llego a la conclusi\u00f3n que Pla no llevaba toda la raz\u00f3n. A\u00fan as\u00ed, un espa\u00f1ol de izquierdas y uno de derechas, demasiadas veces comparten lo primero, ser espa\u00f1ol y a menudo comparten una visi\u00f3n de Estado: una naci\u00f3n, una lengua y una \u00fanica cultura por encima de la riqueza y la diversidad. Por ejemplo, la normalizaci\u00f3n ling\u00fc\u00edstica en Catalunya o la descentralizaci\u00f3n de estructuras de poder del Estado provoca reacciones hist\u00e9ricas entre dirigentes de derechas e izquierdas.<\/p>\n<p>P.- Sr.Puigcercos: En la pasada Diada de Catalunya VD. dijo que Espa\u00f1a y los espa\u00f1oles le hab\u00eda &#8220;robado&#8221; a Catalunya. Desde entonces tengo verdadero inter\u00e9s en saber a que se refiere cuando afirma semejante cosa, eso s\u00ed, solamente en catalu\u00f1ya, no fuera de ella, y si se puede contabilizar dicho expolio.<\/p>\n<p>R.- Si Esquerra tiene alguna virtud es que decimos lo mismo en Barcelona que en Madrid, eso quiz\u00e1s es uno de los matices que m\u00e1s nos diferencia de otros partidos catalanes que sufren el s\u00edndrome del Puente a\u00e9reo: se disfrazan de patriotas catalanes en Barcelona y cuando llegan a Madrid quieren hacerse perdonar y caer simp\u00e1ticos.<br \/>\nEsta frase iba referida a aquellos empresarios sin empresa, a los bufetes, a asesores, a la aristocracia funcionarial que vive entorno del poder concentrado en Madrid -el Madrid del poder y no de los ciudadanos- y que ve peligrar sus privilegios. Son los que se oponen a la publicaci\u00f3n de las balanzas fiscales, por ejemplo. Los que se oponen a que un grupo energ\u00e9tico catal\u00e1n pueda llevar a cabo una operaci\u00f3n empresarial por el simple hecho de ser catal\u00e1n. Reitero que en Catalunya no todos somos ricos y tenemos un mill\u00f3n de ciudadanos por debajo del umbral de la pobreza. A esta Espa\u00f1a, a este Madrid del poder y las poltronas me refer\u00eda. En ning\u00fan Estado europeo moderno existe tal concentraci\u00f3n de poder en la capital como en Espa\u00f1a.<\/p>\n<p>P.- El PP sostiene que el Estatuto no mejora e incluso perjudica la calidad de vida de los ciudadanos catalanes y que todo es una aspiraci\u00f3n a conseguir mayor poder por la clase pol\u00edtica catalana. \u00bfPuede esbozarnos en qu\u00e9 aspectos concretos se beneficiar\u00e1n directamente los ciudadanos de Catalu\u00f1a sin que el resto se vean agraviados?<\/p>\n<p>R.- El primer cap\u00edtulo de derechos y deberes reconoce algunos derechos que ning\u00fan texto legal recog\u00eda, sin perjuicio de ning\u00fan ciudadano del Estado. Por ejemplo, derechos de participaci\u00f3n democr\u00e1tica, medio ambiente, del \u00e1mbito laboral o derechos de las mujeres o a la muerte digna. Todo esto supone m\u00e1s garant\u00edas democr\u00e1ticas para los ciudadanos que, junto con las garant\u00edas ling\u00fc\u00edsticas para los que deseen expresarse con la lengua propia de Catalunya, no representa ning\u00fan perjuicio para nadie. La forma en como se est\u00e1 terminando de pactar el Estatut generar\u00e1 discriminaci\u00f3n de los ciudadanos de Catalunya con respecto otros de distintas comunidades por el modelo de financiaci\u00f3n. Un modelo que perpet\u00faa un d\u00e9ficit fiscal -la diferencia entre lo que aportamos y recibimos de la administraci\u00f3n del Estado- que lo pagan los m\u00e1s necesitados. La Catalunya en donde todos supuestamente nadamos en la abundancia y en la riqueza es un invento perverso: somos de las comunidades que m\u00e1s ha aportado a la solidaridad pero todo tiene un l\u00edmite. Se calcula que tenemos cerca de un mill\u00f3n de catalanes por debajo de los umbrales de pobreza.<\/p>\n","protected":false},"excerpt":{"rendered":"<p>El Estatuto de Catalu\u00f1a est\u00e1 en la recta final. Pero el resultado no gusta a todos. Para ERC el texto final es un &#8220;Estatuto descafeinado&#8221;. La formaci\u00f3n ha exigido recientemente la cesi\u00f3n de la gesti\u00f3n de los aeropuertos y puertos catalanes a la Generalitat como moneda de cambio para la aprobaci\u00f3n del pol\u00e9mico proyecto. Joan Puigcerc\u00f3s, portavoz de ERC en la Comisi\u00f3n Constitucional que debate el Estatuto, ha charlado con los lectores sobre la fase final de la negociaci\u00f3n del Estatut.<\/p>\n","protected":false},"author":1,"featured_media":0,"comment_status":"open","ping_status":"open","sticky":false,"template":"","format":"standard","meta":{"footnotes":""},"categories":[],"tags":[],"class_list":["post-548","post","type-post","status-publish","format-standard","hentry"],"_links":{"self":[{"href":"https:\/\/intervius.com\/index.html\/wp-json\/wp\/v2\/posts\/548","targetHints":{"allow":["GET"]}}],"collection":[{"href":"https:\/\/intervius.com\/index.html\/wp-json\/wp\/v2\/posts"}],"about":[{"href":"https:\/\/intervius.com\/index.html\/wp-json\/wp\/v2\/types\/post"}],"author":[{"embeddable":true,"href":"https:\/\/intervius.com\/index.html\/wp-json\/wp\/v2\/users\/1"}],"replies":[{"embeddable":true,"href":"https:\/\/intervius.com\/index.html\/wp-json\/wp\/v2\/comments?post=548"}],"version-history":[{"count":0,"href":"https:\/\/intervius.com\/index.html\/wp-json\/wp\/v2\/posts\/548\/revisions"}],"wp:attachment":[{"href":"https:\/\/intervius.com\/index.html\/wp-json\/wp\/v2\/media?parent=548"}],"wp:term":[{"taxonomy":"category","embeddable":true,"href":"https:\/\/intervius.com\/index.html\/wp-json\/wp\/v2\/categories?post=548"},{"taxonomy":"post_tag","embeddable":true,"href":"https:\/\/intervius.com\/index.html\/wp-json\/wp\/v2\/tags?post=548"}],"curies":[{"name":"wp","href":"https:\/\/api.w.org\/{rel}","templated":true}]}}