{"id":5479,"date":"2005-01-31T00:00:00","date_gmt":"2006-11-06T00:00:00","guid":{"rendered":"https:\/\/intervius.com\/index.html\/?p=5479"},"modified":"2006-11-06T00:00:00","modified_gmt":"2006-11-06T00:00:00","slug":"Nacho_Vigalondo5479","status":"publish","type":"post","link":"https:\/\/intervius.com\/index.html\/Nacho_Vigalondo5479\/","title":{"rendered":"Nacho Vigalondo"},"content":{"rendered":"<p>Pregunta.- En primer lugar, enhorabuena por el corto, me ha encantado, te deseo mucha suerte. Por cierto, \u00bfC\u00f3mo se te ocurri\u00f3 la idea del corto? Otra preguntilla \u00bfPiensas dar el salto al largo? \u00bfTienes alg\u00fan proyecto en mente?<\/p>\n<p>Respuesta.- Muchas gracias, por Dios. La idea del corto, como todas las mejores ideas, llega sin que sepas muy bien ni c\u00f3mo ni por qu\u00e9. Supongo que era fruto de un momento particularmente depresivo y tenebroso de mi vida. No se por qu\u00e9 lleg\u00f3, pero te podr\u00eda decir la baldosa espec\u00edfica de la calle que va de Sol a \u00d3pera que estaba pisando cuando se me ocurri\u00f3. Espero rodar un largo este mismo a\u00f1o &#8220;Los cronocr\u00edmenes&#8221; espero que te guste el doble que &#8220;7:35 de la ma\u00f1ana&#8221;, claro.<\/p>\n<p>P.- \u00bfComo puede ser que hayas ganado tantos premios, est\u00e9s nominado a un OSCAR y en los Goya ni te hayan nominado?<\/p>\n<p>R.- Bueno, bueno, qu\u00e9 te voy a decir. La selecci\u00f3n la hace un comit\u00e9, seres humanos con sus gustos y preferencias. No creo en las teor\u00edas conspiratorias, es una cuesti\u00f3n de gusto. No siempre me he visto representado en los Goya como espectador, tampoco pasa nada si no estoy representado como director.<\/p>\n<p>P.- Hola Nacho y enhorabuena: he visto tu corto y he observado que la produccion corre a cargo de una entidad vasca, soy c\u00e1ntabro como t\u00fa y me gustar\u00eda saber si esto quiere decir que en nuestra tierra no ten han dado el apoyo necesario para hacer tu corto. Gracias y suerte.<\/p>\n<p>R.- Desde que fui a la Universidad he estado en el Pa\u00eds Vasco, estudiando y trabajando. All\u00ed establec\u00ed contacto con directores y productoras que empezaron a confiar en m\u00ed y que me cubrieron y asesoraron a la hora de pedir subvenci\u00f3n para mi proyecto. No s\u00e9, igual en Cantabria quiz\u00e1s hubiese conseguido algo si hubiese perseverado, pero hay algo innegable: El Gobierno Vasco tiene un sistema de ayuda a cortometrajes excelente.<\/p>\n<p>P.- Hola Nacho, soy un estudiante de empresariales enamorado de la publicidad, el zumo de papaya y de las cestas de mimbre. De vez en cuando escribo cosillas que hacen reir a m\u00e1s de dos personas con las que no tengo v\u00ednculo sangu\u00edneo alguno. Sabes de alg\u00fan concurso de creatividad en el que pueda participar cualquiera o en el que el jurado sea potencialmente chantajeable?Necesito ayuda para dar el salto, pues por recomendaci\u00f3n del medico no puedo hacer esfuerzos. Muchas gracias de un admirador<\/p>\n<p>R.- Gracias a t\u00ed. Hay cientos de concursos de cortometraje, novela, relato corto, novela, humor por todo el pa\u00eds&#8230; Lamento no darte un dato m\u00e1s espec\u00edfico, pero es que no s\u00e9 por d\u00f3nde empezar. Zamb\u00fallete en Internet y suerte! No es tan complicado como parece. Tiempo al tiempo. Las cestas de mimbre no est\u00e1n nada mal.<\/p>\n<p>P.- Nacho que sepas que te espera un homenaje este Jueves en Vaya Semanita! y mi pregunta es: que tema nos vas a interpretar? Saludos de Vaya Semanita!<\/p>\n<p>R.- Supongo que &#8220;Me huele el pito a canela&#8221; es jugar seguro, pero quiz\u00e1 me dejen arriesgar. \u00a1Un saludo, colegas! Fue un bonito mes.<\/p>\n<p>P.- Hola Nacho. Enhorabuena por la nominaci\u00f3n. Mi pregunta es la siguiente: \u00bfcomo te curraste el obtener la financiaci\u00f3n para el corto, es decir, quien te lo ha subvencionado: amigos, administraciones, empresas, etc?<\/p>\n<p>R.- El Gobierno Vasco me di\u00f3 12.000 euros. Con ese dinero se puso la maquinaria en marcha. El secreto quiz\u00e1 no es tanto ser estrat\u00e9gico a la hora de acumular dinero, sino serlo en la concepci\u00f3n de proyecto para que no lo necesite. La unidad de espacio y tiempo en un gui\u00f3n, por ejemplo, abarata toda producci\u00f3n hasta extremos insospechados. Pero no es f\u00e1cil llegar hasta ese grado de concrecci\u00f3n.<\/p>\n<p>P.- Hola nacho&#8230; \u00a1\u00a1Publicita tu blog que esta genial!!! jejeeje&#8230; \u00bfte lleva mucho tiempo el mantenerlo? Orbytus<\/p>\n<p>R.- www.nachovigalondo.com Chim p\u00fan. As\u00ed de vulgar y as\u00ed de arrogante es el nombre de mi blog. Podr\u00e1s ver mi corto y rebozarte en mi lado oscuro, ese que, en cuanto los asesores empiecen a educarme, NEGAR\u00c9. La verdad es que no es una inversi\u00f3n de tiempo espectacular. Cuando llego a casa melanc\u00f3lico a las tantas escribo un rato y ya est\u00e1. Todo el dise\u00f1o y el m\u00e9rito real de la p\u00e1gina est\u00e1 en Jon\u00e1s P\u00e9rez, mi webmaster.<\/p>\n<p>P.- No he podido ver tu corto pero me encantar\u00eda. \u00bfPor qu\u00e9 es tan d\u00edficil poder ver cortos? \u00bfDonde podria verlo?<\/p>\n<p>R.- En mi p\u00e1gina (www.nachovigalondo.com, insisto) lo podr\u00e1s ver, comprimidito y peque\u00f1ito. Alberto Gonz\u00e1lez dice que as\u00ed gana, que cuanto m\u00e1s comprimido mejor. Tambi\u00e9n est\u00e1 en una de las recopilaciones que publica la FNAC. Si me paras por la calle igual tengo una copia en el bolsillo. Ver cortos es dif\u00edcil porque&#8230; son cortos. No s\u00e9. Igual si disfrutasen de unos canales de distribuci\u00f3n standard ser\u00edan m\u00e1s aburridos y adocenados. Yo qu\u00e9 s\u00e9.<\/p>\n<p>P.- \u00bfViste la cutregala de los Goya? \u00bfQu\u00e9 te pareci\u00f3?<\/p>\n<p>R.- Estuve a tres cosas. Ten\u00eda que currar en esto y aquello, pero me imagino que v\u00ed lo fundamental. Hombre, es Los Goya siempre hay una proporci\u00f3n algo tensa entre ideas buenas y discutibles. Pero quiz\u00e1 tambi\u00e9n ah\u00ed est\u00e1 la gracia. Digamos que siempre estar\u00e1 bien ver los Goya con siete amigos y una botella de Calisay.<\/p>\n<p>P.- Aqu\u00ed por la tierruca algunos acaban de descubrir que eres c\u00e1ntabro. Supongo que eso no les preocupaba en absoluto cuando tuviste que irte a otras partes a buscarte la vida, \u00bfno?<\/p>\n<p>R.- Bueno, tengo media familia en el Pais Vasco, y all\u00ed hay m\u00e1s opciones para alguien que busca canalizar ciertas inquietudes. Tan sencillo como eso. A lo mejor, si me hubiese quedado aqu\u00ed, hubiese conseguido rodar el corto, de una manera u otra. Tengo constancia de que hay gente en Cantabria que lucha por dirigir&#8230;<\/p>\n<p>P.- Hola Nacho, tu corto es muy bueno, ojal\u00e1 ganes. Una pregunta; eres guin\u00edsta de &#8220;vaya semanita&#8221;? Si es que si, como trabaj\u00e1is normalmente?<\/p>\n<p>R.- Buf! Estuve dej\u00e1ndome las pesta\u00f1as all\u00ed el pasado a\u00f1o, en Septiembre, y medio Octubre. Pero sigo teniendo contacto directo con casi todo el mundo all\u00ed. \u00bfOs pod\u00e9is creer que Alejandro Tejer\u00eda &#8220;EL PELANAS&#8221; es coleguita m\u00edo desde OCTAVO DE EGB?!!! \u00a1Los dos somos de Cabez\u00f3n! B\u00e1sicamente, ser guionista de Vaya Semanita es soltar barbaridades una tarde y esperar que \u00e9stas sean suficientes como para cubrir la escritura de cuatro guiones al d\u00eda, durante el resto de la semana. Una locura. Reconozco que mi deseo real era ser actor del programa. Como guionista no soy tan constante ni h\u00e1bil como Diego, Rub\u00e9n, Susana o todos los que siguen ah\u00ed.<\/p>\n<p>P.- Por que tan temprano? No podr\u00eda haber sido a las 12:35 de la ma\u00f1ana?<\/p>\n<p>R.- Madre m\u00eda. Ten\u00eda que ser una hora mucho m\u00e1s depresiva y melanc\u00f3lica. \u00a1\u00a1\u00a1A las doce y media yo ya estoy como una rosa!!!<\/p>\n<p>P.- Hola Nacho. \u00bfTrabajabas en Gran Hermano?\u00bfera solo por la pasta o te divertia?<\/p>\n<p>R.- Trabaj\u00e9 en la segunda edici\u00f3n (Carlos Yoyas, Sabrina, Fran, ya sabes) Han pasado unos a\u00f1itos. En su momento la pasta me vino de maravilla&#8230; Y la oportunidad me fascinaba. Trabajar en Guadalix, rodeado de m\u00e1quinas, era como de novela de ciencia ficci\u00f3n&#8230; \u00a1Qu\u00e9 demonios, cinco a\u00f1os antes hubiese sido ciencia ficci\u00f3n!<\/p>\n<p>P.- Enhorabuena campeon!!!! Me hace gracia el comentario de el DIARIO VASCO: &#8220;Nominado el corto vasco 7.35 de la ma\u00f1ana&#8230;obra escrita, dirigida y protagonizada por el c\u00e1ntabro formado en el Pa\u00eds Vasco Nacho Vigalondo&#8221;, que quede claro no??. Menos mal que dicen que eres de la tierruca. Que tienes ahora que decir a las autoridades Cantabras para que apoyen un poco mas el cine en nuestra region?<\/p>\n<p>R.- Que sean mucho m\u00e1s abiertos, transparentes y que tengan capacidad de riesgo. Las inversi\u00f3nes a cine siempre son un riesgo financiero muy alto pero qu\u00e9 demonios&#8230; Bah, lo ideal ser\u00eda no depender de ellos. Antes de hacer el corto en cine me he tirado a\u00f1os y a\u00f1os haciendo cortos en video, asaltando fincas y grabando de extranjis. Y, cr\u00e9eme, funciona.<\/p>\n<p>P.- Hola, Nacho. \u00bfQu\u00e9 estabas haciendo cuando anunciaban tu nominaci\u00f3n a los Oscar? \u00bfTe enteraste t\u00fa o alguien te dio la estupenda noticia?<\/p>\n<p>R.- Me enter\u00e9 del modo m\u00e1s prosaico: Santiago Guibert, un amigo, se enter\u00f3 antes que yo por Internet. Estaba s\u00f3lo en casa. Menos mal, esos tres minutos de balbuceos y tambaleos no deb\u00edan tener testigos.<\/p>\n<p>P.- Hola Nacho, Enhorabuena por la nominaci\u00f3n. Quiza suene a t\u00f3pico pero con que actores del estrellato hollywoodiense te gustar\u00eda rodar tu largo. Ahora que vas a la gala&#8230;. nunca se sabe. Saludos y much\u00edsima suerte.<\/p>\n<p>R.- Prefiero rodar con un actor que se deje dar collejas, o que no tenga detr\u00e1s ning\u00fan asesor o representante que me las d\u00e9 a m\u00ed. De momento no tengo ambiciones en ese sentido&#8230; Pero estar\u00eda bien rodar a Clint Eastwood defendi\u00e9ndose con la cachava.<\/p>\n<p>P.- Felicidades por la nominaci\u00f3n, Nacho. \u00bfHas visto los otros competidores de tu categor\u00eda? Si es as\u00ed, \u00bfqu\u00e9 te parecen?<\/p>\n<p>R.- No he tenido el placer de ver ninguno de los cortos nominados. Me temo que mi corto es el \u00fanico que se puede ver por Internet. El oscar a la generosidad es m\u00edo, por los clavos de cristo. Lo \u00fanico que s\u00e9 es que &#8220;7:35 de la ma\u00f1ana&#8221; es el corto m\u00e1s corto, con diferencia, y que es la \u00fanica comedia. \u00bfEs eso bueno o malo? \u00a1Yo qu\u00e9 s\u00e9!<\/p>\n<p>P.- \u00bfQue has visto en Marta Berenguer (actriz que me encanta)? Quizas su &#8220;fama&#8221; por &#8220;aqui no hay quien viva&#8221; pueda ayudar al corto a ser conocido?<\/p>\n<p>R.- Uf, qu\u00e9 va. Ella a\u00fan no era actriz de esa serie cuando rodamos el corto (en la semana santa del 2003, \u00e9chale). Es una actriz a la que admiro profundamente, la conoc\u00eda por su labor en teatro. Creo que es de las pocas que es capaz de soportar la carga de la tragedia o la comedia con la misma soltura. Le extra\u00f1aba que, ella, siempre tan extrovertida, fuese escogida para un papel en el que deb\u00eda estar callada y aturdida todo el rato. Est\u00e1 excelente. Le da todo el sentido y solidez al corto.<\/p>\n<p>P.- Cu\u00e9ntanos de que va 7:35 que por lo que he le\u00eddo no me acabo de enterar. Un beso desde C\u00e1diz.<\/p>\n<p>R.- \u00a1Una chica entra a un bar y de repente se ve atrapada dentro de un musical! \u00a1Toma! A partir de ah\u00ed, hay romance, tragedia, horror, comedia, drama y explosiones. Lo podr\u00e1s ver en www.nachovigalondo.com. (Joder, deber\u00eda vender aspiradoras).<\/p>\n<p>P.- \u00bfA qu\u00e9 cineastas admiras? Besos desde Valencia.<\/p>\n<p>R.- Richard Lester, Michael Cimino, Robert Altman, Quentin Tarantino, Gary Sherman, Alberto Gonz\u00e1lez, Paul Verhoeven, C\u00e9sar Velasco Broca, Robert Bresson, Borja Cobeaga, Werner Herzog, Oliver Stone, Howard Hawks, Takashi Miike, Eugenio Mira, Koldo Serra, Raoul Walsh, Daniel S\u00e1nchez Ar\u00e9valo y tal. No s\u00e9, ma\u00f1ana te digo otros. Soy muy voluble.<\/p>\n<p>P.- Me gustaria saber tu opini\u00f3n de Mar adentro, la pelicula con m\u00e1s Goyas de la historia del cine espa\u00f1ol \u00bfrealmente es para tanto?<\/p>\n<p>R.- Hemos estado hablando de esto en la comida. &#8220;Mar Adentro&#8221; disfruta de una solidez y una autoconsciencia que deber\u00eda ser standard en el cine espa\u00f1ol. Entiendo que muchos buscan un grado m\u00e1s de riesgo, o provocaci\u00f3n, claro. Es lo normal. Pero es innegable que deber\u00eda haber diez &#8220;Mares adentro&#8221; cada a\u00f1o.<\/p>\n<p>P.- Vi tu corto en el festival de Badajoz, y me pareci\u00f3 buen\u00edsimo. Conoces el corto &#8220;Nieves&#8221; de Alberto Palma, y con Macarena G\u00f3mez de prota, qu\u00e9 te parece?<\/p>\n<p>R.- De los m\u00e1s interesantes que he visto en un a\u00f1o de vueltas y volteretas por festivales. A ra\u00edz de su visionado tengo un agradecido y espero que continuado contacto con Alberto. Y Macarena est\u00e1 estremecedora.<\/p>\n<p>P.- no he conseguido ver el corto en tu pagina, pero fue ponerme a buscarlo en el emule y aparecer mas de 50 fuentes. Tardo unos minutillos en bajarse. Me hace gracia, pero \u00bftu crees que tienes alguna posibilidad de ganar? Te oi el otro d\u00eda con Gema Nierga y decias que te habia costado 2 millones de pesetas. \u00bfYa las has recuperado?<\/p>\n<p>R.- Al final el coste, con copias y todo, fue de tres millones. S\u00ed, lo hemos recuperado. Hemos tenido una suerte abrumadora en festivales durante todo un a\u00f1o. No estoy muy familiarizado con el universo EMULE, pero imagino que eso de las 50 fuentes es un halago. Hay por ah\u00ed una versi\u00f3n de 80 megas (que colgu\u00e9 en la p\u00e1gina, pero tuve que quitar ante el colapso de visitas desde el martes) una m\u00e1s peque\u00f1a&#8230; \u00a1Incluso s\u00e9 que hay versiones con subt\u00edtulos!<\/p>\n<p>P.- tranquiliza comprobar que quedan chicos tan interesantes, aparentemente, c\u00f3mo t\u00fa eres. No hay tanta gente joven con inquietudes capaces de llevarlas a cabo de esta manera, con sentido del humor, inteligencia, &#8230; en fin, no pretend\u00eda tampoco ser una carta de amor&#8230; \ud83d\ude42<\/p>\n<p>R.- Oh, dios, gracias, no s\u00e9 qu\u00e9 decir. Si tuviese emoticones a mano supongo que pondr\u00eda el ruborizado.<\/p>\n<p>P.- vas a ir a la gala de entrega de los oscars? caso que si, que te vas a poner? saluda a natalie portman de mi parte, y enhorabuena<\/p>\n<p>R.- \u00a1Dios, imag\u00ednate que no voy! Ser\u00eda como ir a Marte y quedarse dentro de la c\u00e1psula, mirando las dunas a trav\u00e9s del cristal. Me gustar\u00eda ir vestido igual que en el corto, m\u00e1s que nada porque a\u00fan es el mejor conjunto de mi ropero, a\u00f1os despu\u00e9s del rodaje.<\/p>\n<p>P.- Buenas tardes and congratulations! Me he metido en tu pagina pero no se puede ver el video, como lo soluciono?<\/p>\n<p>R.- Quiero pensar que con tener instalado el quicktime lo podr\u00e1s ver. Es muy f\u00e1cil de encontrar, en www.apple.com\/quicktime Si a\u00fan as\u00ed la cosa no chuta, int\u00e9ntalo de nuevo, una y otra vez (imag\u00ednate que luego el corto es una birria).<\/p>\n","protected":false},"excerpt":{"rendered":"<p>El realizador del cortometraje 7:35 de la ma\u00f1ana, una de las historias m\u00e1s rebotadas por correo electr\u00f3nico, aspira a ganar un Oscar como mejor cortometraje de ficci\u00f3n. La genial cinta crea en tan s\u00f3lo 8 minutos, un clima que engancha.<\/p>\n","protected":false},"author":1,"featured_media":0,"comment_status":"open","ping_status":"open","sticky":false,"template":"","format":"standard","meta":{"footnotes":""},"categories":[],"tags":[],"class_list":["post-5479","post","type-post","status-publish","format-standard","hentry"],"_links":{"self":[{"href":"https:\/\/intervius.com\/index.html\/wp-json\/wp\/v2\/posts\/5479","targetHints":{"allow":["GET"]}}],"collection":[{"href":"https:\/\/intervius.com\/index.html\/wp-json\/wp\/v2\/posts"}],"about":[{"href":"https:\/\/intervius.com\/index.html\/wp-json\/wp\/v2\/types\/post"}],"author":[{"embeddable":true,"href":"https:\/\/intervius.com\/index.html\/wp-json\/wp\/v2\/users\/1"}],"replies":[{"embeddable":true,"href":"https:\/\/intervius.com\/index.html\/wp-json\/wp\/v2\/comments?post=5479"}],"version-history":[{"count":0,"href":"https:\/\/intervius.com\/index.html\/wp-json\/wp\/v2\/posts\/5479\/revisions"}],"wp:attachment":[{"href":"https:\/\/intervius.com\/index.html\/wp-json\/wp\/v2\/media?parent=5479"}],"wp:term":[{"taxonomy":"category","embeddable":true,"href":"https:\/\/intervius.com\/index.html\/wp-json\/wp\/v2\/categories?post=5479"},{"taxonomy":"post_tag","embeddable":true,"href":"https:\/\/intervius.com\/index.html\/wp-json\/wp\/v2\/tags?post=5479"}],"curies":[{"name":"wp","href":"https:\/\/api.w.org\/{rel}","templated":true}]}}