{"id":5454,"date":"2005-03-04T00:00:00","date_gmt":"2006-11-06T00:00:00","guid":{"rendered":"https:\/\/intervius.com\/index.html\/?p=5454"},"modified":"2006-11-06T00:00:00","modified_gmt":"2006-11-06T00:00:00","slug":"Julio_Anguita5454","status":"publish","type":"post","link":"https:\/\/intervius.com\/index.html\/Julio_Anguita5454\/","title":{"rendered":"Julio Anguita"},"content":{"rendered":"<p>Pregunta.- Buenos d\u00edas. He le\u00eddo parte de su libro. C\u00f3rdoba es una ciudad preciosa. No le parece que en la izquierda, y en general en el comunismo hay mucha mirada al pasado m\u00e1s rancio. Siempre se habla de olvidar, pero quien saca el tema suele ser la izquierda nost\u00e1lgica. \u00c1nimo con su enfermedad, y admiro su sencillez<\/p>\n<p>Respuesta.- Lo que es antiguo es la derecha. Para rancio el capitalismo, la Iglesia Cat\u00f3lica, la explotaci\u00f3n del hombre por el hombre, la Monarqu\u00eda,&#8230;. Las otras han podido tener fallos, errores, pero la imputaci\u00f3n de ser algo rancio carece de fundamento para alguien que haya le\u00eddo m\u00ednimamente la historia.<\/p>\n<p>P.- Julio, sigues siendo &#8220;el impaciente paciente&#8221;<\/p>\n<p>R.- S\u00ed. Porque esto significa la contradicci\u00f3n de desear ver los cambios que uno quiere y la conciencia de que el porceso es lento.<\/p>\n<p>P.- Julio, que consejo nos daria a los jovenes vascos que todavia creemos en la politica de una manera social y de izquierdas en el momento actual donde la cuestion nacional invade toda la realidad politica y parece ser el unico tema? Crees que todavia se puede cultivar la &#8220;ilusion por la politica&#8221; a pesar de la tension actual en el pais vasco? saludos de un vasco con raices Cordobesas<\/p>\n<p>R.- Depende de lo que cada uno entienda por pol\u00edtica. Para m\u00ed, se trata, b\u00e1sicamente, de socializar el saber. Despu\u00e9s, con ses saber, que la gente decida y asuma la responsabiliodad de sus actos. La democracia no puede ser un analg\u00e9sico o un pa\u00f1o caliente para irresponsables, sinnuna exigencia de responsabilidad. Los pol\u00edticos son respuestas, expresiones de una sociedad. Hay pol\u00edticos corruptos, porque en la sociedad, en su seno hay corrpci\u00f3n. Lo que ocurre es que el pol\u00edtico debe dar ejemplo. Esa es su grave responsabilidad.<\/p>\n<p>P.- Sr Anguita. Soy votante de IU, perp a veces sus posicionamientos me decepcionan. Por ejemplo, en pol\u00edtica exterior, se abusa de clich\u00e9s: C\u00f3mo se puede aplicar a los insurgentes iraqu\u00edes el noble adjetivo de &#8220;resistentes&#8221;, cuando son (en su inmensa mayor\u00eda) unos terroristas asesinos? Y por qu\u00e9 no se ha elogiado el valor de los iraqu\u00edes que han desafiado al terror en unas elecciones (por ama\u00f1adas que est\u00e9n)?Un saludo afectuoso.<\/p>\n<p>R.- Lamento decirle que no les llamo terroristas, salvo que convengamos en que los que se enfrentaron a la Uni\u00f3n Sovi\u00e9tica en Afganist\u00e1n, tambi\u00e9n lo fueron. Y que, la invasi\u00f3n de Irak, sea calificada seg\u00fan el derecho internacional, de guerra de agresi\u00f3n. Y que, el uso de bombas de racimo o de proyectiles con uranio empobrecido, por parte de los aliados, sea calificado de cr\u00edmenes de guerra. En el origen est\u00e1 una invasi\u00f3n ilegal e ileg\u00edtima, con genocidio y asesinato. No le pidamos a los que defienden a su patria, mayor limpieza que a sus agresores. Si usted supiera las barbaridades y tropel\u00edas que contra el Ej\u00e9rcito franc\u00e9s cometieron los patri\u00f3ticos guerrileros de la Guerra de la Independencia Espa\u00f1ola entender\u00eda mejor lo que estoy diciendo.<\/p>\n<p>P.- Sr Anguita, le admiro por su integridad, personas como usted ya casi no hay. Qu\u00e9 pena que en el mundo que nos ha tocado vivir las ideas sean una simple excusa al servicio de la &#8220;materia&#8221;. Donde quedo nuestra capacidad de contentarnos con tan solo admirar la Belleza? un abrazo muy fuerte,Clara<\/p>\n<p>R.- En el fondo, se trata de una opci\u00f3n de vida. Una vez que uno come todos los d\u00edas, se viste y tiene un techo, hay otros integrantes de la calidad de vida. A saber: sentirse satisfecho con uno mismo, tener un m\u00ednimo sentido de la solidaridad, creer que es obligatorio ser feliz y, sobre todo, procurar llevar una vida concorde con la austeridad y con ele ejemplo que cada uno debemos dar.<\/p>\n<p>P.- Soy y me considero socialista de pensamiento, alma y coraz\u00f3n, pero ante un presidente de gobierno como el actual me averg\u00fcenza serlo,,,qu\u00e9 opini\u00f3n le merece el gobierno?<\/p>\n<p>R.- Es un problema mucho m\u00e1s gordo que la persona de Rodr\u00edguez Zapatero. El actual presidente es hijo natural de una desviaci\u00f3n hacia la derecha de grandes nucleos de la izquierda. Los contenidos de el socialismo, el comunismo o la anarqu\u00eda han sido asumidos por la sociedad actual, que los ha vaciado de contenido y ha vendido sus continentes, sus envoltorios, en El Corte Ingl\u00e9s. Vengo proponiendo que debemos sentarnos, sin prisa, y sin horizonte electoral, a discutir, todos los que nos llamamos de izquierda, qu\u00e9 entendemos por eso. Mientras no sea as\u00ed, todos, incluida la extrema izquierda, no funcionamos nada m\u00e1s que para las elecciones.<\/p>\n<p>P.- \u00bfQu\u00e9 consejo da para alejarse del tabaco? Gracias, Julio. No dejes de ser un referente para la izquierda.<\/p>\n<p>R.- Tener voluntad y, si no se tiene, ya llegar\u00e1 el infarto, para recordarte que la debes tener.<\/p>\n<p>P.- \u00bfCu\u00e1nto tiempo pasa desde que el coraz\u00f3n avisa y pasa lo peor? Julio, felicidades por tu \u00e9tica.<\/p>\n<p>R.- Depende. Parece ser que pueden pasar varias horas de aviso hasta que llega lo irremediable,. Yo he tenido siempre suerte. Me he dado cuenta de quien me estaba avisando y me he ido r\u00e1pido al remedio. La se\u00f1al es inconfundible: malestar, opresi\u00f3n en el pecho o en un brazo y la sensaci\u00f3n de que uno se va perdiendo. Creo que siempre avisa. Lo que ocurre, es que, a veces, no sabemos interpretar los avisos.<\/p>\n<p>P.- \u00bfCree que Llamazares es un buen l\u00edder para IU-los verdes?<\/p>\n<p>R.- NO acostumbro nunca a enjuiciar p\u00fablicamente a mis compa\u00f1eros. Reconozco que soy anticuado en eso. Le debo respeto y lealtad a mi coordinador general. Lo que he tenido que decirle se lo he dicho a \u00e9l y por escrito.<\/p>\n<p>P.- \u00bf Que opina sobre las declaraciones de Rosa Aguilar en el sentido de que ella no va a quedarse para ver hundirse el barco?<\/p>\n<p>R.- Son opiniones sobre decisiones personales. LO que ocurre es que no es lo mismo que ese comentario lo haga un marinero del barco, que un miembro de la alta oficialidad. Rosa Aguilar es un m\u00e1ximo dirigente del Partido Comunista de Espa\u00f1a y tambi\u00e9n de Izquierda Unida. Desde esa responsabilidad, que ella acept\u00f3 en su momento, debe considerarse corresponsable de lo que hay y, adem\u00e1s, explicarle al p\u00fablico cu\u00e1les son sus propuestas. Eso es la obligaci\u00f3n de todo diririgente.<\/p>\n<p>P.- Buenas tardes, \u00bfha conocido ya a Letizia Ortiz? \u00bfUsted cree, como casi todos, que hasta antes de su compromiso era republicana? \u00bfLlegar\u00e1 a reinar? A\u00fapa la III Rep\u00fablica<\/p>\n<p>R.- No conozco a esta se\u00f1ora y no s\u00e9 si era republicana. NO creo que lo fuera, porque, si lo fuera, hay una tercera v\u00eda para poder hacer compatible su amor y sus principios. La que hizo el que fue Rey de Inglaterra. Eduardo VII: la renuncia a la Corona, por parte de su marido.<\/p>\n<p>P.- n este libro \u00bfvamos a encontrar sugerencias sobre el buen funcionamiento del coraz\u00b40n &#8220;m\u00fasculo&#8221; o tambi\u00e9n del sentimiento que coloquialmente centramos en ese \u00f3rgano?.Gracias<\/p>\n<p>R.- Hay cosas que hacer para el fortalecimiento del m\u00fasculo y la limpieza de las arterias, porque eso es muy importante. Si, adem\u00e1s, uno lleva una vida emotivamente estable, quiero decir que ama y es amado, con tiempo suficiente para meditar y vivir, el coraz\u00f3n m\u00fasculo se refuerza y el coraz\u00f3n sentimientos, se potencia. El resultado es una salud de un 10.<\/p>\n<p>P.- \u00bfQu\u00e9 opini\u00f3n le merecen las nuevas reformas del presidente Zapatero como la legalizaci\u00f3n del matrimonio entre homosexuales o la separaci\u00f3n Iglesia-Estado?<\/p>\n<p>R.- Creo que es algo que debe ser asuido con toda naturalidad. La legalizaci\u00f3n de la pareja lo que hace es elevar a categor\u00eda de legal lo que es real. Sin embargo, esa cuesti\u00f3n yo la pondr\u00eda en su justo t\u00e9rmino, para que no ocultase otras medidas: rebaja de alquileres, viviendas, lucha contra la precariedad laboral, contra las horas extraordinarias encubiertas que no se pagan, a favor de la potecci\u00f3n social plena&#8230; Quiero decir que esta es una medida m\u00e1s d eun amplio abanico de medidas en favor de la justicia social y no puede ser tomada como sustitutivo de las otras. Repito, como una m\u00e1s.<\/p>\n<p>P.- \u00bf Cree que el progresivo descenso de su partido se debe al hecho de no hacer una real oposici\u00f3n de izquierdas y limitarse a hacer una oposici\u00f3n al PP?<\/p>\n<p>R.- LO que voy a contestar lo he dicho por escrito, as\u00ed es que, voy a entrar. Yo juego al ajedrez y en este juego las piezas son, fundamentalmente, movimientos. Un alf\u00edn hace los mismo, aunque est\u00e9 hecho de madera, de oro o de hierro. Yo me enfrento al PP por las pol\u00edticas que hace, no porque se llame PP y, si me doy cuenta, tengo que notar que el PP y el PSOE coinciden en un alto porcentaje de propuestas pol\u00edticas. Esa es la cuesti\u00f3n fundamental. La altura de mi experiencia no me convence en absoluto una propuesta de IU que no est\u00e9 basada en su programa, que es el que mide las diferencias con unos y con otros. Perm\u00edtem\u00e9 un ejemplo: yo estoy en contra de la llamada Constituci\u00f3n Europea y a favor de la misma est\u00e1n el PP y el PSOE. Adem\u00e1s de estar de acuerdo en reformas del mercado laboral, ilegalizaci\u00f3n de fuerzas pol\u00edticas, bases militares extranjeras &#8230;.<\/p>\n<p>P.- Sr. Anguita: Soy un vecino de C\u00f3rdoba, que coincide asiduamente en el supermercado con Usted. \u00bfC\u00f3mo se lleva estar alejado de la vida p\u00fablica?<\/p>\n<p>R.- Pues, divinamente. Pero quiero precisar. Yo estoy y muy activo en la actividad pol\u00edtica, sin ser cargo p\u00fablico o dirigente del PCE o de IU. Soy politico, como el resto de mis concuidadanos. Ejerzo mi actividad escribiendo, haciendo jornadas de trabajo, dando charlas, pero, sobre todo, dando ejemplo. Por eso voy al supermercado, para demostrar, entre otras cosas, lo que debe ser la normalidad de un pol\u00edtico. As\u00ed es que, el pr\u00f3ximo d\u00eda que me vea, sal\u00fademe en la cola de la caja.<\/p>\n<p>P.- Se\u00f1or Anguita, tras el clima creado en los \u00faltimos meses entre Iglesia y Estado, \u00bfd\u00f3nde cree que est\u00e1 el punto de equilibrio en las relaciones Iglesia-Estado para evitar una fractura en la sociedad?<\/p>\n<p>R.- Pues simplemente el equilibrio est\u00e1 en que la Iglesia Cat\u00f3lica acepte y el Estado tambien que tiene derechos a existir como cualquier otra sociedad sin nig\u00fan privilegio, prebenda o trato especial. Creo que la Iglesia se ha malacostumbrado a ser, durante siglos, la religi\u00f3n oficial del Estado espa\u00f1ol. La religi\u00f3n pertenece al \u00e1mbito de lo privado, tiene derecho a ser confesada y manifestaday tiene derecho a expresar sus opiniones sobre todo lo que quiera. De la misma manera que los dem\u00e1s tenemos derecho a opinar sobre los contenidos de su fe y sobre su funcionamiento. Perm\u00edteme un ejemplo: estamos acostumbrados a oir programas de radio, ver programas de televisi\u00f3n que manifiestan las creencias de los cat\u00f3licos. No tengo nada en contra, pero tambi\u00e9n debiera haber programas para los que son ateos o no est\u00e1n de acuerdo con la religi\u00f3n. Yo a la Uglesia le dar\u00eda los mismos derechos y posibilidades que a cualquier otra instituci\u00f3n, pero separada econ\u00f3mica y legalmente del Estado.<\/p>\n<p>P.- Hola Julio: La vida te ha maltratado mucho ultimamente&#8230;.\u00bfcomo te encuentras y cuales son tus proyectos?&#8230;..un saludo califa<\/p>\n<p>R.- !Qu\u00e9 va\u00a1, \u00faltimamente la vida es maravillosa. La vida nunca maltrata, los que maltratan son otros seres humanos que, generalmente, y en sentido figurado, trabajan para la muerte. Puede ser que te refieras a circunstancias personales y familiares, pero eso no son cuestiones de la vida, sino de una invasi\u00f3n ilegal y un profesional del periodismo que estaba donde ten\u00eda que estar y que muri\u00f3 haciendo lo que le gustaba.<\/p>\n<p>P.- Simplemente comentarle que es uno de los \u00eddolos actuales de mi padre. Le admira como persona de izquierda, fiel a sus ideales, y persona culta y respetuosa con los adversarios pol\u00edticos. Le encantar\u00eda conocerle. Mi pregunta es, a qu\u00e9 se decica Ud. actualmente, ahora que ha tenido que relegar a un 2\u00ba plano la pol\u00edtica? Un saludo.<\/p>\n<p>R.- Al contrario, la pol\u00edtica ocupa el eje de mi vida. Lo que ocurre es que yo tengo que explicar qu\u00e9 es la pol\u00edtica y no es lo que parece ante la opini\u00f3n p\u00fablica. Soy militante de base de IU y del PCE. Escribo todas las semanas un art\u00edculo para la revista La clave, milito activamente en una asociaci\u00f3n cultural llamada Unidad C\u00edvica por la Rep\u00fablica, participo en un colectivo de debate y de divulgaci\u00f3n llamado Prometeo, doy conferencias, escribo art\u00edculos y tengo tiempo para vivir. Todo eso es pol\u00edtica, proyecci\u00f3n p\u00fablica de lo que uno es. Otra cosa son los cargos, que no tengo nunguno. Confieso que estoy en la \u00e9poca m\u00e1s plena de mi vida porque, entre otras razones, tambi\u00e9n he encontrado amor.<\/p>\n<p>P.- \u00a1Hola,Julio!.Una pregunta indiscrreta.\u00bfEl libro lo ha escrito t\u00fa de verdad o te &#8220;lo han trabajado&#8221;?.Gracias por tu sinceridad por adelantado.<\/p>\n<p>R.- Se me propuso, por parte de un colectivo m\u00e9dico, que las experiencias que pudiera tener se narrasen y a la vez que hiciese algunos comentarios y encontr\u00e9 que eso pod\u00eda servir de preparaci\u00f3n para el libro que estoy preparando y que se va a llamar Historia pol\u00edtica de IU en sus documentos. El libro se mont\u00f3 sobre horas y horas de entrevista hecha por un periodista cordob\u00e9s, aunque afincado en Madrid, llamado Rafael Mart\u00ednez Simancas, que trabaja en Punto Radio. Sobre los resultados de aquellas entrevistas yo he ido corriegiendo hasta 6 veces. Introduciendo p\u00e1rrafos, corrigiendo alg\u00fan que otro cap\u00edtulo, de tal manera que lo he hecho m\u00edo, esa es la realidad. Hay expresionas muy afortunadas que no son m\u00edas, pero que estoy de acuerdo con ellas.<\/p>\n<p>P.- Sr. Anguita\u00bfporque apoyo a gaspar llamazares en la VI asamblea, cuando frutos se supone que era de su confianza?<\/p>\n<p>R.- En toda mi vida pol\u00edtica he estado siempre preocupado por dos cuestiones: irme de la primera l\u00ednea en un plazo corto o razonable y en consensuar el nombre de mi sucesor o sucesora. En 1997 anticip\u00e9 a 8 compa\u00f1eros mi intenci\u00f3n de irme. Aquella reuni\u00f3n fue filtrada a los medios de comunicaci\u00f3n. A partir de ah\u00ed, me entregu\u00e9 a preparar la sucesi\u00f3n y consegu\u00ed un consenso en torno a la sucesi\u00f3n en la figura de Paco Frutos, para la secretar\u00eda general del PCE. Y tambi\u00e9n consegu\u00ed eses consenso para la persona de Gaspar Llamazares para IU. El consenso no es que los dem\u00e1s te acepten lo que tu propones, sino que uno propone lo que tiene m\u00e1s aceptaci\u00f3n en la mayor\u00eda y as\u00ed surgi\u00f3 lo de Gaspar Llamazares, que tambi\u00e9n gozaba de mi voto favorable. He dicho que tambi\u00e9n no que s\u00f3lo. En el PCE la cosa funcion\u00f3 y en IU hubo descuelgues de aquel consenso. Esto est\u00e1 reconocido por todo el mundo. LO que haya pasado despu\u00e9s, invest\u00edguese y anal\u00edcese.<\/p>\n<p>P.- por haber sufrido un ataque al corazon (con todos mis respetos), se cree capacitado de escribir un libro sobre una experiencia vivida por miles de personas?. Belen<\/p>\n<p>R.- Todos tenemos derecho a poder escribir sobre experiencias. \u00bfCu\u00e1l es la experiencia de Cervantes para escribir El Quijote? Todos tenemos experiencias, incluido el que me hace la pregunta. El problema es que unos m\u00e9dicos o una editorial consideren que lo que usted dice es interesante. Ese es el problema, la valoraci\u00f3n positiva de las condiciones que se dan u otras razones. Y despu\u00e9s, comprobar si la experiencia que el ciudadano que escribe el libro ha tenido es correcta, seg\u00fan dicen los c\u00e1nones, o no. Y en esta sociedad de mercado hay un criterio que yo no comparto, pero que la mayor\u00eda de la sociedad s\u00ed: la aceptaci\u00f3n del producto. Estamos por la segunda edici\u00f3n. Soy partidario de que todo el mundo pueda tener acceso a que sus vivencias, opiniones y propuestas sean conocidas por los dem\u00e1s.<\/p>\n","protected":false},"excerpt":{"rendered":"<p>El ex coordinador general de Izquierda Unida acaba de presentar su nuevo libro, Coraz\u00f3n Rojo. La vida despu\u00e9s de un infarto, en el que entremezcla reveladoras confesiones personales y pol\u00edticas con consejos para superar esta dura experiencia.<\/p>\n","protected":false},"author":1,"featured_media":0,"comment_status":"open","ping_status":"open","sticky":false,"template":"","format":"standard","meta":{"footnotes":""},"categories":[],"tags":[],"class_list":["post-5454","post","type-post","status-publish","format-standard","hentry"],"_links":{"self":[{"href":"https:\/\/intervius.com\/index.html\/wp-json\/wp\/v2\/posts\/5454","targetHints":{"allow":["GET"]}}],"collection":[{"href":"https:\/\/intervius.com\/index.html\/wp-json\/wp\/v2\/posts"}],"about":[{"href":"https:\/\/intervius.com\/index.html\/wp-json\/wp\/v2\/types\/post"}],"author":[{"embeddable":true,"href":"https:\/\/intervius.com\/index.html\/wp-json\/wp\/v2\/users\/1"}],"replies":[{"embeddable":true,"href":"https:\/\/intervius.com\/index.html\/wp-json\/wp\/v2\/comments?post=5454"}],"version-history":[{"count":0,"href":"https:\/\/intervius.com\/index.html\/wp-json\/wp\/v2\/posts\/5454\/revisions"}],"wp:attachment":[{"href":"https:\/\/intervius.com\/index.html\/wp-json\/wp\/v2\/media?parent=5454"}],"wp:term":[{"taxonomy":"category","embeddable":true,"href":"https:\/\/intervius.com\/index.html\/wp-json\/wp\/v2\/categories?post=5454"},{"taxonomy":"post_tag","embeddable":true,"href":"https:\/\/intervius.com\/index.html\/wp-json\/wp\/v2\/tags?post=5454"}],"curies":[{"name":"wp","href":"https:\/\/api.w.org\/{rel}","templated":true}]}}