{"id":5438,"date":"2005-04-04T00:00:00","date_gmt":"2006-11-06T00:00:00","guid":{"rendered":"https:\/\/intervius.com\/index.html\/?p=5438"},"modified":"2006-11-06T00:00:00","modified_gmt":"2006-11-06T00:00:00","slug":"Rafael_Doctor5438","status":"publish","type":"post","link":"https:\/\/intervius.com\/index.html\/Rafael_Doctor5438\/","title":{"rendered":"Rafael Doctor"},"content":{"rendered":"<p>Pregunta.- Hola. Soy Esther, de Le\u00f3n. Lo primero: felicidades por la parte que te corresponde en la realizaci\u00f3n de este maravilloso proyecto. Mi pregunta: \u00bfc\u00f3mo se va a mantener, econ\u00f3micamente hablando, el MUSAC? \u00a1Suerte! Gracias.<\/p>\n<p>Respuesta.- El MUSAC es un proyecto de la Junta de Castilla y Le\u00f3n y como tal ser\u00e1 sostenido por esta instituci\u00f3n. Paralelamente para ciertos proyectos se contar\u00e1 con financiaci\u00f3n via patrocinio, pero en principio la Junta de Castilla y Le\u00f3n quiere mimar al m\u00e1ximo el proyecto y demostrar que es posible hacer una gesti\u00f3n clara y responsable en asuntos culturales.<\/p>\n<p>P.- Soy un fan fatal de Fangoria y empec\u00e9 a oir sobre el MUSAC a ra\u00edz de Arquitectura ef\u00edmera. \u00bfTienen prevista otra actuaci\u00f3n similar con artistas musicales espa\u00f1oles o internacionales? Gracias y suerte.<\/p>\n<p>R.- Bueno, en la inauguraci\u00f3n actuaron Chiks on Speed junto a Madelman Dj y Dj Undo; Hace dos semanas participamos en el Festival Otros Mundos Pop haciendo una sesi\u00f3n con varios Djs en nuestro recibidor y mostrando una selecci\u00f3n de v\u00eddeos de la colecci\u00f3n que ten\u00edan relaci\u00f3n con el pop. Tenemos previsto para diciembre editar el primer cd de la artista PIPILOTI RIST, una de las m\u00e1s importantes artistas vivas del momento&#8230; pero en general nuestro trabajo con la m\u00fasica ser\u00e1 paralelo, queremos ver como se relaciona con el arte contempor\u00e1neo y demostrar que pertenecen a un mismo mundo y a una manera similar de responder ante \u00e9l.<\/p>\n<p>P.- \u00bfQu\u00e9 expectativas de visitantes barajan en el MUSAC? \u00bfc\u00f3mo ha ido el primer fin de semana?<\/p>\n<p>R.- Realmente no hemos sido capaces de predecir lo que pod\u00eda pasar a nivel de n\u00famero de visitantes. Le\u00f3n solo cuenta con 150.000 habitantes y no est\u00e1 pr\u00f3xima a poblaciones muy populosas. El fin de semana, sin embargo, nos ha desbordado. Han pasado casi 15.000 personas desde el s\u00e1bado por la tarde y menos mal que hoy lunes cerramos. Sabemos que esto responde al gran eco medi\u00e1tico y a la visita de los pr\u00edncipes, pero tambien sabemos que la gente de la ciudad en general est\u00e1 apoyando el proyecto y se siente orgullosa de lo que supone para la ciudad.<\/p>\n<p>P.- Supongo que conocer\u00e1 el incierto futuro de los estudiantes de Bellas Artes: si no tienes curr\u00edculum no expones, y si no te dejan exponer jam\u00e1s tendr\u00e1s curr\u00edculum. Su museo ha nacido con la voluntad de fijar su mirada al futuro, \u00bftienen en mente alg\u00fan tipo de actuaci\u00f3n para dar cabida a autores desconocidos ya que, precisamente, ellos son el futuro?<\/p>\n<p>R.- Desde el MUSAC estamos planteando varias actuaciones para un futuro pr\u00f3ximo y en este sentido puedo adelantar que est\u00e1 por cerrarse un proyecto que posiblemente se llame FORUM abierto a que los artistas expongan en conferencia su trabajo ante un publico especialista que pueda cumplir una funci\u00f3n cr\u00edtica necesaria. Por otra parte desde el MUSAC estamos realizando una amplia convocatoria de becas, posiblemente las m\u00e1s importantes que se conceden en Espa\u00f1a, que buscan apoyar proyectos en proceso y sobre todo dar la posiblidad real de trabajar durante un tiempo concreto a artistas nuevos. Aunque habr\u00e1 talleres de artistas y muchas otras actividades, nosotros no somos una Facultad de Bellas Artes y no podemos realizar su funci\u00f3n.<\/p>\n<p>P.- Buenos d\u00edas Rafael. Durante la construcci\u00f3n del museo seguramente usted habr\u00e1 tenido una estrecha relaci\u00f3n con los arquitectos, Mansilla y Tu\u00f1\u00f3n. \u00bfCu\u00e1l ha sido su relaci\u00f3n con ellos?\u00bfQu\u00e9 dificultades han aparecido durante el proyecto y la construcci\u00f3n de este nuevo espacio para el arte? Un saludo.<\/p>\n<p>R.- En varias ocasiones he hablado de este tema. La relaci\u00f3n entre arquitectos y profesionales siempre es peliaguada ya que cada uno tiene una idea del proyecto. Cuando entramos a trabajar aqu\u00ed, aunque el museo no estaba construido, si estaba totalmente planificado, de tal forma que fu\u00e9 dificil hacer cambios. Los arquitectos han hecho una obra muy radical pero dificil. Sin embargo, aunque el trabajo ha sido mucho m\u00e1s dificil, el resultado tanto para ellos como para nosotros ha sido m\u00e1s que sobresaliente. Sin embargo, sue\u00f1o con un momento donde contenedor y contenido sean planificados al un\u00edsono y no tenga uno que acoplarse a otro.<\/p>\n<p>P.- Una curiosidad, \u00bfhubo alguna obra por la que se interesaran m\u00e1s los Pr\u00edncipes en la inauguraci\u00f3n del museo?. Gracias. Ruth (Segovia).<\/p>\n<p>R.- La Princesa Letizia reconoci\u00f3 la obra de Joana Vasconcelos &#8220;Burka&#8221;, pero en general fueron muy respetuosos con todos los trabajos y repitieron su intenci\u00f3n de volver despacio y de una forma discreta<\/p>\n<p>P.- \u00bfConsidera que el arte moderno y contempor\u00e1neo tiene m\u00e1s de provocaci\u00f3n que el arte producido antes de 1900? \u00bfO todo tiene que ver con las perspectivas del tiempo en que ese arte se contempla y se analiza? El Musac me parece sorprendente y atrevido en su apariencia exterior, a\u00fan no lo conozco por dentro, pero lo har\u00e9 pronto. Gracias por su respuesta. Mago Fern\u00e1ndez.<\/p>\n<p>R.- No creo, tenemos que distinguir lo que es la producci\u00f3n art\u00edstica en si con la repercusi\u00f3n medi\u00e1tica que se le quiera dar. El arte actual busca recuperar el contacto con la gente, la provocaci\u00f3n a veces es una herramienta para llamar su atenci\u00f3n y en otras ocasiones, tambien es neceario reconocerlo, puede ser pura provocaci\u00f3n.<\/p>\n<p>P.- \u00bfEn tu opini\u00f3n, hay alg\u00fan Museo espa\u00f1ol presente en la escena art\u00edstica internacional? \u00bfPretende el Musac ser una referencia en ese \u00e1mbito?<\/p>\n<p>R.- Lo que est\u00e1 claro es que muchos proyectos que nacieron con repercusi\u00f3n internacional se han perdido. Por otra parte existen otros discretos que cada vez hacen un trabajo m\u00e1s serio pero que necesitan de un tiempo m\u00e1s amplio para tener la repercusi\u00f3n que merecen. Lo que tenemos que tener siempre en cuenta es que Espa\u00f1a es periferia de los grandes centros de producci\u00f3n art\u00edstica y esto hace mucho m\u00e1s dif\u00edcil la repercusi\u00f3n. Nosotros, pretendemos difundir nuestro trabajo lo m\u00e1s lejos posible y por supuesto que so\u00f1amos con tener repercusi\u00f3n internacional, pero todo lleva su tiempo y lo m\u00e1s importante aqu\u00ed es el trabajo que es el que hace que las cosas se sit\u00faen en el sitio que le corresponde.<\/p>\n<p>P.- Buenos d\u00edas: adem\u00e1s de exposiciones, conferencias&#8230;\u00bftendr\u00e1n cabida en el museo conciertos de m\u00fasica contempor\u00e1nea minoritaria, proyectos interactivos con el p\u00fablico (por ej. como la escultura que est\u00e1 realizando Amancio Gonz\u00e1lez en torno al quijote, o c\u00f3mo los dibujos que se hicieron en diciembre-enero con el museo como tema central&#8230;)? Gracias. Mar\u00eda.<\/p>\n<p>R.- Por supuesto. De hecho siempre nos hemos decantado por llevar al museo fuera del museo y entender que el arte no es solo lo que se cuelga o se dispone en las salas.<\/p>\n<p>P.- Quiero visitar pronto el MUSAC, pero nunca he estado en Le\u00f3n. \u00bfQu\u00e9 me recomendar\u00eda de la ciudad? y \u00bfsabe si hay alguna excursi\u00f3n prevista desde Madrid?<\/p>\n<p>R.- Le\u00f3n es muy accesible desde Madrid. Autovia directa, tren, bus o avi\u00f3n. Le recomiendo un fin de semana para disfrutar lo mejor de aqu\u00ed que es la calle y como una ciudad patrimonio no es un escaparate si no que aparece viva. Si tiene inter\u00e9s en el MUSAC el contrapunto lo tiene con San isidoro, la Catedral y el barrio H\u00famedo en general<\/p>\n<p>P.- \u00bfPor qu\u00e9 los espa\u00f1oles s\u00f3lo conocen a Antonio L\u00f3pez o T\u00e0pies?<\/p>\n<p>R.- Por mil causas. Esencialmente por que los mismos que ense\u00f1an arte no han querido comprender el arte contempor\u00e1neo y se han parado all\u00ed. Por otra parte por que los medios de comunicaci\u00f3n han querido jugar siempre sobre seguro y no han hecho muchas m\u00e1s apuestas decisivas. De todas formas todo esto est\u00e1 cambiando y estamos asistiendo a un cambio generacional y ahora la gente no se conforma con lo que le venden e intenta descubir por si mismo<\/p>\n<p>P.- Soy leon\u00e9s pero resido en el extranjero desde hace un par de a\u00f1os. Simplemente, queria darle mi apoyo para sacar adelante este proyecto en una de las ciudades m\u00e1s bellas de Espa\u00f1a. Solo me preocupa una cosa, \u00bfestar\u00e1 Le\u00f3n y sus pol\u00edticos a la altura del Musac? No me fio de ellos&#8230;<\/p>\n<p>R.- Mi postura es muy clara y radical. hasta la fecha he trabajado con el m\u00e1ximo respeto y con confianza en el proyecto que estamos realizando. Los pol\u00edticos se est\u00e1n comportando con este proyecto con el m\u00e1ximo de profesionalidad y con un respeto que ha hecho posible todo. Lo importante es que esto contin\u00fae. Si no fuese asi, no se preocupen que ser\u00e9 yo el primero en asumirlo y responsabilizarme de ello. Pero sinceramente hasta la fecha el trabajo de la Junta de Castilla y Le\u00f3n est\u00e1 siendo absolutamente entusiasta y sincero.<\/p>\n<p>P.- Buenos d\u00edas, \u00bfc\u00f3mo valora las galer\u00edas de arte contempor\u00e1neo? \u00bfy qu\u00e9 opina de que los galeristas se lleven tanto porcentaje por obra?<\/p>\n<p>R.- Son necesarias. Es una forma de organizar las transaciones de obras. Aunque el porcentaje que se llevan es alto, lo mayoria de ellos acaban arruinados y es muy dificil aguantar sano un negocio asi.<\/p>\n<p>P.- Apreciado Sr. R. Doctor. Enhorabuena por su direcci\u00f3n del MUSAC. Preveo un \u00e9xito para este espacio (he tenido el placer de contemplar su maravillosa arquitectura) y estoy seguro que su direcci\u00f3n ser\u00e1 muy positiva. Mi pregunta se basa en mi experiencia, soy artista (pintor) y recientemente he tenido un cierto \u00e9xito en Nueva York (Broadway Gallery, 7TH floor artists Gallery, Armory show, NYC ) donde he vendido una buena serie de mis obras y en Junio tengo exhibici\u00f3n en Berl\u00edn (Berlin Kunstprojekt Gallery). Lamentablemente en nuestro pa\u00eds he tenido dificultades en mostrar mi obra. En parte quiz\u00e1s es debido a que muchas galer\u00edas son en realidad \u201ctiendas de cuadros\u201d basadas en obtener un beneficio (lo cual es comprensible y aceptable). \u00bfQue papel puede jugar el MUSAC y concretamente su direcci\u00f3n en mostrar obras de artistas noveles o no \u201ccomerciales\u201d?. Gracias por su tiempo, y enhorabuena nuevamente. Atentantamente, Xavier Busquets Xaubet (www.xavierbusquets.com)<\/p>\n<p>R.- Hola Xavier. Nuestra funci\u00f3n no es comercial y no nos implicamos en nada parecido. El MUSAC intenta estar pendientes de nuevos proyectos y defenderlos a trav\u00e9s de las adquisiciones o a trav\u00e9s de las becas que he comentado. El problema en Espa\u00f1a se basa en el hecho de que el mercado a\u00fan es muy raqu\u00edtico ya que las personas que tienen dinero no suelen coleccionar arte si no que prefieren comprar coches u otras cosas m\u00e1s aparentonas.. pero la situaci\u00f3n est\u00e1 cambiando<\/p>\n<p>P.- El otro d\u00eda Eduardo Arroyo, adem\u00e1s de criticar el proyecto, dijo que el \u00fanico artista del Musac era su director. \u00bfTendr\u00e1 que ver que no hay ning\u00fan cuadro suyo en la colecci\u00f3n?<\/p>\n<p>R.- Acierta se\u00f1or. No he querido leer lo que este se\u00f1or ha dicho de nosotros pero me lo han comentado y realmete lo que he sentido es una gran satisfaci\u00f3n. Aqui esas palabras se han recibido como un premio. Todo es una cuesti\u00f3n de respeto y tengo el honor de pertenecer a una generaci\u00f3n de artistas que est\u00e1n ajenos al poder y otras tantas cosas que otros no han hecho nada m\u00e1s que utilizar a todos vandos. Me da pena que muchas personas hagan eco de los comentarios de este reconocido pintor, pero es triste que se pierda el sentido \u00e9tico, pero bueno, son otros tiempos y hay mucha a la que lo duele. Desde aqu\u00ed todas esas cr\u00edticas lo que hacen es reafirmarnos m\u00e1s. En ese sentido gracias. En cuanto que el \u00fanico artista de aqu\u00ed soy yo, no, nada de nada&#8230; siempre parto de entender el hecho de que cada persona es un artista y nadie,ni el se\u00f1or arroyo, tiene el derecho de autopoclamarse artista,&#8230;<\/p>\n<p>P.- Estimado se\u00f1or Doctor. En el MARCO de Vigo hay una obra que consiste en un taburete apoyado en dos tizas&#8230;&#8230;..probablemente con una extensa explicaci\u00f3n podr\u00edan convencerme de que eso es arte, pero&#8230;&#8230;.el arte necesita o debe necesitar explicaci\u00f3n? Saludos<\/p>\n<p>R.- Si, considero que toda obra tiene que tener una explicaci\u00f3n para quien lo precise. El artista contempor\u00e1neo tiene que entender que hay no solo un p\u00fablico, sino muchos p\u00fablicos, y unos necesitan apoyo did\u00e1ctico m\u00e1s que otros&#8230; pero en general, al final, cuando tiene la explicaci\u00f3n puede descubrir que es m\u00e1s facil de lo que parece y sobre todo que a trav\u00e9s de la explicaci\u00f3n de unas obras descubre por si mismo la explicaci\u00f3n de otras y empieza a perder el miedo a enfrentarse al arte contempor\u00e1neo<\/p>\n<p>P.- \u00bfCu\u00e1l ser\u00eda su reacci\u00f3n si el artista brit\u00e1nico Banksy (que recientemente se col\u00f3 en 4 museos neoyorquinos y coloc\u00f3 varias creaciones propias entre las obras de arte de dichos museos) hiciera una &#8220;visita&#8221; al MUSAC?<\/p>\n<p>R.- Un chisto gracioso y de autopromoci\u00f3n&#8230; le ha salido bien a nivel medi\u00e1tico y por otra parte ha alertado sobre lo que consumimos culturalmente sin preguntarnos el porqu\u00e9<\/p>\n<p>P.- Adoro la obra de Silvia Prada y me alegro mucho de que haya sido la elegida para la primera exposici\u00f3n temporal, seg\u00fan tengo entendido. \u00bfEs as\u00ed?\u00bfhasta cu\u00e1ndo se puede visitar?<\/p>\n<p>R.- hasta principios de junio en el LABORATORIO 98Es un proyecto magn\u00edfico que ha hecho junto a Tania Pardo como comisaria<\/p>\n","protected":false},"excerpt":{"rendered":"<p>Director del MUSAC (Museo de Arte Contempor\u00e1neo de Castilla y Le\u00f3n), el centro de arte sobre el que m\u00e1s se ha hablado en los \u00faltimos meses. Rafael Doctor charla sobre su apertura en Le\u00f3n, las exposiciones que ya acoge y las previstas, as\u00ed como de los numerosos proyectos de este museo que va m\u00e1s all\u00e1 de sus paredes.<\/p>\n","protected":false},"author":1,"featured_media":0,"comment_status":"open","ping_status":"open","sticky":false,"template":"","format":"standard","meta":{"footnotes":""},"categories":[],"tags":[],"class_list":["post-5438","post","type-post","status-publish","format-standard","hentry"],"_links":{"self":[{"href":"https:\/\/intervius.com\/index.html\/wp-json\/wp\/v2\/posts\/5438","targetHints":{"allow":["GET"]}}],"collection":[{"href":"https:\/\/intervius.com\/index.html\/wp-json\/wp\/v2\/posts"}],"about":[{"href":"https:\/\/intervius.com\/index.html\/wp-json\/wp\/v2\/types\/post"}],"author":[{"embeddable":true,"href":"https:\/\/intervius.com\/index.html\/wp-json\/wp\/v2\/users\/1"}],"replies":[{"embeddable":true,"href":"https:\/\/intervius.com\/index.html\/wp-json\/wp\/v2\/comments?post=5438"}],"version-history":[{"count":0,"href":"https:\/\/intervius.com\/index.html\/wp-json\/wp\/v2\/posts\/5438\/revisions"}],"wp:attachment":[{"href":"https:\/\/intervius.com\/index.html\/wp-json\/wp\/v2\/media?parent=5438"}],"wp:term":[{"taxonomy":"category","embeddable":true,"href":"https:\/\/intervius.com\/index.html\/wp-json\/wp\/v2\/categories?post=5438"},{"taxonomy":"post_tag","embeddable":true,"href":"https:\/\/intervius.com\/index.html\/wp-json\/wp\/v2\/tags?post=5438"}],"curies":[{"name":"wp","href":"https:\/\/api.w.org\/{rel}","templated":true}]}}