{"id":5418,"date":"2005-04-22T00:00:00","date_gmt":"2006-11-06T00:00:00","guid":{"rendered":"https:\/\/intervius.com\/index.html\/?p=5418"},"modified":"2006-11-06T00:00:00","modified_gmt":"2006-11-06T00:00:00","slug":"Dora_Aguirre5418","status":"publish","type":"post","link":"https:\/\/intervius.com\/index.html\/Dora_Aguirre5418\/","title":{"rendered":"Dora Aguirre"},"content":{"rendered":"<p>Pregunta.- La clase pol\u00edtica ha saqueado mi pais, desde hace muchos a\u00f1os, ya estamos hartos, Felicito a todo el pueblo ecuatoriano \u00bfCree usted que se ha dado un paso importante para llevar al pais a una democracia confiable? Gracias. Att Fco. Javier Piloso<\/p>\n<p>Respuesta.- Pienso que la crisis pol\u00edtica que vive Ecuador no es buena para el pa\u00eds, pero es intolerable el alto nivel de corrupci\u00f3n pol\u00edtica que ha habido en estos \u00faltimos a\u00f1os y que, en gran parte, ha fomentado la emigraci\u00f3n masiva. Por lo tanto, si las fuerzas pol\u00edticas no son capaces de luchar contra la corrupci\u00f3n lo tiene que hacer el pueblo, como en esta ocasi\u00f3n lo ha demostrado.<\/p>\n<p>P.- Por que la emigracion ecuatoriana en Espana esta tan falta de ideales politicos que planteen una lucha por una verdadera revolucion social en Ecuador. Es la indiferencia, el desarraigo, el alcohol o la religion? O es que ya se volvieron espanoles y les importa un pito su pais?<\/p>\n<p>R.- Creo que han perdido la confianza en las instituciones y en los partidos pol\u00edticos del pa\u00eds y pienso que es el cansancio que la gente tiene tras tantas promesas incumplidas de los gobiernos de turno y los continuos enga\u00f1os. Por ejemplo, cuando un gobierno se presenta como candidato presenta un programa electoral y un discurso pol\u00edtico que una vez llegado al poder lo cambia radicalmente y que es el desencadenante para la ingobernabilidad que existe en el pa\u00eds. No con ello quiero apoyar la actitud de desinter\u00e9s sobre la situaci\u00f3n del pa\u00eds que tiene el emigrante que ha salido.Para eso estamos las organizaciones sociales, para trabajar en la concienciaci\u00f3n y sensibilizaci\u00f3n de nuestro propio colectivo, de cara a promover la defensa de los derechos humanos y los derechos del pueblo en general, de los ciudadanos.<\/p>\n<p>P.- Cree udsted que despues de los gobiernos de Bucaram y Gutierrez se puede decir que el pueblo de Ecuador no es responsable de la calidad de sus dirigentes pol\u00edticos?<\/p>\n<p>R.- Efectivamente, es el pueblo quien elige los gobernantes, pero hay demagogia pol\u00edtica en todos los procesos electorales. El nivel de informaci\u00f3n y educaci\u00f3n de los ciudadanos no es de la mejor calidad y, en todo caso, no es en s\u00ed la poblaci\u00f3n responsable de las actitudes personales y pol\u00edticas de quienes est\u00e1n al frente del Gobierno. Porque en nuestro pa\u00eds, como en todos los pa\u00edses, existe un marco constitucional que hay que cumplir fielmente, algo que los pol\u00edticos de turno no han venido haciendo.<\/p>\n<p>P.- Buenos d\u00edas, Dora. \u00bfCrees que la situaci\u00f3n que vive actualmente tu pais har\u00e1 que lleguen a\u00fan m\u00e1s ecuatorianos a Espa\u00f1a? \u00bfA veces el no saber adaptarse a un pais trae mas pobreza que riqueza cultural? no crees? Un saludo, Dora.<\/p>\n<p>R.- No creo que se produzca m\u00e1s emigraci\u00f3n hacia Espa\u00f1a. Primero, hace casi dos a\u00f1os se ha impuesto un visado a los ecuatorianos que quieran entrar a Espa\u00f1a y este visado s\u00f3lo lo concede el consulado espa\u00f1ol en Ecuador. Actualmente, del 100% de las solicitudes de visado, el 97% son rechazados. Respecto a la daptaci\u00f3n al pa\u00eds de llegada de los inmigrantes, pienso que es un tema muy discutible, porque el proceso de integraci\u00f3n es asunto de dos: de los que llegan y de los residentes aut\u00f3ctonos. Por lo tanto, depender\u00e1 de la aportaci\u00f3n de cada una de las partes, para que las riquezas que trae la poblaci\u00f3n migrante den mejores resultados o las pobrezas en todos los sentidos sean resueltas.<\/p>\n<p>P.- Hola soy una ecuatoriana que resido en Espa\u00f1a, voy a viajar el pr\u00f3ximo viernes a Ecuador, mi preguntaes. \u00bfTendr\u00e9 algun problema?, \u00bfes seguro viajar a Ecuador en la situaci\u00f3n act\u00faal? Contesteme por favor. Gracias<\/p>\n<p>R.- Es muy seguro, desde luego, porque una manifestaci\u00f3n social no tiene por qu\u00e9 causar p\u00e1nico ni ning\u00fan tipo de temor. El aeropuerto est\u00e1 habilitado y las manifestaciones est\u00e1n siendo pac\u00edficas y controladas actualmente. Me alegro de que viajes a Ecuador y puedas tener una visi\u00f3n actualizada de la verdadera situaci\u00f3n de nuestro pa\u00eds. Buen viaje.<\/p>\n<p>P.- Soy venezolano y la historia de Ecuador es muy similar a la de Venezuela y Hugo Chavez. La historia de Ecuador y Venezuela es muy similar en cuando a caudillos y despotismos desde la \u00e9poca de la conquista. Ecuador segun muchos necesita un gobierno indigenista de izquierda. \u00bfno cree usted que se le estar\u00eda dando continuismo a un sistema pol\u00edco decadente ?. \u00bfEsta la corrupci\u00f3n arraigada la idiosincracia del LatinoAmericano , no solo en la clase gobernante ?<\/p>\n<p>R.- El clamor popular no es precisamente buscar un gobierno indigenista de izquierdas, sino busca un gobierbo que cumpla con la Constituci\u00f3n y con las leyes del pa\u00eds en igualdad de condiciones para todos. Que cese la corrupci\u00f3n y que los recursos del pa\u00eds se utilicen para generar desarrollo en el pa\u00eds. Yo pienso que s\u00ed, pero tiene su explicaci\u00f3n. El hecho de que haya tanta diferencia de clases sociales en nuestro pa\u00eds marca claramente la clase que ejerce el poder y la que obedece. Desde el propio sistema de las instituciones se impone un nivel de subsistencia y se obliga a entrar en el trapicheo barato, en la corruptela que est\u00e1 impuesta. Por ejemplo, desde el mismo hecho que se plantea un juicio com\u00fan y corriente para resolver una disputa, gana no quien tiene la raz\u00f3n, sino el que m\u00e1s dinero ha pagado al juez de turno. Hay mil ejemplos, pero en definitiva, creo que tenemos que abogar por la educaci\u00f3n, desde la escuela hasta las \u00faltimas instancias, para que esta situaci\u00f3n mejore a largo plazo.<\/p>\n<p>P.- Estas crisis de gobierno se suceden con alta frecuencia en Ecuador. Parecen creer los ecuatorianos (peruanos, bolivianos, etc) que el problema se soluciona haciendo dimitir al presidente de turno. No piensa Ud. que el quid de la cuestion radica en el ethos nacional? Por qu\u00e9 estas cosas no pasan en Suecia y s\u00ed en Ecuador?<\/p>\n<p>R.- Yo creo que en la pregunta anterior ya contestaba de alguna manera a esta pregunta. Sin embargo, no creo que en el saber popular est\u00e9 el \u00e1nimo de crear inestabilidad en el pa\u00eds. De hecho, las organizaciones ind\u00edgenas y sociales no planeaban la destituci\u00f3n del Goierno, sino ped\u00edan que vuelva al marco de la Constituci\u00f3n y de las obligaciones y responsabilidades pol\u00edticas que tiene con el pueblo.<\/p>\n<p>P.- \u00bfQu\u00e9 opina usted de la posibilidad de que Brasil conceda asilo pol\u00edtico a Guti\u00e9rrez? \u00bfNo ser\u00eda mejor que se le juzgase en su pa\u00eds?<\/p>\n<p>R.- Pienso que una de las acciones que se pretenden realializar ahora es convocar una asamblea constituyente, para promoverun cambio constitucional y crear el marco jur\u00eddico para que en el futuro se puedan juzgar a los corruptos en el propio pa\u00eds. Si hasta ahora no se ha hecho, es precisamente porque no se puede utilizar la ley ecuatoriana para juzgar en el propio pa\u00eds y evitar la huida, especialmente de pol\u00edticos corruptos, al exterior.<\/p>\n<p>P.- Estimada se\u00f1ora Aguuirre. Estamos ante el comienzo de la democracia o ante una nueva dictadura?. Un saludo y los mejores deseos para su pa\u00eds, que tambi\u00e9n es parte de nosotros. Fran<\/p>\n<p>R.- Yo pienso que Ecuador est\u00e1 despertando hacia la consolidaci\u00f3n de una verdadera democracia, donde la voz del pueblo realmente sea escuchada, y se busca sanear al pa\u00eds en todos los aspectos. Gracias por sus buenos deseos.<\/p>\n<p>P.- de que manera estais los emigrantes ayudando a la situaci\u00f3n del Ecuador?.<\/p>\n<p>R.- Primero, con el env\u00edo de remesas de dinero que generamos estamos contribuyendo a la sostenibilidad del d\u00f3lar en el pa\u00eds. Por otra parte, sostenemos el mantenimiento de nuestras familias, que son muchas si contamos que estamos en el exterior m\u00e1s de dos millones de ecuatorianos. Respecto a la situaci\u00f3n actual que se est\u00e1 viviendo en el pa\u00eds, nos sentimos angustiados e impotentes, por la poca acci\u00f3n que podemnos realizar. Sin embargo, desde las organizaciones de inmigrantes mantenemos estrecho contacto con las organizaciones sociales, ind\u00edgenas y campesinas de Ecuador, para estar al corriente de las medidas que se toman y apoyarlas. Tambi\u00e9n estamos llevando a cabo talleres de informaci\u00f3n y discusi\u00f3n con la poblaci\u00f3n migrante, para hacerles llegar nuestras aportaciones a trav\u00e9s de las organizaciones de Ecuador.<\/p>\n<p>P.- \u00bfqu\u00e9 est\u00e1 haciendo tu asociaci\u00f3n para ayudar a tus compatriotas en el proceso de regularizaci\u00f3n? \u00bfY la embajada de Ecuador?<\/p>\n<p>R.- Desde la asociaci\u00f3n estamos dando informaci\u00f3n permanente sobre el proceso de normalizaci\u00f3n. Buscamos ofertas de empleo para que la gente pueda obtener su contrato y pasar al proceso de normalizaci\u00f3n. Aparte de ello, hemos estado dedicados a hacer un trabajo pol\u00edtico de acercamiento a las intituciones y a los representantes pol\u00edticos, para hacer las propuestas de mejora, sobre todo en requisitos que se solicitan para el proceso de normalizaci\u00f3n. Respecto a la embajada, creo que deber\u00edan responder ellos. Pero lo que la organizaci\u00f3n conoce es que se han dedicado a hacer los tr\u00e1mites de rigor, sobre todo en el caso de la obtenci\u00f3n del certificado ade antecedentes penales.<\/p>\n<p>P.- Vi hace poco en la tele, que por un modico precio una persona ecuatoriana en su pais, puede borrar sus antecendentes penales, y asi puede emigrar sin ningun problema \u00bfque opina?? \u00bfno cree que luego nosotros pagamos las consecuencias?? un saludo.<\/p>\n<p>R.- No son casos generalizados los que se han dado, sin embargo, el proceso de normalizaci\u00f30n actual ha funcionado de manera diferente. Ha solicitado el requisito del certificado de antecedentes penales y, en el caso de Ecuador, han llegado a un acuerdo con el Gobierno de Espa\u00f1a, para autorizar \u00fanicamente alrededor de 27 firmas que ser\u00e1n reconocidas aqu\u00ed en Espa\u00f1a, para que el certificado pueda ser v\u00e1lido. Creo que con esto se asegura la autenticidad y validez del documento y, por lo tanto, de la informaci\u00f3n que contiene, respecto a los antecedentes de todas las personas que solicitan el permiso de trabajo.<\/p>\n<p>P.- \u00bfPor que &#8220;Rumi\u00f1ahui&#8221; -una Asociaci\u00f3n por y para defender los derechos de los ecuatorianos y latinoamericanos en Espa\u00f1a- comparte local con el MPDL (Movimiento por la Paz, el Desarme y la Libertad) cuya presidente Francisca Sauquillo se vanagloria de ser la primera ONG que ayuda a la dictadura cubana, adem\u00e1s de apoyar insistentemente a un r\u00e9gimen que niega derechos elementales a sus ciudadanos? \u00bfNo existen fines pol\u00edticos ocultos dentro de \u201cRumi\u00f1ahui\u201d?<\/p>\n<p>R.- Rotundamente, no. Compartimos hace un par de a\u00f1os local, eso es todo. Actualmente, estamos localizados en la calle Embajadores 216, 3A. Como organizaci\u00f3n respetamos cualquier ideolog\u00eda pol\u00edtica, pero nuestra organizaci\u00f3n se dedica, exclusivamemnte, a promover el respeto a los derechos humanos y a hacer aportaciones en favor de ellos.<\/p>\n<p>P.- Hola, cree usted que somos la verguenza ante la OEA, como ecuatorianos, al no saber elegir nuestros gobernantes?<\/p>\n<p>R.- NO creo que seamos la verg\u00fcenza de nadie. El pueblo elige su gobernante de manera democr\u00e1tica y, como antes coment\u00e9, son las personas y los pol\u00edticos los que no cumplen con sus obligaciones y responsabilidades y de ellos no se puede responsabilizar al pueblo.<\/p>\n<p>P.- \u00bfSe ha encontrado con racismo hacia los ecuatorianos aqu\u00ed en Espa\u00f1a?<\/p>\n<p>R.- Hay casos aislados que se han publicado incluso en la prensa, pero m\u00e1s bien creo que en ESpa\u00f1a hace falta informaci\u00f3n sobre la inmigraci\u00f3n y toda la riqueza econ\u00f3mica, cultural y social que puede aportar la poblaci\u00f3n migrante. Por eso, creo que hay m\u00e1s bien casos de discriminaci\u00f3n que se dan porque se nos ve como competencia y no como uno m\u00e1s que se suma para trabajar en el desarrollo de Espa\u00f1a.<\/p>\n<p>P.- Por qu\u00e9 Ecuador es un pa\u00eds tan pobre?<\/p>\n<p>R.- Eso se remnite a 500 a\u00f1os atr\u00e1s en la Historia, cuando Ecuador y varios pa\u00edses de Latinoam\u00e9rica fueron conquistados y, por lo tanto, sus recursos dejaron de ser propios. POsteriormente, con todos los procesos de disctadura y democr\u00e1ticos que ha vivido el pa\u00eds ha ido creciendo la corrupci\u00f3n pol\u00edtica y el endeudamiento externo que, en definitiva, han empobrecido al pa\u00eds, apesar de que Ecuador es un pa\u00eds gran productor de petr\u00f3leo, tiene una producci\u00f3n agr\u00edcola muy importante y puede ser muy explotable a nivel tur\u00edstico. Sin embargo, los ecuatorianos no perdemos la esperanza de recuperar la dignidad del pa\u00eds, empezando por la eliminaci\u00f3n de la corrupci\u00f3n, por la condonaci\u00f3n de la deuda externa y por el restablecimiento econ\u00f3mico, pol\u00edtico y social del pa\u00eds.<\/p>\n<p>P.- Que pediria la Asociacion al actual presidente para superar crisis? Adelantar elecciones seria una solucion?<\/p>\n<p>R.- Yo pienso que es necesario convocar una Asamblea Constituyente, caminar hacia la adaptaci\u00f3n de la Constituci\u00f3n a la nueva realidad que vive el pa\u00eds y que el actual presidente en funciones pueda liderar ese proceso de transici\u00f3n.<\/p>\n","protected":false},"excerpt":{"rendered":"<p>La presidenta de la asociaci\u00f3n hispano ecuatoriana Rumi\u00f1ahui hablar\u00e1 sobre la situaci\u00f3n de crisis que se vive en Ecuador, tras la destituci\u00f3n de su presidente , Lucio Guti\u00e9rrez, y de c\u00f3mo est\u00e1n viviendo esta crisis los ecuatorianos que residen en Espa\u00f1a.<\/p>\n","protected":false},"author":1,"featured_media":0,"comment_status":"open","ping_status":"open","sticky":false,"template":"","format":"standard","meta":{"footnotes":""},"categories":[],"tags":[],"class_list":["post-5418","post","type-post","status-publish","format-standard","hentry"],"_links":{"self":[{"href":"https:\/\/intervius.com\/index.html\/wp-json\/wp\/v2\/posts\/5418","targetHints":{"allow":["GET"]}}],"collection":[{"href":"https:\/\/intervius.com\/index.html\/wp-json\/wp\/v2\/posts"}],"about":[{"href":"https:\/\/intervius.com\/index.html\/wp-json\/wp\/v2\/types\/post"}],"author":[{"embeddable":true,"href":"https:\/\/intervius.com\/index.html\/wp-json\/wp\/v2\/users\/1"}],"replies":[{"embeddable":true,"href":"https:\/\/intervius.com\/index.html\/wp-json\/wp\/v2\/comments?post=5418"}],"version-history":[{"count":0,"href":"https:\/\/intervius.com\/index.html\/wp-json\/wp\/v2\/posts\/5418\/revisions"}],"wp:attachment":[{"href":"https:\/\/intervius.com\/index.html\/wp-json\/wp\/v2\/media?parent=5418"}],"wp:term":[{"taxonomy":"category","embeddable":true,"href":"https:\/\/intervius.com\/index.html\/wp-json\/wp\/v2\/categories?post=5418"},{"taxonomy":"post_tag","embeddable":true,"href":"https:\/\/intervius.com\/index.html\/wp-json\/wp\/v2\/tags?post=5418"}],"curies":[{"name":"wp","href":"https:\/\/api.w.org\/{rel}","templated":true}]}}