{"id":5408,"date":"2005-05-17T00:00:00","date_gmt":"2006-11-06T00:00:00","guid":{"rendered":"https:\/\/intervius.com\/index.html\/?p=5408"},"modified":"2006-11-06T00:00:00","modified_gmt":"2006-11-06T00:00:00","slug":"Jesus_Bastante5408","status":"publish","type":"post","link":"https:\/\/intervius.com\/index.html\/Jesus_Bastante5408\/","title":{"rendered":"Jes\u00fas Bastante"},"content":{"rendered":"<p>Pregunta.- Hola Jes\u00fas, \u00bfC\u00f3mo crees que reaccionar\u00e1 este Papa ante el numero decreciente de fieles? Descartamos la apertura de la iglesia y su modernizaci\u00f3n. \u00bfEntonces, como se las ingeniar\u00e1? Un saludo.<\/p>\n<p>Respuesta.- Buenos d\u00edas a todos, y gracias por las preguntas. Creo que este Papa est\u00e1 muy preocupado por el descenso en el n\u00famero de fieles. Lo que habr\u00eda que preguntarse es si preferir\u00e1 una Iglesia de minor\u00edas pero de &#8220;convencidos&#8221; (nuevos movimientos, etc&#8230;) o abrirse a una Iglesia m\u00e1s plural, lo que implicar\u00eda algunas modernizaciones que, estoy de acuerdo contigo, no creo vaya a realizar.<\/p>\n<p>P.- \u00bfC\u00f3mo intuye el Papado de Benedicto XVI? \u00bfDe transici\u00f3n o calar\u00e1 muy hondo? \u00bfY respecto al Concilio Vaticano II?<\/p>\n<p>R.- No creo que sea de transici\u00f3n, por Ratzinger, de hecho, llevaba &#8220;gobernando&#8221; la Iglesia en la sombra desde hace tiempo, y buena parte de los documentos de Juan Pablo II han pasado por sus manos. Creo que nos dar\u00e1 algunas sorpresas. En cuanto al Vaticano II, hay que decir que en diciembre se cumplen 40 a\u00f1os de su conclusi\u00f3n, y que este Papa tiene previsto realizar alg\u00fan signo, pero me temo que m\u00e1s en la l\u00ednea de marcar la continuidad con sus postulados que en la de avanzar hacia posturas que quedaron frenadas en los \u00faltimos a\u00f1os<\/p>\n<p>P.- \u00bfCu\u00e1l ser\u00e1 la relaci\u00f3n de Benedicto XVI con el Opus y los legionarios de Cristo? \u00bfQu\u00e9 opina USTED de la teolog\u00eda de la liberaci\u00f3n? Feliz d\u00eda<\/p>\n<p>R.- Feliz d\u00eda. Creo que la relaci\u00f3n con el Opus Dei ha sido, es y ser\u00e1 muy buena. En cuanto a los legionarios de Cristo, habr\u00e1 que ver c\u00f3mo se desarrollan las investigaciones que, al parecer, existen sobre el padre Maciel y que parece ser que mand\u00f3 iniciar el propio Ratzinger. Creo que la teolog\u00eda de la liberaci\u00f3n es un instrumento v\u00e1lido para la evangelizaci\u00f3n en algunos rincones del mundo. El problema no se plantea en cuanto a ella, sino a la hora de una excesiva politizaci\u00f3n de sus postulados.<\/p>\n<p>P.- \u00bfEl c\u00f3nclave de Benedicto XVI no fue demasiado r\u00e1pido? Saludos<\/p>\n<p>R.- &#8230;le doy la vuelta a la pregunta. \u00bfQu\u00e9 hubiera pasado si, despu\u00e9s de un Pontificado hist\u00f3rico como fue el de Juan Pablo II, se hubiera tardado m\u00e1s de una semana en elegir Papa? La imagen de divisi\u00f3n que se hubiese dado ser\u00eda muy perjudicial para la Iglesia. La rapidez puede implicar, sin duda, una cierta uniformidad, pero tambi\u00e9n aporta la impresi\u00f3n de unidad que tanto necesitaba la Iglesia de Roma en estos momentos<\/p>\n<p>P.- \u00bfQu\u00e9 opini\u00f3n tiene del se\u00f1or Ratzinger y su pasado nazi?<\/p>\n<p>R.- Por partes. Mi opini\u00f3n sobre el cardenal Ratzinger, al menos antes de escribir este libro y profundizar sobre su vida y obra, no era muy favorable. Tambi\u00e9n reconozco que estaba basada en ciertos estereotipos, algunos de los cuales contin\u00fao manteniendo. Creo, en todo caso, que la vida de un hombre da un giro de 180 grados en el momento de ser elegido Papa, y que Benedicto XVI no ser\u00e1 igual que Joseph Ratzinger. Sobre su pasado nazi, se ha escrito mucho, pero lo \u00fanico cierto es que, en su adolescencia, fue reclutado por el ej\u00e9rcito, pero del mismo modo que suced\u00eda en Espa\u00f1a en los tiempos de la Falange. O ibas, o ibas. Llegado el momento, tanto \u00e9l como su hermano se negaron a alistarse en las SS, e incluso llegaron a desertar<\/p>\n<p>P.- \u00bfNo estaba preparado el Vaticano para un Papa negro o europeo?<\/p>\n<p>R.- Creo que m\u00e1s bien deber\u00edamos preguntarnos, o debieran haberlo hecho los cardenales, si la Iglesia (no el Vaticano) esta preparada y para qu\u00e9. En mi opini\u00f3n, hubiera sido muy buena la elecci\u00f3n de un Papa iberoamericano, puesto que en Latinoam\u00e9rica residen m\u00e1s de la mitad de los cat\u00f3licos del mundo<\/p>\n<p>P.- \u00bfCree que la sombra de Juan Pablo permanecer\u00e1 constantemente sobre el Papado de Benedicto XVI? \u00bfNo carece Ratzinger del carisma de Wojtyla?<\/p>\n<p>R.- La sombra de Juan Pablo II permanecer\u00eda sobre cualquier Pont\u00edfice. Han sido veintiseis a\u00f1os y medio, muchos viajes, muchas enc\u00edclicas&#8230; Ha sido el \u00fanico l\u00edder mundial del mundo globalizado. Sin embargo, Ratzinger fue capaz de ejercer cierta influencia sobre Karol Wojtyla, no en vano permaneci\u00f3 24 a\u00f1os como su &#8220;mano derecha&#8221;. Y&#8230; s\u00ed, Ratzinger carece del carisma de Wojtyla, no es un actor como el Papa polaco, tampoco creo que sea un l\u00edder de masas&#8230; y ha sido elegido con 78 a\u00f1os, mientras que Juan Pablo II fue designado con 58.<\/p>\n<p>P.- \u00bfQu\u00e9 opini\u00f3n le merce el Papa Juan Pablo? \u00bfAlaba la medida de acelerar su proceso de beatificaci\u00f3n por &#8220;clamor popular&#8221;?<\/p>\n<p>R.- Ha sido el \u00fanico Papa al que realmente he conocido, con el que muchos hemos crecido, y que ha desarrollado una impresionante tarea a lo largo de m\u00e1s de 26 a\u00f1os. Creo que ser\u00e1 un Papa recordado durante mucho tiempo. La aceleraci\u00f3n de su proceso de beatificaci\u00f3n era en cierto modo l\u00f3gica (en el libro ya se adelantaba), tanto por el clamor popular como un modo de que Benedicto XVI asumiera los logros del Pontificado de Juan Pablo II. No creo que tarde m\u00e1s de dos a\u00f1os en ser beatificado<\/p>\n<p>P.- Usted ha entrevistado a Ratzinger \u00bfcu\u00e1l es su opini\u00f3n personal del Pont\u00edfice?<\/p>\n<p>R.- Reconozco que qued\u00e9 impresionado cuando habl\u00e9 con \u00e9l. Es m\u00e1s bajo de lo que parece, da una sensaci\u00f3n de fragilidad, como si se fuera a romper si se cae al suelo. Pero su mirada escruta todo lo que se encuentra a tu alrededor, te sientes observado y no puedes evitar cierta turbaci\u00f3n. Creo que es uno de los intelectuales m\u00e1s potentes de la Iglesia en la actualidad, aunque muchos de sus postulados (al menos los marcados durante su etapa en Doctrina de la Fe) no coincidan con mis planteamientos vitales.<\/p>\n<p>P.- \u00bf\u00b4NO le pareci\u00f3 exagerada la cobertura de los medios de comunicaci\u00f3n de la muerte y elecci\u00f3n del Papa?<\/p>\n<p>R.- A m\u00ed lo que me pareci\u00f3 exagerado fue el trabajo que tuvimos que realizar cada d\u00eda, durante un mes, los periodistas que viajamos a Roma para cubrir dichos eventos (risas). Pienso que m\u00e1s bien se demostr\u00f3 que, para bien o para mal, el color del humo que sale de una vieja chimenea todav\u00eda es capaz de parar el mundo en el que vivimos. La Iglesia y sus cosas siguen teniendo inter\u00e9s para el p\u00fablico&#8230; aunque pueda ser cierto que, durante semanas, no se hablaba de otra cosa, y en cierto modo se satur\u00f3 el campo informativo de noticias relacionadas con el Papa y el Vaticano<\/p>\n<p>P.- La figura del cat\u00f3lico no practicante tiene sentido? Es decir&#8230;una persona que apoya el aborto, las c\u00e9lulas madre, los matrimonio gays,el preservativo&#8230;.puede ser cat\u00f3lico?&#8230;o es solo un seguidor inercial de la pompa, digamos.. Un saludo<\/p>\n<p>R.- Uf&#8230;. buena pregunta, que resulta dif\u00edcil de contestar. Tratar\u00e9 de apoyarme en mi experiencia personal. Yo prefiero denominarme creyente, incluso cristiano, antes que cat\u00f3lico no practicante. Creo que hay muchos temas, sobre todo los relacionados con moral sexual o familar, en los que la conciencia es la \u00fanica que debe rendir cuentas. Tambi\u00e9n creo que la Iglesia instituci\u00f3n est\u00e1 en la obligaci\u00f3n de plantear su opini\u00f3n, pero sin imposiciones. Y luego est\u00e1 el peligro de que cada uno nos creemos una religi\u00f3n &#8220;a la carta&#8221;&#8230; Son varias cuestiones, y de dif\u00edcil soluci\u00f3n. En todo caso, creo que Cristo no se preocupar\u00eda demasiado por algunas de las cuestiones que planteas, como los matrimonios gays o el preservativo. S\u00ed creo que estar\u00eda en contra del aborto sin ninguna causa, pero insisto, que en estos y otros muchos asuntos debe primar la conciencia de cada uno&#8230;<\/p>\n<p>P.- \u00bfCree usted que Benedicto XVI ser\u00e1 tan viajero como su predecesor y tendr\u00e1 el carisma de mover multitudes, especialmente j\u00f3venes? Un cordial\u00edsimo saludo<\/p>\n<p>R.- Creo que no viajar\u00e1 tanto. Tiene 78 a\u00f1os, una salud fr\u00e1gil y la responsabilidad de reorganizar una Curia que en tiempos de Juan Pablo II qued\u00f3 un tanto desasistida. Ya he comentado antes que no creo que Benedicto XVI tenga el carisma de Karol Wojtyla, pero tambi\u00e9n es cierto que, en el mismo momento de su elecci\u00f3n, los mismos fieles que coreaban al Papa muerto, ovacionaron a su sucesor. Supongo que Ratzinger habr\u00e1 de &#8220;aprender&#8221; algunas t\u00e9cnicas muy bien utilizadas por Wojtyla, pero tampoco creo que deje de ser \u00e9l mismo<\/p>\n<p>P.- A la Iglesia le cost\u00f3 el divorcio y ahora multitud de cat\u00f3licos est\u00e1n divorciados, \u00bfPorgresar\u00e1n tambi\u00e9n con los matrimonios homosexuales, aborto, eutanasia y c\u00e9lulas madre? Salu2<\/p>\n<p>R.- Insisto que algunos temas son distintos. En cuanto a la eutanasia, por ejemplo, la Iglesia es una de las principales impulsoras del &#8220;testamento vital&#8221; y de evitar el encarnizamiento terap\u00e9utico. Pero entre sus postulados principales se encuentra la defensa de la vida, desde sus or\u00edgenes a su final, como don de Dios. En cuanto tal, no creo que la Iglesia vaya a moverse un \u00e1pice sobre el aborto, por ejemplo. La cuesti\u00f3n de los matrimonios homosexuales, como la del acceso de los divorciados a la comuni\u00f3n, o los curas casados&#8230; son cuestiones que habr\u00e1n de ir vi\u00e9ndose. Lo de las c\u00e9lulas madre es m\u00e1s una cuesti\u00f3n cient\u00edfica que de revelaci\u00f3n, la verdad.<\/p>\n<p>P.- \u00bfEl anticomunismo de Wojtyla ser\u00e1 tambi\u00e9n un claro reflejo en Ratzinger?<\/p>\n<p>R.- Creo que el anticomunismo de Wojtyla ten\u00eda un tiempo, finales de los ochenta y la d\u00e9cada de los noventa, hasta la ca\u00edda de estos reg\u00edmenes. La vida de Juan Pablo II estuvo marcada por el comunismo, no as\u00ed la de Ratzinger, quien habra de afrontar otras cuestiones, como la globalizaci\u00f3n, las diferencias Norte-Sur&#8230;<\/p>\n<p>P.- \u00bfQu\u00e9 papel jugar\u00e1 la Iglesia espa\u00f1ola en esta nueva etapa? \u00bfHa ganado o ha perdido peso?<\/p>\n<p>R.- Habr\u00e1 que verlo con el tiempo. S\u00ed es cierto que algunas personalidades de la Iglesia espa\u00f1ola, en particular Ca\u00f1izares o Mart\u00ednez Camino, pueden haber ganado enteros. S\u00ed pienso que, en breve, asistiremos a un &#8220;intercambio de piezas&#8221; entre algunos obispos espa\u00f1oles, que podr\u00edan concluir con la marcha de Rouco a Roma, la llegada de Ca\u00f1izares a Madrid, Bl\u00e1zquez en Toledo&#8230; Sin duda, no nos vamos a aburrir<\/p>\n<p>P.- \u00bfCu\u00e1l cree que ser\u00e1 el reto principal del nuevo pontificado?<\/p>\n<p>R.- Siguiendo sus propias palabras, hay tres retos fundamentales: el di\u00e1logo interreligioso, en especial con las otras confesiones cristianas; la evangelizaci\u00f3n; y el desarrollo del Vaticano II. Tambi\u00e9n habr\u00e1 de cuidar a los j\u00f3venes, ver qu\u00e9 pasa en un momento en que los nuevos movimientos est\u00e1n sufriendo el retiro o la muerte de sus fundadores, volver la mirada a Iberoam\u00e9rica, Asia y \u00c1frica, tender la mano al Islam y tratar de desarrollar un cauce de di\u00e1logo entre la Iglesia y el mundo. Todas ellas cuestiones de dif\u00edcil soluci\u00f3n<\/p>\n<p>P.- \u00bfUsted cree que este era el papa que necesitaba la Iglesia en este momento o que los cardenales no se han atreviso a elegir a alguien no continuista con la linea de Juan Pablo II despues de los enormes elogios que recibio su papado tras su muerte?<\/p>\n<p>R.- A m\u00ed me sorprendi\u00f3 el nombramiento de Ratzinger, lo reconozco. Pensaba que \u00e9l iba a ser el &#8220;gran elector&#8221;, el que llegado el momento se levantar\u00eda y designar\u00eda a &#8220;su&#8221; candidato. Pero result\u00f3 que &#8220;su&#8221; candidato era \u00e9l. Despu\u00e9s de haber estado en Roma durante todo el proceso, he llegado a la conclusi\u00f3n (y la plasmo en el libro), de que Ratzinge llev\u00f3 la batuta del prec\u00f3nclave y del c\u00f3nclave, y que entr\u00f3 en la Capilla Sixtina casi, casi, como Papa.<\/p>\n<p>P.- \u00bfQui\u00e9n cree usted que fue el principal contrincante de B XVI en el c\u00f3nclave?<\/p>\n<p>R.- No creo que hubiera un rival de entidad. S\u00ed es verdad que en la primera votaci\u00f3n Martini sac\u00f3 cuatro o cinco votos m\u00e1s que Ratzinger (40 por 45), pero el voto al em\u00e9rito de Mil\u00e1n era m\u00e1s bien un voto &#8220;anti-Ratzinger&#8221;. De hecho, en la segunda votaci\u00f3n, el alem\u00e1n alcanz\u00f3 68 votos, a 9 de los dos tercios. En la tercera se qued\u00f3 a las puertas y en las cuarta y definitiva alcanz\u00f3 entre 95 y 102 votos de los 115 posibles. Fue un c\u00f3nclave muy r\u00e1pido y resuelto muy brillantemente por Ratzinger<\/p>\n<p>P.- Sr. Bastante, dice usted muchas cosas &#8220;soprendentes&#8221; para estar en el periodico en el que escribe (&#8220;Yo hubiera elegido un latinoamericano &#8230;muchos de los postulados de Ratzinger no coinciden con sus planteamientos vitales&#8230;? \u00bfNo le han dado alguna &#8220;colleja&#8221; desde &#8220;arriba&#8221; alguna vez. Un saludo cordial.<\/p>\n<p>R.- Uno debe estar preparado para las &#8220;collejas&#8221; que usted dice, pero tambi\u00e9n para tratar de ser honesto consigo mismo. Adem\u00e1s, decir que yo hubiera elegido a por ejemplo Maradiaga no implica que no pueda considerar a Benedicto XVI un buen Papa, incluso aunque algunos de sus postulados como prefecto de la Congregaci\u00f3n para la Doctrina de la Fe (no como Papa), no coincidan conmigo. En todo caso, mi funci\u00f3n es la de hacer informaci\u00f3n, no la de plantear en mi peri\u00f3dico qu\u00e9 es lo que yo pienso (que, por otro lado, no s\u00e9 si puede interesar a alguien). Sobre esta cuesti\u00f3n, recuerdo siempr que puedo una frase del cardenal \u00c1ngel Herrera. &#8220;Un periodista cristiano debe, ante todo, ser un buen periodista&#8221;. Y en la Iglesia, en la misma fe, cabemos todos&#8230; incluso aunque mantengamos diferencias en matices o incluso en conceptos que, al no ser dogmas, resultan opinables. Saludos cordiales.<\/p>\n<p>P.- Rev\u00e9lenos alg\u00fan detalle biogr\u00e1fico de Benedicto XVI que le haya parecido curioso al escribir su biograf\u00eda<\/p>\n<p>R.- Su afici\u00f3n a los gatos y al piano. Al final de la ceremonia de entronizaci\u00f3n, el 24 de abril, charl\u00e9 durante unos instantes con el cardenal colombiano Dar\u00edo Castrill\u00f3n, hasta entonces &#8220;vecino&#8221; de Ratzinger en la plaza de la Murala Leonina. Y me dijo que &#8220;era un vecino extremadamente pesado&#8221;, porque &#8220;no hac\u00eda otra cosa que tocar el piano&#8230; y adem\u00e1s mucho mejor que yo&#8221;. Desconoc\u00eda esa faceta del nuevo Papa, que no relacionaba con la imagen de hombre duro y &#8220;guardi\u00e1n de la ortodoxia&#8221; que parec\u00eda dar&#8230;Aunque, insisto, ahora es el Papa, ahora es Benedicto XVI, y ya nunca m\u00e1s ser\u00e1 Joseph Ratzinger<\/p>\n<p>P.- \u00bfCree USTED que la postura de la Iglesia sobre el preservativo, matrimonios homosexuales, eutanasia y sacerdocio femenino debe cambiar? \u00bfQu\u00e9 opina usted?<\/p>\n<p>R.- No s\u00e9 si mis opiniones personales son lo suficientemente interesantes, pero bueno. No soy favorable a la eutanasia, aunque s\u00ed respetar\u00eda el deseo de una persona de no permanecer amarrado a una vida que no es la suya en contra de su voluntad. Creo que la cuesti\u00f3n del preservativo est\u00e1 absolutamente superada, sobre todo en relaci\u00f3n a la prevenci\u00f3n del sida y de otras enfermedades. En cuanto al sacerdocio femenino, si bien Jes\u00fas no eligi\u00f3 entre sus 12 ap\u00f3stoles ninguna mujer, s\u00ed viajaron con \u00e9l, en plena igualdad con los ap\u00f3stoles, tanto la Virgen como Mar\u00eda Magdalena. En lo que s\u00ed creo es en la corresponsabilidad de los laicos. Sobre los matrimonios homosexuales, creo que nos habr\u00edamos evitado un problema con otra denominaci\u00f3n. Pero los derechos civiles de las personas son irrenunciables. El otro problema en este sentido es el de la adopci\u00f3n, pero ah\u00ed el derecho es del ni\u00f1o a tener el mejor padre posible, y para eso hay unos baremos y unos an\u00e1lisis que se deben cumplimentar. El derecho a adoptar nunca es de los adultos (homosexuales o heterosexuales, solteros, casados o viudos), sino de los ni\u00f1os<\/p>\n<p>P.- SE habal mucho de la postura del Papa frente a la clonaci\u00f3n, matrimonios homosexuales&#8230; pero \u00bfY frente a la mujer? \u00bfCu\u00e1l cree que ser\u00e1 la posici\u00f3n de Ratzinger? Seguir\u00e1n estando en segunda fila o tendr\u00e1n el protagonismo que merecen?<\/p>\n<p>R.- Me temo que en este asunto no coincidir\u00e9 con la postura de la Iglesia&#8230; Creo que hay que avanzar en la participaci\u00f3n, en plenitud de igualdad, de los laicos, hombres y mujeres, en la misi\u00f3n de evangelizar. El anuncio de la fe es responsabilidad de todo bautizado. Hasta el siglo XI, los curas se pod\u00edan casar, incluso hubo casos de Papas casados y con hijos. No s\u00e9 si la mujer podr\u00eda acceder al sacerdocio como tal, s\u00ed pienso que el problema no est\u00e1 s\u00f3lo en ese punto concreto, sino en tratar de hacer m\u00e1s horizontal una estructura tan jerarquizada como la de la Iglesia. En otras palabras: mi responsabilidad como cristiano es la misma que la de cualquier cardenal. Habr\u00eda que ver si las funciones pueden ser similares o no. Pero la fe como don de Dios es la misma para todos, y debe poder expresarse en plano de igualdad.<\/p>\n<p>P.- \u00bfCu\u00e1l es en su opini\u00f3n la soluci\u00f3n para que los fieles vuelvan a las iglesias?<\/p>\n<p>R.- No tengo la caja de Pandora entre mis manos, me la dej\u00e9 en casa (risas). Hablando en serio, creo que, al menos en Europa, existe una cierta desconexi\u00f3n entre Iglesia y sociedad, que se plasma en el descenso vocacional y en la pr\u00e1ctica religiosa. No s\u00e9 si las iglesias se volver\u00e1n a llenar como anta\u00f1o, pero tambi\u00e9n hay que recordar que mucha gente iba a misa para &#8220;cumplir el expediente&#8221;. En este sentido, prefiero que participen en la fe los que de verdad crean en Cristo y en su mensaje de amor, solidaridad y justicia. Tal vez una soluci\u00f3n s\u00ed podr\u00eda estar en una mayor apertura a los temas de hoy, a una mayor corresponsabilidad entre los miembros de las comunidades eclesiales, los pastores, los religosos y sobre todo (son mayor\u00eda) los\/as fieles laicos<\/p>\n<p>P.- \u00bfCu\u00e1l es su opini\u00f3n el cap\u00edtulo de su libro que m\u00e1s sorprender\u00e1 a los lectores por su contenido?<\/p>\n<p>R.- Probablemente el quinto, en el que se cuenta el desarrollo del C\u00f3nclave. Aunque estoy bastante orgulloso del conjunto, por la rapidez en la que se llev\u00f3 a cabo y la cercan\u00eda que ofrece el haber estado all\u00ed, vivi\u00e9ndolo en directo. Tambi\u00e9n les recomiendo el cap\u00edtulo de los retos del nuevo pontificado, por aquello de mirar al futuro y ver a Benedicto XVI, no tanto a Joseph Ratzinger<\/p>\n<p>P.- \u00bfSabe si entre las prioridades del Papa est\u00e1 una nueva visita a Espa\u00f1a para aflojar las tensiones con el Gobierno?<\/p>\n<p>R.- No. S\u00ed hay planes para que pueda visitar Valencia en 2006, con motivo del Encuentro Mundial de las Familias que se celebrar\u00e1 en la capital levantina. En cuanto a las tensiones con el Gobierno socialista, el Vaticano ha delegado en los responsables de la Conferencia Episcopal. Muy probablemente veremos, en los pr\u00f3ximos meses, una &#8220;distensi\u00f3n&#8221;, sobre todo si, como parece, la Iglesia logra mantener la clase de Religi\u00f3n y soluciona la cuesti\u00f3n de la financiaci\u00f3n. En todo caso, esta legislatura va a ser movidita en las relaciones Iglesia-Estado, y no descarto que en la siguiente legislatura, si contin\u00faa el PSOE, se ponga sobre la mesa, de modo firme, la redacci\u00f3n de unos nuevos Acuerdos Iglesia-Estado<\/p>\n","protected":false},"excerpt":{"rendered":"<p>\u00bfQu\u00e9 se espera del sucesor de Juan Pablo II? \u00bfCu\u00e1l ha sido su pasado? \u00bfQu\u00e9 opina de la clonaci\u00f3n, los matrimonios homosexuales o las relaciones con el islam? \u00bfQu\u00e9 problemas y desaf\u00edos deber\u00e1 afrontar para lograr sus objetivos? El responsable de informaci\u00f3n socio-religiosa del diario ABC responde a estas preguntas en Benedicto XVI, el nuevo Papa, una biograf\u00eda con las claves sobre el cabeza de la Iglesia.<\/p>\n","protected":false},"author":1,"featured_media":0,"comment_status":"open","ping_status":"open","sticky":false,"template":"","format":"standard","meta":{"footnotes":""},"categories":[],"tags":[],"class_list":["post-5408","post","type-post","status-publish","format-standard","hentry"],"_links":{"self":[{"href":"https:\/\/intervius.com\/index.html\/wp-json\/wp\/v2\/posts\/5408","targetHints":{"allow":["GET"]}}],"collection":[{"href":"https:\/\/intervius.com\/index.html\/wp-json\/wp\/v2\/posts"}],"about":[{"href":"https:\/\/intervius.com\/index.html\/wp-json\/wp\/v2\/types\/post"}],"author":[{"embeddable":true,"href":"https:\/\/intervius.com\/index.html\/wp-json\/wp\/v2\/users\/1"}],"replies":[{"embeddable":true,"href":"https:\/\/intervius.com\/index.html\/wp-json\/wp\/v2\/comments?post=5408"}],"version-history":[{"count":0,"href":"https:\/\/intervius.com\/index.html\/wp-json\/wp\/v2\/posts\/5408\/revisions"}],"wp:attachment":[{"href":"https:\/\/intervius.com\/index.html\/wp-json\/wp\/v2\/media?parent=5408"}],"wp:term":[{"taxonomy":"category","embeddable":true,"href":"https:\/\/intervius.com\/index.html\/wp-json\/wp\/v2\/categories?post=5408"},{"taxonomy":"post_tag","embeddable":true,"href":"https:\/\/intervius.com\/index.html\/wp-json\/wp\/v2\/tags?post=5408"}],"curies":[{"name":"wp","href":"https:\/\/api.w.org\/{rel}","templated":true}]}}