{"id":5399,"date":"2005-05-30T00:00:00","date_gmt":"2006-11-06T00:00:00","guid":{"rendered":"https:\/\/intervius.com\/index.html\/?p=5399"},"modified":"2006-11-06T00:00:00","modified_gmt":"2006-11-06T00:00:00","slug":"Pedro_Nunez_Morgades5399","status":"publish","type":"post","link":"https:\/\/intervius.com\/index.html\/Pedro_Nunez_Morgades5399\/","title":{"rendered":"Pedro N\u00fa\u00f1ez Morgades"},"content":{"rendered":"<p>Pregunta.- En referencia a la \u00faltima noticia sobre los pederastas detenidos en Espa\u00f1a, \u00bfson enfermos mentales, meros delincuentes o es puro negocio? Alguna explicaci\u00f3n tiene que haber a tanta aberraci\u00f3n. Jaime.<\/p>\n<p>Respuesta.- Lamentablemente, el delincuente sexual y el conocimiento de su motivaci\u00f3n y otro tema es el de si nuestra democracia ya est\u00e1 preparada para abordar su recuperaci\u00f3n para la sociedad evitando que reincida son temas que desde el consenso debemos debatir. Yo en principio excluyo la enfermedad desde la idea de que no tienen impedida su voluntad y yo voy m\u00e1s a la idea de la perversi\u00f3n, la maldad y el deseo de satisfacer sus repugnantes instintos.<\/p>\n<p>P.- \u00bfC\u00f3mo se podr\u00edan llegar a regular contenidos en internet de manera que no pudieran tener lugar tales atrocidades? Un saludo<\/p>\n<p>R.- Internet y el resto de las tecnolog\u00edas de la informaci\u00f3n son avances espectacularmente positivos, pero quiz\u00e1s hemos creado ese mundo virtual, en donde nuestros ni\u00f1os se mueven con toda la facilidad del mundo y en cambio a muchos adultos les cuesta tanto entrar, sin haber establecido previamente todos los sistemas de seguridad, Tendr\u00edamos que avanzar primero en superar la brecha digital que est\u00e1 implantada en la educaci\u00f3n, la pol\u00edtica, la judicatura&#8230; y que nos impide orientar y aconsejar a nuestros menores, que con tanta soltura usan la tecnolog\u00eda. En segundo lugar, hay que profundizar oara lograr esa comisi\u00f3n para la seguridad de los menores en las tecnolog\u00edas de la informaci\u00f3n, que estamos avanzando lentamente con la Secretar\u00eda de Estado de Telecomunicaciones y en la que, junto a ministerios, est\u00e9n los proveedores de contenidos y las asociac\u00f3nes de usuarios de Internet y que, a trav\u00e9s del conocimiento y divulgaci\u00f3n de todos los sistemas de seguridad, por ejemplo filtros, protejamos a los menores, orientemos a la sociedad y tranquilicemos a tantas familias, hoy angustiadas.<\/p>\n<p>P.- \u00bfAmpara la ley suficientemente a los menores? \u00bfC\u00f3mo se pueden evitar estos casos deleznables tan recientes? 1 saludo<\/p>\n<p>R.- Por mucho que dictemos leyes, si no retomamos todos nuestro compromiso con los menores, seguiremos levant\u00e1ndonos cada d\u00eda con una noticia angustiosa en relaci\u00f3n a ell@s. Como primer paso, es imprescindible un cambio de nuestra mentalidad, superando la idea de que son objetos a nuestra disposici\u00f3n, por la de que son sujetos plenos de derecho, a los que hay que escuchar y no s\u00f3lo oir, que tenemos que hablar con ellos y no s\u00f3lo a ellos, con los que tenemos que convivir y no s\u00f3lo coexistir y a los que tenemos que conocer, porque son la mayor\u00eda de las veces invisibles para la sociedad, son desconocidos, son vulnerables, se sienten culpables de todo lo que les pasa y son lo mejor que tenemos, y nuestra principal responsabilidad. Lo del cambio de mentalidad parece un eslogan, pero es el primer paso de la larga caminata que todos debemos emprender, para dise\u00f1ar un mundo que proteja a su infancia.<\/p>\n<p>P.- \u00bfCreen que hacen falta medidas pol\u00edticas dirigidas a los m\u00e1s peque\u00f1os?<\/p>\n<p>R.- Creo que es imprescindible el consenso. Los ni\u00f1os no son de unos o de otros, Cuando un menor sufre, sea aqu\u00ed o en cualquyier lugar del mundo, es responsabilidad de todos. Yo pedir\u00eda que este siglo reci\u00e9n comenzado fuera el siglo de la infancia. Que vi\u00e9ramos esas cifras terribles de da\u00f1os evitables que sufre los 2.100 millones de menores que pueblan nuestro planeta y que vi\u00e9ramos que no s\u00f3lo hay que buscar nuestras posibilidades y responsabilidades, sino el valor a\u00f1adido de actitudes coordinadas.<\/p>\n<p>P.- No entiendo que nadie note que un beb\u00e9 est\u00e1 siendo violado. A un beb\u00e9 hay que ba\u00f1arle y cambiarle los pa\u00f1ales. Me resulta incre\u00edble pensar que nadie de su entorno tuviera conocimiento. \u00bfpero en que manos est\u00e1n los ni\u00f1os?<\/p>\n<p>R.- Es verdad que se habla de violaciones, y en muchas ocasiones son abusos sexuales y otras pr\u00e1cticas brutales que dejan menos secuela. Y pensemos que la mayor\u00eda se producen en el \u00e1mbito intrafamiliar. Que el ni\u00f1o se siente siempre culpable de lo que le sucede. Que al final, si los conocemos, no por la boca, pero si por el comportamiento, van a decirnos lo que le pasa, y que las visitas regulares al pediatra las suspendemos en los primeros a\u00f1os de su vida, salvo enfermedades. Por lo tanto, hay que ver que al igual que con otros temas sociales, no es una sola medida, sino muchas las que conjuntamente establecen esa protecci\u00f3n al menor. De hecho, se ha hablado de algun depravado que ha manifestado 100 violaciones. Lamentablemente, las agresiones sexuales, para verg\u00fcenza nuestra, se practican por espa\u00f1oles y otros europeos desarrollados en otros pa\u00edses del mundo. Por lo tanto, hay que abordar medidas internacionales de colaboraci\u00f3n y exigencia de protecci\u00f3n a todos esos menores.<\/p>\n<p>P.- El acoso escolar es terrible \u00bfpor qu\u00e9 no se act\u00faa? \u00bfpor qu\u00e9 en los colegios miran hacia otro lado? \u00bfpero en que sociedad vivimos?<\/p>\n<p>R.- Todos los sucesos que est\u00e1n ocurriendo con menores deben, desde el compromiso y no desde la alarma, plantearnos esa pregunta de \u00bfen qu\u00e9 sociedad vivimos?. Asistimos a un ocaso de nuestras responsabilidades y tenemos que ver que el mundo va a funcionar mejor o peor conformme sea la postura de cada uno de nosotros. Nadie debe ser excluido y a todos hemos de llamarlos a participar con la ilusi\u00f3n tan necesaria. Es verdad que el acoso escolar existe desde que la escuela existe. Pero es verdad que el caso de Jokin debe suponer un antes y un despu\u00e9s en nuestro volver la vista hacia otro lado. Alumnos, padres y profesores tenemos mucho que hacer y nosotros ennuestra web www.dmenor-mad.es tenemos informaci\u00f3n que puede ser muy \u00fatil y esperamos la colaboraci\u00f3n de odos para canalizar preocupaciones, iniciativas e impotencias, que tantas veces sufren nuestra sensibilidad en relaci\u00f3n al menor.<\/p>\n<p>P.- En el caso de adopciones se examina con detalle a los padres candidatos (cosa que veo l\u00f3gica), pero en el caso de los padres naturales, \u00bfpor qu\u00e9 no se les examina tambi\u00e9n? \u00bftodo el mundo que tiene hijos est\u00e1 preparado para ello? \u00bfa estos menores no se les da protecci\u00f3n hasta que es demasiado tarde?<\/p>\n<p>R.- Para la adopci\u00f3n hay lo que se llama el examen de idoneidad, donde psic\u00f3logos y trabajadores sociales establecen si la persona est\u00e1 preparada para ella. Obviamente, eso no se produce en los padres biol\u00f3gicos, pero es verdad que tenemos recursos, como las escuelas de padres, -a las que, por cierto, como en todo lo social, s\u00f3lo van las madres-, para conocer aquello que debemos saber para cumplir nuestro cometido. Las circunstancias y el materialismo y consumismo de nuestra sociedad no ayudan, pero tenemos que pensar que nuestra posibilidad son nuestros hijos y el mejor instrumento es su educaci\u00f3n en los valores universales.<\/p>\n<p>P.- Esos ni\u00f1os, sus padres, sus pediatras nunca notaron nada extra\u00f1o, \u00bfQu\u00e9 puede hacer el defensor del menor para proteger a los seres m\u00e1s vulnerables, los ni\u00f1os?<\/p>\n<p>R.- Nuestra labor es promover iniciativas en favor del menor y proteger a los menores, dando pautas, sensibilizando y recordando la responsabilidad de cada uno de nosotros con nuestros menores. En cuanto no afecte a la investigaci\u00f3n de este brutal caso, vamos a hacer una reflexi\u00f3n para informar a la sociedad, que como es l\u00f3gico, se pregunta y nos pregunta \u00bfc\u00f3mo ha posido pasar tal aberraci\u00f3n sin que hayan saltado adecuadamente todos los resortes?<\/p>\n<p>P.- \u00bfQu\u00e9 mecanismos hay que seguir para acabar con la pederastia y la pronograf\u00eda infantil que pulula por Internet? Saludos<\/p>\n<p>R.- Se necesita la colaboraci\u00f3n de todos los Estados en los que el cambio de mentalidad en tantos lugares donde el menor sigue siendo un objeto, para obligarles a protegerlos, establecer principios, como el de extraterritorialidad, por los cuales se puedan sancionar conductas delictivas de nacionales de un pa\u00eds en el resto de los pa\u00edses y, con la concurrencia de todos, dictar medidas t\u00e9cnicas, legislativas, que aborden la seguridad de un medio, que con innegables e irrenunciables ventajas est\u00e1 lleno de contenidos delictivos o inconvenientes para nuestros menores. Pensemos en la incitaci\u00f3n a la violencia, las 250 p\u00e1ginas pro anorexia y pro bulimia que hemos logrado cerrar, la captaci\u00f3n para fines sexuales o de grupos xen\u00f3fobos. Tenemos que darnos cuenta de que hoy tenemos dos vidas que atender: la real y la virtual. Y, lamentablemente, a esta segundam, ni la conocemos suficiente, ni quiz\u00e1 sepamos abordar sus muchos riesgos.<\/p>\n<p>P.- Don Pedro N\u00fa\u00f1ez Morgades, quer\u00eda plantearle la siguiente cuesti\u00f3n. \u00bf Es posible resolver conflictos como el ocurrido en Villaverde recientemente, y por \u00faltimo qu\u00e9 ocurre con aquellos menores inmigrantes que no quieren integrarse y que tienen una naturaleza violenta?<\/p>\n<p>R.- No s\u00f3lo es posible, sino que es el gran reto que tenemos. Yo, que me desplazo por todos los lugares, veo como lamentablemente hay un deterioro de nuestra convivencia y un aumento calaro de la xenofobia. Y quiz\u00e1 un planteamiento de abordar los temas cuando ya se han producido, en vez de tratar de evitarlos. Hay que hacer un buen diagn\u00f3stico de lo que est\u00e1 pasando y el por qu\u00e9, hay que elaborar mapas de zonas de riesgo social hay que recuperar la calle desde lo social, hay que consensuar la educaci\u00f3n como el mejor ant\u00eddoto&#8230; Todo est\u00e1 inventado, pero para ponerlo en marcha hay que tener la certeza de que las tres admisnitraciones, la escuela, la familia, las asociaciones, los p\u00falpitos&#8230;todos tenemos que involucrarnos y no buscar responsables, sino soluciones. Y no descargando nuestras responsabilidades, sino plantearnos qu\u00e9 podemos hacer en colaboraci\u00f3n con los dem\u00e1s. Todas las preguntas y respuestas podr\u00edan llenar libros. Trato de ser lo m\u00e1s conciso posible, pero son cada una de ellas temas apasionantes que oyes en cualquier foro. Espero que tambi\u00e9n todos los que vivimos de los impuestos que pagan quienes hoy preguntan seamos consientes de la inquietud de nuestra sociedad.<\/p>\n<p>P.- Me ha llamdo la atenci\u00f3n el caso de las ni\u00f1as que tienen que declarar frente a su profesor de k\u00e1rate, presunto agresor, \u00bfno cree que en estos casos se tiende a prejuzgar al acusado y negarle su presunci\u00f3n de inocencia?<\/p>\n<p>R.- El art\u00edculo 24 de la Constituci\u00f3n establece la presunci\u00f3n de inocencia y el derecho a la defensa, que debe ser cimpatible con la protecci\u00f3n al menor, evit\u00e1ndole el que yo llamo maltrato institucional o la doble victimizaci\u00f3n en su paso por las diferentes administraciones y m\u00e1s especialmente en la administraci\u00f3n de justicia. Por mucho que cambiemos las normas, siempre habr\u00e1 la interpretaci\u00f3n de los jueces. Si esa interpretaci\u00f3n no es con la sensibilidad de ver la vulnerabilidad del menor y siempre tener presente su inter\u00e9s superior, como ha sido el lamentable caso de Barcelona, nos encontramos en que la inaceptable postura del juez no s\u00f3lo da\u00f1a la imagen de los buenos profesionales de la judicatura, no s\u00f3lo traumatiza al menor, sino que incluso puede llegar a da\u00f1ar las declaraciones de las ni\u00f1as e invalidar la prueba. La protecci\u00f3n al menor utilizando las m\u00e1s modernas tecnolog\u00edas debe ser desde el momento de la detenci\u00f3n, en la declaraci\u00f3n y en el juicio donde, soprendentemente, se ha hablado de la panacea de un biombo, suced\u00e1neo a todas luces insuficiente porque, con que s\u00f3lo tosa el agresor, las menores van a percibir que lo tiene al otro lado de esa fr\u00e1gil protecci\u00f3n, impactando psicol\u00f3gicamente en ellas. Establezcamos medidas de protecci\u00f3n al menor, de dise\u00f1o de nuestras administraciones en favor del menor, no s\u00f3lo por ellos, sino por ese mundo mejor que todos pretendemos.<\/p>\n<p>P.- Se ha dicho que dos de los pederastas detenidos ahora, estaban a punto de abrir una guarder\u00eda \u00bfc\u00f3mo es posible que se concedan estos permisos tan f\u00e1cilmente?<\/p>\n<p>R.- Lamentablemente, al pederasta no se le conoce a simple vista. Y es verdad tambi\u00e9n que no pedimos antecedentes penales. Pero quiz\u00e1s podr\u00edamos plantearnos un examen de idoneidad. No obstante en una guarder\u00eda no s\u00f3lo es el que la abre, sino los otros profesionales que la atienden con lo cual se dificulta la posibilidad que se pretend\u00eda. Creo que es justa la repulsa de toda la sociedad, pero creo que tampoco debemos ver a nuestros hijos en el riesgo inmediato de los pederastas, que por cierto, al llevar acabo su actuaci\u00f3n con tantos otros en Internet, han perdido su sentido de culpabilidad, de cuando practicaban su brutal conducta individualmente.<\/p>\n<p>P.- S\u00e9 que \u00e9sto no tiene mucho que ver con el caso, pero me gustar\u00eda saber si algun d\u00eda la ley del menor cambiar\u00e1 (porque si no cambi\u00f3 despu\u00e9s de lo de Sandra Palo&#8230;)? Para m\u00ed, es una verg\u00fcenza de ley. Gracias.<\/p>\n<p>R.- Lamentablemente, ante una sociedad que rechaza la ley, los que tenemos responsabilidades no hemos sabido sabido explicar su filosof\u00eda, objetivos y el por qu\u00e9 no est\u00e1 cumpliendo sus objetivos. Y eso que fue aprobada por unanimidad. Creo que lo que deber\u00eda sobrecogernos es pensar que los que mataron a Sandra Palo hab\u00edan sido detenidos previamente m\u00e1s de 700 veces y que quienes ten\u00edan que haber corregido esa situaci\u00f3n no fueron capaces de actuar. Como dec\u00eda, una sociedad inteligente trata de evitar que se produzcan los acontecimientos negativos. La visi\u00f3n de forma integral del delito del menor, que cada vez es m\u00e1s violento, m\u00e1s grave, con mayor reincidencia y auna edad m\u00e1s tenprana es una tema apsionante que debemos debatir, que tenemos medios para evitarlo, y lo que necesitamos es ese ansiado consenso que yo reclamo para todos los temas sociales.<\/p>\n<p>P.- \u00bfEs Internet un arma de doble filo? \u00bf\u00datil y divertido o perjuidicial y peligro e incluso da\u00f1ino?<\/p>\n<p>R.- Como otros mucchos recursos a nuestro alcance tiene su mucho de positivo y su mucho de riesgo. Por lo tanto, seamos capaces de aprovecharnos de lo uno y evitar lo otro. Lo que ocurre, y me preocupa, es que no veo a la sociedad dispuesta a ello, porque muchos de los que podr\u00edan poner medidas, lamentablemente, no son conscientes, quiz\u00e1s por desconocer el medio, de los riesgos que comporta. De todas formas ser\u00eda injusto ver s\u00f3lo los riesgos y no las extraordinarias oportunidades que Internet nos da.<\/p>\n<p>P.- Buenos dias, en un foro hemos localizado varias paginas de este tipo, y lo hemos reportado a www.protegeles.com&#8212; A donde deberiamos de comunicarlo ademas de aqui, o cuales deben ser los pasos para realizar esta comunicacion&#8230; Gracias de antemano. Reciba un saludo.<\/p>\n<p>R.- Prot\u00e9geles est\u00e1 autorizada por la Uni\u00f3n Europea como medio de denuncia est\u00e1 permanentemente en contacto con los grupos de delitos tecnol\u00f3pgicos de Polic\u00eda, Guardia Civil y las polic\u00edas auton\u00f3micas que tienen la responsabilidad de polic\u00eda judicial. Por lo tanto, la denuncia ha tenido su eficacia, sin desconocer que las fuerzas de seguridad tienen sus propias p\u00e1ginas y no pueden llegar a todo lo que se produce y necesitan de esas denuncias, no s\u00f3lo para lograr su plena eficacia, sino para saber que no est\u00e1n solas, sino que tienen apoyo de la sociedad.<\/p>\n<p>P.- Qu\u00e9 lugar tiene reservado la sociedad espa\u00f1ola, para tener encerrados de por vida a estos salvajes, como puede asegurarnos el gobierno que esta gente no volvera a atentar contra bebes inocentes? Gracias<\/p>\n<p>R.- Lamentablemente, la recuperaci\u00f3n del delincuente sexual, y portanto el evitar que vuelva a reincidir esa asignatura pendiente que tiene que dejar se serlo, abriendo desde el consenso un amplio debate como lo han hecho otras sociedades europeas, sin excluir desde el principio el an\u00e1lisis de todas las posibles medidas. Algunas de ellas, en su enunciado, parecer\u00edan contrarias a los derechos constitucionales de la persona, pero conocidas en su alcance ser\u00edan eficaces, sin afectar para nada a esos principios que todos apoyamos. Este brutal caso de pederastia tiene que mover a las administraciones a dar respuesta a una sociedad at\u00f3nita y sobrecogida.<\/p>\n","protected":false},"excerpt":{"rendered":"<p>El Defensor del Menor en la Comunidad de Madrid habla sobre los mecanismos de protecci\u00f3n de los menores, tras el desmantelamiento de una red de pederastas que violaba a beb\u00e9s y posteriormente difund\u00eda las im\u00e1genes de los abusos en Internet.<\/p>\n","protected":false},"author":1,"featured_media":0,"comment_status":"open","ping_status":"open","sticky":false,"template":"","format":"standard","meta":{"footnotes":""},"categories":[],"tags":[],"class_list":["post-5399","post","type-post","status-publish","format-standard","hentry"],"_links":{"self":[{"href":"https:\/\/intervius.com\/index.html\/wp-json\/wp\/v2\/posts\/5399","targetHints":{"allow":["GET"]}}],"collection":[{"href":"https:\/\/intervius.com\/index.html\/wp-json\/wp\/v2\/posts"}],"about":[{"href":"https:\/\/intervius.com\/index.html\/wp-json\/wp\/v2\/types\/post"}],"author":[{"embeddable":true,"href":"https:\/\/intervius.com\/index.html\/wp-json\/wp\/v2\/users\/1"}],"replies":[{"embeddable":true,"href":"https:\/\/intervius.com\/index.html\/wp-json\/wp\/v2\/comments?post=5399"}],"version-history":[{"count":0,"href":"https:\/\/intervius.com\/index.html\/wp-json\/wp\/v2\/posts\/5399\/revisions"}],"wp:attachment":[{"href":"https:\/\/intervius.com\/index.html\/wp-json\/wp\/v2\/media?parent=5399"}],"wp:term":[{"taxonomy":"category","embeddable":true,"href":"https:\/\/intervius.com\/index.html\/wp-json\/wp\/v2\/categories?post=5399"},{"taxonomy":"post_tag","embeddable":true,"href":"https:\/\/intervius.com\/index.html\/wp-json\/wp\/v2\/tags?post=5399"}],"curies":[{"name":"wp","href":"https:\/\/api.w.org\/{rel}","templated":true}]}}