{"id":5398,"date":"2005-05-30T00:00:00","date_gmt":"2006-11-06T00:00:00","guid":{"rendered":"https:\/\/intervius.com\/index.html\/?p=5398"},"modified":"2006-11-06T00:00:00","modified_gmt":"2006-11-06T00:00:00","slug":"Susanna_Griso5398","status":"publish","type":"post","link":"https:\/\/intervius.com\/index.html\/Susanna_Griso5398\/","title":{"rendered":"Susanna Griso"},"content":{"rendered":"<p>Pregunta.- Hola Susanna! en primer lugar queria felicitarte por tu trabajo,eres una gran profesional.Queria preguntarte que noticia ha sido la que mas trabajo te ha costado retransmitir??siempre he pensado que es un trabajo duro,puesto que a todos nos afectan las noticias&#8230;y mas cuando nos sentimos identificados por cualquiera que sea la circustancia! Gracias!<\/p>\n<p>Respuesta.- Sin duda para m\u00ed una de las experiencias m\u00e1s dram\u00e1ticas en esta profesi\u00f3n fue el 11-M.<\/p>\n<p>P.- Hola Susana , gracias por alegrarme la vista todos los d\u00edas a las 3, no hay color a la hora de informarse en esa franja horaria. Mi pregunta \u00bf\u00b4Qu\u00e9 noticia te gustar\u00eda dar ma\u00f1ana a las tres? Por cierto, ya se que no puedes saludar en el informativo, pero gui\u00f1ame un ojo y sabr\u00e9 que es para mi, jejejejeje, es broma, un beso<\/p>\n<p>R.- El anuncio de que ETA abandona definitivamente las armas y que eso permita abrir una negociaci\u00f3n para terminar con el terror en este pa\u00eds.<\/p>\n<p>P.- Hola Susanna, primero darte un abrazo porque tienes la mejor imagen para dar todo tipo de noticias, malas y buenas, eso ha influido en tu forma de darlas? un saludo.<\/p>\n<p>R.- Yo siempre digo que en esta profesi\u00f3n lo importante es tener una cara amable y poco m\u00e1s. No pienso en mi imagen cuando doy una determinada informaci\u00f3n. La digo como la siento. Sin m\u00e1s. Cuantos menos artificios mejor.<\/p>\n<p>P.- Buenas tardes, desear\u00eda saber \u00bfqu\u00e9 se siente cuando da paso a un v\u00eddeo que acompa\u00f1a a la noticia y \u00e9ste no entra?. Muchas gracias.<\/p>\n<p>R.- No pasa nada. Es algo que ocurre habitualmente. Dejas un tiempo prudencial y si pasados esos segundos (los justos hasta que se te pone cara de idiota) el video no ha entrado&#8230;improvisas una excusa. El problema es cuando se cuelga el sistema y no entra ning\u00fan video. En esos casos lo pasas francamente mal porque est\u00e1s totalmente vendido. En una ocasi\u00f3n tuve que dar paso a publicidad porque no hab\u00eda manera de rescatar ning\u00fan video.<\/p>\n<p>P.- \u00bfA que edad comenzaste a saber que lo tuyo eran las camaras?Te quiero mucho.Un bes\u00edn.ALEX.<\/p>\n<p>R.- Gracias Alex. Nunca lo supe. De hecho, sigo dudando que lo mio sean las c\u00e1maras. Vino por casualidad. A mi siempre me han gustado los informativos (eso s\u00ed que lo ten\u00eda claro desde enana) y trabajando en Catalunya Radio me propusieron hacer un programa de entrevistas con Gemma Nierga y Fina Brunet (&#8220;Tres senyores i un senyor&#8221;, se llamaba). Tras ese programa, que compagin\u00e9 con mi labor de redactora de econom\u00eda en la radio, me propusieron presentar los informativos y ah\u00ed sigo.<\/p>\n<p>P.- hola susanna! \u00bfque opini\u00f3n te merecen los informativos en espa\u00f1a en general? \u00bfno crees que hay demasiadas noticias de sucesos?<\/p>\n<p>R.- Creo que los informativos, en general, han dado un considerable salto cualitativo. A\u00f1os atr\u00e1s eran teletipos con im\u00e1genes. Pecaban de un exceso de informaci\u00f3n pol\u00edtica y, para mi gusto, eran algo r\u00edgidos y poco atractivos. Ahora, debido en buena parte a una mayor competencia entre cadenas, hemos roto el formato. Buscamos un lenguaje televisivo propio m\u00e1s pegado a la imagen y utilizamos distintos recursos para hacer m\u00e1s atractiva la informaci\u00f3n. Es posible que eso, en ocasiones, lleve a una banalizaci\u00f3n que debemos evitar. Y s\u00ed, estoy de acuerdo contigo, damos demasiadas noticias de sucesos.<\/p>\n<p>P.- \u00bfComo es Susana Griso en la intimidad?<\/p>\n<p>R.- Una persona muy &#8220;normalilla&#8221;: positiva, buena gente, tranquila en apariencia pero muy inquieta, bastante despistada&#8230;\u00a1Uf! esta es la pregunta que m\u00e1s me est\u00e1 costando contestar. Odio definirme.<\/p>\n<p>P.- \u00bfCu\u00e1les son las meteduras de pata que m\u00e1s recuerdas? Gracias. Tu trabajo me parece tan dif\u00edcil! Amanda<\/p>\n<p>R.- Seguro que hay unas cuantas pero la que m\u00e1s recuerdo fue una cuando era muy pardilla. Trabajaba en una radio local, apenas ten\u00eda 18 a\u00f1os y, tras un a\u00f1o en Estados Unidos, me pidieron que entrevistara a un emergente dirigente pol\u00edtico. Yo no le pon\u00eda cara y mis compa\u00f1eros me dijeron que era calvo. Con las prisas y los nervios abord\u00e9 al primer calvo que vi y cuando quise arreglarlo ten\u00eda al pol\u00edtico y a todo su s\u00e9quito muertos de risa. Lo pienso y me sigo sintiendo la persona m\u00e1s rid\u00edcula del mundo.<\/p>\n<p>P.- Soy un estudiante de Ingeniera al que le hubiera gustado estudiar periodismo (odio la ingerniera aunque ya estoy en 3\u00ba curso).\u00bfQue me aconsejas que haga?<\/p>\n<p>R.- Menuda responsabilidad. No me atrevo a aconsejarte, pero me resulta triste que estudies algo que no te gusta. Ser\u00e1 porque yo soy una apasionada de esta profesi\u00f3n y pienso que hagas lo que hagas tienes que hacerlo con ilusi\u00f3n. Si decides cambiar piensa que todos los conocimientos que hayas adquirido pueden serte v\u00e1lidos. Los periodistas sabemos de todo un poco y no sabemos de nada. Cuando uno de nosotros, al margen del periodismo, estudia una carrera m\u00e1s t\u00e9cnica aporta un &#8220;plus&#8221; a esta profesi\u00f3n que nos resulta muy necesario.<\/p>\n<p>P.- buenas tardes. Me gustaria saber si es verdad que no podia trabajar con matias prat, porque le hacia de reir, y a usted le gusta la seriedad.Gracias.<\/p>\n<p>R.- Para nada. Siempre he disfrutado mucho trabajando con Mat\u00edas. Es un compa\u00f1ero fant\u00e1stico y en ocasiones, cuando la noticia y la ocasi\u00f3n lo permite, tiene un sentido del humor que a mi (y a todos los compa\u00f1eros) nos desarma. Soy seria porque estoy en un negocio muy serio y justamente por ello agradezco que de vez en cuando me hagan reir.<\/p>\n<p>P.- \u00bfConociste personalmente a Letizia Ortiz?\u00bfQue te parecia como periodista?<\/p>\n<p>R.- La conoc\u00ed poco. Coincidimos alguna vez en los Premios Pr\u00edncipe de Asturias y cuando ya estaba comprometida con el Pr\u00edncipe (pero yo ni casi nadie lo sab\u00eda) nos hicieron un reportaje juntas para ABC. Nunca he trabajado con ella, pero por lo que vi&#8230;era impecable en los directos, ten\u00eda una dicci\u00f3n muy correcta y una imagen limpia y moderna. Atributos, todos estos, que sin duda le ser\u00e1n muy \u00fatiles como Princesa.<\/p>\n<p>P.- Buenas tardes Susanna, no te gustar\u00eda cambiar de registro y presentar otro tipo de programa que no sea informativos?Eres la mejor<\/p>\n<p>R.- He presentado otro tipo de programas. De hecho, en TV3, la televisi\u00f3n catalana, empec\u00e9 haciendo entrevistas que es un g\u00e9nero que siempre me ha seducido y m\u00e1s en radio. Pero disfruto much\u00edsimo haciendo lo que hago y creo que ahora mismo no cambiar\u00eda los informativos por nada. Si me propusiesen un programa de entrevistas ser\u00eda con la condici\u00f3n de no dejar los informativos. No me veo presentando otro tipo de formatos.<\/p>\n<p>P.- La parodia que hacen de ti en Homo Zapping no me gusta, no la entiendo. Te presentan como una hist\u00e9rica cuando destacas por tu serenidad. \u00bfT\u00fa qu\u00e9 opinas?<\/p>\n<p>R.- Te agradezco mucho el comentario porque yo, sinceramente, pienso lo mismo. Se que quedar\u00eda mucho mejor por mi parte afirmar lo contrario, pero es que no lo entiendo. No me parezco en nada al personaje de &#8220;Hommo Zapping&#8221; y pienso que se han inventado un personaje para poder parodiar los informativos. Es algo que he hablado con Corbacho (al que conozco desde hace mucho tiempo como a toda la gente del Terrat) y \u00e9l mismo me lo reconoce.<\/p>\n<p>P.- buenas tardes Susana!!, crees que en todos los informativos existe claridad, y libertad o depende mucho de la cadena que emita. Por favor sinceridad. GRACIAS.<\/p>\n<p>R.- Esa es al menos la pretensi\u00f3n que tenemos los que trabajamos en ello. Pienso que la l\u00ednea editorial de un medio no puede ser, en ning\u00fan caso, una excusa para dejar de contar determinadas noticias o hacerlo de una manera sesgada. La honestidad est\u00e1 por encima de todo, es algo que no admite cortapisas. Las presiones existen para todas las cadenas pero algunas las &#8220;capean&#8221; mejor que otras.<\/p>\n<p>P.- Hola susana, \u00bfComo te va?, Te escribo desde Galicia y mi pregunta es la siguiente. \u00bfComo ve desde madrid, una periodista como tu, las auton\u00f3micas del 19-J?<\/p>\n<p>R.- Creo que Galicia tiene un ecosistema propio y, digan lo que digan los sondeos, me resulta complicado hacer un pron\u00f3stico. Lo que est\u00e1 claro es que el resultado electoral ser\u00e1 determinante. No solo puede tener consecuencias en el seno del Partido Popular, tambi\u00e9n puede condicionar las futuras relaciones entre el gobierno y el principal partido de la oposici\u00f3n de cara a los grandes retos que tiene por delante este pa\u00eds: modelo territorial, di\u00e1logo con ETA, etc&#8230;<\/p>\n","protected":false},"excerpt":{"rendered":"<p>Presenta Antena 3 Noticias 1. Desde hace seis a\u00f1os trabaja en la redacci\u00f3n de la emisora de San Sebasti\u00e1n de los Reyes. Antes de dar el salto a los informativos de \u00e1mbito nacional, la periodista ya hab\u00eda conducido los telediarios de TV3 y de TVE en Catalu\u00f1a.<\/p>\n","protected":false},"author":1,"featured_media":0,"comment_status":"open","ping_status":"open","sticky":false,"template":"","format":"standard","meta":{"footnotes":""},"categories":[],"tags":[],"class_list":["post-5398","post","type-post","status-publish","format-standard","hentry"],"_links":{"self":[{"href":"https:\/\/intervius.com\/index.html\/wp-json\/wp\/v2\/posts\/5398","targetHints":{"allow":["GET"]}}],"collection":[{"href":"https:\/\/intervius.com\/index.html\/wp-json\/wp\/v2\/posts"}],"about":[{"href":"https:\/\/intervius.com\/index.html\/wp-json\/wp\/v2\/types\/post"}],"author":[{"embeddable":true,"href":"https:\/\/intervius.com\/index.html\/wp-json\/wp\/v2\/users\/1"}],"replies":[{"embeddable":true,"href":"https:\/\/intervius.com\/index.html\/wp-json\/wp\/v2\/comments?post=5398"}],"version-history":[{"count":0,"href":"https:\/\/intervius.com\/index.html\/wp-json\/wp\/v2\/posts\/5398\/revisions"}],"wp:attachment":[{"href":"https:\/\/intervius.com\/index.html\/wp-json\/wp\/v2\/media?parent=5398"}],"wp:term":[{"taxonomy":"category","embeddable":true,"href":"https:\/\/intervius.com\/index.html\/wp-json\/wp\/v2\/categories?post=5398"},{"taxonomy":"post_tag","embeddable":true,"href":"https:\/\/intervius.com\/index.html\/wp-json\/wp\/v2\/tags?post=5398"}],"curies":[{"name":"wp","href":"https:\/\/api.w.org\/{rel}","templated":true}]}}