{"id":5375,"date":"2005-06-15T00:00:00","date_gmt":"2006-11-06T00:00:00","guid":{"rendered":"https:\/\/intervius.com\/index.html\/?p=5375"},"modified":"2006-11-06T00:00:00","modified_gmt":"2006-11-06T00:00:00","slug":"German_Yanke5375","status":"publish","type":"post","link":"https:\/\/intervius.com\/index.html\/German_Yanke5375\/","title":{"rendered":"Germ\u00e1n Yanke"},"content":{"rendered":"<p>Pregunta.- \u00bfSe considera usted un hombre &#8220;de derechas&#8221;? \u00bfDe qu\u00e9 versaba su libro Ser de Derechas? \u00bfHay complejo en esta Espa\u00f1a hoy puesta en duda? Saludos<\/p>\n<p>Respuesta.- Buenos d\u00edas. Me considero perteneciente a la derecha liberal, que ya sabe usted que derechas hay muchas. Sobre ella versaba, o trataba de hacerlo, el libro al que se refiere. Y s\u00ed, Espa\u00f1a est\u00e1 llena de complejos&#8230;<\/p>\n<p>P.- \u00bfEs posible la objetividad total en una televisi\u00f3n p\u00fablica? \u00bfno deber\u00eda ser as\u00ed?<\/p>\n<p>R.- Es imposible la objetividad total en la televisi\u00f3n p\u00fablica y en la privada, en la radio y en la prensa escrita. Lo exigible es la honradez.<\/p>\n<p>P.- Sr Yanke \u00bfqu\u00e9 opina de la actual pol\u00edtica del PP?Me refiero a las manifestaciones en la calle, etc \u00bfdar\u00e1 efecto o se volver\u00e1 en contra como todo lo que intenta hacer el PP? Gracias<\/p>\n<p>R.- Tiene su gracia ver al PP en la calla cada fin de semana, \u00bfverdad? Podr\u00eda servirle, pienso, para buscar una conexi\u00f3n con la opini\u00f3n p\u00fablica (y no s\u00f3lo con una supuesta eficacia profesional de sus representantes), pero ya veremos&#8230;<\/p>\n<p>P.- Enhorabuena por &#8220;Diario de la noche&#8221;, me tiene enganchada aunque no sean horas. \u00bfcree que ser\u00eda posible el formato de su diario de la noche en otras horas? \u00bfpor qu\u00e9 no se hacen entrevistas como las suyas en otros espacios informativos? \u00bfno deber\u00eda primar m\u00e1s la informaci\u00f3n y menos los teletipos que parece que a eso han llegado tantos informativos?<\/p>\n<p>R.- Gracias por su elogio. Yo no se nada de televisi\u00f3n, se lo confieso, y no soy capaz de decirle si un programa as\u00ed encajar\u00eda en otro horario. S\u00ed creo que encaja en cualquier horario un informativo de televisi\u00f3n que de noticias y una oportunidad al an\u00e1lisis, en vez de una colecci\u00f3n de sucesos y gacetillas.<\/p>\n<p>P.- Germ\u00e1n, buenas tardes y felicidades por tu espacio de noticias. Te voy a pedir que elijas&#8230; La adrenalina de la tele en Diario de la Noche, la magia de la radio en La Linterna o la responsabilidad de la gesti\u00f3n en El Mundo?<\/p>\n<p>R.- Gracias otra vez. Lo he pasado muy bien en esos tres lugares y trabajos entre los que me propone que elija, asi que es dificil. Pero si me pide que renuncie a uno, dejo la televisi\u00f3n&#8230; aunque espero que sea dentro de unos a\u00f1os.<\/p>\n<p>P.- \u00bfPor qu\u00e9 cree que la izquierda le tiene tanta inquina a Esperanza Aguirre?<\/p>\n<p>R.- Porque representa una opci\u00f3n atractiva de la derecha y porque, si\u00e9ndolo, ha ganado las elecciones en un lugar tan capital para la pol\u00edtica espa\u00f1ola como Madrid.<\/p>\n<p>P.- \u00bfA qui\u00e9n le gustar\u00eda poder entrevistar en Diario de la noche? Enhorabuena por el mejor informativo de televisi\u00f3n. Gracias<\/p>\n<p>R.- Es usted muy amable. Ahora mismo, me gustar\u00eda entrevistar en el programa a Tony Blair.<\/p>\n<p>P.- Felicidades por el programa, hacen faltan espacios de reflexi\u00f3n en la TV \u00bfLe ha costado el tr\u00e1nsito de la radio a la TV?<\/p>\n<p>R.- Gracias. Me ha costado aprender y habituarme a un medio en el que la tecnolog\u00eda y la imagen son tan importantes y tan distintos a la radio. La televisi\u00f3n conduce a la brevedad, es cierto, y a algunos les parece imposible la reflexi\u00f3n (al menos la que dure m\u00e1s de un minuto), pero si se fija, para &#8220;reflexionar&#8221; sobre la hija de Albano se pueden dedicar horas. As\u00ed que estoy de acuerdo, hacen falta programas de reflexi\u00f3n seria.<\/p>\n<p>P.- Como buen conocerdor de la realidad del Pa\u00eds Vasco, \u00bfqu\u00e9 valoraci\u00f3n hace de la actuaci\u00f3n del gobierno de Zapatero? \u00bfEstuvo Ud. en la manifestaci\u00f3n del 4J? \u00bfCu\u00e1l es la salida al problema de ETA?<\/p>\n<p>R.- Creo que la oferta de di\u00e1logo, p\u00fablica, aprobada por el Congreso, sin que los ciudadanos sepamos que hay detr\u00e1s, es un error que s\u00f3lo beneficia a ETA. No estuve en la manifestaci\u00f3n porque estaba fuera de Espa\u00f1a por motivos de trabajo, pero habr\u00eda estado. Y la salida al problema del terrorismo es sencilla, aunque lenta y dura: la persecuci\u00f3n firme para poner a los terroristas a disposici\u00f3n de la Justicia.<\/p>\n<p>P.- \u00bfCrees que es posible a d\u00eda de hoy que PP y PSOE, mirando por los ciudadanos y por su propio pa\u00eds, dejen de atacarse por cualquier rid\u00edculo motivo, y trabajen juntos suavizando sus discrepancias hacia un pa\u00eds que funcione..? \u00bfC\u00f3mo podr\u00eda ser posible? Me parece pat\u00e9tica la situaci\u00f3n actual en que se encuentra la relaci\u00f3n entre los dos partidos que supuestamente nos representan a la mayor\u00eda..<\/p>\n<p>R.- Creo que debate es bueno, la confrontaci\u00f3n pol\u00edtica y la discusi\u00f3n ideol\u00f3gica. Y tambi\u00e9n que debe haber un terreno (el de la concepci\u00f3n democr\u00e1tica de la naci\u00f3n, de los derechos y libertades fundamentales de los ciudadanos, etc.) que tendr\u00eda que estar fuera de discusi\u00f3n. Lo que me parece lamentable es que la pelea sea sobre esto \u00faltimo y falte la discusi\u00f3n ideol\u00f3gica.<\/p>\n<p>P.- \u00bfVolver\u00e1 alg\u00fan d\u00eda con Federico jim\u00e9nez losantos a &#8220;la ma\u00f1ana&#8221;?Besos desde zaragoza<\/p>\n<p>R.- Volver\u00eda encantado, claro, si \u00e9l lo desea en el futuro. Sepa usted que, quiera o no, siempre acierta.<\/p>\n<p>P.- Estimado Sr. Yanke: Ante todo gracias por su cordura y pluralidad en su trabajo, debe ser usted la &#8220;envidia&#8221; de la profesi\u00f3n, eso es talante y no lo que predican algunos&#8230;Todos los dias nos hace una recomendaci\u00f3n cultural en forma de libro, pero me gustaria saber cuales son los dos o tres \u00faltimos que ha leido. Muchas Gracias<\/p>\n<p>R.- Muchas gracias. Aunque no soy muy lector de novelas, acabo de leer &#8220;El invernadero&#8221; de Wolfgang Koeppen y &#8220;La forma del agua&#8221; de Camilleri, Y, en ensayo, &#8220;Comunismo y nazismo&#8221; de Alain de Benoist.<\/p>\n<p>P.- Buenos d\u00edas, Sr. Yanke. \u00bfNo cree usted que la instrumentalizaci\u00f3n de Telemadrid a favor de la se\u00f1ora Aguirre y del Partido Popular ha llegado a l\u00edmites intolerables para una televisi\u00f3n p\u00fablica financiada con el dinero de los madrile\u00f1os? \u00bfDe verdad le parece noticioso que la sra. Aguirre suelte unos patos en un pantano y ustedes le dediquen dos minutos de informativo?Gracias. Carolina. Madrid<\/p>\n<p>R.- Querida Carolina, no recuerdo haber dedicado dos minutos a esa suelta de patos. Es m\u00e1s, no dedicamos dos minutos en el programa salvo a las piezas de an\u00e1lisis de la actualidad pol\u00edtica. Pero si usted quiere hacerme una critica concreta o llamarme la atenci\u00f3n sobre alg\u00fan fallo de Diario de la Noche, estar\u00eda encantado de hablar con usted y mejorar mi trabajo en lo posible.<\/p>\n<p>P.- \u00bfQu\u00e9 opina usted de la metedura de pata de Lorenzo Mil\u00e1 el lunes en este mismo chat?<\/p>\n<p>R.- Ahora no puedo pensar en ella porque estoy pendiente, no se con qu\u00e9 resultado, de no meterla yo&#8230;<\/p>\n<p>P.- Sigo habitualmente su \u201cdiario\u201d (a pesar de las horas) y si algo he de destacar, es la pluralidad del mismo (tanto en los invitados como en los colaboradores) cosa muy rara en un sector donde todo el mundo habla de ella pero nadie la pone en pr\u00e1ctica. De hecho, lo que m\u00e1s me sorprende es encontrar entre su audiencia gente de todos los \u00e1mbitos pol\u00edticos. Algunos como Jos\u00e9 Bono se han confesado seguidores de su programa. \u00bfA qu\u00e9 cree usted que es debido su \u00e9xito entre tan variado espectro de teleespectadores dentro de un sector donde parece que los telediarios m\u00e1s que contar objetivamente las noticias lo que hacen es contar lo que su audiencia quiere o\u00edr?.<\/p>\n<p>R.- Le agradezco los comentarios sobre Diario de la Noche. La hora es buena para un informativo de esa naturaleza, aunque sea tarde. Bueno, no es tarde, lo malo es que hay que levantarse temprano&#8230; Y no creo que haya secreto. Tenemos mucho que mejorar, los que lo hacemos somos los m\u00e1s cr\u00edticos con el programa, pero como nos interesa todo y todas las opiniones vamos encontrando a otros que tienen, sean cual sean sus ideas, una disposici\u00f3n similar. El ministro Bono es un buen amigo y se ocupa y se preocupa por lo que hago como amigo.<\/p>\n<p>P.- Hola. Resulta fascinante su pasi\u00f3n por la m\u00fasica. Sorprende oirle hablar de Metallica con el mismo entusiasmo que cuando lo hace con autores como Mozart o Satie. \u00bfDe d\u00f3nde le viene la pasi\u00f3n por lo musical? Gracias<\/p>\n<p>R.- \u00bfFascinante? Vaya, nunca lo hubiera pensado. Me gustan todos los g\u00e9neros musicales, aunque no todos las m\u00fasicas. Acompa\u00f1a, sugiere, es ese algo misterioso, como dir\u00eda Borges, que todos entendemos aunque seamos incapaces de tradudir.<\/p>\n<p>P.- Hola German, \u00bfqu\u00e9 opinas del aumento de la dureza del PP contra el gobierno? \u00bfCrees que la causa es las elecciones gallegas o esta din\u00e1mica va a seguir as\u00ed indefinidamente? Gracias<\/p>\n<p>R.- La dureza ha aumentado, a mi juicio, en la medida en que se ha disipado el impacto anestesiante, o m\u00e1s bien la sensaci\u00f3n de K.O. del \u00faltimo resultado de las generales. Creo que no hay que asustarse de la dureza del debate o de la oposici\u00f3n, pero, al mismo tiempo, creo que lo que hace falta es la dureza inteligente.<\/p>\n<p>P.- \u00bfQu\u00e9 opina de las conclusiones de la comisi\u00f3n 11-M? \u00bfHay motivo para pensar que ETA tuvo algo que ver? Saludos<\/p>\n<p>R.- Creo que hay motivo para pensar que no sabemos todo lo que rodeo los atentados del 11-M. Nada m\u00e1s.<\/p>\n<p>P.- Imagino que el fallecimiento de Jaime Campmany pesa a un periodista que ha coindicido con \u00e9l en \u00c9poca y que es un poco ir\u00f3nico como \u00e9l. \u00bfAlg\u00fan recuerdo de este maestro que nos ha dejado?<\/p>\n<p>R.- He escrito hoy mismo que, cuando le suced\u00ed en la direcci\u00f3n de \u00c9poca, me dijo que la regla del periodismo era la honradez y el premio divertirse con ese trabajo. Y que a\u00f1adi\u00f3 que la diversi\u00f3n a ves se nos hurtaba, pero que la honradez deb\u00eda estar garantizada. He sentido mucho su fallecimiento.<\/p>\n<p>P.- Buenos d\u00edas, Sr. Yanke. Creo que es usted un periodista serio y honesto. Sin embargo, en mi opini\u00f3n son ustedes demasiado amables (por decirlo suavemente) con Do\u00f1a Esperanza Aguirre. Puesto que est\u00e1 visto que es dif\u00edcil hacer que las TV p\u00fablicas sean neutrales, \u00bfqu\u00e9 le parecer\u00eda que eligieran a sus directivos\/presentadores los partidos de la oposici\u00f3n?<\/p>\n<p>R.- Es usted tan amable como ir\u00f3nico, con un atractivo sentido del humor. \u00bfDe verdad quiere que, con ese sistema, deje Telemadrid y me contraten en TVE? Pensar\u00e9 su reproche, de todos modos, y ver\u00e9 el modo de no ser &#8220;demasiado&#8221; en nada.<\/p>\n<p>P.- Desde aqu\u00ed, darle mi enhorabuena por el fant\u00e1stico programa informativo que realiza. Me gusta pensar que lo que hace es un info-show. Sepa que lo veo desde Granada. C\u00f3mo decide que tiempo da a cada noticia, en que se basa para marcar la cadencia de cada secci\u00f3n. Por otra parte, me encanta que haya devuelto a los informativos a sandra barneda. Toda una todoterreno. Muchas gracias. Peter<\/p>\n<p>R.- Tratamos de que la estructura del programa sea distinta cada dia, que se ajuste -en el orden y en el tiempo dedicado- a lo que consideramos cada jornada m\u00e1s rese\u00f1able. Y se queda corto en lo de Sandra Barneda.<\/p>\n<p>P.- Sr. Yanke. Soy vasco y periodista como usted y tambi\u00e9n vivo en Madrid, aunque -sin que le siente mal- un poco m\u00e1s joven (28 a\u00f1os). Conservo la esperanza de que alg\u00fan d\u00eda podamos volver a vivir a Euskadi porque se pueda ejercer nuestra profesi\u00f3n en condiciones m\u00ednimamente normales. \u00bfCree usted que esto ser\u00e1 posible? \u00bfDe verdad piensa usted que la llamada di\u00e1spora vasca podr\u00e1 regresar alg\u00fan d\u00eda?<\/p>\n<p>R.- Tengo que aclararle, si me permite la broma, que yo, adem\u00e1s de vasco y periodista, soy de Bilbao. Hablando en serio, s\u00ed, creo que si se mantiene una pol\u00edtica de firmeza frente al terror y sus c\u00f3mplices y si los grandes partidos se desquitan de complejos ante el nacionalismo, podr\u00e1 usted vivir all\u00ed, en paz y libertad. Ya se, de todos modos, que las condiciones no son sencilla. Pero reconozca que estamos a gusto aqu\u00ed, que no somos exiliados, que somos espa\u00f1oles que viven en Espa\u00f1a.<\/p>\n<p>P.- Buenos d\u00edas, estudio periodismo y es usted uno de mis referentes m\u00e1s importantes en esto de la comunicaci\u00f2n. Si su libro &#8220;Ser de derechas&#8221; fuera leido por m\u00e1s gente cambiar\u00eda la idea que tiene la gente sobre esa postura pol\u00edtica (muchas veces m\u00e1s democr\u00e1tica que cualquier otra). \u00bfQu\u00e9 cambiar\u00eda usted del panorama medi\u00e1tico de este pa\u00eds? Muchas gracias por todo.<\/p>\n<p>R.- Querido colega: si tienes una m\u00ednima confianza en mi podr\u00eda darle referentes m\u00e1s valiosos y evitar asi el apuro de esos elogios, que le agradezco. No soy qui\u00e9n para valorar el libro y su eficacia pero, para empezar, no estar\u00eda de m\u00e1s que la derecha leyese&#8230; ese libro u otros. Ah, y no cambiar\u00eda nada, simplemente a\u00f1adir\u00eda m\u00e1s opciones.<\/p>\n<p>P.- Apreciado y respetado Sr. Yanke \u00bfEs dif\u00edcil buscar la verdad, ser fiel a unos principios deontol\u00f3gicos, en el paisaje period\u00edstico nacional de hoy?.\u00bfC\u00f3mo puede competir la prensa seria en un mercado pervertido, \u00e1vido de cotilleos y sensacionalismos?<\/p>\n<p>R.- Claro que es dificil. No dan el \u00e9xito inmediato, se lo aseguro, pero \u00e9l ex\u00edto, sin esa busqueda y esa fidelidad, no merece la pena.<\/p>\n<p>P.- \u00bfC\u00f3mo calificar\u00eda la pol\u00edtica actual espa\u00f1ola? \u00bfY la informaci\u00f3n period\u00edstica que se hace de ella? Tengo la impresi\u00f3n de que est\u00e1 domin\u00e1ndonos la incoherencia.<\/p>\n<p>R.- \u00bfLa pol\u00edtica espa\u00f1ola? Espesa \u00bfLa informaci\u00f3n? Variada \u00bfSu impresi\u00f3n? Acertada<\/p>\n","protected":false},"excerpt":{"rendered":"<p>Presenta Diario de la noche en Telemadrid. Antes de conducir el informativo de madrugada de la auton\u00f3mica madrile\u00f1a, hab\u00eda sido el subdirector de EL MUNDO del Pa\u00eds Vasco. El periodista tambi\u00e9n ha dirigido la revista \u00c9poca, participado en numerosas tertulias y firmado columnas en diversos medios nacionales.<\/p>\n","protected":false},"author":1,"featured_media":0,"comment_status":"open","ping_status":"open","sticky":false,"template":"","format":"standard","meta":{"footnotes":""},"categories":[],"tags":[],"class_list":["post-5375","post","type-post","status-publish","format-standard","hentry"],"_links":{"self":[{"href":"https:\/\/intervius.com\/index.html\/wp-json\/wp\/v2\/posts\/5375","targetHints":{"allow":["GET"]}}],"collection":[{"href":"https:\/\/intervius.com\/index.html\/wp-json\/wp\/v2\/posts"}],"about":[{"href":"https:\/\/intervius.com\/index.html\/wp-json\/wp\/v2\/types\/post"}],"author":[{"embeddable":true,"href":"https:\/\/intervius.com\/index.html\/wp-json\/wp\/v2\/users\/1"}],"replies":[{"embeddable":true,"href":"https:\/\/intervius.com\/index.html\/wp-json\/wp\/v2\/comments?post=5375"}],"version-history":[{"count":0,"href":"https:\/\/intervius.com\/index.html\/wp-json\/wp\/v2\/posts\/5375\/revisions"}],"wp:attachment":[{"href":"https:\/\/intervius.com\/index.html\/wp-json\/wp\/v2\/media?parent=5375"}],"wp:term":[{"taxonomy":"category","embeddable":true,"href":"https:\/\/intervius.com\/index.html\/wp-json\/wp\/v2\/categories?post=5375"},{"taxonomy":"post_tag","embeddable":true,"href":"https:\/\/intervius.com\/index.html\/wp-json\/wp\/v2\/tags?post=5375"}],"curies":[{"name":"wp","href":"https:\/\/api.w.org\/{rel}","templated":true}]}}