{"id":537,"date":"2006-03-07T00:00:00","date_gmt":"2006-11-06T00:00:00","guid":{"rendered":"https:\/\/intervius.com\/index.html\/?p=537"},"modified":"2006-11-06T00:00:00","modified_gmt":"2006-11-06T00:00:00","slug":"Jesus_Caldera537","status":"publish","type":"post","link":"https:\/\/intervius.com\/index.html\/Jesus_Caldera537\/","title":{"rendered":"Jes\u00fas Caldera"},"content":{"rendered":"<p>Pregunta.- \u00bfCree ustedd que la futura Ley de Dependencia ser\u00e1 el verdadero cuarto pilar del Estado de Derecho (sanidad, educaci\u00f3n y pensiones) sin condenar a Espa\u00f1a a un d\u00e9ficit presupuestario severo y continuado en el tiempo?<\/p>\n<p>Respuesta.- Ser\u00e1 sin duda un cuarto pilar del Estado de Bienestar. Espa\u00f1a puede hoy abordar este gran proyecto si se hace con rigor y cautela, como quiere la futura Ley. Es por ello que en el campo de los servicios sociales, como ser\u00e1 el derecho de toda persona dependiente a recibir los servicios que necesite, la participaci\u00f3n del usuario en el pago del servicio es esencial. As\u00ed ocurre en los pa\u00edses m\u00e1s avanzados y en Espa\u00f1a tambi\u00e9n. Este pago se har\u00e1 en funci\u00f3n de los recursos de la persona y ello evitar\u00e1 d\u00e9ficits y permitir\u00e1 mantener el sistema en el futuro.<\/p>\n<p>P.- \u00bfPodr\u00e1n cobrar los aut\u00f3nomos el subsidio de desempleo? Tengo un peque\u00f1o comercio y me han puesto muy cerca un mercadona y no s\u00e9 cuanto tiempo podr\u00e9 subsitir. Tengo 57 a\u00f1os y mis empleados rondan esta edad. No s\u00e9 d\u00f3nde nos podr\u00e1n dar trabajo.<\/p>\n<p>R.- Espero que s\u00ed. Est\u00e1 muy avanzada la fase de negociaci\u00f3n con los representantes de los Aut\u00f3nomos para la elaboraci\u00f3n del Estatuto del Aut\u00f3nomo que, entre otras cosas muy importantes, regular\u00e1 un cese de actividad similar al desempleo que tendr\u00e1 que ser financiado con las cotizaciones de los propios aut\u00f3nomos.<\/p>\n<p>P.- \u00bfEst\u00e1 al tanto de los sueldos de los becarios? Cobramos 300 euros al mes, los que m\u00e1s, por cinco horas al d\u00eda, justo lo mismo que hace 20 a\u00f1os. \u00bfPor qu\u00e9 si suben los salarios de los dem\u00e1s no aumentan los de los becarios?<\/p>\n<p>R.- Este Gobierno est\u00e1 impulsando la dignificaci\u00f3n de la actividad de los becarios, porque creemos profundamente en la investigaci\u00f3n. De hecho ya se ha aprobado un Decreto que regula el alta en Seguridad Social para todos los becarios, una parte importante del mismo con cargo al Servicio Estatal de Empleo. Un gran avance, pedido por los becarios y que \u00e9ste Gobierno ha hecho realidad.<\/p>\n<p>P.- \u00bfCree que podr\u00e1n aumentar las ayudas a las personas mayores m\u00e1s desfavorecidas y que viven cada d\u00eda en situaci\u00f3n de precariedad? Me refiero a ancianos que no reciben ayudas por parte de su familia. <\/p>\n<p>R.- Por supuesto. Este Gobierno est\u00e1 poniendo en marcha nuevos derechos sociales. Entre ellos la Ley de Dependencia, que va justamente dirigida a estas personas mayores m\u00e1s desfavorecidas que tendr\u00e1n absolutamente garantizado, si son dependientes, la ayuda a domicilio, un centro de d\u00eda o una plaza en una residencia, que pagar\u00e1n de acuerdo s\u00f3lo a sus recursos eco\u00f3micos.<\/p>\n<p>P.- \u00bfCuando usted tiene que decirle a los espa\u00f1oles a cu\u00e1nto asciende el salario m\u00ednimo interprofesional, se averg\u00fcenza de ello? \u00bfCu\u00e1l es su salario como ministro? <\/p>\n<p>R.- Al contrario. Siento una gran satisfacci\u00f3n en proponer al Consejo de Ministros subidas del SMI por encima de la inflaci\u00f3n, al contrario que hizo el Gobierno del PP. En nuestro mandato el SMI subir\u00e1 de 460 euros a 600 euros y en todo el per\u00edodo de Gobierno del PP (8 a\u00f1os) s\u00f3lo aument\u00f3 70 euros. Es lo m\u00e1s que podemos hacer para no perjudicar el empleo. Mi salario como Ministro asciende a 4.300 euros netos al mes por 12 pagas, no tenemos pagas extraordinarias.<\/p>\n<p>P.- Ni\u00f1o de la guerra civil. \u00bfPor qu\u00e9 no tengo derecho a una ayuda prometida si solo llego a cobrar 650 \u20ac\/mes y el umbral de la pobreza en francia es de 720 \u20ac? Ley 3\/2005. <\/p>\n<p>R.- Espa\u00f1a ha hecho un enorme esfuerzo para dar dignidad a los ni\u00f1os de la guerra, garantiz\u00e1ndoles la pensi\u00f3n m\u00ednima que se percibe en Espa\u00f1a para cualquier pensionista. Esto es lo justo, y lo posible. No conozco su caso, pero si vive en Francia supongo que tendr\u00e1 otros ingresos. De todos modos, este Gobierno ha resuelto ese grave problema dando dignidad a todos los ni\u00f1os de la guerra y garantiz\u00e1ndoles una pensi\u00f3n m\u00ednima justa.<\/p>\n<p>P.- \u00bfCu\u00e1nto tendremos que esperar a que el punto 1 del art\u00edculo de la Constituci\u00f3n sea una realidad y desaparezca el paro? <\/p>\n<p>R.- Pues cada vez queda menos tiempo. Por ejemplo, en ocho Comunidades Aut\u00f3nomas espa\u00f1olas ya hay pleno empleo masculino y el femenino avanza r\u00e1pidamente. El a\u00f1o 2005 creamos un mill\u00f3n de empleos en Espa\u00f1a, la tasa m\u00e1s alta de todo el mundo desarrollado. Estamos en el buen camino y creo que en pocos a\u00f1os, bastante pocos, podremos alcanzar el pleno empleo. Hoy, por primera vez en nuestra historia, nuestra tasa de paro 8,4% es inferior a la europea.<\/p>\n<p>P.- Buenos Dias Se\u00f1or Ministro. Mucho gusto desde Brasil. En los comicios, los socialistas han prometido la nacionalidad a los hijos de espa\u00f1oles de origen (da igual que nietos). La promesa est\u00e1 en el programa del PSOE. La Secretaria Consuelo Rum\u00ed era una gran luchadora por la causa, pero ahora se queda muda. Se\u00f1or no puedo entender que el PSOE se olvide de lo prometido y nos d\u00e9 la espalda como hizo el PP. \u00bfUsted qu\u00e9 sabe en concreto sobre el tema? Muchas Gracias.<\/p>\n<p>R.- Hemos presentado al Parlamento un Estatuto de los espa\u00f1oles en el exterior que recoge sus derechos por Ley. Es la primera vez que se hace en Espa\u00f1a. Entre ellos figura la posibilidad de que los nietos de espa\u00f1oles puedan obtener un visado para b\u00fasqueda de empleo en Espa\u00f1a y una vez aqui, obtener la nacionalidad con un a\u00f1o de residencia. Este fue nuestro compromiso electoral y lo cumplimos. Parece l\u00f3gico considerar un v\u00ednculo con Espa\u00f1a a la hora de conceder nacionalidad a los nietos de espa\u00f1oles que no han nacido en Espa\u00f1a.<\/p>\n<p>P.- Estimado Ministro: Los precios de los productos b\u00e1sicos cada vez se parecen m\u00e1s a los de nuestros vecinos europeos \u00bfHa hecho usted el c\u00e1lculo de lo que supone esa gran subida de las pensiones m\u00ednimas? \u00bfNo le parece una miseria? Para cuando una actualizaci\u00f3n del salario m\u00ednimo interprofesional y las pensiones m\u00ednimas a un importe que permita vivir con dignidad. <\/p>\n<p>R.- No me parece en absoluto una miseria. Supone un gran esfuerzo para la Sociedad espa\u00f1ola. Vamos a subir un 26% las pensiones m\u00ednimas durante esta Legislatura, lo que nunca hizo ning\u00fan gobierno. Es la mayor subida de la democracia espa\u00f1ola y garantizar\u00e1 que todas las pensiones con c\u00f3nyuge a cargo estar\u00e1n por encima de los 600 euros, igual que el Salario M\u00ednimo Interprofesional que, por cierto, he subido como Ministro ya 80 euros y los 8 a\u00f1os de Gobierno del PP s\u00f3lo subi\u00f3 70 euros.<\/p>\n<p>P.- \u00bfPara cu\u00e1ndo habr\u00e1 permisos retribuidos en las empresas y de obligado cumplimiento por las mismas, para que las madres y padres puedan llevar a sus beb\u00e9s al m\u00e9dico? Porque en la empresa de mi esposa se lo han prohibido, y en el Estatuto de los Trabajadores no hay nada escrito al respecto Creo que eso es m\u00e1s interesante que la \u00faltima medida tomada por usted para que los padres puedan disfrutar de ocho dias de permiso, aunque creo que esa medida es justa.<\/p>\n<p>R.- Con la nueva Ley de igualdad que esperamos est\u00e9 en vigor el 1 de enero de 2007. En la misma se permitir\u00e1 excedencias para cuidados de hijos o familiares en grave situaci\u00f3n. Esos permisos ser\u00e1n no retribuidos pero la SEguridad social abonar\u00e1 las cotizaciones de quienes los soliciten. Es un gran avance, pero a la empresa no se le puede cargar con m\u00e1s obligaciones porque ser\u00eda perjudicial para el empleo.<\/p>\n<p>P.- El 2004 este peri\u00f3dico public\u00f3 una noticia en el que se dec\u00eda que el Ministerio iba a regularizar una rebaja del 45% de la cotizaci\u00f3n Seguridad Social a toda persona que se empleara para el cuidado de personas dependientes. Dicha medida se iba a incluir en los presupuestos del 2005. A d\u00eda de hoy (2006) dicha rebaja no se ha aplicado. \u00bfMe puede decir el por qu\u00e9?<\/p>\n<p>R.- No. La noticia fue que rebajar\u00edamos un 45 % la cotizaci\u00f3n a la Seguridad Social para los cuidadores contratados por famialias numerosas. Ya est\u00e1 en vigor con el nuevo Reglamento de Familias Numerosas. La Ley de Dependencia dar\u00e1 cobertura a todas las personas que necesiten los servicios de dependencia, pero el servicio ser\u00e1 profesional, con el correspondiente pago \u00edntegro de las cotizaciones.<\/p>\n<p>P.- Viajo mucho por Europa y tengo constancia de que los europeos entienden que su labor y su esfuerzo est\u00e1n consiguiendo cambios que consideran de los m\u00e1s modernos de Europa. \u00bfTiene sentido, dadas las caracter\u00edsticas internas de nuestro pa\u00eds, asemejar lo m\u00e1s posibles las estrategias para la promoci\u00f3n del empleo en Espa\u00f1a a las estrategias de otros pa\u00edses europeos m\u00e1s punteros? Gracias.<\/p>\n<p>R.- Por supuesto que s\u00ed. Espa\u00f1a es hoy un ejemplo en cuanto a creaci\u00f3n de empleo. Por primera vez hemos superado la tasa de actividad europea y, de seguir as\u00ed las cosas, superaremos la tasa de empleo en poco tiempo.<\/p>\n<p>P.- Esta muy bien la Ley de Igualdad pero me parece que no es muy realistas. Trabajo en una empresa peque\u00f1a y en mi primer embarazo fui despedida por la empresa. Despu\u00e9s de mucho pelear logr\u00e9 que me reincorporaran despu\u00e9s de un juicio y muchos sinsabores. Ahora, con el segundo embarazo, no he podido disfrutar del permiso de maternidad entero y, ni mucho menos, de la hora de lactancia. Esa es la dura realidad y esas leyes nunca nos llegar\u00e1n a las que trabajamos en empresas peque\u00f1as. Gracias.<\/p>\n<p>R.- Precisamente, la nueva Ley lo que quiere es superar esos problemas u obst\u00e1culos. La nueva Ley garantizar\u00e1 que nadie podr\u00e1 ser discriminado por maternidad, siendo nulo el despido por estas circunstancias. El permiso de maternidad es un derecho a disfrutar completamente, que se mejora en la Ley, incorporandolo para las adopciones y se incorpora un derecho independiente por paternidad. La lactancia podr\u00e1 acumularse en jornadas completas. Soy optimista, esta vez lo vamos a conseguir, la igualdad real, me refiero.<\/p>\n<p>P.- La Ley de Igualdad que pretende fomentar la mayor presencia de las mujeres en las empresas, \u00bfperjudicar\u00e1 a los puestos de empleo &#8220;masculinos&#8221; ya existentes?\u00bfPuede fomentar la sustituci\u00f3n de mujeres por hombres?<\/p>\n<p>R.- No. Obviamente, mejorar\u00e1 el empleo femenino, que es muy necesario para nuestro Pa\u00eds. Le recuerdo que la tasa de paro femenino hoy es a\u00fan el doble que la tasa de paro masculino y por tanto, por razones de justicia social, pero tambi\u00e9n de eficiencia econ\u00f3mica, tenemos que hacer pol\u00edtica de igualdad que garantice a las mujeres su acceso y promoci\u00f3n en el empleo.<\/p>\n<p>P.- Sr. Ministro, me pregunto si desde su Ministerio se establecen medidas para controlar y proteger la precariedad laboral de los j\u00f3venes, con contratos de pr\u00e1cticas de por vida y sueldos mediocres que imposibilitan el acceso a la vivienda. Gracias<\/p>\n<p>R.- Justamente estamos trabajando en el di\u00e1logo social para combatir la precariedad. El Gobierno ha presentado a los empresarios y sindicatos propuestas tendentes a convertir en estables los contratos de obra y servicio que son precarios. Espero que en poco tiempo podamos cerrar los acuerdos necesarios para conseguirlo.<\/p>\n","protected":false},"excerpt":{"rendered":"<p>El Ministro de Trabajo, Jes\u00fas Caldera, ha sido uno de los m\u00e1s activos en los casi dos a\u00f1os del actual Gobierno: la regularizaci\u00f3n de cerca de 700.000 inmigrantes que trabajaban en Espa\u00f1a sin la documentaci\u00f3n adecuada y los anteproyectos de la Ley de Dependencia y la Ley de Igualdad son prueba de ello. Con el D\u00eda Internacional de la Mujer en puertas (se celebra el mi\u00e9rcoles 8), Jes\u00fas Caldera ha charlado con nuestros lectores.<\/p>\n","protected":false},"author":1,"featured_media":0,"comment_status":"open","ping_status":"open","sticky":false,"template":"","format":"standard","meta":{"footnotes":""},"categories":[],"tags":[],"class_list":["post-537","post","type-post","status-publish","format-standard","hentry"],"_links":{"self":[{"href":"https:\/\/intervius.com\/index.html\/wp-json\/wp\/v2\/posts\/537","targetHints":{"allow":["GET"]}}],"collection":[{"href":"https:\/\/intervius.com\/index.html\/wp-json\/wp\/v2\/posts"}],"about":[{"href":"https:\/\/intervius.com\/index.html\/wp-json\/wp\/v2\/types\/post"}],"author":[{"embeddable":true,"href":"https:\/\/intervius.com\/index.html\/wp-json\/wp\/v2\/users\/1"}],"replies":[{"embeddable":true,"href":"https:\/\/intervius.com\/index.html\/wp-json\/wp\/v2\/comments?post=537"}],"version-history":[{"count":0,"href":"https:\/\/intervius.com\/index.html\/wp-json\/wp\/v2\/posts\/537\/revisions"}],"wp:attachment":[{"href":"https:\/\/intervius.com\/index.html\/wp-json\/wp\/v2\/media?parent=537"}],"wp:term":[{"taxonomy":"category","embeddable":true,"href":"https:\/\/intervius.com\/index.html\/wp-json\/wp\/v2\/categories?post=537"},{"taxonomy":"post_tag","embeddable":true,"href":"https:\/\/intervius.com\/index.html\/wp-json\/wp\/v2\/tags?post=537"}],"curies":[{"name":"wp","href":"https:\/\/api.w.org\/{rel}","templated":true}]}}