{"id":5313,"date":"2005-09-28T00:00:00","date_gmt":"2006-11-06T00:00:00","guid":{"rendered":"https:\/\/intervius.com\/index.html\/?p=5313"},"modified":"2006-11-06T00:00:00","modified_gmt":"2006-11-06T00:00:00","slug":"Ruben_Amon5313","status":"publish","type":"post","link":"https:\/\/intervius.com\/index.html\/Ruben_Amon5313\/","title":{"rendered":"Rub\u00e9n Am\u00f3n"},"content":{"rendered":"<p>Pregunta.- \u00bf No crees que Cayetano Rivera ha elegido a la persona m\u00e1s adecuada del mundo taurino para tener a su lado como consejero y maestro?<\/p>\n<p>Respuesta.- S\u00ed, porque Cayetano ha tenido el privilegio de que Curro V\u00e1zquez le haya ense\u00f1ado a torear, adem\u00e1s del estrecho v\u00ednculo personal qu les une.<\/p>\n<p>P.- \u00bf te sentir\u00edas satisfecho de haber escrito este libro si alguien (anque fuera uno) se aficionara a los toros? Porque entiendo que lo que se hoy en d\u00eda en las plazas no tiene mucho que ver con la fiesta. Los que hemos visto a Curro sabemos lo que es torear y pisar una plaza con torer\u00eda y arte. Enhorabuena por el libro.<\/p>\n<p>R.- La primera sorpresa de nuestro libro puede leerse en la portada. Aparece el nombre de Ernesto S\u00e1bato porque ha querido escribirnos el pr\u00f3logo. Es la prueba de que el libro no est\u00e1 escrito \u00fanicamente para los aficionados. S\u00e1bato no lo es. Y sin embargo ha entendido que el toreo es una forma de vivir, una filosof\u00eda. Este es un libro para antitaurinos, como suele decir Juan Luis Cano.<\/p>\n<p>P.- Hola Rub\u00e9n! quiero felicitarte por tu blog desde Roma durante los d\u00edas previos y posteriores a la muerte del Papa. Segu\u00ed cada escrito tuyo, tu picard\u00eda, tu sinceridad&#8230; C\u00f3mo viviste todo aquello? c\u00f3mo es un d\u00eda en el Vaticano? besos desde Alemania.<\/p>\n<p>R.- Fue una experiencia bastante convulsa, intensa. Muchos de los corresponsales la vivimos con sopresa. Mi impresi\u00f3n es que hubo m\u00e1s mundanidad que espiritualidad. Tambi\u00e9n descubr\u00ed o padec\u00ed que existe un sector de la Iglesia cat\u00f3lica extraordinariamente militante, intolerante y fundametalista. Como dec\u00eda un viejo amigo cardenal, parece que a veces en la Iglesia hay mucho cat\u00f3lico y poco cristiano.<\/p>\n<p>P.- \u00bfPor qu\u00e9 este libro? Me ha sorprendido ver que lo escribias, sigo tus cr\u00f3nicas desde Roma en El Mundo. Saludos afectuosos.<\/p>\n<p>R.- La verdad es que soy aficionado a los toros desde muy peque\u00f1o y que me he dedicado profesionalmente, en El Mundo, a la cr\u00edtica y la informaci\u00f3n taurinas. Roma era una ocasi\u00f3n profesional que me alejaba de los ruedos, pero el v\u00ednculo nunca lo he perdido. La idea del libro proven\u00eda de mi amistad con Curro V\u00e1zquez. Y del deseo de contar una vida apasionante, en el dolor, en la enfermedad, en la vida y en la plenitud.<\/p>\n<p>P.- El concepto de cargar laq suerte era fundamental en la concepci\u00f3n del toreo del maestro. \u00bfQu\u00e9 piensa el maestro de este tema?<\/p>\n<p>R.- Cargar la suerte define la tauromaquia de Curro V\u00e1zquez de manera esencial porque ha sido uno de los matadores que han toreado con mayor pureza. Es un salto cualitativo que le distingue de muchos de sus compa\u00f1eros de profesi\u00f3n y que expxlica su reputaci\u00f3n. Tiene gracia que los toreros de arte sobrelleven el sambenito de medrosos cuando, en realidad, exponen sobre la arena m\u00e1s que nadie. No lo hacen siempre, es verdad, pero no por precauciones gratuitas, sino porque el toreo puro necesita de la colaboraci\u00f3n del toro. Los toreros de arte, como dice Curro Romero, no &#8220;saben hacer como que hacen&#8221;. No saben taparse delante de un toro complicado. Pero cuando sale bueno&#8230;<\/p>\n<p>P.- Rub\u00e9n: \u00bfQu\u00e9 similitudes hay entre la documentacion taurina que nos traes en este libro y la vaticana, que haces en el peri\u00f3dico? Un abrazo y suerte con las ventas. Angel<\/p>\n<p>R.- El toreo y la religi\u00f3n tienen en com\u00fan el misterio, el s\u00edmbolo eucar\u00edstico de la sangre, la solemne liturgia. Una corrida de toros es una misa pagana a las cinco de la tarde. Y los matadores son sumos sacerdotes. Hay otros puntos comunes m\u00e1s expl\u00edcitos. Por ejemplo, el modo en que se denominan los colores de los vestidos: gran poder y oro, nazareno y oro, pur\u00edsima y oro&#8230;<\/p>\n<p>P.- Para cuando un blog sobre el mundod el toreo y el estrafalario mundoq ue a veces lo rodea? saludos desde Roma, de periodista a periodista<\/p>\n<p>R.- La informaci\u00f3n taurina, en muchos de sus \u00e1mbitos, ocupa un espacio marginal. El n\u00famero de aficionados es bastante restingido, aunque el fen\u00f3meno popular de los toros -fiestas, ferias- tiene plena vigencia. Tambi\u00e9n influye el predominio de la sociedad as\u00e9ptica, la moda del prohibicionismo, la adulteraci\u00f3n de la pulcritud. Vamos camino de convertirnos en daneses.<\/p>\n<p>P.- Hola Rub\u00e9n, \u00bfc\u00f3mo convencer\u00edas a un antitaurino sobre las corridas de toros?<\/p>\n<p>R.- es in\u00fatil utilizar argumentos racionales. Aunque los hay, especialmente en el \u00e1mbito de la cultura y de la ecolog\u00eda. Los toros no son un mero espect\u00e1culo ni un programa de televisi\u00f3n. Son el resultado de una civilizaci\u00f3n, la forma que ha adquirido una mentalidad, una idiosincrasia, una historia, una m\u00edstica y un fervor. Los toros desaparecer\u00e1n en la medida en que cambien todos los factores que se han ido forjando para parir la fiesta. No se pueden prohibir. Como no se pueden prohibir Las Meninas o La Giralda.<\/p>\n<p>P.- Buenos d\u00edas, Recuerdo una de las \u00faltimas tardes de Curro en Madrid, descalzo, con lluvia, con un vestido azul y oro, toreando al natural como los \u00e1ngeles. Que falta hacen ahora toreros como Curro, cuando el escalaf\u00f3n se encuentra en franca decadencia y mediocridad&#8230;<\/p>\n<p>R.- Estoy de acuerdo. Creo que aquella faena fue la plenitud de Curro V\u00e1zquez y del toreo mismo. Hay matadores que torean. Y los hay, como Curro, que se aparecen.<\/p>\n<p>P.- \u00bfC\u00f3mo es trabajar con Juan Luis Cano escribiendo un libro? \u00bfLo hab\u00e9is escrito a distancia?<\/p>\n<p>R.- Somos amigos desde hace mucho tiempo y hemos compartido muchas horas con Curro V\u00e1zquez, as\u00ed que la tarea de escribir el libro ha sido bastante f\u00e1cil. Nos preocupaba la unidad del estilo, la homogeneidad. Por eso hemos elegido una f\u00f3rmula flexible. Vamos y venimos en el tiempo, utilizamos distintos recursos literarios, y convertimos a la personalidad de Curro V\u00e1zquez en el hilo conductor.<\/p>\n<p>P.- Hola Rub\u00e9n, s\u00e9 de ti desde hace 21 a\u00f1os, de tu afici\u00f3n por los toros, de tus discusiones por Curro (Romero) y de, aunque no tiene nada que ver por el baloncesto&#8230; As\u00ed, \u00bfechas de menos los toros en Italia? \u00bfy un partido de Estudiantes?<\/p>\n<p>R.- No olvidemos que a los jugadores del Estudiantes los conocemos con el sobrenombre de los toreros. Sobre todo cuando hacen una machada. Es la demostraci\u00f3n del grado de penetraci\u00f3n cultural y socioll\u00f3gica de la fiesta de los toros. Le guste o no le guste a los antitaurinos, &#8220;torero&#8221; es un sin\u00f3nimo de h\u00e9roe. \u00bfUna prueba? La proeza de Fernando Alonso el pasado domingo se resum\u00eda al d\u00eda siguiente con un \u00fanico titular en el diario Marca. &#8220;Torero&#8221;. \u00bfConseguir\u00eda el mismo efecto un titular del tipo &#8220;terrorista&#8221;, &#8220;asesino&#8221;, &#8220;torturador&#8221;?.<\/p>\n<p>P.- curro vazquez, una vez que lleg\u00f3 a la \u00e9lite del toreo, toreaba ganaderias de las llamadas &#8220;duras&#8221; o exig\u00eda como las figuras de ahora toros comodos y con carril?<\/p>\n<p>R.- Dec\u00eda antes que el toreo de Curro V\u00e1zquez requiere la colaboraci\u00f3n de toro. Y muchas ganader\u00edas duras contradicen que pueda torearse desde la plenitud art\u00edstica. Pero no olvidemos que Curro V\u00e1zquez ha entendido los victorinos mejor que nadie. Y que ha abierto la Puerta Grande de Madrid toreando uno de ellos. Otra cuesti\u00f3n es el caso de Miura. Nunca los ha toreado. Quiz\u00e1 para ponerse al mismo lado de Curro Romero cuando dijo: -&#8220;\u00bfC\u00f3mo voy a torear una corrida de Miura si me da miedo darle la mano al ganadero?&#8221;<\/p>\n<p>P.- recuerdo, de cuando era peque\u00f1o, un busto de Rub\u00e9n Am\u00f3n (padre) al lado de la puerta del estudio de Antena 3 en la calle Oquendo. Entiendo que era su padre y si es as\u00ed felicidades por partida doble: tanto porque un familiar m\u00edo siempre ha hablado maravillas de \u00e9l como porque yo, peleado con los medios, nunca dejaba de leer sus cr\u00f3nicas desde el Vaticano. Por Roma andar\u00e9 la pr\u00f3xima semana; \u00bfDuda alguien en la curia y a estas alturas de que el nuevo Papa est\u00e9 ah\u00ed para finalizar lo que dej\u00f3 Wojtila inacabado?<\/p>\n<p>R.- Ratzinger es una incertidumbre, aunque las primeras demostraciones de su papado parecen indicar un planteamiento menos medi\u00e1tico y extrovertido que el de Juan Pablo II. La doctrina es la misma, pero va a cambiar el modo de comunicarla.<\/p>\n<p>P.- Buenos dias Rub\u00e9n, \u00bfCrees que la temporada que ha hecho Morante es suficiente para considerarle el nuevo &#8220;torero de arte&#8221;? Si no es \u00e9l, \u00bfqui\u00e9n o quienes podr\u00edan ocupar hoy esa parte, tan necesaria, del escalaf\u00f3n?<\/p>\n<p>R.- Morante de la Puebla es una realidad. Creo que la \u00fanica por la que un aficionado podr\u00eda plantearse seguirlo de plaza en plaza. El otro nombre que sugiero es el de Cayetano. Todav\u00eda es pronto, pero ha creado much\u00edsimas expectativas.<\/p>\n<p>P.- Soy un estudiante de Periodismo. Me gustar\u00eda llegar a ser corresponsal en alguna ciudad estimulante. \u00bfEs muy duro serlo? \u00bfvolver\u00edas a la redacci\u00f3n en Madrid? Muchas gracias.<\/p>\n<p>R.- El exilio voluntario es una situaci\u00f3n ideal. Y un corresponsal tiene la ventaja de relacionarse con los jefes \u00fanicamente por tel\u00e9fono. No voy a dar m\u00e1s detalles porque a lo mejor se inquietan&#8230; Animo.<\/p>\n<p>P.- Hola, Ruben. Soy Carlos, un ex-compa\u00f1ero tuyo del colegio en Pozuelo. Me alegra que est\u00e9s tan bi\u00e9n y suelo leerte a menudo. \u00bfCu\u00e1l crees que es el mejor torero en la actualidad?. Saludos de un atl\u00e9tico y demente.<\/p>\n<p>R.- Me alegro de encontrarte. S\u00e9 qui\u00e9n eres. Porque en la clase \u00e9ramos muy pocos los atl\u00e9ticos, dementes y taurinos. Concretamente tu y yo. Bueno, respondiendo a la pregunta, el mejor torero de la actualidad es Morante.<\/p>\n<p>P.- Hablando de la espl\u00e9ndida saga taurina de los V\u00e1zquez, qu\u00e9 fue de Pepe Luis V\u00e1zquez, aquel joven torero sevillano que se paseo por los ruedos en la m primera mitad de los ochenta.<\/p>\n<p>R.- Pepe Luis est\u00e1 medio retirado medio activo. Ha sido muy irregular, pero quienes lo vimos toreando a &#8220;Ropavieja&#8221; no vamos a olvidarlo nunca.<\/p>\n<p>P.- que opinas sobre la prohibici\u00f3n a los menores de entrar en la plaza de toros?. sie por el argumento de que los toros generan violencia, no entiendes que del mismo modo se deberia prohibir la asistencia de menores al futbol, donde las aficiones de equipos rivales deben incluso de ser acompa\u00f1adas por la policia<\/p>\n<p>R.- Insisto en que se ha impuesto la cultura de la asepsia y del prohibcionismo. Tiene el aspecto de una moda saludable, incluso progre, pero al todo de Osborne no se le puede quitar el sitio. Porque se enfada.<\/p>\n<p>P.- \u00bfSigues en el programa de Gomaespuma esta temporada como corresponsal cultural por todo el mundo (desde Roma)?<\/p>\n<p>R.- Sigo con Gomaespuma, pero a partir del mes que viene empezar\u00e9 a colaborar una vez a la semana desde Par\u00eds. A prop\u00f3sito de Francia, recordemos que la tierra de Chirac aloja cincuenta plazas donde se lleva a cabo la corrida.<\/p>\n<p>P.- \u00bfVolver\u00e1 Curro V\u00e1zquez a torear y podremos volver a disfrutarlo?<\/p>\n<p>R.- No creo que vuelva a hacerlo. Muchos otros toreros se han arrepentido, pero Curro V\u00e1zquez va a mantenerse firme.<\/p>\n<p>P.- Soy de Sevilla, aficionada a los toros, y cuando tengo la suerte de poder permitirme pagar una entrada para ver los toros en la Feria me fastidia bastante estar rodeada de gente que no tiene ni idea de lo que est\u00e1 viendo, que se deja llevar por la espectacularidad y el aspaviento frente a la hondura, etc. \u00bfCrees como yo que en las ferias importantes m\u00e1s de la mitad de la plaza no tiene ni idea de toros?<\/p>\n<p>R.- Entiendo tu desconcierto, pero agradezcamos al p\u00fablico el esfuerzo de pasar por la taquilla. Los toros son una expresi\u00f3n tan culta como popular. Y representan el modo tradicional con que los pueblos y las ciudades celebran sus fiestas. Los afcionados cabales somos una minor\u00eda. Pero cualificada, como se dice ahora. As\u00ed que paciencia con el jaleo y el aspaviento.<\/p>\n<p>P.- hola..creo q el problema de la fiesta es la falta de apoderados (no me refiero a meros representantes..) ya q al final los toreros acabaran igual q cualquier producto de consumo..cada a\u00f1o uno distinto..en cuanto a curro vazquez ha sido un torero q ha reunido en mi opinion muchas cualidades..arte, clase,sitio,,ha encajado bien en los carteles. un saludo desde sevilla<\/p>\n<p>R.- Muchos toreros contempor\u00e1nenos, muchos, trivializan el riesgo y traicionan la estirpe a la que pertenecen. Torear es una forma de misterio, pero los espadas de moda, con algunas excepciones, se comportan como futbolistas o como fieras del circo medi\u00e1tico. Espero que muchos de ellos lean el libro que hemos escrito para darse cuenta qui\u00e9nes son.<\/p>\n<p>P.- \u00bfA Par\u00eds? \u00bfabandonas Roma? Intuyo que te escapar\u00e1s mucho a Nimes&#8230;<\/p>\n<p>R.- Nimes, Arles, Mont de Marsan, Bayona, Dax, Ales, Hagetmau, Beziers, Vic Fezensac, Floirac, Air sur lAdour,&#8230; No me va a dar tiempo a vivir en Par\u00eds.<\/p>\n<p>P.- Rub\u00e9n, amigo: sin ser muy aficionado, recuerdo, congelada como una foto, una media ver\u00f3nica de curro en el tendido del 2 en un San Isidro de ppos de los 90 que dur\u00f3 una eternidad. Toros y arte han sido siempre dos alas del p\u00e1jaro, nuestros mejores poetas cantaron a toreros vivos y muertos, nuestros mejores pintores recre\u00e1ndose en la fiesta,cantaores arranc\u00e1ndose en los tendidos&#8230;yo veo esta relaci\u00f3n en esta momento en un tono un poco bajo; te ocurre a ti lo mismo?<\/p>\n<p>R.- Me ocurre lo mismo. Igual que tu provenimos de una generaci\u00f3n que conoci\u00f3 las reapariciones de Anto\u00f1ete y de Manolo V\u00e1zquez. Hemos disfrutado de la plenitud de Romero y de Paula. Hemos viajado detr\u00e1s de Curro V\u00e1zquez. Tambi\u00e9n hemos visto a Manzanares con la mano izquierda. Recemos por Morante y por Cayetano.<\/p>\n","protected":false},"excerpt":{"rendered":"<p>&#8220;Pasa un torero. Curro V\u00e1zquez desde dentro&#8221;, es la biograf\u00eda novelada del gran torero, que el periodista de EL MUNDO ha escrito en un mano a mano con Juan Luis Cano.<\/p>\n","protected":false},"author":1,"featured_media":0,"comment_status":"open","ping_status":"open","sticky":false,"template":"","format":"standard","meta":{"footnotes":""},"categories":[],"tags":[],"class_list":["post-5313","post","type-post","status-publish","format-standard","hentry"],"_links":{"self":[{"href":"https:\/\/intervius.com\/index.html\/wp-json\/wp\/v2\/posts\/5313","targetHints":{"allow":["GET"]}}],"collection":[{"href":"https:\/\/intervius.com\/index.html\/wp-json\/wp\/v2\/posts"}],"about":[{"href":"https:\/\/intervius.com\/index.html\/wp-json\/wp\/v2\/types\/post"}],"author":[{"embeddable":true,"href":"https:\/\/intervius.com\/index.html\/wp-json\/wp\/v2\/users\/1"}],"replies":[{"embeddable":true,"href":"https:\/\/intervius.com\/index.html\/wp-json\/wp\/v2\/comments?post=5313"}],"version-history":[{"count":0,"href":"https:\/\/intervius.com\/index.html\/wp-json\/wp\/v2\/posts\/5313\/revisions"}],"wp:attachment":[{"href":"https:\/\/intervius.com\/index.html\/wp-json\/wp\/v2\/media?parent=5313"}],"wp:term":[{"taxonomy":"category","embeddable":true,"href":"https:\/\/intervius.com\/index.html\/wp-json\/wp\/v2\/categories?post=5313"},{"taxonomy":"post_tag","embeddable":true,"href":"https:\/\/intervius.com\/index.html\/wp-json\/wp\/v2\/tags?post=5313"}],"curies":[{"name":"wp","href":"https:\/\/api.w.org\/{rel}","templated":true}]}}