{"id":5270,"date":"2005-11-14T00:00:00","date_gmt":"2006-11-06T00:00:00","guid":{"rendered":"https:\/\/intervius.com\/index.html\/?p=5270"},"modified":"2006-11-06T00:00:00","modified_gmt":"2006-11-06T00:00:00","slug":"Cristina_Lopez_Schlichting5270","status":"publish","type":"post","link":"https:\/\/intervius.com\/index.html\/Cristina_Lopez_Schlichting5270\/","title":{"rendered":"Cristina L\u00f3pez Schlichting"},"content":{"rendered":"<p>Pregunta.- Buenos d\u00edas Cristina, \u00bfcu\u00e1l es el objetivo que se ha marcado la Cope para el EGM del pr\u00f3ximo mes de diciembre? \u00bfc\u00f3mo valoras el incremento de audiencia en la emisora a lo largo de este a\u00f1o?<\/p>\n<p>Respuesta.- El EGM es un tormento sobre el que no existen c\u00e1lculos posibles. Esperamos su8bir, claro, como todo el mundo. Y desde luego apunta bueno.<\/p>\n<p>P.- Gracias por estar Cristina. \u00bfQu\u00e9 hacer para superar la confrontaci\u00f3n ideol\u00f3gica que sufrimos hoy d\u00eda?, el debate se empobrece much\u00edsimo cuando se emiten s\u00f3lo juicios de valor que simplemente anulan los contrarios. En cambio t\u00fa pareces siempre mucho m\u00e1s positiva, \u00bfa qu\u00e9 aferrarnos hoy?. Gracias<\/p>\n<p>R.- La realidad es la norma. Tenemos que procurar ce\u00f1irnos a hechos. Con respecto a las opiniones hay que aprender a valorar el que el otro las tenga distintas \u00a1Es una riqueza que otro piense diferente!<\/p>\n<p>P.- Hola Cristina! tengo 21 a\u00f1os y me acabo de licenciar en periodismo, mi gran duda hacia usted es si realmente piensa y defiende todo lo que dice en antena o simplemente se limita a asumir la ideolog\u00eda de la emisora para la que trabaja? Muchas gracias por su atenci\u00f3n. Un saludo, Susana.<\/p>\n<p>R.- Pienso y defiendo cuanto digo en antena. En COPE jam\u00e1s se me ha dado una consigna.<\/p>\n<p>P.- \u00bfPor qu\u00e9 leiste el manifiesto final en la manifestaci\u00f3n del Foro de la Familia? \u00bfno crees que ello merma en tu objetividad como periodista?<\/p>\n<p>R.- El mito m\u00e1s embustero sobre el periodismo es el de que los periodistas no tenemos opini\u00f3n. Todo el mundo la tiene, s\u00f3lo que algunos lo disimulan. Yo prefiero decir que soy conservadora y cat\u00f3lica y no enga\u00f1ar a mis oyentes. A mi lado hay otras personas, como Giusep Mir\u00f3 o Julia Navarro, con ideas diferentes que exponen puntos de vistas diferentes. Las ideas son libres, los hechos, eso s\u00ed, sagrados.<\/p>\n<p>P.- Cristina, me encanta tu franqueza y valent\u00eda.Por eso, me gustar\u00eda q aclararas qu\u00e9 pas\u00f3 con el tertuliano de tu programa q &#8220;atac\u00f3&#8221; a Jim\u00e9nez Losantos.M\u00e1s q nada porque creo q se han dicho muchas mentiras al respecto, como q le has echado.Besos desde \u00c1vila<\/p>\n<p>R.- Le he pedido que se vaya porque no pod\u00eda m\u00e1s. Carlos D\u00edaz llam\u00f3 vomitivo en mi programa a Federico y yo no tolero que se insulte a nadie delante de m\u00ed. Adem\u00e1s me agredi\u00f3 diciendo que,por aclarle algo tan simple, me hab\u00eda vendido al poder y faltado a la verdad. Me doli\u00f3 mucho prescindir de Carlos porque es un intelectual que respeto y un amigo al que quiero, pero es la quinta vez que hac\u00eda algo as\u00ed: ha insultado sucesivamente en antena a C\u00e9sar Vidal, a Giusep Mir\u00f3, al Rey y a Fernando Ray\u00f3n. Creo que cierta educaci\u00f3n es imprescindible de cara a los oyentes.<\/p>\n<p>P.- Escucho la COPE de sol a sol y me encanta tu programa, \u00bfCrees que la cadena COPE sufre un serio riesgo de cierre forzoso en Catalu\u00f1a?<\/p>\n<p>R.- Absolutamente. Tenemos un 75 por 100 de posibilidades de que cierren nuestras emisoras, pero ya lo intent\u00f3 Puyol y al final el Tribunal Constitucional nos dio la raz\u00f3n. Lucharemos porque la gente de Catalu\u00f1a tambi\u00e9n tenga pluralidad radif\u00f3nica.<\/p>\n<p>P.- \u00bfCree que despu\u00e9s de la manifestaci\u00f3n de este s\u00e1bado el Gobierno se va a plantear en serio cambiar la LOE o \u00fanicamente quedar\u00e1 con los representantes de las asociaciones convocantes para dar buena imagen?<\/p>\n<p>R.- Ne encantar\u00eda que pensase que, ante un problema de la gravedad del fracaso escolar, merece la pena un gran consenso nacional y empezar desde el principio, pero no creo que la ministra d\u00e9 su brazo a torcer porque ha sido muy intransigente hasta aqu\u00ed.<\/p>\n<p>P.- \u00bfQu\u00e9 opini\u00f3n le merecen sus competidoras de la tarde? \u00bfqu\u00e9 destacar\u00eda de cada una de ellas?<\/p>\n<p>R.- Son extraordinarias profesionales. Mamen, de la Ser, es un fen\u00f3meno, proque sustituir a Gemma es un reto tremendo y compatibilizarlo con 59 segundos, una locura. Olga Viza tiene mucha m\u00e1s experiencia en radio y televisi\u00f3n que yo y Concha Garc\u00eda Campoy hace un programa con mucho ritmo.<\/p>\n<p>P.- Una facilita, \u00bfDe d\u00f3nde proviene tu segundo apellido?<\/p>\n<p>R.- Mi madre es de Hamburgo, el apellido viene de un pueblecito llamado Himmelforten.<\/p>\n<p>P.- Hola Cristina, eres muy critica con el gobierno pero \u00bfhay alg\u00fan ministro cuya labor te est\u00e9 gustando?<\/p>\n<p>R.- Me encanta que Bono les haya subido el sueldo a los militares \u00a1ya era hora! y que defienda la unidad de Espa\u00f1a, aunque luego vota en bloque por el Estatuto de Catalu\u00f1a. Solbes modera muchas veces los excesos o los errores de sus colegas.<\/p>\n<p>P.- \u00bfLe ha cogido el gusto a la TV?, ya se la ve a menudo en Popular tv y en el programa de Ana Rosa&#8230;<\/p>\n<p>R.- Ya estaba antes como contertulia, lo que no he hecho nunca es dirigir programas. Trabaj\u00e9 con Isabel San Sebasti\u00e1n en El Primer Caf\u00e9, de Antena 3; y con Ana Rosa por las Tardes, en Sabor a Ti, en un debate con Pilar Rahola. Me gusta estar en televisi\u00f3n, porque difunde mucho tu trabajo, pero encuentro que la tele es muy artificial y demasiado superficial.<\/p>\n<p>P.- \u00bfEn la COPE tienen cabida todas las sensibilidades eclesiales? \u00bfTambi\u00e9n los movimientos progresistas?<\/p>\n<p>R.- Rechazo las categor\u00edas pol\u00edticas para hablar de la Iglesia. Es una traslaci\u00f3n equivocada de los t\u00e9rminos derecha e izquierda para posturas que nada tienen que ver. Me gusta lo que dice Ratzinger: lo contrario de una iglesia reaccionaria no es una Iglesia progresista, sino una Iglesia misionera.<\/p>\n<p>P.- Hola Cristina, \u00bfno ten\u00e9is la sensaci\u00f3n a veces los periodistas de vivir en un c\u00edrculo elitista que no conecta del todo con la realidad de la calle?<\/p>\n<p>R.- Es verdad. Yo procuro evitarlo viviendo en un barrio popular, charlando con mis vecinos, escuchando a mis cuatro hijos y viviendo como una persona m\u00e1s.<\/p>\n<p>P.- Hola. Aprecio mucho el trabajo que haces y tu programa en general me gusta. Pero, \u00bfno crees que todo el mundo critica la informaci\u00f3n del coraz\u00f3n del resto de programas y luego ponen secci\u00f3n en sus programas? Con todo respeto, creo que la parte de cr\u00f3nica rosa de tu programa sobra.<\/p>\n<p>R.- Me gusta la cr\u00f3nica rosa que hacemos, porque le quitamos importancia. La gente se llega a creer que los famosos son felices y es preciso que alguien les explique que casarse cuatro veces puede ser una enfermedad, que ser muy bella a base de operaciones puede ocultar muchos dramas personales y que el oropel de la fama no da la felicidad. A veces me r\u00edo mucho con Chelo Garc\u00eda Cort\u00e9s, Beatriz Cosrt\u00e1zar y Carmen Jara que -ellas, s\u00ed- son muy normales.<\/p>\n<p>P.- \u00bfQu\u00e9 te han parecido las descalificaciones del ministro Montilla a Losantos y al director de El Mundo?<\/p>\n<p>R.- No entiendo que el responsable institucional de infraestructuras radiof\u00f3nicas la emprenda con determinados medios de comunicaci\u00f3n. Es tan ministro de Federico o de Pedro como suyo o m\u00edo, por lo tanto creo que deber\u00eda dimitir. Si hace estas cosas es porque el Gobierno tiene miedo de la realidad y, en concreto, Montilla detesta que se haya sabido que La Caixa, la sociedad que \u00e9l favorece ahora a costa de crear un monopolio que desfavorecer\u00e1 a los consumidores, le perdon\u00f3 1000 millones de pesetas para su partido. Tambi\u00e9n por esto deber\u00eda dimitir.<\/p>\n<p>P.- \u00bfPorqu\u00e9 crees que las ma\u00f1anas son de hombres, y las tardes de mujeres? Me refiero a los presentadores<\/p>\n<p>R.- Por machismo. Siempre ha sido as\u00ed y las empresas tienen miedo a los cambios, a que haya un rechazo del p\u00fablico.<\/p>\n<p>P.- \u00bfNo crees que el tono y el discurso de la COPE es lo m\u00e1s radical que existe hoy en d\u00eda en nuestro pa\u00eds en medios de comunicaci\u00f3n?<\/p>\n<p>R.- Creo que es de los pocos medios que no sucumben al poder y que cuentan lo que pasa. Eso molesta much\u00edsimo al establishment, por eso critican tanto el &#8220;tono&#8221;. A m\u00ed no me importa tanto el tono como el fondo. Hay muchos profesionales acres, mordaces o sarc\u00e1sticos, pero como no moolestan al poder no se arma este revuelo.<\/p>\n<p>P.- Soy un periodista desenga\u00f1ado por c\u00f3mo los profesionales se venden -nos vendemos- a la propiedad de los medios. Es triste, pero es as\u00ed tanto en Cope como en la Ser como en el medio que sea. Ya s\u00e9 que dir\u00e1s que nadie te ha dado consignas, pero \u00bfrealmente crees que la imagen que se da de la situaci\u00f3n del pa\u00eds es tan alarmante y apocal\u00edptica?<\/p>\n<p>R.- Son dos preguntas en una: no nos vendemos, nos vemos obligados a respetar la l\u00ednea editorial de los medios en los que trabajamos y es l\u00f3gico, porque la empresa no es nuestra y el dinero y el riesgo lo corre otro. Ahora, una cosa es poder convivir en una medio con el que discrepas en algunos aspectos (a m\u00ed me pas\u00f3 en ABC o en el Mundo) y otra que te echen por no pensar igual (a m\u00ed me pas\u00f3 en la Ser).<\/p>\n<p>P.- \u00bfCrees que perjudicar\u00e1 al PP en las pr\u00f3ximas elecciones su defensa del matrimonio entre hombre y mujer y de la libertad de ense\u00f1anza? \u00bfCrees que, si subiera de nuevo al poder el PP, abolir\u00eda la ley que reconoce el matrimonio entre personas del mismo sexo y la LOE?<\/p>\n<p>R.- Ah! Me falta la segunda respuesta del oyente anterior: s\u00ed creo que la situaci\u00f3n es muy preocupante. La m\u00e1s preocupante desde la transici\u00f3n. Es el Gobierno m\u00e1s desp\u00f3tico, el que menos negocia y est\u00e1 completamente uncido a los nacionalismos estremistas. Vamos a esta pregunta: N\u00f3 lo s\u00e9, pero nunca un partido satisface plenamente el punto de vista de ninguno de nosotros. Por otra parte mis oyentes gays tienen claro que una cosa es la relaci\u00f3n entre personas del mismo sexo y otra muy distinta el matrimonio. \u00a1De hecho se disgustan con quienes piensan que todos los homosexuales tienen que votar lo mismo o pensar igual! Con respecto a la libertad de ense\u00f1anza, nadie que vote al PP puede ser partidario de la ense\u00f1anza estatal, con propuesta \u00fanica, ideolog\u00eda laicista y educaci\u00f3n en la ciudadan\u00eda. \u00a1Creo que muchos del PSOE van a votar PP precisamente en contra de esto! No s\u00e9 qu\u00e9 har\u00eda el PP pero estoy segura de que la LOE ser\u00e1 abolida, por perfectamente in\u00fatil. Lo del matrimonio entre personas del mismo sexo ser\u00eda mejor resolverlo sin detrimento para la familia tradicional, pero no creo que el PP tenga valor -estoy siendo muy sincera- para abordarlo.<\/p>\n<p>P.- Cual es su respuesta ante las acusaciones de partidismo a favor del PP, dar informaci\u00f3n tendenciosa y reaccionaria, coartar en directo de la libertad de expresi\u00f3n o, directament, hacer una radio que incita al odio hacia colectivos y o autonomias? Rafel (BCN)<\/p>\n<p>R.- Que amo Catalu\u00f1a y el Pa\u00eds Vasco. Que veraneo en Gerona. Que pienso como me da la gana, porque no creo que ser conservadora o cat\u00f3lica sea un delito (por ahora) Y sobre todo que cuento hechos, cosas que pasan y comprendo que al poder le moleste.<\/p>\n<p>P.- Hola Cristina. Mi m\u00e1s sincera enhorabuena por tu labor period\u00edstica al frente de tu programa as\u00ed como por tus intervenciones en otros espacios de tv. Ante todo me asombra tu claridad y ver que no tienes pelos en la lengua. Debe ser muy complicado trabajar en la COPE y m\u00e1s en los \u00faltimos tiempos. Me parece increible la campa\u00f1a de desprestigio que estais sufriendo simplemente por contar la verdad y dejar las cosas claras sin segundas intenciones. Sigue as\u00ed. Eres la mejor! Quer\u00eda que me contaras que tal trancurri\u00f3 la manifestaci\u00f3n del S\u00e1bado en Madrid. No pude ir por encontrarme de viaje.Gracias.Un estudiante madrile\u00f1o.<\/p>\n<p>R.- Fue ejemplar. Inc\u00f3moda, porque la gente apenas cab\u00eda en el trayecto asignado y los de la cola no nos movimos en cuatro horas, pero un \u00e9xito de educaci\u00f3n, civismo y tranquilidad. Un Gobierno sensato no aprobar\u00eda una ley tan crucial, en un momento educativo tan dessatroso, sin contar con todos. Gracias por los piropos.<\/p>\n<p>P.- \u00bfA qu\u00e9 locutores\/as admirabas en tus tiempos de estudiante de Periodismo?<\/p>\n<p>R.- Mis referencias (\u00a1f\u00edjate!) estaban m\u00e1s en la prensa escrita: Pilar Urbano, Francisco Umbral, C\u00e9sar Gonzalez Ruano, Carmen Rigalt.<\/p>\n<p>P.- Buenos d\u00edas \u00bfpor qu\u00e9 tuvo que elegir precisamente al pol\u00e9mico Aquilino Polaino como contertulio de su programa? \u00bfcomparte sus ideas? \u00bfc\u00f3mo lleva que le tachen de homofoba?. Alex (homosexual, cat\u00f3lico, oyente de la Cope y residente en Vigo)<\/p>\n<p>R.- Aquilino era contertulio de mi programa antes del foll\u00f3n en el Parlamento. Lo eleg\u00ed porque hab\u00eda estudiado en Heildelberg y Colonia y hab\u00eda ense\u00f1ado en Georgtown y Los Angeles. Me parec\u00eda que el enfoque de la psiquiatr\u00eda-psicolog\u00eda deb\u00eda ser cient\u00edficamente muy riguroso en mi programa. Me da igual que me tachen de hom\u00f3foba porque no lo soy. Me dicen cosas mucho peores.Yo creo que tanto la hetero como la homosexualidad presentan en ocasiones perfiles dif\u00edciles y que en ambos casos hay que abordarlos con sinceridad, rigor y valent\u00eda. Un beso, oyente de Cope<\/p>\n<p>P.- Buenos Dias, y enhorabuena por tu programa. Piensas que el f\u00edn de la politica del Gobierno, es hacer de Espa\u00f1a un estado Confederal?<\/p>\n<p>R.- No se sabe. Ellos hablan de federalismo. Sea una cosa o la otra, estoy con Rosa D\u00edez: el Gobierno est\u00e1 dispuesto a acabar con la Espa\u00f1a constitucional que conocemos.<\/p>\n<p>P.- Hola. Me ha sorprendido leer que la echaron de la SER. Me gustar\u00eda que profundizara un poco mas el el tema, cual fu\u00e9 la raz\u00f3n&#8230; Muchas gracias, y enhorabuena por su programa<\/p>\n<p>R.- Estaba con Carlos Llamas en Hora 25 y sustitu\u00ed a Isabel San Sebasti\u00e1n cuando se fue a Radio Nacional. Fui tres o cuatro veces y me breaban (yo estaba muy verde entonces). Est\u00e1bamos en pleno debate sobre Sogecable y criticaban a Capmany. A m\u00ed se me ocurri\u00f3 decir que, independientemente de sus ideas, los datos que aportaba Capmany eran tan respetables como los que aportaba el se\u00f1or Polanco en torno al juicio. No insult\u00e9 ni dije nada malo del due\u00f1o de Prisa. Al d\u00eda siguiente me llamaron para pedirme que me fuera.<\/p>\n<p>P.- \u00bfQue piensa sobre el informativo de Gabilondo? \u00bfy sobre Cuatro?<\/p>\n<p>R.- El informativo me da igual, me encanta la libertad de expresi\u00f3n y la pluralidad de opiniones, aunque me parece que los ministros de todos no deber\u00edan hacer de reporteros de una cadena en particular. Lo que me preocupa much\u00edsimo es que Cuatro haya salido en contra de los acuerdos firmados en televisi\u00f3n an\u00e1l\u00f3gica y anteponi\u00e9ndose a los derechos adquiridos por otras dos empresas y que, para colmo, y con el fin de meterla con calzador en la tarta publicitaria, le quiten publicidad a la Uno, con lo que correremos los espa\u00f1olitos con los gastos y ganar\u00e1 el de siempre, Polanco. Es escandaloso.<\/p>\n<p>P.- Hola Cristina, me gustar\u00eda saber c\u00f3mo compatibilizas tu vida laboral y familiar \u00bfc\u00f3mo afecta a la educaci\u00f3n de tus hijos? Un fuerte abrazo y sigue firme.<\/p>\n<p>R.- Siempre digo que no la compatibilizo. Me limito a dejar de hacer todo lo que mi madre hac\u00eda por m\u00ed. Eso nos causa mucho sufrimiento a mi marido, a mis hijos y a m\u00ed. Algo hay que hacer. Creo que hombres y mujeres deber\u00edamos trabajar la mitad, pero no soy un buen ejemplo.<\/p>\n<p>P.- \u00bfComo convencer\u00edas a alguien que no sintoniza la Cope para que escuchase tu programa? Muchas gracias.<\/p>\n<p>R.- Le dir\u00eda lo mismo que le digo a la gente sobre la Prensa: lea todos los peri\u00f3dicos de vez en cuando.<\/p>\n","protected":false},"excerpt":{"rendered":"<p>Presenta y dirige La tarde con Cristina en la Cadena COPE. De lunes a viernes de cuatro a siete de la tarde repasa la actualidad en el magazine. Cristina L\u00f3pez Schlichting lleg\u00f3 a la radio desde el periodismo escrito (ABC y EL MUNDO) y conducir un programa era una nueva experiencia. Ella inaugura la ronda de encuentros con las protagonistas de la radio en esta franja horaria.<\/p>\n","protected":false},"author":1,"featured_media":0,"comment_status":"open","ping_status":"open","sticky":false,"template":"","format":"standard","meta":{"footnotes":""},"categories":[],"tags":[],"class_list":["post-5270","post","type-post","status-publish","format-standard","hentry"],"_links":{"self":[{"href":"https:\/\/intervius.com\/index.html\/wp-json\/wp\/v2\/posts\/5270","targetHints":{"allow":["GET"]}}],"collection":[{"href":"https:\/\/intervius.com\/index.html\/wp-json\/wp\/v2\/posts"}],"about":[{"href":"https:\/\/intervius.com\/index.html\/wp-json\/wp\/v2\/types\/post"}],"author":[{"embeddable":true,"href":"https:\/\/intervius.com\/index.html\/wp-json\/wp\/v2\/users\/1"}],"replies":[{"embeddable":true,"href":"https:\/\/intervius.com\/index.html\/wp-json\/wp\/v2\/comments?post=5270"}],"version-history":[{"count":0,"href":"https:\/\/intervius.com\/index.html\/wp-json\/wp\/v2\/posts\/5270\/revisions"}],"wp:attachment":[{"href":"https:\/\/intervius.com\/index.html\/wp-json\/wp\/v2\/media?parent=5270"}],"wp:term":[{"taxonomy":"category","embeddable":true,"href":"https:\/\/intervius.com\/index.html\/wp-json\/wp\/v2\/categories?post=5270"},{"taxonomy":"post_tag","embeddable":true,"href":"https:\/\/intervius.com\/index.html\/wp-json\/wp\/v2\/tags?post=5270"}],"curies":[{"name":"wp","href":"https:\/\/api.w.org\/{rel}","templated":true}]}}