{"id":5262,"date":"2005-11-17T00:00:00","date_gmt":"2006-11-06T00:00:00","guid":{"rendered":"https:\/\/intervius.com\/index.html\/?p=5262"},"modified":"2006-11-06T00:00:00","modified_gmt":"2006-11-06T00:00:00","slug":"Olga_Viza5262","status":"publish","type":"post","link":"https:\/\/intervius.com\/index.html\/Olga_Viza5262\/","title":{"rendered":"Olga Viza"},"content":{"rendered":"<p>Pregunta.- \u00bfC\u00f3mo se lleva la presi\u00f3n de la audiencia? \u00bfen radio es m\u00e1s &#8220;light&#8221;?<\/p>\n<p>Respuesta.- Hola a todos. Lo primero perd\u00f3n por el retraso, os podr\u00eda hacer una cr\u00f3nica de la relaci\u00f3n tr\u00e1fico-niebla. \u00bfPresi\u00f3n por las audiencias? Rotundamente no es la misma que en televisi\u00f3n. El EGM es una experiencia nueva en mi vida. No hay d\u00eda en el que no recuerde aquel minuto a minuto de la televisi\u00f3n. En cualquier caso, el EGM es una buena referencia, es una orientaci\u00f3n necesaria, aunque en RNE no peleamos por la publicidad. A\u00fan no s\u00e9 exactamente c\u00f3mo funciona la medici\u00f3n pero me dicen que no se tienen en cuenta poblaciones menores de 10.000 habitantes. (Y ah\u00ed tenemos una gran penetraci\u00f3n).<\/p>\n<p>P.- Hola, Olga, te escucho casi todas las tardes y aprovecho esta ocasi\u00f3n para felicitarte por tu espl\u00e9ndido magazine. Lo hac\u00e9is genial. Ameno y cultural. Sigue as\u00ed. Aprovecho para pedirte que entrevistes a Soledad Pu\u00e9rtolas, mi escritora favorita. \u00bfhas le\u00eddo su \u00faltimo libro? Te lo recomiendo. Un besazo<\/p>\n<p>R.- Gracias por escucharnos. Y en contraprestaci\u00f3n, te anuncio que Soledad Pu\u00e9rtolas estar\u00e1 pronto en El tranvia.<\/p>\n<p>P.- Hola Olga, sin duda eres un referente period\u00edstico en este pa\u00eds, \u00bf qu\u00e9 hechas de menos como presentadora de un informativo televisivo? gracias y suerte. \u00e1lvaro, madrid<\/p>\n<p>R.- La radio es tan invasora que no me permite echar de menos la televisi\u00f3n. (Aunque es un medio que yo amo profundamente, he crecido all\u00ed). No se echa de menos el informativo, hecho de menos a las personas con quienes lo hac\u00eda.<\/p>\n<p>P.- Querida Olga: para m\u00ed siempre ser\u00e1s \u00abla chica de los deportes\u00bb. Nadie hasta la fecha ha dirigido este tipo de programas con tanta profesionalidad (que conste que no estoy menospreciando tu paso por A\u00b7). Ahora no vivo en Espa\u00f1a, pero me gustar\u00eda saber cuando se te puede escuchar por internet. \u00a1Un abrazo guap\u00edsima!<\/p>\n<p>R.- Se nos puede escuchar todas las tardes de 5 a 8 en la web de RNE: www.rtve.es\/rne\/ Gracias por lo que comentas de aquella etapa deportiva que pas\u00f3 ya hace muchos a\u00f1os pero debo decirte que ese es uno de los recuerdos que llevo intactos.<\/p>\n<p>P.- \u00bfC\u00f3mo valoras la segunda temporada de\u00f1l Tranv\u00eda respecto a la primera? Yo me subo muchas tardes&#8230;<\/p>\n<p>R.- Lo importante es vuestra valoraci\u00f3n. Hace un a\u00f1o yo era una novata en la radio y gracias a la gente que me rodea en el programa no fue traum\u00e1tico entrar en un mundo nuevo para mi. En la segunda etapa hemos intentado corregir ritmos, contenidos, pero creo que acertamos en el tono desde el primer momento. Gracias all\u00e1 donde est\u00e9s.<\/p>\n<p>P.- Hola Olga, hay mucha gente que te echa en falta en TV. Es una realidad que la camara te quiere, \u00bfTe gustaria volver a TV? \u00bfPublica o Privada?. Gracias<\/p>\n<p>R.- Antes dec\u00eda que un medio tan intenso como la radio no te permite echar de menos la televisi\u00f3n. Yo he hecho durante 26 a\u00f1os televisi\u00f3n, como puedes imaginar forma parte de mi y siempre ser\u00e1 una posibilidad. Si alg\u00fan d\u00eda vuelvo (vaya usted a saber) lo har\u00eda con un producto que a mi me apasionara, lo de menos es si p\u00fablica o privada.<\/p>\n<p>P.- Buenos d\u00edas. Yo tambi\u00e9n soy periodista como t\u00fa y admiro tu carrera profesional. A m\u00ed, despu\u00e9s de 13 a\u00f1os trbajando en una emisora de radio, me pas\u00f3 lo mismo que a t\u00ed. Gracias por tus servicios, has trabajado muy bien , pero no contamos contigo. Me gustar\u00eda saber cu\u00e1l fue tu reacci\u00f3n y c\u00f3mo lo asimilastes. Mercedes<\/p>\n<p>R.- Duele. Duele mucho. Pero como a partir de ese momento no sirven de nada ni las nostalgias ni lo traum\u00e1tico de la situaci\u00f3n, lo importante es construir a partir de ese momento. Yo s\u00e9 que no me fui por hacerlo mal, de modo que con la conciencia tranquila decid\u00ed tirar para adelante. Lamento que t\u00fa hayas vivido esa experiencia. Y espero que ahora puedas estar diciendo que te va bien.<\/p>\n<p>P.- Hola Olga! Hasta donde puede llegar el interes politico en una redacci\u00f3n?<\/p>\n<p>R.- En una redacci\u00f3n, pocas veces hay inter\u00e9s pol\u00edtico. En un grupo editorial, es otro cantar. Los profesionales, los redactores, los periodistas normalmente solo aspiramos a contar las cosas y a veces somos v\u00edctimas de imagenes predeterminadas que hay sobre tal o cual medio.<\/p>\n<p>P.- que relacion guarada con matias prats? Un saludo y animo Marcos<\/p>\n<p>R.- Mat\u00edas es fundamentalmente mi amigo. Lo es desde hace m\u00e1s de 20 a\u00f1os. Te dir\u00eda que cenamos o comemos m\u00e1s que antes. (Aprovecho, por si lo lee, para recordarle a Mat\u00edas que me debe una cena).<\/p>\n<p>P.- Un nuevo canal cuatro. Me parece un poquito manipulado por los ideales del gobierno \u00bfno te parece?<\/p>\n<p>R.- Cr\u00e9eme si te digo que s\u00f3lo pude ver el d\u00eda del arranque. De modo que no puedo juzgar lo que tu me apuntas. Entiendo que lo digas por todo lo que ha envuelto al nacimiento de ese canal pero es necesario verlo antes de juzgarlo.<\/p>\n<p>P.- Hola Olga, espero que te vaya bien despu\u00e9s de tu etapa Antena 3 TV. \u00bfNo te has planteado hacer un programa deportivo en alguna televisi\u00f3n?<\/p>\n<p>R.- No. No me lo he planteado y entender\u00e1s el porqu\u00e9. Durante los 15 a\u00f1os en los que me dediqu\u00e9 a la informaci\u00f3n deportiva, nosotros impregnamos un car\u00e1cter polideportivo a la informaci\u00f3n y eso me gustaba. Ahora eso no tendr\u00eda cabida. \u00bfO existe algo m\u00e1s que el f\u00fatbol?<\/p>\n<p>P.- Buenos d\u00edas Olga, te quer\u00eda preguntar una curiosidad, t\u00fa que has presentado informaci\u00f3n deportiva, \u00bfhas practicado alg\u00fan deporte?y \u00bfcu\u00e1l es tu favorito?. Mar\u00eda de Madrid<\/p>\n<p>R.- Claro que lo he practicado. Otra cosa es el c\u00f3mo. Quiero decirte que soy una mala jugadora de golf, mala esquiadora, mala jugadora de tenis, regular jugadora de squash, mejor nadadora y ahora me aplico en el Pilates. Como ver\u00e1s, mi curriculum en este sentido es el de un voluntarioso.<\/p>\n<p>P.- En los medios, y en todas las empresas, existe la posibilidad de \u201ccontratar\u201d becarios (sin contrato), incluso licenciados. No cree que el abuso de esta posibilidad est\u00e1 llevando a que los despidos en plantilla resulten rentables? Un saludo con mucho cari\u00f1o de otra ex de Antena 3<\/p>\n<p>R.- Tienes raz\u00f3n y eso ocurre. Pero tiene dos lecturas: es magn\u00edfico que tengan entrada j\u00f3venes con nuestos estilos y nuevas ideas en un mercado cada vez m\u00e1s complicado y saturado pero eso bajo ning\u00fan concepto debe ir en detrimento de la experiencia y la solidez de otros que desde el punto de vista empresarial, desde luego es m\u00e1s caro.<\/p>\n<p>P.- Buenos d\u00edas! \u00bfPor que estudi\u00f3 periodismo y en que medio so\u00f1aba trabajar? Yo estudi\u00e9 periodismo porque quer\u00eda cambiar el mundo y ahora estoy en una oficina escribiendo notas de prensa&#8230; iron\u00edas de la vida!!! Un abrazo, Supy.<\/p>\n<p>R.- Decidir a los 16 a\u00f1os qu\u00e9 quieres ser es una crueldad. Hubo muchos motivos que me impulsaron al Periodismo, formaba parte de mis juegos, me gustaba mucho escribir, ten\u00eda un abuelo que me impulsaba a ello pero no te extra\u00f1e si te digo que me apunt\u00e9 porque mis amigos se apuntaron. Una vez en la Facultad quer\u00eda ser reportera, el sue\u00f1o era ir a los sitios y poder contarlo. Tuve suerte y espero que tu la tengas. Todo es susceptible de cambiar.<\/p>\n<p>P.- \u00bfCree que tiene mucha influencia en el que sus oyentes la elijan el hecho de no tener publicidad en su cadena? Yo personalmente escojo RNE por que no aguanto la publicidad (obviamente lo que escucho me gusta)<\/p>\n<p>R.- Te agradezco que nos elijas, aunque s\u00f3lo sea por lo de la publicidad. Claro que tiene influencia no tener publicidad, desde el punto de vista de quienes hacemos esa radio significa hacer un 40% m\u00e1s de radio que el resto en cada hora. Nuestras horas son netas. Eso es magn\u00edfico para un profesional y sabemos que tambi\u00e9n lo es para el oyente.<\/p>\n<p>P.- Hola Olga. En los EEUU hay un creciente movimiento de &#8220;desconexi\u00f3n&#8221; de la audiencia hacia los medios de comunicaci\u00f3n, llevado por la clara manipulaci\u00f3n que los &#8220;mass-media&#8221; ejercen sobre la opini\u00f3n p\u00fablica. Crees que en Espa\u00f1a existe tambi\u00e9n tal hartazgo? Los medios de comunicaci\u00f3n seguir\u00e1n siendo formadores de opini\u00f3n o meros entretenimientos?. Gracias<\/p>\n<p>R.- En EEUU se plantea desde un tiempo la reflexi\u00f3n sobre el papel de los medios, cu\u00e1l es su lugar, cu\u00e1l es su papel en la sociedad y en relaci\u00f3n al poder. Ese ejercicio es necesario en todos los rincones del planeta. Es l\u00edcita la opini\u00f3n. No lo es la manipulaci\u00f3n. Es l\u00edcito ser contrapoder y es perverso ser brazo del poder. Pero por encima de todo, hay algo soberano y es que leer un peri\u00f3dico u otro, escuchar una u otra emisora, ver un canal de televisi\u00f3n u otro es un referendum diario en manos del ciudadano. Yo soy de las que ve, escucha y lee todo lo que puede, y luego se llama semi\u00f3tica.<\/p>\n<p>P.- Olga desprendes elegancia, inteligencia y sensualidad. S\u00f3lo quer\u00eda felicitarte por tu carrera y preguntarte: \u00bfc\u00f3mo y d\u00f3nde te gustar\u00eda encontrarte dentro de 20 a\u00f1os? Un beso<\/p>\n<p>R.- !Caramba! Un mill\u00f3n de gracias. \u00bfDentro de 20 a\u00f1os? No s\u00e9 donde, s\u00ed s\u00e9 c\u00f3mo. Tranquila pero con inquietudes. Ser\u00eda suficiente.<\/p>\n<p>P.- Olga, \u00bfNo te parece que tu salida de antena3 pudo estar motivada por el posicionamiento tan personal que tuviste en el escandalo de la Asamblea de Madrid? Recuerdo tu total indignaci\u00f3n en la entrevista a Tamayo y creo que un periodista de telediario objetivo no debe dejarse influenciar por la noticia.<\/p>\n<p>R.- Te voy a contar c\u00f3mo fue aquello. Ese d\u00eda excepcionalmente yo llegu\u00e9 a la redacci\u00f3n sobre las Me dijeron que iba a estar Tamayo y S\u00e1ez. Me pareci\u00f3 un bombazo. Preparamos la entrevista los dos presentadores junto con el editor del informativo. Te quiero recordar que los hechos de la Asamblea se hab\u00edan producido esa misma ma\u00f1ana. Todas las preguntas se plantearon desde la perplejidad que viv\u00eda la clase pol\u00edtica y los ciudadanos. De hecho, la primera pregunta fue \u00bfPor qu\u00e9? y la segunda \u00bfQu\u00e9 le dice, se\u00f1or Tamayo, a quienes le han votado?. Eso no es indignaci\u00f3n, solo persegu\u00edamos que nos contaran la verdad. Si ese fue el detonante de mi salida, lo ignoro. Pero ser\u00eda triste. All\u00ed solo intentamos hacer una entrevista netamente period\u00edstica. Quienes la hicimos no ten\u00edamos el m\u00e1s m\u00ednimo inter\u00e9s pol\u00edtico.<\/p>\n<p>P.- Olga, \u00bfte quieres casar conmigo?<\/p>\n<p>R.- Ja, ja, ja.<\/p>\n<p>P.- Hola Olga&#8230; como habras experimentado esta manyana los atascos son insufribles. Yo tardo 2 horas en llegar a casa todas las tardes. No paso tanto tiempo al dia con nadie como contigo. Gracias por ser esa &#8220;amiga&#8221; en la distancia!! Enhorabuena por ese trabajo y esa alegria!<\/p>\n<p>R.- Es curioso. Me acabas de descubrir que los atascos son los grandes aliados de la radio. Gracias por ser un amigo en la distancia y procura ir siempre por el camino m\u00e1s complicado, as\u00ed nos escuchar\u00e1s m\u00e1s.<\/p>\n<p>P.- Olga, que grado de responsabilidad crees que teneis los periodistas en lo que se refiere a la situacion injusta del mundo actual?por ejemplo, llevamos a\u00f1o y medio discutiendo un t\u00e9rmino (nacion) mientras la gente se muere de hambre. eso no sale en los telediarios. que piensas?<\/p>\n<p>R.- \u00bfQu\u00e9 grado de responsabilidad? Alto, muy alto. Desde luego es muy importante discutir ciertas cosas, como el t\u00e9rmino naci\u00f3n. Lo imperdonable es obviar asuntos extraordinariamente urgentes como el que apuntas. Te voy a contar algo: ayer mismo el director de la televisi\u00f3n de la ONU me contaba que cuando ellos tuvieron noticia de la hambruna que pod\u00eda matar a tanta gente en el N\u00edger quisieron difundir la noticia, apenas si aparecieron unos pocos breves en peri\u00f3dicos del \u00e1rea franc\u00f3fona. Cuando la gente empez\u00f3 a morir en el N\u00edger, Naciones Unidas envi\u00f3 una c\u00e1mara y el mundo entero descubri\u00f3 una situaci\u00f3n sobre la que nadie hab\u00eda reparado cuando se di\u00f3 la alarma, se recaudaron millones y millones de d\u00f3lares en muy poco tiempo. Las cosas funcionan lamentablemente as\u00ed.<\/p>\n<p>P.- has sentido en los ultimos a\u00f1os alguna presi\u00f3n contra tu libertad de expresi\u00f3n?No hacen falta nombres, claro?Es mas facil triunfar en la radio si te posicionas claramente?Muchas gracias y que sigas tan guapa<\/p>\n<p>R.- \u00bfSi he sentido alguna presi\u00f3n? S\u00ed. Es m\u00e1s, no creo que haya un solo periodista que no haya pasado por esto. Respecto a la segunda pregunta, no creo que el triunfo dependa de eso.<\/p>\n<p>P.- Hola Olga \u00bfQu\u00e9 tal est\u00e1n Do\u00f1a Mar\u00eda y el Ciudadano Garc\u00eda? Un saludo<\/p>\n<p>R.- Espero que a estas horas est\u00e9n trabajando, pero perm\u00edteme que en el caso del Ciudadano tenga alguna duda. Do\u00f1a Mar\u00eda imagino que estar\u00e1 inmersa en alguna &#8220;poblematica&#8221;. En un ratito les veo.<\/p>\n<p>P.- No existen periodicos de titularidad publica y nadie se queja de ello. \u00bfPor que deben existir una radio y una television publicas? \u00bfPor qu\u00e9 esos medios son &#8220;un servicio publico&#8221; y no la prensa escrita?<\/p>\n<p>R.- Deber\u00edas preg\u00fantarselo a los diferentes gobiernos que no apostaron por eso, por una prensa escrita p\u00fablica. Si existiera, no nos extra\u00f1ar\u00eda.<\/p>\n<p>P.- Mesura, inteligencia, tono, buen gusto. \u00bfC\u00f3mo te atreves a poner a David Bowie a las 6 de la tarde? Extraordinario programa. Enhorabuena.<\/p>\n<p>R.- Poner a David Bowie a las seis de la tarde me parece incuestionable. Otra cosa es escuchar a esos grupos que los lunes trae el Mono Burgos al programa. (Rock duro, heavy, metal..). Yo eso s\u00ed lo cuestionar\u00eda pero curiosamente a los oyentes les encantan las propuestas del Mono.<\/p>\n<p>P.- \u00bfQU\u00c9 OPINA DE LA COLEGIACION DE LOS PERIODISTAS? \u00bfNO SERIA UNA POSIBLE SOLUCION A TANTO INTRUSISMO EN LOS MEDIOS? GRACIAS<\/p>\n<p>R.- Ya sabes que estamos en pleno debate sobre este &#8220;otro Estatuto&#8221;. En cualquier caso, hay intrusismos incluso necesarios, y me refiero a aut\u00e9nticos especialistas en una u otra materia.<\/p>\n<p>P.- Olga eres la Mejor. Cuando vamos a poder disfrutar contigo en TV, Ojala sea pronto y junto a Matias. Un sue\u00f1o La Mejor y El Mejor juntos.<\/p>\n<p>R.- Gracias en mi nombre&#8230; y en el de Mat\u00edas tambi\u00e9n. Solo puedo decirte que mi mundo ahora lo ocupa la radio y que es uno de los m\u00e1s felices descubrimientos con los que me he encontrado. La radio, adem\u00e1s, es un magn\u00edfico refugio para quienes entendemos el Periodismo de una determinada manera.<\/p>\n<p>P.- \u00bfqu\u00e9 has puesto en la porra del madrid barsa? Vais a palmar.Besos de chiflis<\/p>\n<p>R.- Esc\u00fachame Chiflis, es probable que palmemos, aunque plant\u00e9ate la posibilidad de que la oraci\u00f3n se vuelva en pasiva. No te pongas chulito que un s\u00f3lo partido no hace a un equipo y \u00bfme vas a decir que el Bar\u00e7a no da envidia?<\/p>\n","protected":false},"excerpt":{"rendered":"<p>Dirige y presenta El tranv\u00eda de Olga en Radio 1 de RNE, magac\u00edn vespertino que aborda la actualidad informativa. Sus oyentes sintonizan la emisora de lunes a viernes de cinco a ocho de la tarde. Olga Viza, icono cat\u00f3dico tras su paso por distintos programas e informativos, se enfrenta a su segunda temporada en las tardes radiof\u00f3nicas.<\/p>\n","protected":false},"author":1,"featured_media":0,"comment_status":"open","ping_status":"open","sticky":false,"template":"","format":"standard","meta":{"footnotes":""},"categories":[],"tags":[],"class_list":["post-5262","post","type-post","status-publish","format-standard","hentry"],"_links":{"self":[{"href":"https:\/\/intervius.com\/index.html\/wp-json\/wp\/v2\/posts\/5262","targetHints":{"allow":["GET"]}}],"collection":[{"href":"https:\/\/intervius.com\/index.html\/wp-json\/wp\/v2\/posts"}],"about":[{"href":"https:\/\/intervius.com\/index.html\/wp-json\/wp\/v2\/types\/post"}],"author":[{"embeddable":true,"href":"https:\/\/intervius.com\/index.html\/wp-json\/wp\/v2\/users\/1"}],"replies":[{"embeddable":true,"href":"https:\/\/intervius.com\/index.html\/wp-json\/wp\/v2\/comments?post=5262"}],"version-history":[{"count":0,"href":"https:\/\/intervius.com\/index.html\/wp-json\/wp\/v2\/posts\/5262\/revisions"}],"wp:attachment":[{"href":"https:\/\/intervius.com\/index.html\/wp-json\/wp\/v2\/media?parent=5262"}],"wp:term":[{"taxonomy":"category","embeddable":true,"href":"https:\/\/intervius.com\/index.html\/wp-json\/wp\/v2\/categories?post=5262"},{"taxonomy":"post_tag","embeddable":true,"href":"https:\/\/intervius.com\/index.html\/wp-json\/wp\/v2\/tags?post=5262"}],"curies":[{"name":"wp","href":"https:\/\/api.w.org\/{rel}","templated":true}]}}