{"id":5252,"date":"2005-11-29T00:00:00","date_gmt":"2006-11-06T00:00:00","guid":{"rendered":"https:\/\/intervius.com\/index.html\/?p=5252"},"modified":"2006-11-06T00:00:00","modified_gmt":"2006-11-06T00:00:00","slug":"Santiago_Botello_y_Angel_Moya5252","status":"publish","type":"post","link":"https:\/\/intervius.com\/index.html\/Santiago_Botello_y_Angel_Moya5252\/","title":{"rendered":"Santiago Botello y \u00c1ngel Moya"},"content":{"rendered":"<p>Pregunta.- Hola. Buenas tardes. \u00bfCu\u00e1les son los puntos d\u00e9biles de est\u00e1s bandas? \u00bfEst\u00e1n protegidas, por alguien m\u00e1s, fuera de sus amistades?<\/p>\n<p>Respuesta.- Hoy por hoy est\u00e1n muy controladas por las fuerzas de seguridad del estado. Sus principales l\u00edderes est\u00e1n en prisi\u00f3n. No se si llamarle &#8220;protecci\u00f3n&#8221; pero los latin kings espa\u00f1oles les deben respeto a los l\u00edderes de Ecuador y Chicago. Ese es una de las amenazas de estas bandas, que alg\u00fan d\u00eda, uno de esos reyes con experiencia criminal lleguen hasta aqu\u00ed para hacerse cargo de la &#8220;Sagrada Tribu de los Latin Kings Am\u00e9rica Espa\u00f1a&#8221;&#8230;<\/p>\n<p>P.- Una de las propuestas que he escuchado en los medios de comunicaci\u00f3n para dar una soluci\u00f3n de las bandas callejeras es legalizarlas para tener un registro y un control de sus miembros. \u00bfQu\u00e9 opinan sobre esta propuesta?<\/p>\n<p>R.- UN sacerdote que trabaja con estas bandas en EE.UU. acaba de visitar Barcelona. Al parecer all\u00ed los Latin Kings y los \u00d1etas (sus principales enemigos) quieren firmar la paz y legalizarse. En Madrid tendremos que esperar un poco m\u00e1s. De todos modos, la polic\u00eda no es es muy optimista con este tipo de iniciativas.<\/p>\n<p>P.- Es Madrid un lugar en el que esconder temporalmente a miembros de estas bandas de ciudades como Chicago, L.A. o Miami?<\/p>\n<p>R.- No que sepamos. Pero podr\u00eda ser. Eric, el fundador de La &#8220;Sagrada Tribu&#8221; en Espa\u00f1a era un rey coronado en Ecuador que lleg\u00f3 a nuestro pa\u00eds huyendo de problemas con la justicia. A los tres meses, fund\u00f3 &#8220;la naci\u00f3n&#8221;.<\/p>\n<p>P.- \u00bf Cree que los movimientos de bandas callejeras responden a la actual situaci\u00f3n de desintegraci\u00f3n de j\u00f3venes inmigrantes que est\u00e1n desarraigados de sus pa\u00edses y culturas pero que tampoco adquieren como suya a la espa\u00f1ola?<\/p>\n<p>R.- Es posible. Alguno de los Latin con los que hablamos en nuestra investigaci\u00f3n responde a ese modelo y esa supuesta lucha por la &#8220;supremacia de la raza latina&#8221; es uno de los principios que abanderan este tipo de organizaciones.<\/p>\n<p>P.- Buenas tardes. Soy de Murcia y hace poco sali\u00f3 publicado un suceso entre bandas de &#8220;latin&#8221; y &#8220;\u00f1etas&#8221;, por un reparto territorial. Hasta ese momento, las autoridades negaban su existencia en la zona. \u00bfporqu\u00e9 esta reticencia a admitir que nos rodean de forma alarmante?. Gracias<\/p>\n<p>R.- No creo que existan reticencias a admitir problemas. M\u00e1s bien creo que existe temor a sembrar el alarmismo. Nosotros hemos detectado que este es un problema que destapa facilmente un sentimiento racista y existe un serio problema a que identifiquemos &#8220;bandas latinas&#8221; y &#8220;delincuencia&#8221; con inmigraci\u00f3n.<\/p>\n<p>P.- son realmente un peligro para el ciudadano de a pie?<\/p>\n<p>R.- Son un peligro para la convivencia y una amenaza para despertar esos brotes racistas de los que hablaba. Algunos docentes dicen que est\u00e1n suponiendo un problema dram\u00e1tico en sus aulas. No creo que amenacen nuestra vida cotidiana. Es m\u00e1s, hay &#8220;latin Kings&#8221; buenos, que defienden unos ideales de igualdad y de ayuda mutua. Pero hay otros que est\u00e1n destrozando familias. Captan ni\u00f1as muy j\u00f3venes y las inician en ritos sexuales y les aplican castigos si no pagan la cuota semanal (entre 5 y 15 euros). Margarita, una de las protagonistas de nuestro libro, que vio como su hija se convirti\u00f3 en reina nos dijo que son &#8220;como un cancer, se te meten dentro y, cuando te quieres dar cuenta te han devorado las entra\u00f1as&#8221;<\/p>\n<p>P.- Creen ustedes que el actual modelo social nos lleva a una situacion parecida a la de Francia? \u00bfHan tomado las gobiernos apuntes de esas cuestiones con el fin de evitar esas situaciones?Gracias.<\/p>\n<p>R.- En nuestra opini\u00f3n, en Francia el problema es muy distinto. Se trata de un brote violento de inmigrantes que llevan a\u00f1os viviendo all\u00ed y que quieren una integraci\u00f3n. El problema con esos Latin Kings &#8220;malos&#8221; es que no se quieren integrar. Viven en una sociedad secreta criminal en la que impera la ley del miedo y la del silencio. Cuanto menos se conozca de ellos, mejor. En cuanto a la pregunta del gobierno creo que nuestras fuerzasd de seguridad han actuado r\u00e1pido y muy bien. El problema es que muchas veces la amenenaza de estas pandillas consisten en agresiones que son brutales para quien las padece pero que apenas son penadas por nuestra legislaci\u00f3n.<\/p>\n<p>P.- Observo que no hay foto vuestra en el encuentro. \u00bfHab\u00e9is tenido ya problemas por este libro? Suerte y gracias. Lo leer\u00e9. Antonio (Alicante)<\/p>\n<p>R.- Antonio, ese tipo de preguntas no se contestan nunca, por no dar ideas&#8230; A ver si te gusta el libro. Si decides echarle valor, no dejes de escribirnos con tu opini\u00f3n. Encontrar\u00e1s nuestro email en la solapa.<\/p>\n<p>P.- \u00bfDetectan un perfil socioecon\u00f3mico est\u00e1ndar de los chicos espa\u00f1oles que se integran en estas bandas? \u00bfEn Madrid, hay alg\u00fan barrio m\u00e1s castigado por este problema?<\/p>\n<p>R.- Los expertos hablan de &#8220;familas desectructuradas&#8221; pero lo que nosotros hemos visto es que hay de todo. Lo que s\u00ed suele suceder con los espa\u00f1oles es que suelen contar con m\u00e1s reinas que reyes. Al parecer, las adolescentes les fascina su discurso, su aspecto de malos y su pinta de machos. En Madrid, hay varios barrios con este problema: los \u00f1etas en Vallecas y los Latin Kings en Carabanchel, arganzuela y latina.<\/p>\n<p>P.- \u00bfQu\u00e9 es lo que m\u00e1s os ha sorprendido (positiva y negativamente) al analizar el fen\u00f3meno? Saludos<\/p>\n<p>R.- No se si la respuesta es &#8220;sorpresa positiva&#8221; pero si que he sentido curiosidad por sus ritos, sus c\u00f3digos, su literatura. Esta organizaci\u00f3n tiene 65 a\u00f1os de historia y funciona como una sociedad secreta en toda regla. Creo que (si yo tuviera otra edad&#8230;) igual me hubieran podido atraer por ese lado &#8220;esot\u00e9rico&#8221;. Lo m\u00e1s duro de nuestro trabajo, hablar con las madres que ven como esos reyes les han &#8220;robado&#8221; a sus hijas.<\/p>\n<p>P.- \u00bfDetr\u00e1s de estas bandas lo que realmente hay es hacerse con el control del tr\u00e1fico de drogas en una zona determinada?\u00bfentran en conflicto con otras bandas, como las de europa del este?<\/p>\n<p>R.- A d\u00eda de hoy, no tienen poder para entrar en conflicto con ninguna banda. Intentaron hacerse con el menudeo de coca y hero\u00edna pero los clanes de etnia gitana que controlan ese negocio les echaron a patadas. Sin embargo, el \u00faltimo informe confidencial de la polic\u00eda al que hemos tenido acceso (y fechado este mismo mes) habla de que en el medio plazo podr\u00edan controlar el tr\u00e1fico de drogas y la trata de blanca.<\/p>\n<p>P.- Acabo de venir de El Salvador y all\u00ed hay pandillas llamadas &#8220;Maras&#8221;, aunque cada una tiene su nombre propio; son extremadamente violentos y peligrosos. Se sabe ya con certeza que estas pandillas est\u00e1n en Barcelona. \u00bfPuede ser esto una consecuencia de la negativa de la sociedad espa\u00f1ola a los inmigrantes, que por otro lado podr\u00eda ser incluso comprensible? \u00bfEs debido a la falta de inter\u00e9s de los inmigrantes a la inserci\u00f3n en Espa\u00f1a? \u00bfO es porque buscan nuevas fuentes de ingreso y extorsi\u00f3n?. Muchas gracias.<\/p>\n<p>R.- Alguna de esas maras ya estan llegando. Pero lo hacen como los Latin Kings. Los &#8220;malos, malos&#8221; siguen fuera. Aqu\u00ed siguen siendo considerados un &#8220;problema larbariio&#8221; y, aunque es cierto que en pa\u00edses como El Salvador las autoridades pasaron de la noche a la ma\u00f1ana de hablar de problema insignificante a &#8220;problema de seguridad nacional&#8221;, tambi\u00e9n es cierto que en nuestro pa\u00eds contamos con unas fuerzas de seguridad muy muy eficaces (se que me repito, pero lo creo de verdad)<\/p>\n<p>P.- Buenas tardes. \u00bfporqu\u00e9 creen ustedes que en algunos lugares de nuestra geograf\u00eda , las autoridades se resisten a admitir la existencia de estas bandas?. Gracias<\/p>\n<p>R.- A lo mejor, simplemente, porque no han llegado. Para los periodistas (como yo) o para las ciudadanos es f\u00e1cil identificar cualquier tipo de delito cometido por inmigrantes latinoamericanos con estas bandas. Pero no tiene porqu\u00e9 ser necesariamente as\u00ed.<\/p>\n<p>P.- \u00bfestas bandas se relacionan con nuestros hijos en las zonas de ocio, de bares, &#8230;? \u00bfcorren peligro de muerte si surge una discusi\u00f3n por cualquier tonteria?<\/p>\n<p>R.- Me gustar\u00eda decirte que no. Pero lo cierto es que en Madrid, en lo que va de a\u00f1o, ya hay cuatro v\u00edctimas mortales.<\/p>\n<p>P.- \u00bfCreen que la legislaci\u00f3n espa\u00f1ola sobre armas de fuego contendr\u00e1 de algun modo el poder que puedan llegar a alcanzar estas bandas?<\/p>\n<p>R.- No creo que tenga nada que ver la legislaci\u00f3n de armas de fuego con este tipo de problemas. Tener acceso a un arma de fuego en el mercado negro no es complicado.<\/p>\n<p>P.- Buenas tardes. \u00bfCreeen posible que se desate una guerra entre Skin Heads y bandas latinas?<\/p>\n<p>R.- ya est\u00e1n en guerra.<\/p>\n<p>P.- QUE TRATO TIENEN LAS MUJERES EN ESTAS BANDAS? UN SALUDO<\/p>\n<p>R.- Responderemos a esta pregunta desde dos puntos de vista: El rom\u00e1ntico: son reinas, la continuidad de su especia, aut\u00e9nticas emperatrices que hay que mantener entre algodones. Nunca pueden ir solas. Si una reina se levanta para ir al lavabo, cinco reyes la escoltan para que no la ocurra nada. El &#8220;otro&#8221;: entran en una comunidad machista que no las deja beber ni fumar hasta que son mayores de edad, que las obliga a tener novios s\u00f3lo entre los reyes y a guardar luto cuando rompen o les deja su pareja. Adem\u00e1s, alguna de ellas, que entr\u00f3 en la banda con edades entre los 12-14 a\u00f1os nos hablaron de ritos de iniciaci\u00f3n sexual y de camas redondas.<\/p>\n<p>P.- \u00bfCree que hay alguna soluci\u00f3n para conseguir que estas bandas desaparezcan?<\/p>\n<p>R.- No lo se. Puede que hayan venido para quedarse o puede que todo se calme cuando dejen de estar de moda. No creo que el problema sean las bandas en s\u00ed. El problema son los criminales que forman parte de estas bandas.<\/p>\n<p>P.- Buenas tardes, que edades oscila de media entre estas bandas?Son sobre todo muy jovenes?<\/p>\n<p>R.- Hoy por hoy son sobre todo adolescentes entre 12 y 17 a\u00f1os. Sus cabecillas que rondan la treintena est\u00e1n en prisi\u00f3n.<\/p>\n<p>P.- Como es posible que personas pertenecientes a bandas en sus pa\u00edses de origen hayan podido entrar y establercers en Espa\u00f1a tan libremente?<\/p>\n<p>R.- Formar parte de una banda no es un delito. No pueden detener a nadie por llevar unas cuentas colgadas del cuello o una corona de cinco puntas tatuada en el pecho. Se puede ser miembro de una banda y no tener atecedentes penales. En el caso de Eric, el padrino de esa naci\u00f3n en Espa\u00f1a, que entr\u00f3 en Espa\u00f1a tras cometer delitos en su pa\u00eds, no se c\u00f3mo lo hizo para pasar. Igual, si est\u00e1 &#8220;entre nosostros&#8221;, quiere contestarnos.<\/p>\n<p>P.- Buenas tardes. Espero que su libro tenga el \u00e9xito que necesita para concienciar tanto a los integrantes de la banda como a los que residimos en Espa\u00f1a. \u00bfEs tan fuerte la jerarqu\u00eda establecida en estas bandas como para matar, robar, etc. por orden directa de un jefe?<\/p>\n<p>R.- Como cualquier organizaci\u00f3n piramidal s\u00f3lo manda uno. Y sus ordenes son obedecidas sin contemplaciones. Su sagrada literatura lo establece claramente as\u00ed en alguno de sus art\u00edculos. Estos l\u00edderes pueden llegar a ser muy violentos. En Ecuador, al parecer, no te coronan rey sin cometer un delito de sangre. Aqu\u00ed, afortunadamente, no es as\u00ed.<\/p>\n<p>P.- \u00bfNo creen que la excesiva atenci\u00f3n que los medios est\u00e1n dedicando a estas bandas puede puede hacer de &#8220;efecto llamada&#8221; para algunos j\u00f3venes? \u00bfNo ser\u00eda mejor dejar actuar a la polic\u00eda y que estas bandas encontraran el menor eco social posible?<\/p>\n<p>R.- No lo se. Los periodistas nos ganamos la vida contando lo que pasa. y esto de las bandas latinas est\u00e1 pasando.<\/p>\n<p>P.- Buenas tardes. \u00bfQu\u00e9 quiere decir con que est\u00e1n en guerra los Skin Heads y las Bandas Latinas? Muchas gracias.<\/p>\n<p>R.- Perd\u00f3n. Creo que mi respuesta ha sido demasiado abierta y un poco &#8220;terrorista&#8221;. el enfrentamiento es m\u00e1s bien dial\u00e9ctico y se concentra en algunos chats. Que yo sepa no ha habido peleas entre ellos. Cuando los Latin Kings hablan de defender la &#8220;supremac\u00eda de la raza latina&#8221; lo hacen por oposici\u00f3n a la &#8220;supremacia de la raza blanca&#8221; que hacen los Skin. Hoy por hoy no hay una guerra violenta abierta. Las principales v\u00edctimas de los Latin Kings suelen ser los \u00d1etas, otra banda latina.<\/p>\n<p>P.- \u00bfQu\u00e9 otras 9 bandas habeis investigado? \u00bfSon tan peligrosas como las dos primeras? Gracias.<\/p>\n<p>R.- Hemos hablado con alguna otra banda como La Mara Salvatrucha. Pero as\u00ed en profundida s\u00f3lo hemos investigado a los Latin Kings y los \u00d1etas. El resto son variaciones sobre el mismo tema. Los m\u00e1s poderosos, los que tienen m\u00e1s tradici\u00f3n criminal con c\u00f3digos de conducta por escrito que marcan sus propias leyes, son esas tres. Y de ellas, s\u00f3lo los Latin Kings y los \u00d1etas est\u00e1n asentados en nuestro pa\u00eds.<\/p>\n<p>P.- a parte de su banda rival (los \u00d1etas), \u00bfsobre que estrato social o racial vuelcan sus odios esta banda?<\/p>\n<p>R.- su literatura dice que luchan contra todo lo que suponga un abuso contra lo latino y el maltrato y la brutalidad policial. Por ese motivo Eric, seg\u00fan el manifesto que dej\u00f3 por escrito, decide fundar esta banda y jura que &#8220;nunca iban a tocar a un latino si nosotros lo podemos evitar&#8221; por eso forma &#8220;la familia m\u00e1s poderosa donde sea que este, la de los ALMIGTHY LATIN KINGS &#038; QUEENS NATION&#8221; Pero lo cierto es que su principal rival son los \u00f1etas, tambi\u00e9n de raza latina.<\/p>\n","protected":false},"excerpt":{"rendered":"<p>Son los autores de Reyes Latinos (Temas de Hoy), un estudio de las bandas callejeras y la violencia que generan en las grandes ciudades. El mundo de los Latin King, los \u00d1etas y otras bandas queda al descubierto con esta investigaci\u00f3n period\u00edstica.<\/p>\n","protected":false},"author":1,"featured_media":0,"comment_status":"open","ping_status":"open","sticky":false,"template":"","format":"standard","meta":{"footnotes":""},"categories":[],"tags":[],"class_list":["post-5252","post","type-post","status-publish","format-standard","hentry"],"_links":{"self":[{"href":"https:\/\/intervius.com\/index.html\/wp-json\/wp\/v2\/posts\/5252","targetHints":{"allow":["GET"]}}],"collection":[{"href":"https:\/\/intervius.com\/index.html\/wp-json\/wp\/v2\/posts"}],"about":[{"href":"https:\/\/intervius.com\/index.html\/wp-json\/wp\/v2\/types\/post"}],"author":[{"embeddable":true,"href":"https:\/\/intervius.com\/index.html\/wp-json\/wp\/v2\/users\/1"}],"replies":[{"embeddable":true,"href":"https:\/\/intervius.com\/index.html\/wp-json\/wp\/v2\/comments?post=5252"}],"version-history":[{"count":0,"href":"https:\/\/intervius.com\/index.html\/wp-json\/wp\/v2\/posts\/5252\/revisions"}],"wp:attachment":[{"href":"https:\/\/intervius.com\/index.html\/wp-json\/wp\/v2\/media?parent=5252"}],"wp:term":[{"taxonomy":"category","embeddable":true,"href":"https:\/\/intervius.com\/index.html\/wp-json\/wp\/v2\/categories?post=5252"},{"taxonomy":"post_tag","embeddable":true,"href":"https:\/\/intervius.com\/index.html\/wp-json\/wp\/v2\/tags?post=5252"}],"curies":[{"name":"wp","href":"https:\/\/api.w.org\/{rel}","templated":true}]}}