{"id":5227,"date":"2006-01-11T00:00:00","date_gmt":"2006-11-06T00:00:00","guid":{"rendered":"https:\/\/intervius.com\/index.html\/?p=5227"},"modified":"2006-11-06T00:00:00","modified_gmt":"2006-11-06T00:00:00","slug":"Julian_Lanzarote5227","status":"publish","type":"post","link":"https:\/\/intervius.com\/index.html\/Julian_Lanzarote5227\/","title":{"rendered":"Juli\u00e1n Lanzarote"},"content":{"rendered":"<p>Pregunta.- \u00bfc\u00f3mo espera que se comporten los salmantinos cuando salgan los papeles? \u00bfqu\u00e9 les va a pedir?<\/p>\n<p>Respuesta.- Como siempre lo han hecho, los salmantinos tienen un comportamiento ejemplar y est\u00e1n comport\u00e1ndose muy dignamente ante la desmantelaci\u00f3n del patrimonio nacional. En realidad, la ecuaci\u00f3n es el rev\u00e9s, soy yo el que se comporta seg\u00fan ellos me dicen. Ellos me han pedido que convoque manifestaciones y yo lo he hecho y seguir\u00e9 haciendo lo que los salmantinos me pidan como es mi deber.<\/p>\n<p>P.- Buenos d\u00edas se\u00f1or Lanzarote. Querr\u00eda saber si Salamanca se ha echado a la calle con el respaldo de alguna cl\u00e1usula legal para evitar el traslado del archivo o por el mero hecho de tener el orgullo herido. Es m\u00e1s \u00bfse trata de un traslado o de un embargo? gracias<\/p>\n<p>R.- Se trata de un expolio y ante esa indignaci\u00f3n que produce en una ciudad culta como la m\u00eda ese tipo de tropel\u00edas culturales la gente se echa a la calle con indignaci\u00f3n. En Salamanca se entienden muy bien los temas culturales y se tiene un sensibilidad especial con la cultura, no en vano esta ciudad es Patrimonio de la Humanidad. En este sentido, no se entiende que por un pacto pol\u00edtico se desmantele el patrimonio cultural espa\u00f1ol. Personalmente, entiendo que la cultura es suficiente clausula legal.<\/p>\n<p>P.- \u00bfNo le parece inadecuado catalogar como &#8220;patrimonio cultural de Salamanca&#8221; unos documentos que fueron conseguidos mediante el saqueo, la violencia y la represi\u00f3n? \u00bfHa pensado que a lo mejor hay salmantinos que no nos consideramos orgullosos de que su m\u00e1ximo representante pol\u00edtico politice la cultura?<\/p>\n<p>R.- Yo me considero precisamente defensor de un archivo creado en 1999 por la democracia espa\u00f1ola, entonces como tal lo crea la democracia espa\u00f1ola. De todas formas, es imposible hacerse esa pregunta porque en todos los archivos, museos y exposiciones hay violencia a la hora de conseguir las obras o los documentos. Desde luego el Archivo de Indias no se cre\u00f3 de forma pac\u00edfica, todos los fondos del Museo del Prado no est\u00e1n con igual legitimidad en el Museo, del mismo modo que no s\u00e9 qu\u00e9 pensar\u00e1n los griegos de que medio Parten\u00f3n est\u00e9 en el British Museum. No puedo hacerme esa pregunta porque desde ese punto de vista no podr\u00eda gestionarse ning\u00fan bien cultural con un m\u00ednimo de historia. Lo que intento es defender un Archivo ya creado, creado en democracia y que es un bien en s\u00ed mismo. Un bien que quieren hacer desaparecer por razones pol\u00edticas.<\/p>\n<p>P.- Le da usted mucho bombo y platillo al archivo pero la ciudad necesita otras prioridades como retenci\u00f3n de suelo industrial, aumento de la poblaci\u00f3n, adem\u00e1s muchos j\u00f3venes se marchan a Madrid porque no hay trabajo y tenemos una poblaci\u00f3n envejecida. \u00bfC\u00faal es su opini\u00f3n respecto al a ello?<\/p>\n<p>R.- Hay temas en los que yo como alcalde no puedo intervenir. Esto claro, me lo tomo con humor. En el tema de la despoblaci\u00f3n ning\u00fan alcalde puede hacer m\u00e1s. Al tema de la despoblaci\u00f3n he contribuido como he podido, es decir, como individuo. En concreto, he aportado cuatro hijos a la ciudad de Salamanca. Pero qu\u00e9 ciudad del mundo -de 200.000 habitantes- puede absorber cada a\u00f1o a -por poner un ejemplo concreto- 500 periodistas que se licencian en Salamanca cada a\u00f1o. En fin, estos son argumentos demag\u00f3gicos que no conducen a nada, s\u00f3lo a la melancol\u00eda. Desde luego, a ning\u00fan alcalde compete terminar con el tema de la despoblaci\u00f3n, es un asunto fuera de sus posibilidades de acci\u00f3n. Muchas gracias.<\/p>\n<p>P.- \u00bfporqu\u00e9 habla usted de &#8220;expolio del archivo&#8221; cuando los documentos reclamados proceden de un expolio mucho m\u00e1s real y doloroso?<\/p>\n<p>R.- Ya, pero a m\u00ed la historia de atr\u00e1s no me vale. Insisito en lo que he explicado en la respuesta anterior. La cultura espa\u00f1ola no se puede expoliar, ni el Archivo, ni el Museo del Prado ni ning\u00fan otro bien cultural. Hablar\u00e9 pues siempre de expolio en este caso porque se est\u00e1 expoliando un bien cultural que es fruto de nuestra democracia.<\/p>\n<p>P.- \u00bfQu\u00e9 tal le ha sentado la sentencia del Tribunal Supremo hecha p\u00fablica ayer que declara improcedente el despido de los trabajadores de las fundaciones culturales?<\/p>\n<p>R.- Pues muy bien, porque yo creo que ha ahorrado a la ciudad un grave problema que ten\u00eda respecto de estos trabajadores. En Salamanca el despido se declar\u00f3 &#8220;nulo&#8221;, despu\u00e9s en Valladolid se declar\u00f3 &#8220;procedente&#8221; y ahora en el despido se declara improcedente seg\u00fan el Supremo. Esto significa que no hay que readmitirlos sino indemnizarlos. Con esto yo estoy contento porque le he ahorrado a la ciudad mucho dinero y muchos problemas, con lo que estoy profundamente satisfecho del resultado final. Y, para que se vea claramente que el asunto no era f\u00e1cil, es que tres tribunales distintos han dado respuestas distintas. Queda claro entonces que ni siquiera para la Justicia espa\u00f1ola el tema era f\u00e1cil. En los 10 a\u00f1os que llevo como alcalde de la ciudad de Salamanca, \u00e9sta es una de las mejores cosas que he hecho y de las que estoy m\u00e1s satisfecho.<\/p>\n<p>P.- A veces parece que el Patronato que usted preside est\u00e1 m\u00e1s pendiente del asunto de los &#8220;papeles catalanes&#8221; que del propio Archivo en si, que est\u00e1 en un estado lamentable. \u00bfO eso tambi\u00e9n es culpa del Gobierno y del Tripartito? Un investigador.<\/p>\n<p>R.- El Archivo de Salamanca est\u00e1 en magn\u00edfico estado. Pero, en todo caso, de ello se ocupa el Ministerio de Cultura de modo que yo no presido ese Patronato, lo preside la Ministra de Cultura porque el archivo es estatal, as\u00ed que no est\u00e1 usted bien informado. Pero el Archivo se encuentra en perfecto estado. Parece que este investigador que pregunta investiga m\u00e1s bien poco y ha pisado poco por el Archivo porque, quiero insistir, est\u00e1 perfecto.<\/p>\n<p>P.- \u00bf Saldr\u00e1n los papeles del Archico de Salamanca &#8220;por encima de su cad\u00e1ver&#8221;?. Saludos<\/p>\n<p>R.- No, del de Jes\u00fas M\u00e1laga, que fue el que lo dijo. Un alcalde socialista en el 9Hoy yo le deseo que no sea nunca un cad\u00e1ver pero fue \u00e9l y no yo qui\u00e9n pronunci\u00f3n la est\u00fapida frase. En todo caso, deseo que mi buen amigo Don Jes\u00fas M\u00e1laga no se muera.<\/p>\n<p>P.- No le parece que es usted que es preferible que salga el archivo de Salamanca y a cambino nos hagan la autovia Salamanca- Madrid que es mas interesante que todos los papeles del archivo juntos?<\/p>\n<p>R.- Ya, pero yo no estoy en pol\u00edtica para permutar bienes ni para cambiar cromos, yo estoy en la actividad pol\u00edtica para que permanezcan los papeles del Archivo en Salamanca y para que se haga la autov\u00eda a Madrid, para ambas cosas. Y hay otra raz\u00f3n, yo soy el alcalde de Salamanca y el Archivo est\u00e1 en la ciudad de Salamanca, la autov\u00eda, en cambio est\u00e1 en la provincia de Salamanca donde no tengo las mismas competencias ni las mismas obligaciones. Mi primera responsabilidad como alcalde es defender los intereses de la ciudad de Salamanca.<\/p>\n<p>P.- Se\u00f1or Lanzarote, como salmantino le digo que me gustar\u00eda que dedicase usted la misma energ\u00eda que dedica al tema del archivo a intentar solucionar los verdaderos problemas de nuestra ciudad. Ni la despoblaci\u00f3n, ni el precio de la vivienda, ni la falta de trabajo para los j\u00f3venes, nada de eso parece importarle. Menos pancartas y m\u00e1s pensar en los salmantinos de a pie (esos a los que su ayuntamiento tiene tan olvidados).<\/p>\n<p>R.- De acuerdo. Yo en esas materias que denuncia no tengo competencia. Soy alcalde y no es mi competencia el empleo ni la despoblaci\u00f3n. Respeto su opini\u00f3n pero debo de hacer algo por la ciudad cuando llevo siendo alcalde Salamanca 10 a\u00f1os. Seguramente la opini\u00f3n de muchos electores no es la misma que la de quien pregunta. Y agradezco a los salmantinos que hayan entendido hasta ahora que s\u00ed me ocupo de sus problemas como habitantes de esta ciudad, porque si no no me hubieran votado tres veces consecutivas con mayor\u00eda absoluta.<\/p>\n<p>P.- Alcalde: me gustar\u00eda saber porque despu\u00e9s de la reuni\u00f3n con la ministra, ha decidido no hacer m\u00e1s actuaciones en contra de la salida de los documentos. Me imagino que es muy dificil oponerse sobre todo cuando la decisi\u00f3n por parte de la ministra y del gobierno ya est\u00e1 tomada, pero por favor, no se venda como ha hecho el ministro Caldera. Gracias. Isabel Sastre S\u00e1nchez<\/p>\n<p>R.- Pues esa es una prima carnal m\u00eda. Pues no me he vendido, querida Isabel, no me he vendido. A parte de que no tengo precio, no me he vendido. Ya he dicho que en el tema del Archivo siempre har\u00e9 lo que los salmantinos me pidan. Yo no cambio de chaqueta, dec\u00eda en el 95 una cosa y sigo diciendo en 2006 la misma cosa. Ni me vendo ni hay quien me pueda comprar. Si eres mi querida prima Isabel -si no, tu nombre y apellidos coinciden ex\u00e1ctamente con los de ella- te mando much\u00edsimos recuerdos y un beso.<\/p>\n<p>P.- Parece que segir\u00e1 siendo el cantidato a la alcald\u00eda en la pr\u00f3ximas elecciones.\u00bfLe apoyar\u00e1n por la defensa que est\u00e1 haciendo del archivo o pasaran factura las numerosas sentencias en contra del ayto. en cuestiones de urbanismo y casos su ex-secretario y los an\u00f3minos de la Casa Lis, los trabajadores del consorcio 2002, el coste de las casa de la muralla&#8230;?<\/p>\n<p>R.- Lo veremos el d\u00eda 27 de mayo de 200Efectivamente me volver\u00e9 a presentar a las elecciones municipales en Salamanca y veremos lo que pasa. Hasta ese d\u00eda no sabremos qu\u00e9 es lo que ha pasado, claro.<\/p>\n<p>P.- Me gustar\u00eda conocer cual es la cantidad de dinero que destina el ayuntamiento de Salamanca para la difusi\u00f3n, conservaci\u00f3n y mantenimiento del Archivo. Se va a facilitar desde la Web del ayuntamiento el acceso a los papales del archivo<\/p>\n<p>R.- Pues hay que recordar que es un Archivo estatal y que es competencia exclusiva del Estado espa\u00f1ol en el que el Ayuntamiento no debe aportar ning\u00fan dinero. En cuanto a Internet, la red de archivos estatales tiene perfectamente informatizado todo y con f\u00e1cil acceso desde Internet. No es mi compotencia pero creo que de hehco ya puede acceder a los fondos desde la web.<\/p>\n<p>P.- Buenos d\u00edas, me gustar\u00eda saber qu\u00e9 opini\u00f3n tendr\u00edan si, por ejemplo el archivo hist\u00f3rico de la Universidad de Salamanca hubiera acabado, por motivo de una guerra fatal, en Gerona y all\u00ed siguiera. Muchas gracias.<\/p>\n<p>R.- Pues la misma que tengo ahora. Si fuera un Archivo creado por la democracia espa\u00f1ola, pues no ver\u00eda mayor problema ya que conozco el significado de la palabra Archivo, &#8220;reuni\u00f3n de documentos en un solo lugar para el estudio y la investigaci\u00f3n&#8221;. Por otro lado, eso que propone no podr\u00eda pasar nunca en Salamanca porque no tenemos ninguna intenci\u00f3n separatista y entendemos muy bien lo que significa la expresi\u00f3n cultura espa\u00f1ola y por eso sabr\u00edamos respetarla.<\/p>\n<p>P.- \u00bfQu\u00e9 cree usted que pensar\u00eda Unamuno del uso de su frase &#8220;vencereis pero no convencereis&#8221;, en relaci\u00f3n con el asunto del archivo, en la fachada del Ayuntamiento?<\/p>\n<p>R.- Pues estar\u00eda encantado porque \u00e9l, despu\u00e9s de decirla, culmin\u00f3 la frase con esta segunda mitad: &#8220;me parece in\u00fatil pediros que pens\u00e9is en Espa\u00f1a&#8221;, que es una frase redonda, como una especie de bot\u00f3n de oro para cerrar lo que est\u00e1 pasando en Salamanca con el Archivo. La primera parte de la frase, adem\u00e1s, es Patrimonio de la Humanidad, bastantes siglos antes que Don Miguel, la pronunci\u00f3 el griego Dem\u00f3stoles. Espero que ning\u00fan bisnieto de Dem\u00f3stenes se enfade por &#8220;pisarle&#8221; la frase.<\/p>\n<p>P.- Cuando una cuestion afecta a mas de una Comunidad Autonoma, no debe primar el interes general sobre el particular de una Comunidad. El traslado perjudica y abre &#8221; la caja de pandora&#8221; para el resto de comunidades en detrimento del Archivo considerado de inters nacional. Gracias, Vicente desde Sarajevo.<\/p>\n<p>R.- Estoy de acuerdo. Nosotros defendemos desde aqu\u00ed el inter\u00e9s general de Espa\u00f1a, de la cultura espa\u00f1ola. En el momento en que repartamos papeles y libros se acab\u00f3. Aqu\u00ed es donde se cuida el inter\u00e9s general, porque aqu\u00ed est\u00e1 para todos, en cuanto se fragmente, se acab\u00f3.<\/p>\n<p>P.- Parece que s\u00f3lo tiene competencia sobre el Archivo, pero en cuanto al mantenimiento, entonces la patata caliente es para la Ministra. Pero cuando la Ministra &#8220;da una orden&#8221;, entonces ya no tiene la potestad suficiente. \u00bfMe lo puede aclarar?<\/p>\n<p>R.- No entiendo su pregunta, no lo s\u00e9, me es imposible aclarar su pregunta. No s\u00e9 lo que quiere usted decirme.<\/p>\n<p>P.- Mi opini\u00f3n es que el Gobierno ha tomado como bandera de modernidad el traslado del citado archivo, algo sorprendente si se tiene en cuenta que estamos en la era de la inform\u00e1tica y que se puede acceder a cualquier archivo desde cualquier parte del mundo. Lo que te lleva a pensar que nuestro Gobierno quiere quedar bien con ERC a cualquier precio y no le interesa nada m\u00e1s.<\/p>\n<p>R.- Estoy de acuerdo. No s\u00f3lamente se trata de quedar bien, sino que est\u00e1 atrapado por un pacto pol\u00edtico que ERC le est\u00e1 obligando a cumplir. El pago de la hipoteca pol\u00edtica con los separatistas catalanes lo hace Zapatero con el archivo de Salamanca, es decir, con la cultura espa\u00f1ola, con el patrimonio de todos. Cuando los pactos, debe pagarlos el Partido Socialista y el Presidente del gobierno y no todos los espa\u00f1oles con su patrimonio.<\/p>\n<p>P.- Lanzarote, \u00bfno hay m\u00e1s medios democr\u00e1ticos para evitar la desmembraci\u00f3n del archivo?<\/p>\n<p>R.- No, hasta ahora hemos utilizado todos los que el Estado de derecho nos pone en nuestra mano y no hay m\u00e1s. Hay plena confianza en el que prospere el recurso ante el Constitucional, pero no hay nada m\u00e1s que hacer. Desde Salamanca, siempre hemos ido en este asunto con la ley en la mano.<\/p>\n<p>P.- \u00bfCu\u00e1ndo va a explicar c\u00f3mo se financia todos los gastos que suponen estas actuaciones? Algunos salmantinos creemos que existen otros problemas m\u00e1s importantes.<\/p>\n<p>R.- Se financian con el dinero de los convocantes. Hay una plataforma formada por 214 colectivos de la ciudad que mantiene los gastos que presentan nuestras actuaciones. Y no descarto que haya temas m\u00e1s importantes para usetd, pero desde luego, \u00e9ste es hoy por hoy, el m\u00e1s importante para miles de salmantinos a los que como alcalde yo me debo.<\/p>\n<p>P.- \u00bfPorqu\u00e9 no reclaman las obras de arte de Castilla y Le\u00f3n que est\u00e1n en el museo Mar\u00e9s? Quien sabe mucho de todo el expolio que se ha cometido en nuestra tierra es el salmantino D. Gonzalo Santoja. Saludos desde Valladolid.<\/p>\n<p>R.- Bueno, yo creo que hay ya iniciativas pol\u00edticas para reclamar esos bienes. Ahora se podr\u00e1 abrir en toda Espa\u00f1a una espiral de reclamaciones que nos volver\u00e1 locos a todos, propiciado todo ello por un personaje que se apellida Rodr\u00edguez Zapatero.<\/p>\n<p>P.- Se\u00f1or alcalde, me gustar\u00eda agradecerle la fuerza y energ\u00eda que invierte en evitar que salgan los papeles del archivo de la ciudad&#8230; tiene pensado en el futuro invertir la misma energ\u00eda en solucionar los problemas de delincuencia de la ciudad, as\u00ed como considerar a los barrios lim\u00edtrofes de la ciudad tambi\u00e9n de esta ciudad y no marginarlos, como est\u00e1n haciendo hasta ahora?<\/p>\n<p>R.- El tema de la delincuencia es un objetivo de la seguridad del Estado que compete al subdelegado del gobierno as\u00ed que debiera usted hacerle llegar esta inquietud a quien competa. Desde hace 10 a\u00f1os dedico una gran parte de mi esfuerzo personal y pol\u00edtico en mejorar toda Salamanca, tambi\u00e9n los barrios lim\u00edtrofes. Trato de que toda la ciudad sea mejor cada d\u00eda, por eso los salmantinos siguen confiando en m\u00ed elecci\u00f3n tras elecci\u00f3n.<\/p>\n<p>P.- No veo ninguna pregunta relacionada con los usuarios del Archivo, los historiadores. Nadie se plantea que, con el poco dinero que hay para investigaci\u00f3n en \u00e1reas de &#8220;letras&#8221;, dividir un archivo supone doble gasto para los investigadores, de los que solo unos pocos cuentan con becas o sueldos para investigaci\u00f3n. \u00bfPor qu\u00e9 nadie nos ha tenido en cuenta? \u00bfEs que se quiere dificultar a\u00fan m\u00e1s la investigaci\u00f3n hist\u00f3rica?<\/p>\n<p>R.- Yo no puedo responder su pregunta, yo creo que disgregar un centro cultural es s\u00f3lo procurar molestias a los ciudadanos que la utilizan. Yo estoy de acuerdo con usted y he tratado de defender a los investigadores, pero deber\u00eda explicar el gobierno por qu\u00e9 quiere poner trabas a la investigaci\u00f3n hist\u00f3rica. El problema de todo esto es que no han resuelto el problema ni archiveros ni historiadores, lo han resuelto los pol\u00edticos atendiendo m\u00e1s que a las necesidades reales a un pacto pol\u00edtico.<\/p>\n<p>P.- Precisamente si el archivo es de titularidad estatal, el Gobierno est\u00e1 en su pleno derecho para devolver los papeles originales a sus leg\u00edtimos due\u00f1os, \u00bfo no? Si es una comptencia estatal, al Ayuntamiento de Salamanca le parecer\u00e1 mejor o peor, pero no puede hacer nada por impedirlo.<\/p>\n<p>R.- Eso es mentira y hay una contradicci\u00f3n en la pregunta. \u00bfQu\u00e9 tiene que ver el Estado con el Gobierno? El gobierno es una cosa y el Estado es otra. El Archivo es estatal y por tanto es de todos los espa\u00f1ols, no s\u00f3lo del gobierno, que es coyuntural y puede cambiar pasado ma\u00f1ana. Quien me pregunta esto tiene la misma confusi\u00f3n que la Ministra de cultura. Es decir, confunde Estado con gobierno, y as\u00ed nos va.<\/p>\n<p>P.- Estimado alcalde. Se dir\u00eda que no tiene m\u00e1s competencia que el archivo, pero puesto que estoy segura de que el urbanismo s\u00ed le compete, me gustar\u00eda saber para cu\u00e1ndo calles tan pr\u00f3ximas a la Gran Via (Pedro Cojos, calle del grillo) dejar\u00e1n de ser peligros para la gente mayor dada la cantidad de baches que tienen. Gracias. Una salmantina desde New York<\/p>\n<p>R.- Est\u00e1 en el presupuesto de este a\u00f1o (2006) que las calles que usted cita queden convenientemente pavimentadas. En todo caso no est\u00e1n tan mal. Yo he visto calles mucho peores en Nueva York y seguro que usted tambi\u00e9n si ahora vive all\u00ed.<\/p>\n<p>P.- Sr. Lanzarote, \u00bfno le parece inadecuado traicionar la memoria de Unamuno al utilizar una frase que precisamente \u00e9l utiliz\u00f3 contra el bando que robo los papeles de la Generalitat siendo que adem\u00e1s los descendientes del escritor no han aprobado su uso por ir contra el esp\u00edritu de la misma? Adem\u00e1s la idea de Espa\u00f1a que defend\u00eda Don Miguel no es la que defienden ustedes, o no conoce la trayectoria de su paisano?<\/p>\n<p>R.- Eso es mentira. Ya he dicho antes contestando a otra pregunta como termina Don Miguel de Unamuno esa frase: &#8220;Me parece in\u00fatil pediros que pens\u00e9is en Espa\u00f1a&#8221;. Seguro que si Don Miguel levantara la cabeza le dar\u00eda un buen cachete a los bisnietos que han dicho lo que han dicho. Nos situar\u00edamos todos mucho mejor si los bisnietos que protestan leyeran m\u00e1s a su augusto bisabuelo.<\/p>\n<p>P.- \u00bfCu\u00e1les son las obras salmantinas o leonesas que ud. o otros politicos castellanos dicen que se encuentran en Catalu\u00f1a?<\/p>\n<p>R.- Pues le remito a un libro magn\u00edfico que ha realizo Gonzalo Santoja, director del Instituto Castellano Leon\u00e9s de la lengua que tiene un cat\u00e1logo exhaustivo sobre el expolio de obras castellano leonesas que est\u00e1n ahora en Catalu\u00f1a.<\/p>\n<p>P.- hace 25 a\u00f1os que nadie investiga con los documentos autenticos sino con microfilms,se lo puedo asegurar puesto que fui uno de los ultimos en investigar con los orginales,\u00bfque importancia tiene que esten o no los papeles?<\/p>\n<p>R.- Que se lo digan a los reclaman. A m\u00ed me parece igual que a usted. En Catalu\u00f1a tienen filmado todo lo que ahora reclaman, por qu\u00e9 para ellos tiene el concepto de bot\u00edn de guerra. Los papeles se ligan a la identidad catalana, al nacionalismo catal\u00e1n y por eso hace falta tener tangiblemente all\u00ed los documentos catalanes.<\/p>\n<p>P.- Realmente estoy orgulloso de ser salmantino y del ayuntamiento que nos representa. No se puede dar gusto a todos y est\u00e1 claro que la oposici\u00f3n, sea cual sea, siempre va a sacar los defectos. Me encanta la peatonalizaci\u00f3n que se est\u00e1 llevando a cabo de todo el centro. \u00bfVa a seguir peatonalizando m\u00e1s zonas?<\/p>\n<p>R.- S\u00ed, est\u00e1 previsto culminar en su d\u00eda todo lo que es el recinto hist\u00f3rico que la UNESCO declar\u00f3 como Patrimonio de la Humanidad en 1988.<\/p>\n<p>P.- Yo soy salmantino y me tuve que ir de all\u00ed porque no encontraba trabajo en Salamanca. Por qu\u00e9 no se llama a la ciudadan\u00eda para manifestarse ante los problemas reales de Salamanca (poblaci\u00f3n envejecida, falta de trabajo para los j\u00f3venes, etc)?<\/p>\n<p>R.- Yo tambi\u00e9n tuve que salir en su d\u00eda y he vuelto. Esta ciudad genera muchos universitarios y lo que nadie puede sospechar es que acojamos a 1000 m\u00e9dicos anuales, 2000 abogados, 500 periodistas&#8230; Eso no sucede ni en Harvard, as\u00ed que es normal que usted haya tenido que buscar trabajo fuera, pero siempe podr\u00e1 volver. En todo caso, espero que con la nueva ley de educaci\u00f3n de Zapatero esto se arregle ya para siempre.<\/p>\n<p>P.- alcalde, como castellanoleonesa y enamorada de Salamanca, me duele la grave injusticia con el archivo. \u00bfCree que ahora somos nosotros los que debemos empezar a exigir nuestras propiedades con la misma idea de &#8220;unidad de archivo&#8221;? Por ejemplo, la Biblia de \u00c1vila est\u00e1 en la Biblioteca Nacional y es propiedad de la catedral abulense. \u00bfNos toca a nosotros?<\/p>\n<p>R.- Yo no entender\u00eda ese planteamiento. Yo pienso el la cultura espa\u00f1ola con may\u00fasculas y no creo que debamos plantear a partir de ahora ese tipo de reivindicaciones que a nada conducen.<\/p>\n<p>P.- Sr Alcalde, como salmantino echo en falta una p\u00e1gina web que recopile todas las actividades culturales de mi ciudad. \u00bfExiste? Muchas gracias<\/p>\n<p>R.- S\u00ed, s\u00ed la hay, s\u00ed. Tiene un enlace que le lleva directamente a la Fundaci\u00f3n Salamanca Ciudad de Cultura que le lleva directamente a cada acto cultural que acontece en la ciudad y que se actualiza al minuto.<\/p>\n<p>P.- Sr; Lanzarote, Brindara Usted en su proxima eleccion con CAVA Catalan, o como dijo &#8220;la Pantoja&#8221; tomara champan del Bueno&#8221;?<\/p>\n<p>R.- Yo siempre he brindado con cava catal\u00e1n y adem\u00e1s con la misma marca, Juv\u00e9 y Camps, desde que tengo edad para beberlo. Y no tengo ninguna necesidad de cambiarlo por otro ya que \u00e9ste est\u00e1 muy rico.<\/p>\n<p>P.- \u00bfQu\u00e9 le parece el pol\u00e9mico Estatut?<\/p>\n<p>R.- No lo conozco. Lo que me parece intolerable es que todo un pa\u00eds est\u00e9 pendiente meses y meses y meses de ese solo asunto.<\/p>\n<p>P.- \u00bfPor qu\u00e9 el ayuntamiento no ha puesto ni de lejos el mismo empe\u00f1o en mantener abierto el museo de la casa Lis que en el tema del Archivo?<\/p>\n<p>R.- El museo de la casa Lis no se ha cerrado jam\u00e1s y sigue abierto desde que se abri\u00f3 en 199Quien pregunta esto, o no sigue en Salamanca o est\u00e1 ciego. Es que no se ha cerrado jam\u00e1s salvo el d\u00eda de fiesta que cierra, pero vamos, vaya usted a visitarlo dentro de su horario y lo encontrar\u00e1 abierto. Quien pregunta esto no sabe de qu\u00e9 habla.<\/p>\n<p>P.- Si para evitar la dejadez en la que ha ca\u00eddo la tierra salmantina, y por extensi\u00f3n Castilla y Le\u00f3n, se planteara devolver los papeles del Archivo a cambio de mejoras urgentes en el desarrollo de la regi\u00f3n (m\u00e1s empresas) y las comunicaciones (Autov\u00edas, Alta Velocidad, etc) \u00bfAcceder\u00eda?<\/p>\n<p>R.- Ya he contado antes que no estoy en pol\u00edtica para cambiar cromos. Lo que pretendo es que mi tierra progrese en todos los \u00f3rdenes, que no se lleven nunca nada de lo que hay y que vayan llegando las cosas que nos faltan. Si los habitantes de Roma pidieran, en la actualidad, el puente romano de Salamanca \u00bfa cambio de qu\u00e9 se lo dar\u00eda usted? Ese planteamiento no tiene ning\u00fan sentido.<\/p>\n<p>P.- Sr. Lanzarote, le sugiero que el Ayuntamiento que tan dignamente preside cree un Weblog de Internet sobre el tema del Archivo de Salamanca<\/p>\n<p>R.- Muy bien, pues lo plantear\u00e9 a los \u00f3rganos de gobierno de la casa. Muchas graciaas.<\/p>\n<p>P.- Sr. lanzarote, Mi pregunta no tiene nada que ver con los papeles del Archivo, pero me gustar\u00eda que de todas formas me contestara: En mi opini\u00f3n Salamanca, tur\u00edsticamente hablando sigue siendo una ciudad de paso \u00bfno creen que ser\u00eda bueno promocionarla de otra forma para que pasar\u00e1 a ser un lugar al que no solo se va a pasar el d\u00eda o el fin de semana? Atentamente, Noelia<\/p>\n<p>R.- Remito a las estad\u00edsticas que daremos en FITUR donde se ve que Salamanca termina el a\u00f1o l\u00edder de Castilla y Le\u00f3n en pernoctaciones y siendo la quinta ciudad espa\u00f1ola que m\u00e1s visitantes recibe. Desde el a\u00f1o 2002, Salamanca tambi\u00e9n en esto es otra ciudad distinta.<\/p>\n<p>P.- Exactamente, \u00bfc\u00faales son sus competencias? Porque parece que salvo el archivo, el resto de problemas salmantinos son cosa del Estado, de la Junta o de los ministros.<\/p>\n<p>R.- Pues lease la Ley de Bases de R\u00e9gimen Local donde se dice lo que un alcalde tiene que hacer. En ella encontrar\u00e1 lo que vengo yo haciendo desde hace 10 a\u00f1os.<\/p>\n","protected":false},"excerpt":{"rendered":"<p>La pol\u00e9mica por los papeles del Archivo de Salamanca parece que llega a su fin. Tras reunirse con la ministra de Cultura, el edil salmantino del PP y patrono del Archivo ha asegurado que &#8220;de momento&#8221; no llevar\u00e1 a cabo ninguna nueva actuaci\u00f3n para impedir la salida de algunos documentos del Archivo General de la Guerra Civil hacia Catalu\u00f1a.<\/p>\n","protected":false},"author":1,"featured_media":0,"comment_status":"open","ping_status":"open","sticky":false,"template":"","format":"standard","meta":{"footnotes":""},"categories":[],"tags":[],"class_list":["post-5227","post","type-post","status-publish","format-standard","hentry"],"_links":{"self":[{"href":"https:\/\/intervius.com\/index.html\/wp-json\/wp\/v2\/posts\/5227","targetHints":{"allow":["GET"]}}],"collection":[{"href":"https:\/\/intervius.com\/index.html\/wp-json\/wp\/v2\/posts"}],"about":[{"href":"https:\/\/intervius.com\/index.html\/wp-json\/wp\/v2\/types\/post"}],"author":[{"embeddable":true,"href":"https:\/\/intervius.com\/index.html\/wp-json\/wp\/v2\/users\/1"}],"replies":[{"embeddable":true,"href":"https:\/\/intervius.com\/index.html\/wp-json\/wp\/v2\/comments?post=5227"}],"version-history":[{"count":0,"href":"https:\/\/intervius.com\/index.html\/wp-json\/wp\/v2\/posts\/5227\/revisions"}],"wp:attachment":[{"href":"https:\/\/intervius.com\/index.html\/wp-json\/wp\/v2\/media?parent=5227"}],"wp:term":[{"taxonomy":"category","embeddable":true,"href":"https:\/\/intervius.com\/index.html\/wp-json\/wp\/v2\/categories?post=5227"},{"taxonomy":"post_tag","embeddable":true,"href":"https:\/\/intervius.com\/index.html\/wp-json\/wp\/v2\/tags?post=5227"}],"curies":[{"name":"wp","href":"https:\/\/api.w.org\/{rel}","templated":true}]}}