{"id":5217,"date":"2006-01-24T00:00:00","date_gmt":"2006-11-06T00:00:00","guid":{"rendered":"https:\/\/intervius.com\/index.html\/?p=5217"},"modified":"2006-11-06T00:00:00","modified_gmt":"2006-11-06T00:00:00","slug":"Cristina_Narbona5217","status":"publish","type":"post","link":"https:\/\/intervius.com\/index.html\/Cristina_Narbona5217\/","title":{"rendered":"Cristina Narbona"},"content":{"rendered":"<p>Pregunta.- Buenas tardes, me gustar\u00eda saber su opini\u00f3n,como Minitra de Medioambiente, sobre las obras de la M30.<\/p>\n<p>Respuesta.- Creo que la Comunidad de Madrid deb\u00eda haberlas sometido a la correspondiente Declaraci\u00f3n de Impacto Ambiental. En ausencia de la misma, el Ministerio s\u00f3lo puede ejercer un cierto control de sus efectos ambientales a trav\u00e9s de la Confederaci\u00f3n Hidrogr\u00e1fica del Tajo, que ha establecido m\u00e1s de 50 exigencias al Ayuntamiento de Madrid y que incluso ha tenido que sancionar al Ayuntamiento en varias ocasiones.<\/p>\n<p>P.- Desde Valencia quiero acabar con el t\u00f3pico de que queremos el trasvase para no perder turismo. En el campo nos urge regar. La cruda realidad es que los cultivos hay que alimentarlos. Agua para todos.<\/p>\n<p>R.- La Comunidad Valenciana es la m\u00e1s beneficiada por el programa Agua que le destina m\u00e1s de 1200 millones de euros para actuaciones de modernizaci\u00f3n de regad\u00edos, especialmente importantes en las provincias de Valencia y de Castell\u00f3n, pero tambi\u00e9n en la Vega Baja de Alicante, de uso controlado de aguas subterr\u00e1neas, de reutilizaci\u00f3n de aguas depuradas- en la Comunidad Valenciana apenas se est\u00e1 reutilizando la cuarta parte de lo que se depura-, as\u00ed como plantas desaladoras. Con todo ello, la Comunidad Valenciana dispondr\u00e1 de m\u00e1s agua y de mejor calidad, y en menos tiempo que si se hubiera llevado a cabo un trasvase que no ten\u00eda el apoyo de la Comisi\u00f3n Europea, y que en cualquier caso, de acuerdo con la legislaci\u00f3n europea, no debe abordarse mientras haya recursos potenciales sin utilizar de manera eficiente en una determinada cuenca.<\/p>\n<p>P.- \u00bfDispone el ministerio de un mapa con la oferta y la demanda de agua por provincia, para conocer el d\u00e9ficit y el excedente de cada una?<\/p>\n<p>R.- El &#8220;d\u00e9ficit&#8221; no depende solo de la disponibilidad de agua sino tambi\u00e9n del consumo que se haga de ella; y en Espa\u00f1a, la agricultura est\u00e1 consumiendo much\u00edsima m\u00e1s agua de la que en realidad necesita con la excepci\u00f3n de un 15% del total de los regad\u00edos, b\u00e1sicamente en las provincias de Murcia, Alicante y Almer\u00eda. Incluso en la regi\u00f3n de Murcia, a pesar de ser la que alcanza un mayor grado de eficiencia en el uso de agua en agricultura, el Ministerio est\u00e1 ejecutando important\u00edsimas obras de modernizaci\u00f3n de regad\u00edos totalmente obsoletos, como los de la Comarca de L\u00b4Horta, cuya ejecuci\u00f3n permitir\u00e1 disponer de m\u00e1s agua. La pol\u00edtica del agua a escala internacional, y desde luego en el \u00e1mbito europeo, se ha venido orientando hacia un mejor control del uso del agua y de la calidad del agua, grandes asignaturas pendientes en Espa\u00f1a. Para que te hagas una idea, la informaci\u00f3n de la que ahora disponemos apenas permite conocer el contenido real del 25% de las concesiones de agua en Espa\u00f1a, y estamos impulsando, precisamente un mayor conocimiento para tomar decisiones con mucho m\u00e1s rigor.<\/p>\n<p>P.- Ministra, soy un entusiasta de las energ\u00edas renovables y me gustar\u00eda saber si van a aumentar las instalaciones de energ\u00eda renovable en Espa\u00f1a. El gran problema es que es una energ\u00eda que subsiste por las subvenciones. \u00bfPodr\u00eda decirnos como van a modificarse de aqu\u00ed a dos a\u00f1os estas subvenciones?<\/p>\n<p>R.- En primer lugar, te llamar\u00e1 la atenci\u00f3n saber que en la Uni\u00f3n Europea las subvenciones que siguen recibiendo los combustibles f\u00f3siles, y en particular el carb\u00f3n, suponen cuant\u00edas superiores a 10 veces las ayudas que reciben las energ\u00edas renovables en este \u00e1mbito. Incluso podemos decir que si la energ\u00eda solar hubiera recibido durante los \u00faltimos 50 a\u00f1os el mismo esfuerzo inversor p\u00fablico y privado que ha recibido la energ\u00eda nuclear, en estos momentos dispondr\u00edamos de una capacidad generalizada de utilizaci\u00f3n de la energ\u00eda solar a bajo coste. Para poder reducir costes en estas tecnolog\u00edas, hay que ampliar la demanda de las mismas, como por ejemplo sucede cuando una ordenanza municipal obliga a la instalaci\u00f3n de paneles solares t\u00e9rmicos en toda nueva edificaci\u00f3n o en las edificaciones que se rehabilitan. El a\u00f1o pasado se ha aprobado un nuevo plan de energ\u00edas renovables que contempla medidas normativas y econ\u00f3micas para incrementar el uso de estas energ\u00edas en nuestro pa\u00eds; respecto de las subvenciones, van a aumentar de forma muy inmediata las correspondientes al uso de la biomasa y de los biocarburantes, que ya tienen exenciones fiscales. Y desde el Ministerio de Medio Ambiente, adem\u00e1s de apoyar econ\u00f3micamente a los ayuntamientos que se comprometen a desarrollar iniciativas en esta l\u00ednea, como dentro de la Red Espa\u00f1ola de Ciudades por el Clima, vamos a ser tambi\u00e9n demandantes de energ\u00edas limpias tanto en nuestros propios edificios como en las nuevas plantas desaladoras.<\/p>\n<p>P.- A la vista de los resultados de estos a\u00f1os y la tendencia futura, \u00bfPiensa en serio en la viabilidad de cumplir el Protocolo de Kioto?, \u00bfSe har\u00e1 con el gasto millonario de comprar cuotas de CO2 a paises subdesarrollados o en v\u00edas de desarrollo?<\/p>\n<p>R.- En Espa\u00f1a la primera ley para controlar las emisiones de gases de efecto invernadero se aprob\u00f3 el a\u00f1o pasado. Lamentablemente tenemos que hacer ahora mucho m\u00e1s esfuerzo que si otros gobiernos se hubieran tomado en serio el Protocolo de Kioto de 199Estamos mejorando el impulso a las energ\u00edas renovables y al ahorro y la eficiencia en\u00e9rgetica (el gran reto para los espa\u00f1oles) y tambi\u00e9n utilizaremos los mecanismos del Protocolo en cuanto a inversiones en terceros pa\u00edses para la implantaci\u00f3n all\u00ed de energ\u00edas limpias o de procesos eficientes.<\/p>\n<p>P.- \u00bfc\u00f3mo Espa\u00f1a,pa\u00eds con una deficiencia energetica notabilisima,va a hacer frente al elevadisimo consumo energetico de las desaladoras?<\/p>\n<p>R.- El consumo de todas las plantas desaladoras que est\u00e1n previstas en el programa Agua es inferior al que hubiera necesitado el agua del Ebro para ser transportada por una aut\u00e9ntica &#8220;monta\u00f1a rusa&#8221; desde el Ebro hasta Almer\u00eda. Y hemos planteado a las empresas que las lleven a cabo la obligaci\u00f3n de generar un incremento en el consumo de energ\u00edas renovables equivalente al consumo de la energ\u00eda de las plantas.<\/p>\n<p>P.- La poblacion aumenta, y la capacidad de los embalses permanece practicamente constante desde hace a\u00f1os. \u00bfTiene previsto algun plan para aumentar la capacidad o numero de embalses en Espa\u00f1a?<\/p>\n<p>R.- En Espa\u00f1a existen ya muchos embalses, en algunas cuencas incluso demasiados &#8211; el agua de los r\u00edos debe llegar al mar para mantener la vida de ese \u00e1mbito-; por supuesto se est\u00e1n haciendo todav\u00eda algunos, pero el gran esfuerzo hay que hacerlo en la modernizaci\u00f3n de los regad\u00edos, en la depuraci\u00f3n y la reutilizaci\u00f3n de las aguas residuales, en el uso adecuado de las aguas subterr\u00e1neas y en la desalaci\u00f3n.<\/p>\n<p>P.- ESTE VERANO HEMOS TENIDO MUCHOS INCENDIOS EN LOS BOSQUES. SE HA PENSADO EN ALGO PARA RECUPERARLOS ?<\/p>\n<p>R.- Las comunidades auton\u00f3mas tienen competencia exclusiva en materia de pol\u00edtica forestal; el Ministerio apoya con su presupuesto determinadas actuaciones y en este momento estamos poniendo en marcha un programa con las Comunidades Auton\u00f3mas para la retirada de biomasa forestal y para su utilizaci\u00f3n como energ\u00eda renovable. El Ministerio de Medio Ambiente est\u00e1 tambi\u00e9n mejorando sus actuaciones forestales en aquellos terrenos de su propiedad, en particular en las Confederaciones Hidogr\u00e1ficas. Y, por supuesto, estamos impulsando medidas para prevenir los incendios forestales, que se deben en un 90% a negligencias o actos voluntarios, como por ejemplo mediante la creaci\u00f3n de la Fiscal\u00eda Especial para Delitos Ecol\u00f3gicos, que est\u00e1 ya en el tr\u00e1mite parlamentario.<\/p>\n<p>P.- Ministra, una confidencia, qu\u00e9 les da los de Greenpeace que se llevan tan bien con usted?<\/p>\n<p>R.- Respeto. Tengo relaci\u00f3n con ellos desde el a\u00f1o 1993 cuando era Secretaria de Estado de Medio Ambiente, y la he seguido teniendo desde la oposici\u00f3n; y por supuesto quiero reconocerles el valor de sus denuncias, de sus campa\u00f1as y de sus propuestas.<\/p>\n<p>P.- \u00bfC\u00f3mo se compagina el protocolo de Kyoto con las 69 nuevas centrales de ciclo combinado en proyecto?<\/p>\n<p>R.- En estos momentos se est\u00e1 intentando reducir la contaminaci\u00f3n de las centrales t\u00e9rmicas m\u00e1s obsoletas para las que ya hay un plan de cierre o de reducci\u00f3n de actividades; al mismo tiempo se estudian los proyectos de ciclos combinados con el m\u00e1ximo rigor, lo que lleva, en alg\u00fan caso- Punta del Verde en Sevilla- a rechazar dichos proyectos con una Declaraci\u00f3n de Impacto Medioambiental negativa. En cualquier caso, el gas natural emite mucho menos CO2 que el petr\u00f3leo, no digamos que el carb\u00f3n, y es una energ\u00eda de transici\u00f3n en un proceso en el que deben pesar cada vez m\u00e1s las energ\u00edas renovables, y por supuesto, el ahorro y la eficiencia energ\u00e9tica.<\/p>\n<p>P.- \u00bfCree Ud. que la investigaci\u00f3n en energ\u00eda nuclear de fusi\u00f3n acabar\u00e1 con el problema energ\u00e9tico y medioambiental?,\u00bfPara cu\u00e1ndo su viabilidad t\u00e9cnica y econ\u00f3mica?<\/p>\n<p>R.- A esta tecnolog\u00eda le queda todav\u00eda mucho recorrido antes de poder pasar de la fase de prototipo; y por supuesto la cuesti\u00f3n de la seguridad de dicha tecnolog\u00eda sigue siendo un elemento muy relevante a la hora de plantearla como la mejor de las soluciones posibles. Mi opini\u00f3n personal es que conseguiremos desarrollar mucho antes una adecuada combinaci\u00f3n del uso del hidrog\u00e9no y del conjunto de las energ\u00edas renovables.<\/p>\n<p>P.- Por qu\u00e9 la ministra de MA apoya la energ\u00eda solar y el ministro de industria la rechaza? Antonio<\/p>\n<p>R.- No existe en absoluto esa contradicci\u00f3n porque el ministro de Industria ha sido el responsable de revisar el Plan Nacional de Energ\u00edas Renovables, donde se incrementan los objetivos y las medidas en apoyo de la energ\u00eda solar.<\/p>\n<p>P.- \u00bfcUA\u00b4L PIENSA QUE DEBE SER LA ACTITUD DE LA POBLACI\u00d3N PARA REDUCIR LAS EMISIONES DE GASES DE EFECTO INVERNADERO. DENOS LOS CINCO CONSEJOS QUE CONSIDERE M\u00c1S IMPORTANTE<\/p>\n<p>R.- 1) Utilizar los electrodom\u00e9sticos con sensatez, por ejemplo llenando lavavajillas o lavadoras al completo antes de usarlas; apagando del todo la televisi\u00f3n u otros aparatos electr\u00f3nicos cuando no se usan&#8230;; 2) Sustituyendo las bombillas normales por bombillas de alta eficiencia; 3) Optando, en la medida de lo posible, por el transporte p\u00fablico a la hora de moverse por la ciudad; 4) Exigiendo en la construcci\u00f3n o rehabilitaci\u00f3n de su vivienda los aislamientos t\u00e9rmicos adecuados para conservar mejor la temperatura; y 5) Aprovechando las medidas de apoyo existentes ya para la instalaci\u00f3n de paneles solares t\u00e9rmicos.<\/p>\n<p>P.- \u00bfEn relaci\u00f3n con el cambio clim\u00e1tico, qu\u00e9 opina de las \u00faltimas corrientes que ven en la energ\u00eda nuclear una soluci\u00f3n al calentamiento global?<\/p>\n<p>R.- Es evidente que la energ\u00eda nuclear emite muy poco CO2 a lo largo de su ciclo de vida; pero es evidente tambi\u00e9n que el problema de la gesti\u00f3n a muy largo plazo de los residuos radioactivos bajo condiciones de seguridad sigue siendo el gran inconveniente de la energ\u00eda nuclear; considero que no es en absoluto ut\u00f3pico un horizonte a 50 a\u00f1os en el que se hayan desarrollado plenamente el uso del hidr\u00f3geno y de las energ\u00edas renovables.<\/p>\n<p>P.- Que opina de que el Sureste de Madrid y Norte de Toledo se este convirtiendo en el basurero del Centro de espa\u00f1\u00f1a: Cementeras, Incineradoras, y Terminas que salen como setas, con la permisividad de su Ministerio.<\/p>\n<p>R.- El Ministerio de Medio Ambiente s\u00f3lo interviene en las decisiones relativas a las centrales t\u00e9rmicas sobre las que toma en aquellos casos justificados la decisi\u00f3n de rechazarlas como ya ha hecho en el caso de la central prevista en Sevilla; en la Comunidad de Madrid solo hemos dictado hasta la fecha una declaraci\u00f3n de impacto ambiental relativa a Morata de Taju\u00f1a. Por lo tanto, la permisividad corresponde a la Comunidad de Madrid o a la Comunidad de Castilla La Mancha, dentro de su competencia en materia ambiental y urban\u00edstica.<\/p>\n<p>P.- Conozco alguna que otra promoci\u00f3n de viviendas cuya piscina, a d\u00eda de hoy, tiene agua, y no s\u00f3lo eso, sino que adem\u00e1s alguna vez (durante este invierno) he visto c\u00f3mo se le renovaba el agua. \u00bfEsto es denunciable?<\/p>\n<p>R.- Lo es si est\u00e1 prohibido o regulado el uso de agua para piscinas, como lo est\u00e1 en la Comunidad de Madrid desde el pasado verano, dada la situaci\u00f3n producida por la sequ\u00eda. En cualquier caso, todo ciudadano deber\u00eda ser responsable, aunque no haya normas que le obliguen para hacer el uso m\u00e1s prudente posible del agua, en particular para usos no imprescindibles.<\/p>\n<p>P.- Buenas tardes. Uno de los puntos durante la campa\u00f1a electoral fue que se cerrar\u00edan las centrales nucleares. \u00bfSigue en pie la idea? \u00bfTienen alg\u00fan plazo para empezar a hacer algo? Gracias.<\/p>\n<p>R.- En el programa electoral del Partido Socialista y en el propio discurso de investidura del presidente Rodr\u00edguez Zapatero se establece la voluntad de reducir gradualmente el peso de la energ\u00eda nuclear en nuestro &#8220;mix energ\u00e9tico&#8221;, y as\u00ed lo ha ratificado el presidente en varias ocasiones p\u00fablicas. Precisamente en estos momentos est\u00e1 ya trabajando una Mesa de Debate promovida por el Ministerio de Industria, como competente en la mater\u00eda, sobre el presente y el futuro de la energ\u00eda nuclear en nuestro pa\u00eds.<\/p>\n<p>P.- \u00bfComo justifica el desarrollo de Marina D\u00f3r?<\/p>\n<p>R.- El desarrollo de Marina D\u00b4Or es competencia exclusiva de la Comunidad Valenciana, que es la responsable de todas las decisiones en materia de urbanismo y de ordenaci\u00f3n del territorio en dicha Comunidad.<\/p>\n<p>P.- \u00bfComo tienen la osad\u00eda de hablarnos de sequ\u00eda y ahorro de agua mientras nuestra geograf\u00eda se ha llenao de campos de golf incluso en Andaluc\u00eda donde nunca llueve? No me diga nada de regadio reutilizable&#8230;que yo trabajo en un campo de golf y ese t\u00e9rmino es para la galer\u00eda.<\/p>\n<p>R.- El Ministerio trabaja precisamente para que deje de ser un argumento &#8220;para la galer\u00eda&#8221;; puedo comentarte que hemos cerrado ya bastantes pozos que alimentaban campos de golf, entre otros en la Comunidad de Madrid, que s\u00f3lo podr\u00e1n utilizar agua procedente de las depuradoras. Y estamos adem\u00e1s llevando a cabo la important\u00edsima modernizaci\u00f3n de todos los regad\u00edos de Espa\u00f1a, no acometidos por anteriores gobiernos y que si se hubiera llevado a cabo desde la \u00faltima sequ\u00eda, en estos momentos nuestros embalses y nuestros acu\u00edferos tendr\u00edan de media un 30% m\u00e1s de agua disponible.<\/p>\n<p>P.- \u00bfQu\u00e9 opina sobre los temblores que se han sentido en la zona (desconocidos hasta entonces) a ra\u00edz del llenado del pantano de Itoiz (Navarra)? \u00bfCree que ser\u00eda deseable su paralizaci\u00f3n hasta contar con informes m\u00e1s precisos?<\/p>\n<p>R.- El Ministerio de Medio Ambiente encarg\u00f3 hace unos meses dos informes a expertos designados por el Colegio de Geol\u00f3gos y por el Colegio de Ingenieros de Caminos, que est\u00e1n a punto de terminarse y que ser\u00e1n conocidos por la opini\u00f3n p\u00fablica; por supuesto mi prioridad es la seguridad de la poblaci\u00f3n y tomaremos todas las medidas que est\u00e9n justificadas tras el an\u00e1lisis de estos informes.<\/p>\n<p>P.- hola,soy rocio y tengo 11 a\u00f1os,\u00bfque le parece la gente que tira basura en el campo o en los bosques?U gran abrazo de una amiga de la Naturaleza.Rocio<\/p>\n<p>R.- Querida Roc\u00edo, me alegro de que seas consciente de la irresponsabilidad de muchas personas a la hora de ensuciar nuestros campos, nuestros bosques o nuestros r\u00edos. Ese comportamiento no s\u00f3lo destruye la naturaleza sino que puede provocar enfermedades, y desde luego nos impide disfrutar de la gran riqueza ambiental que tiene nuestro pa\u00eds. Aunque hay muchas normas al respecto, lo principal es la educaci\u00f3n que se recibe desde peque\u00f1os para poder crecer como ciudadanos plenamente responsables y tambi\u00e9n exigentes: muchas veces son las administraciones las que no est\u00e1n a la altura, y por ejemplo, no ofrecen los suficientes contenedores o sistemas adecuados de recogida de basura, y los ciudadanos desde muy j\u00f3venes deben tambi\u00e9n aprender a denunciar esas situaciones. Un beso fuerte.<\/p>\n<p>P.- \u00bfSe ha iniciado ya el tr\u00e1mite de expropiaci\u00f3n del hotel de El Algarrobico, en Carboneras? \u00bfHa informado oficialmente a la promotora Azata de esta actuaci\u00f3n?<\/p>\n<p>R.- Por supuesto. La empresa promotora ya sabe que ese tr\u00e1mite ha dado inicio, y a pesar de ello est\u00e1 difundiendo publicidad de ese hotel totalmente enga\u00f1osa puesto que se trata de un fotomontaje donde se ve el hotel terminado con una amplia zona de playa por delante que desde luego no se corresponde con la realidad. El Ministerio seguir\u00e1 adelante con esta expropiaci\u00f3n, y por supuesto, comprende la preocupaci\u00f3n de los ciudadanos de Carboneras para los que es necesario que la Administraci\u00f3n auton\u00f3mica y tambi\u00e9n el propio Ministerio de Medio Ambiente acometan actuaciones que mejoren sus perspectivas econ\u00f3micas sin degradar su hermoso litoral.<\/p>\n<p>P.- Vd. que conoce a gente de Greenpeace y tan bien se lleva con ellos tal vez pueda responderme a esta pregunta: \u00bfa qu\u00e9 se debe el silencio que guardan durante ya 6 meses sobre la cat\u00e1strofe ecol\u00f3gica que supuso el incendio de Guadalajara?<\/p>\n<p>R.- No puedo responder por Greenpeace, que por cierto es una de las organizaciones sociales que desde el inicio de esta legislatura nos transmitieron su opini\u00f3n y sus sugerencias para mejorar la prevenci\u00f3n y la lucha contra los incendios forestales; y a pesar de que se trata de competencias auton\u00f3micas, en enero de 2004 (mucho antes de la cat\u00e1strofe de Guadalajara) alcanc\u00e9 un acuerdo con todas las comunidades aut\u00f3nomas con medidas concretas a desarrollar por todas las Administraciones.<\/p>\n<p>P.- \u00bfCual es su opini\u00f3n a\u00fan, en un futuro, esperemos que no muu lejano sobre la energ\u00eda mas limpia y ventajosa basada en el hidr\u00f3geno?<\/p>\n<p>R.- Tengo confianza en que el hidrog\u00e9no vaya consolid\u00e1ndose como la mejor opci\u00f3n para acumular la energ\u00eda producida por el viento, por el sol&#8230; que podr\u00e1 atender a las necesidades de todo el planeta si se hace un esfuerzo en I+D y en actuaciones ejemplificantes, como las que ya se est\u00e1n llevando a cabo en muchos pa\u00edses, y tambi\u00e9n en el nuestro.<\/p>\n<p>P.- \u00bfPor que no se hace una reorganizaci\u00f3n del plan urbanistico del litoral? Estamos matando a la gallina de los huevos de oro.<\/p>\n<p>R.- Esa pregunta hay que dirigirla a las Comunidades Auton\u00f3mas que son las \u00fanicas con competencia en la ordenaci\u00f3n del territorio y en el urbanismo. Lo \u00fanico que puede hacer el MInisterio de Medio Ambiente es ser mucho m\u00e1s riguroso de lo que se ha sido hasta ahora en la aplicaci\u00f3n de la Ley de Costas y ofrecer, como hemos hecho, los recursos presupuestarios para adquirir zonas del litoral que no son dominio p\u00fablico marit\u00edmo-terrestre y que parece oportuno preservar del avance urban\u00edstico.<\/p>\n<p>P.- Hola Ministra \u00bfPor qu\u00e9 no hacen nada para remediar las especies de la pen\u00ednsula en v\u00edas de extinci\u00f3n?<\/p>\n<p>R.- Hemos aprobado, en los \u00faltimos 20 meses, siete estrategias nacionales de conservaci\u00f3n de especies en v\u00edas de extinci\u00f3n, cuya ejecuci\u00f3n corresponde a las Comunidades Auton\u00f3mas con el apoyo puntual, en algunos casos del Ministerio de Medio Ambiente a trav\u00e9s de la captaci\u00f3n de Fondos Europeos y con cargo al presupuesto del Ministerio. En el caso del lince ib\u00e9rico, el Ministerio financia junto con la Junta de Andaluc\u00eda un programa de cr\u00eda en cautividad que ha permitido el a\u00f1o pasado el nacimiento de linces ib\u00e9ricos, hasta ahora in\u00e9dito en el mundo. Estamos actualizando la Estrategia Nacional de Biodiversidad aprobada en 1998 y tambi\u00e9n preparamos una nueva Ley sobre biodiversidad para reforzar el marco legal de la Protecci\u00f3n de los Espacios y las Especies en nuestro pa\u00eds.<\/p>\n<p>P.- soy periodista y estuve en la presentaci\u00f3n que el entonces ministro Borrell hizo hace m\u00e1s de 10 a\u00f1os del PHN. Se imaginaba entonces que hoy tendr\u00eda la patata en sus manos. \u00bfEn qu\u00e9 puntos no logran ustedes dos ponerse de acuerdo sobre este tema?<\/p>\n<p>R.- No voy a hablar aqu\u00ed de las discusiones en casa que casi se reducen a las correspondientes a la pol\u00edtica del agua&#8230; pero es evidente que hace 10 a\u00f1os no exist\u00eda ninguna legislaci\u00f3n europea en esta materia. Desde el a\u00f1o 2000, tras la aprobaci\u00f3n de la Directiva Marco sobre Pol\u00edtica de Agua, los objetivos y las medidas adoptadas tienen que ser muy diferentes de las de \u00e1quel Plan Hidrol\u00f3gico Nacional.<\/p>\n<p>P.- \u00bfQue opina sobre la rotura del acu\u00edfero en el Valle de Abdalaj\u00eds por la culpa de las obras del ave? \u00bfNo es un desperdicio de Agua?<\/p>\n<p>R.- Por supuesto. Y se debe, como he podido averiguar, a la p\u00e9sima calidad del proyecto constructivo aprobado por el anterior Gobierno. La Junta de Andaluc\u00eda, competente en estos momentos en esa cuenca, y el Ministerio de Fomento est\u00e1n adoptando medidas desde hace varios meses para corregir los graves da\u00f1os producidos por la no consideraci\u00f3n de aquel proyecto de las caracter\u00edsticas del acuifero, y conf\u00edo en que esas medidas sean plenamente eficaces.<\/p>\n<p>P.- \u00bfPara cuando una Ley de Caza del Siglo XXI y no la actual con sanciones rid\u00edculas que animan a los infractores?<\/p>\n<p>R.- La legislaci\u00f3n sobre caza corresponde a las Comunidades Auton\u00f3mas y por lo tanto establece marcos legales muy diferentes a lo largo y ancho de Espa\u00f1a. No soy en absoluto ajena a la perversidad de algunas pr\u00e1cticas asociadas a la caza en nuestro pa\u00eds y que deber\u00edan ser erradicadas; para ello he pedido a todos los consejeros de Medio Ambiente que se impliquen activamente en esta cuesti\u00f3n que ser\u00e1 adem\u00e1s objeto de trabajo por parte de la Fiscal\u00eda Especial para Delitos Ecol\u00f3gicos cuya creaci\u00f3n se est\u00e1 tramitando en el Parlamento, a iniciativa del Ministerio de Medio Ambiente.<\/p>\n<p>P.- \u00bfCual es su versi\u00f3n sobre el cambio clim\u00e1tico? \u00bfTen\u00eda que pasar o es culpa nuestra? \u00bfC\u00f3mo afectar\u00e1 o est\u00e1 afectando a Espa\u00f1a?<\/p>\n<p>R.- Creo que m\u00e1s que mi opini\u00f3n vale la pena escuchar a los cient\u00edficos que desde hace m\u00e1s de 20 a\u00f1os est\u00e1n alertando sobre las consecuencias nefastas del modelo energ\u00e9tico vigente. Respecto a Espa\u00f1a, el a\u00f1o pasado publicamos un informe en el que participaron 400 expertos en la materia y en el que se describ\u00edan distintos horizontes posibles. Todos ellos ten\u00edan en com\u00fan la gran vulnerabilidad de nuestro pa\u00eds, confirmada tambi\u00e9n en informes de la Agencia Europea de Medio Ambiente y, por lo tanto, la previsi\u00f3n de una mayor elevaci\u00f3n de las temperaturas en nuestro pa\u00eds respecto a otras zonas del planeta as\u00ed como la mayor elevaci\u00f3n del nivel del mar en nuestras costas. Ello nos lleva por un lado a poner en marcha medidas que no exist\u00edan hasta ahora en Espa\u00f1a como la alimentaci\u00f3n obligatoria en las emisiones de las empresas, y al mismo tiempo, a elaborar un Plan Nacional de Adaptaci\u00f3n al Cambio Clim\u00e1tico, puesto que sus efectos ya est\u00e1n siendo sentidos y en la medida de lo posible debemos prevenirnos para limitar su riesgo.<\/p>\n<p>P.- Hola. Teniendo en cuenta la firma inminente del Statut catal\u00e1n, \u00bfse paralizar\u00e1 definitivamente el trasvase del Ebro o estar\u00e1 Catalu\u00f1a dispuesta a vendernos el agua?. Gracias<\/p>\n<p>R.- El Estatuto de Catalu\u00f1a en su versi\u00f3n actual tras el acuerdo global alcanzado sigue dejando en manos del Gobierno central la garant\u00eda de la unidad de gesti\u00f3n de la cuenca del Ebro, y por lo tanto tambi\u00e9n de cualquier decisi\u00f3n relativa a hipot\u00e9ticos trasvases. En esta cuesti\u00f3n, en el texto del Estatuto s\u00f3lo se contempla que la Generalitat de Catalu\u00f1a emita un informe preceptivo. pero no vinculante, y como es l\u00f3gico, ese mismo derecho a dar su opini\u00f3n lo seguir\u00e1n teniendo todas las Comunidades Auton\u00f3mas por las que discurre el Ebro.<\/p>\n<p>P.- \u00bfCreu ud. que los deportes de motor practicados en el campo da\u00f1an seriamente el medio ambiente?<\/p>\n<p>R.- Sin ninguna duda la motorizaci\u00f3n en los espacios naturales provoca da\u00f1os que pueden ser muy significativos para algunos ecosistemas y por ello creo que es imprescindible regular y limitar determinado tipo de transportes cuando se utilizan fuera de la Red de Carreteras.<\/p>\n<p>P.- Hola Sra Ministra. Sobre el tema Nuclear ya le han preguntado pero realmente no est\u00e1n tirando balones fuera. En Europa se est\u00e1 replanteando el tema muy seriamente, y notorios representantes ecologistas est\u00e1n en el ojo del hurac\u00e1n por precisamente defender la energia nuclear. No cree que habr\u00eda que plantearse realmente su utilizaci\u00f3n, y no su reducci\u00f3n&#8230;.<\/p>\n<p>R.- No todos los pa\u00edses tienen la misma opini\u00f3n dentro de la Uni\u00f3n Europea. Quiero recordarte que el actual gobierno alem\u00e1n mantiene el compromiso adquirido por el anterior, de distinto signo pol\u00edtico, en cuanto a la reducci\u00f3n gradual del uso de la energ\u00eda nuclear, por cierto en un pa\u00eds que cumple sus objetivos en el Protocolo de Kioto gracias al extraordinario impulso, por ejemplo, de la energ\u00eda solar. Tampoco Suecia ha deca\u00eddo en su empe\u00f1o de reducir el uso de la energ\u00eda nuclear sin renunciar en absoluto a cumplir con el Protocolo de Kioto. Pero el debate est\u00e1 abierto en Espa\u00f1a como lo prueba la Mesa promovida por el Ministerio de Industria donde, entre otras cosas, se est\u00e1 hablando de qu\u00e9 hacer en el inmediato futuro con los residuos de alta radioactividad que ya no caben en los recintos de las actuales centrales.<\/p>\n<p>P.- En qu\u00e9 afecta a su ministerio las cesiones del nuevo Estaturo de Catal\u00f1a, no teme que a la larga, tal y como se ve en la entrevista, el gobierno central quede vacio de contenido, y hay problemas de coordinaci\u00f3n como el Guadalajara ?<\/p>\n<p>R.- En el texto actual, no se ven afectadas las competencias del Ministerio de Medio Ambiente, salvo lo referente a la gesti\u00f3n de dominio p\u00fablico martitimo-terrestre, es decir, la primera l\u00ednea de nuestras playas, que es una funci\u00f3n que puede ser objeto de una encomienda de gesti\u00f3n sin que ello signifique que el Ministerio se quede sin competencias en esta materia. Y por supuesto, como bien se\u00f1alas en tu pregunta, los problemas de coordinaci\u00f3n pueden darse con cualquier Comunidad Aut\u00f3noma, al margen del contenido concreto de sus estatutos de autonom\u00eda. De hecho las principales tareas del Ministerio de Medio Ambiente son las de elaborar leyes b\u00e1sicas, gestionar las aguas de los r\u00edos intercomunitarios, e impulsar con car\u00e1cter general la cooperaci\u00f3n y la coordinaci\u00f3n con todas las Administraciones en materia ambiental.<\/p>\n<p>P.- Ministra, va usted a fomentar la creaci\u00f3n de carriles bici en las grandes ciudades como Madrid?<\/p>\n<p>R.- El Gobierno central no puede decidir de forma directa cu\u00e1ntos carriles bici se ponen en una ciudad pero s\u00ed impulsamos este tipo de soluciones mediante el apoyo econ\u00f3mico y t\u00e9cnico a la Red Espa\u00f1ola de Ciudades por el Clima.<\/p>\n<p>P.- La contaminaci\u00f3n ac\u00fastica en muchas ciudades ha aumentado en lo \u00faltimos a\u00f1os. \u00bfHay alguna iniciativa para corregir este problema?<\/p>\n<p>R.- Acabamos de aprobar un decreto que desarrolla la legislaci\u00f3n estatal sobre ruido, por el cual las Comunidades Auton\u00f3mas deber\u00e1n garantizar la existencia de mapas de ruido en las principales ciudades, as\u00ed como la adopci\u00f3n de medidas concretas para reducir este tipo de contaminaci\u00f3n.<\/p>\n","protected":false},"excerpt":{"rendered":"<p>La escasez de agua y el cambio clim\u00e1tico acompa\u00f1an a la ministra de Medio Ambiente. Cristina Narbona responde a tus preguntas, ya sean h\u00eddricas o medioambientales. Entre sus retos, desde satisfacer las necesidades de agua de distintas comunidades hasta el cumplimiento estricto del Protocolo de Kioto. Mientras, su Ministerio se prepara para que Espa\u00f1a afronte lo mejor posible el nuevo a\u00f1o de sequ\u00eda.<\/p>\n","protected":false},"author":1,"featured_media":0,"comment_status":"open","ping_status":"open","sticky":false,"template":"","format":"standard","meta":{"footnotes":""},"categories":[],"tags":[],"class_list":["post-5217","post","type-post","status-publish","format-standard","hentry"],"_links":{"self":[{"href":"https:\/\/intervius.com\/index.html\/wp-json\/wp\/v2\/posts\/5217","targetHints":{"allow":["GET"]}}],"collection":[{"href":"https:\/\/intervius.com\/index.html\/wp-json\/wp\/v2\/posts"}],"about":[{"href":"https:\/\/intervius.com\/index.html\/wp-json\/wp\/v2\/types\/post"}],"author":[{"embeddable":true,"href":"https:\/\/intervius.com\/index.html\/wp-json\/wp\/v2\/users\/1"}],"replies":[{"embeddable":true,"href":"https:\/\/intervius.com\/index.html\/wp-json\/wp\/v2\/comments?post=5217"}],"version-history":[{"count":0,"href":"https:\/\/intervius.com\/index.html\/wp-json\/wp\/v2\/posts\/5217\/revisions"}],"wp:attachment":[{"href":"https:\/\/intervius.com\/index.html\/wp-json\/wp\/v2\/media?parent=5217"}],"wp:term":[{"taxonomy":"category","embeddable":true,"href":"https:\/\/intervius.com\/index.html\/wp-json\/wp\/v2\/categories?post=5217"},{"taxonomy":"post_tag","embeddable":true,"href":"https:\/\/intervius.com\/index.html\/wp-json\/wp\/v2\/tags?post=5217"}],"curies":[{"name":"wp","href":"https:\/\/api.w.org\/{rel}","templated":true}]}}