{"id":5203,"date":"2006-01-31T00:00:00","date_gmt":"2006-11-06T00:00:00","guid":{"rendered":"https:\/\/intervius.com\/index.html\/?p=5203"},"modified":"2006-11-06T00:00:00","modified_gmt":"2006-11-06T00:00:00","slug":"Montserrat_Comas5203","status":"publish","type":"post","link":"https:\/\/intervius.com\/index.html\/Montserrat_Comas5203\/","title":{"rendered":"Montserrat Comas"},"content":{"rendered":"<p>Pregunta.- Un a\u00f1o despu\u00e9s, seguro que se han detectado necesidades que en su d\u00eda no se contemplaron en la Ley. \u00bfcu\u00e1les?<\/p>\n<p>Respuesta.- Lo que he detectado desde el Observatorio es que hace falta que las Administraciones p\u00fablicas competentes asuman un esfuerzo presupuestario importante para hacer efectivas algunas medidas que contiene la ley y que no se han podido aplicar por falta de presupuesto. Adem\u00e1s, har\u00e1 falta hacer retoques t\u00e9cnico-jur\u00eddicos, sin modficar la filosof\u00eda de la Ley integral, para que en su aplicaci\u00f3n sea mejor.<\/p>\n<p>P.- \u00bfPor qu\u00e9 la Ley se empe\u00f1\u00f3 en mantener el \u00f3mbre &#8220;violencia de g\u00e9nero&#8221; a pesar de que incluso la RAE advirti\u00f3 de que esta denominaci\u00f3n es incorrecta?<\/p>\n<p>R.- El t\u00e9rmino violencia de g\u00e9nero no es s\u00f3lo un t\u00e9rmino gramatical, es adem\u00e1s un instrumento de an\u00e1lisis con el que se definen las causas de este tipo de violencia. Causas que est\u00e1n en la Historia y en la cultura familiar patriarcal. Durante d\u00e9cadas se ha cre\u00eddo en la supuesta superioridad del hombre sobre la mujer, fundamentalmente en el \u00e1mbito de la pareja. El t\u00e9rmino violencia de g\u00e9nero se acu\u00f1\u00f3 en la Cumbre realizada en Pek\u00edn en 1995 auspiciada por la ONU, y con ella se quiere significar que este tipo de violencia es de hombres contra mujeres, fruto de las relaciones de dominio y de posesi\u00f3n que hist\u00f3ricamente han ejercido aqu\u00e9llos sobre \u00e9stas.<\/p>\n<p>P.- Tengo entendido que una juez de Murcia present\u00f3 varias cuestiones de inconstitucionalidad contra la ley integral de violencia de g\u00e9nero. \u00bfC\u00f3mo est\u00e1 eso?<\/p>\n<p>R.- Efectivamente, una Juez de lo Penal de Murcia, as\u00ed como seis Jueces m\u00e1s, han formulado varias cuestiones de inconstitucionalidad ante el Tribunal Constitucional, al tener dudas de si algunos de los preceptos del C\u00f3digo Penal reformados por la Ley integral encajan en la Constituci\u00f3n. El TC todav\u00eda no se ha pronunciado. En mi modesta opini\u00f3n, esta opici\u00f3n legislativa s\u00ed es constitucional, pero el TC es quien tiene la \u00faltima palabra.<\/p>\n<p>P.- \u00bfPor que cree usted que ha aumentado tan alarmantemente la violencia de g\u00e9nero en estos \u00faltimos a\u00f1os?<\/p>\n<p>R.- No hay ning\u00fan estudio que demuestre que hoy exista m\u00e1s violencia de g\u00e9nero que hace quince o veinte a\u00f1os. Lo que sucede es que ahora la conocemos mejor gracias a que las v\u00edctimas han decidido denunciar y los medios de comunicaci\u00f3n han ayudado a romper el silencio sobre esta problem\u00e1tica. S\u00ed es verdad que en los \u00faltimos a\u00f1os esta lacra social est\u00e1 provocando m\u00e1s muertes y en mi opini\u00f3n es debido a que antes las mujeres soportaban en silencio los malos tratos porque la moral imperante era aguantar. A medida que las mujeres que sufren violencia deciden decir \u00a1basta! y separarse, algunas de ellas pagan con su vida el precio por su libertad. Esto es terrible y nos obliga a toda la sociedad a reaccionar, tal y como estamos haciendo.<\/p>\n<p>P.- \u00bfEs esta ley pionera en el mundo? \u00bfHay otros pa\u00edses que se est\u00e9n fijando ne esta ley para hacer una parecida?<\/p>\n<p>R.- Eefectivamente es pionera, porque es la primera vez que se aprueba en Espa\u00f1a y en toda Europa una ley de car\u00e1cter integral, que concentra en un \u00fanico texto legal todas las medidas que deben adoptarse desde \u00e1mbitos muy distintos de la sociedad para poder combatir la violencia de g\u00e9nero. Muchos nos est\u00e1n observando para ver en su aplicaci\u00f3n si obtenemos resultados y poder introducir en sus pa\u00edses modelos parecidos.<\/p>\n<p>P.- Hola Monserrat, soy una abogada y defiendo la igualdad de derechos, \u00bfno le parece un poco contradictorio que la ley integral, que incide en la educaci\u00f3n en igualdad no ampare a los hombres que sufren malos tratos (aunque sea algo muy minoritario)? Gracias<\/p>\n<p>R.- Los hombres que sufren malos tratos, que los hay, est\u00e1n plenamente amparados. Desde hace a\u00f1os, en este pa\u00eds se han aprobado leyes para combatir la violencia dom\u00e9stica, es decir, la violencia en el \u00e1mbito familiar, la sufra quien la sufra. Si un hombre recibe malos tratos, recibe tutela efectiva de un juez, se le puede aplicar una orden de protecci\u00f3n para protegerlo, y si demuestra en un juicio el mal trato se condena a su agresora porque es una conducta tipificada en el C\u00f3digo Penal. Pero el legislador ha decidido dar un paso adelante y combatir lo que constituye la aut\u00e9ntica lacra social en Espa\u00f1a: la violencia contra las mujeres.<\/p>\n<p>P.- Aunque sea pol\u00edticamente incorrecto decirlo, las estad\u00edsticas demuestran que en 2005 aument\u00f3 el n\u00famero de v\u00edcitmas extranjeras asesinadas por sus parejas. Quiz\u00e1 el aumento de la inmigraci\u00f3n lo explique en parte, pero en mi opini\u00f3n, tambi\u00e9n es un problema cultural (por ejemplo, los sudamericanos son m\u00e1s machistas e incluso las mujeres son m\u00e1s serviciales con sus parejas. \u00bfC\u00f3mo se puede luchar contra eso?<\/p>\n<p>R.- Con medidas preventivas y de educaci\u00f3n. El porcentaje de mujeres extranjeras maltratadas en relaci\u00f3n a la tasa de poblaci\u00f3n extranjera efectivamente es m\u00e1s alta que en comparaci\u00f3n con las mujeres espa\u00f1olas, pero no hay que olvidar que el maltrato no tiene fronteras: ni de nacionalidad, ni de edad, ni de cultura. Es un problema universal muy enraizado tambi\u00e9n entre espa\u00f1oles.<\/p>\n<p>P.- \u00bfNo le parece que la ley tiene muy buenas intenciones pero que no hay medios suficientes para desarrollarla al cien por cien?<\/p>\n<p>R.- No tiene s\u00f3lo buenas intenciones. Se ha aprobado con dos objetivos muy claros: caminar hacia la igualdad real entre hombres y mujeres y reducir las insoportables cifras de violencia que sufren las mujeres. Y para ello se han adoptado muchas medidas y con presupuesto econ\u00f3mico. Sin embargo, es verdad que otras no se han podido desplegar por falta de presupuesto econ\u00f3mico. Por eso se ha de hacer un esfuerzo importante en este sentido.<\/p>\n<p>P.- \u00bfQu\u00e9 pasa con el Observatorio para la Violencia de G\u00e9nero y el Plan de Sensibilizaci\u00f3n? \u00bfPara cu\u00e1ndo?<\/p>\n<p>R.- No se ha aprobado el Real Decreto de desarrollo de la Ley integral para crear el Observatorio Estatal. El Ministro de Trabajo y Asuntos Sociales anunci\u00f3 que se har\u00eda este primer semestre del a\u00f1o. Respecto a planes de sensibilizaci\u00f3n, hay varios en marcha, m\u00e1xime teniendo en cuenta que tambi\u00e9n los Gobiernos de las comunidades aut\u00f3nomas est\u00e1n haciendo muchas acciones en este terreno.<\/p>\n<p>P.- Muchas mujeres se han beneficiado de los juzgados espec\u00edficos para la mujer y los juicios r\u00e1pidos, pero en el \u00e1mbito rural la realidad es otra, y los juicios por maltratos a veces se eternizan (yo conozco un caso muy cercano). \u00bfQu\u00e9 hacer en esos casos?<\/p>\n<p>R.- Las mujeres del \u00e1mbito rural tienen id\u00e9nticos derechos que el resto de las mujeres. Si se ha fallado en el caso que usted conoce supone un mal funcionamiento de la Administraci\u00f3n de Justicia, pero no se puede generalizar. Estas mujeres est\u00e1n recibiendo la misma protecci\u00f3n y se est\u00e1n tramitando muchos juicios r\u00e1pidos en relaci\u00f3n a este sector de la poblaci\u00f3n.<\/p>\n<p>P.- Una parte de la ley hablaba de la necesidad de poner en marcha pol\u00edticas educativas concretas, pero poco se ha hablado de ellas. \u00bfSe ha hecho ya algo? \u00bfEl qu\u00e9?<\/p>\n<p>R.- Como Juez, Vocal del Consejo General del Poder Judicial y Presidenta de un Observatorio que trabajamos el problema de la violencia desde el \u00e1mbito de la Administraci\u00f3n de Justicia, no me atrevo a contestar esta pregunta por falta de datos. En todo caso, la obligaci\u00f3n legal est\u00e1 en vigor desde hace un a\u00f1o. Har\u00e1 falta evaluar las medidas desde el \u00e1mbito educativo.<\/p>\n<p>P.- Soy una joven de 28 a\u00f1os con estudios superiores que fue victima de malos tratos. Hace un a\u00f1o que logre separarme de mi agresor. En aquel momento pienso que me hubiera ayudado mas un psicologo que un juez, ya que en cierto modo soy complice de lo que ocurrio (al encubrirlo y aceptarlo mucho tiempo). No cree que la raiz de los malos tratos se trataria de manera mas eficaz mediante otro tipo de estrategias? Acaso castigar al agresor va a erradicar por completo el problema? No es solo una solucion temporal? Muchas gracias.<\/p>\n<p>R.- Comparto plenamente su reflexi\u00f3n. Es m\u00e1s, creo que el legislador, con la aprobaci\u00f3n de la Ley integral, nos da el mismo mensaje: el problema del maltrato no s\u00f3lo lo solucionaremos de la mano de medidas judiciales o policiales. Por eso la ley dise\u00f1a soluciones desde el \u00e1mbito de la educaci\u00f3n, contra la publicidad il\u00edcita, con ayudas sociales y psicol\u00f3gicas a favor de las v\u00edctimas, reinserci\u00f3n social de los condenados, medidas preventivas, etc., adem\u00e1s de las judiciales y policiales.<\/p>\n<p>P.- Le\u00ed en su d\u00eda que la ley contempla la rehabilitaci\u00f3n de maltratadores. \u00bfSe ha puesto ya en marcha alg\u00fan programa? \u00bfDe verdad cree que es posible rehabilitar a un maltratador?<\/p>\n<p>R.- Es obligatorio intentar la rehabilitaci\u00f3n de los condenados. Es, adem\u00e1s, una consecuencia de la Constituci\u00f3n espa\u00f1ola, que con buen criterio no except\u00faa a ning\u00fan delincuente de la posibilidad de ser reinsertado, es decir, que cuando salga de la prisi\u00f3n aprenda a convivir con los dem\u00e1s sin volver a delinquir. Aqu\u00ed en Espa\u00f1a no hemos hecho una apuesta decidida a favor de ello. Son muy pocos los programas y los centros creados. El porcentaje de \u00e9xito es escaso, pero no por ello podemos renunciar a intentarlo. Uno de los fines de la pena, aunque no el \u00fanico, es la reinserci\u00f3n.<\/p>\n<p>P.- Imagino que el CGPJ tendr\u00e1 estad\u00edsticas del n\u00famero de violencias falsas que existen en el \u00e1mbito de los malos tratos. \u00bfSe registran muchas? \u00bfQu\u00e9 m\u00e9todos existen para detectarlas? Cuando se detectan, \u00bfse sanciona a quien lo ha hecho? Gracias por estar aqu\u00ed y ojal\u00e1 alg\u00fan d\u00eda se acaben estas muertes.<\/p>\n<p>R.- El n\u00famero de procedimientos incoados por los Jueces de Instrucci\u00f3n contra denunciantes por haber formulado denuncias falsas es muy escaso. No dispongo en este momento de la cifra. Pero el porcentaje es tan peque\u00f1o que no podemos centrar el debate en esta cuesti\u00f3n. Las denuncias falsas que existan, al igual que existen en otros delitos, se han de perseguir rotundamente. Para esto est\u00e1n los Jueces y los Fiscales, para garantizar los derechos de todos, y, por tanto, tambien de los denunciados. Y lo est\u00e1n haciendo. Cuando la solicitud de una Orden de Protecci\u00f3n no est\u00e1 fundada, se desestima, aunque ello no equivale a que la denuncia sea falsa. En ocasiones se ha de archivar por falta de prueba, porque estamos ante un delito muy invisible, al suceder intra-muros de los domicilios, sin m\u00e1s prueba que la propia declaraci\u00f3n de la v\u00edctima, las cuales tienen muchas dificultades para poder probar el delito que denuncian.<\/p>\n<p>P.- un a\u00f1o despu\u00e9s de su entrada en vigor, \u00bfqu\u00e9 objetivos de la ley cree que se han cumplido , totalmente o en parte, y c\u00fa\u00e1les quedan pendientes de cumplir?<\/p>\n<p>R.- Respecto a la parte de la ley que incumbe a los Jueces, ya hemos logrado un objetivo: terminar con la dispersi\u00f3n judicial, tan enemiga de la eficacia judicial. Hemos acabado con el peregrinaje de las v\u00edctimas a varios Juzgados para resolver su problema. Desde el 29 de junio del a\u00f1o pasado, un solo Juzgado en cada partido judicial entiende de todas las denuncias por violencia de g\u00e9nero y de las cuestiones civiles si hay separaci\u00f3n, divorcio o menores a proteger. Pero quedan todav\u00eda muchas cosas: mejorar la informaci\u00f3n a las v\u00edctimas, crear centros donde desarrollar los progrmas de reinserci\u00f3n de los condenados, crear m\u00e1s Juzgados de Violencia sobre la Mujer con competencia exclusiva para poder otorgar una respuesta judicial con m\u00e1s calidad y m\u00e1s eficaz. Un a\u00f1o es todav\u00eda pronto para que la ley nos d\u00e9 el resultado m\u00e1s esperado por todos: que no existan m\u00e1s mujeres asesinadas y que logremos erradicar el mal trato. \u00c9ste es un problema ancestral, con el que llevamos d\u00e9cadas, y por eso sabemos que costar\u00e1 lograr estos objetivos. Pero nos hemos de creer que son posibles.<\/p>\n<p>P.- Las muertes de mujeres no se van a acabar nunca, igual que siguen existiendo robos, asesinatos, etc. a pesar de que haya leyes contra estos delitos. Y las muertes por malos tratos no es un fen\u00f3meno exclusivo de Espa\u00f1a, existen en todos los pa\u00edses del mundo. \u00bfqu\u00e9 es lo que realmente pretende esta ley?<\/p>\n<p>R.- En modo alguno comparto con usted que no podamos acabar con las muertes de mujeres por sus parejas o ex parejas. Es un hecho intolerable en una sociedad democr\u00e1tica. Es la primera causa de muerte dolosa violenta, es decir intencionada, desde que el terrorismo afortunadamente no mata. Las medidas que despliega esta ley pretenden reducir las cifras mortales y el resto de los actos violentos. Para ello hemos de cambiar fundamentalmente los patrones culturales machistas muy enraizados en nuestra sociedad. Porque es por culpa de estos patrones que todav\u00eda hay hombres que utilizan la violencia para mantener una situaci\u00f3n de control o de dominio respecto a su pareja. Y esto es un tema cultural, no es fruto de la biolog\u00eda. Y por eso estoy convencida que el problema tiene soluci\u00f3n y que lograremos acabar con este problema. Usted tiene raz\u00f3n en que es un problema universal y por eso existen tantas recomendaciones internacionales dirigidas a los Gobiernos de todos los pa\u00edses para que adopten medidas para combatir la violencia de g\u00e9nero. Y muchos lo est\u00e1n haciendo, como nosotros.<\/p>\n<p>P.- Tengo una amiga maltratada que siempre me dice que una vez que denuncias empieza una segundo maltrato: el institucional. Que no es un camino de rosas y que los medios y recursos al alcance de las v\u00edctimas son, muchas veces, muy distintos a como nos cuentan la pel\u00edcula los medios de comunicaci\u00f3n.<\/p>\n<p>R.- Es verdad que hay mujeres que relatan haber tenido malas experiencias con la Administraci\u00f3n de justicia o con otras Instituciones. Hay que escucharlas, porque nos ayudan a cambiar lo que funciona mal. Pero, sinceramente, creo que hemos avanzado mucho en la respuesta institucional. Y debemos esforzarnos todav\u00eda m\u00e1s. Las v\u00edctimas y el problema lo merecen.<\/p>\n<p>P.- \u00bfcu\u00e1ntas mujeres viven hoy d\u00eda con una orden de alejamiento? \u00bfY con servicio de teleasistencia?<\/p>\n<p>R.- Miles de mujeres. No le puedo concretar. Estoy en la sede del peri\u00f3dico y no en mi despacho. Lamento no tener la cifra en la cabeza, pero en el portal web del Consejo General del Poder Judicial, en la ventana del Observatorio, tenemos publicadas todas las cifras y estad\u00edsticas, con total transparencia. Respecto al servicio de teleasistencia, el dato lo tiene el Ministerio de Trabajo y Asuntos Sociales.<\/p>\n<p>P.- \u00bfNo es un poco exagerado hablar de &#8220;terrorismo dom\u00e9stico&#8221;?<\/p>\n<p>R.- Hay mujeres que viven en sus domicilios aut\u00e9ntico terror, porque adem\u00e1s de estar maltratadas y amenazadas, adem\u00e1s est\u00e1n sojuzgadas, y tienen aut\u00e9ntico p\u00e1nico de denunciar esta situaci\u00f3n por miedo a la respuesta que puede adoptar su agresor. Adem\u00e1s les unen v\u00ednculos sentimentales, con dependencias en algunos casos tambi\u00e9n econ\u00f3micas. Hay que situarse en la piel de estas mujeres para comprender el dolor y terror que sienten y lo dif\u00edcil que es salir del c\u00edrculo de la violencia a la que est\u00e1n sometidas. Sin embargo, yo no empleo la palabra terror dom\u00e9stico, porque esta lacra social obedece a causas distintas al terrorismo. Prefiero hablar de violencia criminal machista.<\/p>\n<p>P.- \u00bfPor qu\u00e9 no entran en las estad\u00edsticas los maltratos a los hombres? \u00bfNo existen? \u00bfEs menos malo el maltratar a un hombre que el hacerlo a una mujer?<\/p>\n<p>R.- S\u00ed hay cifras y estad\u00edsticas y adem\u00e1s publicadas cada d\u00eda por el Observatorio que presido. En nuestras estad\u00edsticas judiciales preguntamos todas las cifras que afectan a todas las personas en el \u00e1mbito familiar: ni\u00f1os, ancianos, hombres y mujeres. Puede comprobarlo en nuestra p\u00e1gina web.<\/p>\n<p>P.- quisiera saber si cuando se detecta una denuncia falsa es denunciada de oficio y condenada. gracias<\/p>\n<p>R.- Es un delito perseguible de oficio. Si el juez o el fiscal al examinar un atestado, o al valorar las pruebas practicadas en la fase de instrucci\u00f3n, o cuando se celebra el juicio, considera que hay indicios de que se ha efectuado una denuncia falsa, tiene la obligaci\u00f3n, y as\u00ed lo est\u00e1n haciendo, de incoar un procedimiento penal contra la parte denunciante. La denuncia falsa es un delito que est\u00e1 en el C\u00f3digo Penal desde hace muchos a\u00f1os y se persigue de oficio.<\/p>\n<p>P.- No le parece muy leve esta ley? la gente habla mucho de las victimas mortales, que hay de las miles de mujeres que no tienen vida por estar amenazadas, que no pueden ir por la calle tranquilas, que tienen depresiones por ello? se que eso es incluso peor a que te maten de una vez, es horrible la situacion<\/p>\n<p>R.- Esta ley no s\u00f3lo pretende como objetivo reducir y terminar con las muertes, sino tambi\u00e9n contra todo tipo de maltrato, sea f\u00edsico o psicol\u00f3gico. Despu\u00e9s del derecho a la vida, el derecho a la libertad es muy importante, es decir, el derecho a no ser amnezada ni coaccionada y tambien el derecho a la integridad f\u00edsica. La ley pretende conseguir un objetivo deseado por todos los ciudadanos y ciudadanas: la plena erradicaci\u00f3n del maltrato hacia las mujeres.<\/p>\n<p>P.- Sabiendo que un maltratador en juicio se puede conformar, lo que implica que le reduzcan la pena en un tercio \u00bfno cree vd que hay que reformarlo para evitar la reduccion de condena?<\/p>\n<p>R.- No creo que haya que reformar este aspecto de la ley. Hay hombres denunciados por primera vez que reconocen los hechos. No es malo que esto suceda y tampoco es malo que el legislador le otorgue un beneficio de poder reducir su condena si se conforma con los hechos y con la pena que solicite el Ministerio Fiscal. Hay Jueces que comentan que algunos de los agresores juzgados a trav\u00e9s de un juicio r\u00e1pido, con conformidad, despues no han reincidido.<\/p>\n<p>P.- Hola! Soy inmigrante marroqu\u00ed y me preocupa el juicio que se hace a nuestra sociedad con respecto al trato a las mujeres. El ejemplo est\u00e1 que aqu\u00ed en Espa\u00f1a son asesinadas al a\u00f1o 70 u 80 mujeres por maridos o novios cristianos. \u00bfc\u00f3mo usted ve este hecho tan hip\u00f3crita que se critica los de fuera poni\u00e9ndose un velo en los ojos por lo que pasa aqu\u00ed tan cerca?. No lo entiendo<\/p>\n<p>R.- Sinceramente, no creo que nos estemos poniendo un velo respecto a lo que pasa en nuestro pa\u00eds. Publicamos con transparencia el n\u00famero de mujeres muertas y el n\u00famero de denuncias y de condenas por maltrato. Y publicamos tambi\u00e9n los porcentajes de las v\u00edctimas espa\u00f1olas y extranjeras. Y por eso sabemos que el porcentaje m\u00e1s alto de asesinadas y maltratadas es de mujeres de nacionalidad espa\u00f1ola. No creo de verdad ni que lo estemos ocultando ni que estemos desviando la culpa hacia otros pa\u00edses, tampoco hacia el suyo. Otra cosa es que tambi\u00e9n critiquemos que en algunas culturas distintas a las nuestras existan muchas mujeres en situaciones de discriminaci\u00f3n, en situaciones de clara inferioridad en relaci\u00f3n a los hombres. En Espa\u00f1a hemos dado m\u00e1s pasos hacia la igualdad que en otros pa\u00edses, pero seguimos denunciadno y criticando que no hemos alcanzado la igualdad real entre hombres y mujeres.<\/p>\n<p>P.- en general, \u00bfqu\u00e9 balance hace usted de este primer a\u00f1o de la ley<\/p>\n<p>R.- El balance del primer a\u00f1o de la ley -en lo que afecta a las medidas judiciales, s\u00f3lo medio a\u00f1o- es positivo. Creo que es un buen instrumento para luchar contra la violencia de g\u00e9nero. No es el \u00fanico, pero \u00e9ste es el instrumento m\u00e1s importante. Es verdad que a todos, a m\u00ed la primera, nos gustar\u00eda resultados m\u00e1s tangibles, m\u00e1s visibles. Nos duele cada muerte, cada acto violento, tanto dolor y tanta soledad de muchas mujeres. El camino para acabar con ello ser\u00e1 largo, porque el problema es muy complejo de resolver, al afectar a patrones culturales con hondas ra\u00edces culturales, pero lo importante es que nos hemos trazado un camino, un objetivo y que cada vez son m\u00e1s las mujeres y hombres que estamos colaborando para lograrlo. Creo que esta sociedad ha cambiado mucho en la implicaci\u00f3n y en la respuesta contra esta lacra social. Es un problema de todos: de hombres y de mujeres. La ley nos proporciona los instrumentos adecuados, por eso creo que es v\u00e1lida.<\/p>\n<p>P.- \u00bfNo seria logico empezar por reformar los valos actuales que se dan a nuestros hijos? Los ni\u00f1os solo ven violencia, maltrato, abuso&#8230; y en todas pertes, tebeos, cine, serie de television, videojuegos &#8230;<\/p>\n<p>R.- \u00c9sta es una tarea important\u00edsima. Si logramos educar a nuestros hijos en los valores de la igualdad y de la no violencia, en todos los \u00e1mbitos, y a que sepan resolver los conflictos familiares sin violencia, lograremos el gran cambio. Para que las nuevas generaciones vivan sin violencia, tiene usted raz\u00f3n de que debemos trabajar desde ahora para que tengan otros valores. Por eso la educaci\u00f3n en la escuela, en la familia, es tan importante. Los menores reproducen lo que ven en el interior y en el exterior de sus casas. Nos estamos jugando nuestro futuro y el de ellos.<\/p>\n","protected":false},"excerpt":{"rendered":"<p>Cuando se cumple un a\u00f1o de la entrada en vigor de la Ley Integral contra la violencia de g\u00e9nero, la presidenta del Observatorio contra la Violencia Dom\u00e9stica y vocal del Consejo General del Poder Judicial hace balance de la eficacia de esta legislaci\u00f3n que despert\u00f3 tanta pol\u00e9mica.<\/p>\n","protected":false},"author":1,"featured_media":0,"comment_status":"open","ping_status":"open","sticky":false,"template":"","format":"standard","meta":{"footnotes":""},"categories":[],"tags":[],"class_list":["post-5203","post","type-post","status-publish","format-standard","hentry"],"_links":{"self":[{"href":"https:\/\/intervius.com\/index.html\/wp-json\/wp\/v2\/posts\/5203","targetHints":{"allow":["GET"]}}],"collection":[{"href":"https:\/\/intervius.com\/index.html\/wp-json\/wp\/v2\/posts"}],"about":[{"href":"https:\/\/intervius.com\/index.html\/wp-json\/wp\/v2\/types\/post"}],"author":[{"embeddable":true,"href":"https:\/\/intervius.com\/index.html\/wp-json\/wp\/v2\/users\/1"}],"replies":[{"embeddable":true,"href":"https:\/\/intervius.com\/index.html\/wp-json\/wp\/v2\/comments?post=5203"}],"version-history":[{"count":0,"href":"https:\/\/intervius.com\/index.html\/wp-json\/wp\/v2\/posts\/5203\/revisions"}],"wp:attachment":[{"href":"https:\/\/intervius.com\/index.html\/wp-json\/wp\/v2\/media?parent=5203"}],"wp:term":[{"taxonomy":"category","embeddable":true,"href":"https:\/\/intervius.com\/index.html\/wp-json\/wp\/v2\/categories?post=5203"},{"taxonomy":"post_tag","embeddable":true,"href":"https:\/\/intervius.com\/index.html\/wp-json\/wp\/v2\/tags?post=5203"}],"curies":[{"name":"wp","href":"https:\/\/api.w.org\/{rel}","templated":true}]}}