{"id":5192,"date":"2006-02-09T00:00:00","date_gmt":"2006-11-06T00:00:00","guid":{"rendered":"https:\/\/intervius.com\/index.html\/?p=5192"},"modified":"2006-11-06T00:00:00","modified_gmt":"2006-11-06T00:00:00","slug":"Marc_Coma5192","status":"publish","type":"post","link":"https:\/\/intervius.com\/index.html\/Marc_Coma5192\/","title":{"rendered":"Marc Coma"},"content":{"rendered":"<p>Pregunta.- Marc, \u00bfno te sienetes un poco menos tratado informativamente que otros campeones vinculados al mundo del motor como Alonso o Pedrosa?<\/p>\n<p>Respuesta.- No. Hay menos repercusi\u00f3n en el Dakar, pero est\u00e1 bien la que hay. Para ser una carrera off road tiene un impacto muy grande.<\/p>\n<p>P.- Lo primero, darte mi m\u00e1s sincera enhorabuena y me que me explicaras en qu\u00e9 momento del Rally pasaste m\u00e1s miedo. Much\u00edsmas gracias y a seguir con los \u00e9xitos, Mar\u00eda<\/p>\n<p>R.- Un d\u00eda me perd\u00ed en unas dunas muy dif\u00edciles y pensaba que iba a perder mucho tiempo e incluso que se me escapar\u00eda el Rally.<\/p>\n<p>P.- Cuando suceden cosas como la del accidente de Caldecott, \u00bfno crees que todo esto carece de sentido?<\/p>\n<p>R.- No, creo que no. Somos pilotos, asumimos un riesgo, lo que pasa es que eso no quiere decir que tengamos que seguir trabajando por nuestra seguridad y para que ese tipo de cosas no pasen.<\/p>\n<p>P.- hola Marc MUCHAS FELICIDADES eres un HEROE de los endureros como yo&#8230;y pareces una persona de lo mas normal &#8211; el otro dia te vi en el cross country con Miki Arpa -&#8230; sigo el dakar desde los tiempos de Porcar con la OSSA&#8230;y recuerdo a Malherbe, Lalay&#8230;crees que se deberia limitar la potencia de las motos digamos a 40 CV (o la cilindrada a 400cc y 4T) y tambien eliminar totalmente el GPS&#8230;solo road book&#8230;&#8230;creo que asi volveriamos a los origenes y habria menos muertos y heridos manteniendo el espiritu Sabine&#8230;muchas gracias por tu tiempo Pepe (Valencia)<\/p>\n<p>R.- Lo primero de todo espero que disfutases mucho de la carrera del fin de semana. Estoy en contra de limitar la potencia de las motos y el GPS lo llevamos tan limitado que ya casi no es ni GPS.<\/p>\n<p>P.- Buenos d\u00edas Marc, \u00bfPensabas que este a\u00f1o iba a ser tu a\u00f1o en el Dakar? \u00bfQu\u00e9 te pas\u00f3 por la cabeza cuando te proclamaste campe\u00f3n? un saludo desde Galicia<\/p>\n<p>R.- Sab\u00edamos que entr\u00e1bamos en una lista de cuatro pilotos con muchas opciones, ello nos daba mucha confianza, y al final conseguimos el resultado. Cuando me proclam\u00e9 campe\u00f3n tuve una sensaci\u00f3n muy rara, pens\u00e9 que ser\u00eda un momento de euforia y explosi\u00f3n pero hasta que no llegu\u00e9 al aeropuerto de Barcelona no me d\u00ed cuenta de lo que pasaba.<\/p>\n<p>P.- \u00bfQu\u00e9 soleis comer en plena competici\u00f3n en el desierto?<\/p>\n<p>R.- Desayunamos muy fuerte, no comemos porque estamos encima de la moto, a veces tomamos alguna barrita energ\u00e9tica, y la cena la hacemos otra vez fuerte, pero cenamos muy temprano, sobre las siete de la tarde.<\/p>\n<p>P.- \u00bfQu\u00e9 necesita Carlos S\u00e1inz para ganar el Dakar en coches?<\/p>\n<p>R.- Manos o habilidades al volante, seguro que no. Igual un poco m\u00e1s de experiencia en las dunas y entender tambi\u00e9n un poco m\u00e1s la carrera.<\/p>\n<p>P.- \u00bfCu\u00e1ndo seguir\u00e1s los pasos de Nani Roma y te pasar\u00e1s a los coches?<\/p>\n<p>R.- Espero que alg\u00fan d\u00eda, pero a\u00fan no. M\u00ednimo voy a estar dos a\u00f1os m\u00e1s en las motos.<\/p>\n<p>P.- \u00bfHas temido alguna vez por tu vida?\u00bfsi es as\u00ed, que es lo que pas\u00f3?<\/p>\n<p>R.- No, nunca.<\/p>\n<p>P.- \u00bfNo crees que campeones de especialidades de moto de campo como t\u00fa podr\u00edan protestar m\u00e1s por el acoso al que se ve sometido el aficionado cuando sale a montar o entrenar? Es una paradoja que compremos motos de este tipo si te\u00f3ricamente no se pueden usar en el medio para el que est\u00e1n dise\u00f1adas, no? Gracias, y saludos desde el Motoclub Petardos.<\/p>\n<p>R.- S\u00ed, es cierto. En cada reuni\u00f3n o visita que tengo con alg\u00fan cargo del gobierno, le manifiesto nuestro problema. Est\u00e1n trabajando para solucionarlo pero es dif\u00edcil cambiar una ley.<\/p>\n<p>P.- Hola Marc, lo primero es darte la enhorabuena por los buenos momentos que nos has brindado en el rally. Una pregunta que quer\u00eda hacerte es si con el aumento de la tecnolog\u00eda, y de las infraestructuras de los equipos no se ha perdido un poco el espiritu de los ochenta del Dakar?. Muchos \u00e1nimos para el a\u00f1o que viene y enhorabuena por el mundial tambi\u00e9n. Juan (Madrid)<\/p>\n<p>R.- S\u00ed, est\u00e1 claro que el esp\u00edritu de los ochenta no est\u00e1 ah\u00ed, pero es que no est\u00e1 ah\u00ed en ning\u00fan sitio. Ni en la F\u00f3rmula 1 , ni en Moto GP, ni en las carreras de Rallies de coches etc. De entre todas las especialidades creo que en el Dakar a\u00fan hay un esp\u00edritu aventurero.<\/p>\n<p>P.- Enhorabuena lo primero. Una curiosidad \u00bfhas pasado peligro por algun animal (serpiente\/tigre&#8230;) en alguna edicion del Dakar?, Raul Almer\u00eda<\/p>\n<p>R.- No. Animales ves muchos, el peligro que tienes es que alguna vaca o alguna cabra se te cruce en la pista. No porque sean peligrosos sino porque puedes chocar contra ellos.<\/p>\n<p>P.- Marc, los que conocen el Dakar, dicen que lo mejor de todo es estar el ultimo dia en el &#8220;Africa Star&#8221;, es cierto?<\/p>\n<p>R.- No he estado nunca pero hay gente que s\u00ed que cree que es as\u00ed.<\/p>\n<p>P.- \u00bfTe parece justa la repercusi\u00f3n de Carlos Sainz? \u00bfEs bueno para el Dakar &#8220;intrusismos&#8221; del estilo? Felicidades, Marc! LBDB<\/p>\n<p>R.- Est\u00e1 muy bien que Carlos S\u00e1inz participe en el Dakar, es un hombre que ha conseguido grandes cosas en rallies. Lo que no es normal es que si acaba en 15\u00aa posici\u00f3n se hable de \u00e9l cuando hay otros espa\u00f1oles que lo est\u00e1n haciendo mejor.<\/p>\n<p>P.- \u00bfCrees que la limitaci\u00f3n del GPS ha sido fundamental en tu victoria? \u00bfTe consideras el mejor en el apartado de la orientaci\u00f3n?<\/p>\n<p>R.- Quiz\u00e1, soy de los pilotos que mejor se ha adaptado al nuevo GPS y me considero de los mejores en ese aspecto.<\/p>\n<p>P.- Como se soporta el paso de camiones o coches a toda velocidad, cerca de un motero? Enhorabuena<\/p>\n<p>R.- Sin ning\u00fan tipo de problema. Pr\u00e1cticamente los coches y las motos los vemos en el campamento, no durante el d\u00eda de la carrera mientras que est\u00e1s haciendo la etapa.<\/p>\n<p>P.- Las condiciones del Dakar son extremas por el calor. \u00bfQu\u00e9 pasar\u00eda si se hiciera un Dakar en alg\u00fan lugar similar pero condicionado por el fr\u00edo? (Siberia, Suecia etc.) No s\u00e9 si existe uno&#8230; Enhorabuena Marc.<\/p>\n<p>R.- Tenemos temperaturas extremas en los dos sentidos, hay sitios en que de noche hace mucho mucho fr\u00edo. Pero esta carrera tiene que estar en el desierto, no tiene significado fuera de \u00e9l.<\/p>\n<p>P.- \u00bfAlguna vez se te pas\u00f3 por la cabeza correr en motos de velocidad?, \u00bfpor qu\u00e9 rallys?<\/p>\n<p>R.- Me gusta mucho las motos de circuito lo que pasa es que en el pueblo que vivo toda la gente es aficionada a la moto de monta\u00f1a.<\/p>\n<p>P.- C\u00f3mo te definir\u00edas pol\u00edticamente? Hacia el centro, derecha o izquierda? Qu\u00e9 piensas del Estatut?<\/p>\n<p>R.- Seg\u00fan la circunstancia me identifico con unos o con otros, no me interesa mucho la pol\u00edtica. Sobre el Estatut pienso que se habla demasiado y que para hacer lo que est\u00e1n haciendo no merec\u00eda la pena pasar por todo este revuelo.<\/p>\n<p>P.- Primero, Felicidades, el Dakar no es una aventura facil, mi pregunta es:Que le recomendarias a alguien que quiere hacer el Dakar por primera vez?<\/p>\n<p>R.- Lo primero que pase un a\u00f1o completo haciendo carreras del campeonato de Espa\u00f1a y si puede que participe en el rally de T\u00fanez o en el de Marruecos.<\/p>\n<p>P.- Hola Marc, felicidades lo primero! Oye siempre me pregunto que como sabeis los pilotos de motos por donde teneis que echar para no pillar zonas de arena sueltas y se quede clavada ah\u00ed la moto, alg\u00fan radar o algo as\u00ed? Y tambi\u00e9n ver que propondrias tu para no tener que lamentar victimas otros a\u00f1os. Muchas gracias campeon! Myla (Murcia)<\/p>\n<p>R.- No utilizamos ning\u00fan radar. Seguimos una ruta que nos da la organizaci\u00f3n y la tenemos que interpretar encima de la moto. Para que no haya m\u00e1s v\u00edctimas pienso que hay continuar trabajando para la seguridad.<\/p>\n<p>P.- \u00bfNo crees que el hecho de que KTM sea tan superior a las otras marcas resta emoci\u00f3n a los rallys de motos?<\/p>\n<p>R.- Creo que no. Dentro de KTM hay equipos distintos y pilotos distintos. Ojal\u00e1 viniesen todas las marcas pero de momento creo que se ven buenas carreras.<\/p>\n<p>P.- Adem\u00e1s de aventura, \u00bfqu\u00e9 otras cosas encuentras en el desierto?<\/p>\n<p>R.- Sobre todo le das importancia a cosas que aqu\u00ed son insignificantes como una buena ducha, una buena cama, una buena comida&#8230;<\/p>\n<p>P.- \u00bfEs cierto que el Dakar es una competici\u00f3n internacional que favorece descaradamente a los franceses?<\/p>\n<p>R.- En alg\u00fan momento, en a\u00f1os anteriores s\u00ed, pero ahora no. Es una organizaci\u00f3n francesa y aunque es posible que los franceses por el hecho de hablar el mismo idioma tengan un poco m\u00e1s de informaci\u00f3n, no pasa de ah\u00ed.<\/p>\n<p>P.- \u00bfC\u00f3mo es posible que una de las carreras m\u00e1s famosas se corra en un territorio donde reina la pobreza y la miseria de sus habitantes? Algo tan materialista como una competici\u00f3n (que en realidad no sirve m\u00e1s que para gloria de los participantes) choca con el hambre de las gentes que os rodean. \u00bfNo os da verguenza invadir sus tierras para nada? Y encima, lo de los dos ni\u00f1os fallecidos, como si tuvieran importancia.<\/p>\n<p>R.- En primer lugar que pase la carrera por su territorio tambi\u00e9n les beneficia puesto que les llevamos dinero. Alrededor de la carrera hay muchos movimientos de ayudas a lso hospitales y creo que no podemos decidir lo que quieren o lo que no quieren. Primero debemos preguntar si ellos quieren que pase la carrera y por nuestra experiencia la gente est\u00e1 encantada de que as\u00ed ocurra. El fallecimiento de los ni\u00f1os es algo que no puede volver a pasar.<\/p>\n<p>P.- Con el Dakar en tus manos, ligas mucho m\u00e1s con las chicas?Gracias<\/p>\n<p>R.- (Risas). No&#8230; la gente te conoce m\u00e1s y te pide m\u00e1s aut\u00f3grafos y fotos pero de ah\u00ed a ligar&#8230;<\/p>\n<p>P.- Hola Marc,no se si has escuchado estas declaraciones de los verdes para intentar prohibir el paso del dakar por Espa\u00f1a,segun ellos &#8220;El Rally Dakar es un espect\u00e1culo de exhibici\u00f3n de la agresividad y el despilfarro de la industria del autom\u00f3vil y un modelo de fomento de la conducci\u00f3n agresiva y violenta&#8221; a mi personalmente me apena que esta sea la opinion de los que montamos enmoto de campo,me gustaria saber tu opinion.Gracias<\/p>\n<p>R.- S\u00ed lo hab\u00eda o\u00eddo pero me pregunto que si el Dakar es realmente un despilfarro y una exhibici\u00f3n creo que hay muchas otras cosas que s\u00ed lo son de verdad. Siempre que hay alg\u00fan tipo de cr\u00edtica hacia la carrera me pregunto en lo que es lo que est\u00e1n haciendo ellos por \u00c1frica.<\/p>\n<p>P.- Es relativamente habitual que un piloto de motos muera en accidente durante la disputa del Dakar. \u00bfNo os sent\u00eds en una especie de ruleta rusa, sabiendo que os puede tocar a cualquiera? \u00bfNo hay alguna forma de evitarlo? \u00bfHabr\u00e1 que acabar suspendiendo la modalidad de motos?<\/p>\n<p>R.- Durante el a\u00f1o 2005 creo que han habido cinco o seis muertes en cicuitos de velocidad y una d eun piloto de catorce a\u00f1os y nadie le ha dado la m\u00e1s m\u00ednima importancia. Los pilotos sabemos que corremos un riesgo y sabemos que hay que trabajar m\u00e1s por la seguirdad. En mi caso, no lo suelo pensar demasiado por que si no, no ir\u00eda. Es como cualquier persona cuando coge el coche, sabes que existe el riesgo de accidente, pero conduces igualmente porque si no, no saldr\u00edas de casa.<\/p>\n<p>P.- como lleva su fam\u00edlia el hecho de haber ganado el dakar y cual es la recompensa que se llevan ellos?<\/p>\n<p>R.- Ellos est\u00e1n muy contentos. Pero ahora estoy muy ocupado, tengo muchos compromisos que antes no ten\u00eda y les veo poco.<\/p>\n<p>P.- estoy viendo alguna pregunta qontra el Rally, y creo que es de alguien que lo desconoce, Marc, creo que seria bueno que hablarais mas de lo que hace el Rally, de como se recoge toda la basura, del dinero que aporta a los paises, de porque los padres tiran a ninos a las ruedas de los coches para cobrar el seguro, etc etc<\/p>\n<p>R.- Personalmente, estoy en la fundaci\u00f3n Dakar Solidario que ha llevado 37 toneladas de material sanitario, luego, hemos apadrinado un colegio de Dakar, y el Rally y otros equipos particpa en distintas fundaciones o ayudas. Todo el mundo se involucra en aportar algo a \u00c1frica.<\/p>\n<p>P.- Hola Marc. Pienso que, en motos, si no est\u00e1s en el equipo Repsol o en el Gauloise es imposible ganar el Dakar. \u00bfNo crees que esto limita el triunfo final a ocho pilotos? Para m\u00ed la carrera pierde inter\u00e9s. Por cierto, \u00bfcu\u00e1nto mides? Es que he visto cifras distintas en los medios. Muchas gracias. \u00c1lvaro.<\/p>\n<p>R.- Esto es algo que pasa en todas las especialidades. Es lo que ocurre en la F\u00f3rmuyla 1, en el f\u00fatbol o en Moto GP, siempre hay dos o tres equipos m\u00e1s fuertes que optan a la victoria. Y mido 185 cm<\/p>\n<p>P.- Supongo que en cada etapa tendr\u00e1n que pasar por puntos predeterminados de control, pero en el recorrido \u00bfpueden seguir la rutra que deseen? Van por donde quieren siguiendo el libro de ruta m\u00e1s o menos? Es que en las im\u00e1genes parece que s evan siguiendo unos a otros por las mismas sendas y que al fianl hacen todos el mismo recorrido. Enhorabuena!!<\/p>\n<p>R.- S\u00ed, tenemos que hacer el mismo recorrido, el de la organizaci\u00f3n que te da un libro de ruta y hay que cumplirla. Sin embargo, el camino nunca est\u00e1 marcado en el desierto, lo tienes que interpretar t\u00fa.<\/p>\n<p>P.- \u00bfQu\u00e9 te parece m\u00e1s divertido, enduro, motocross, o raids? \u00bfTe gustar\u00eda correr un enduro extremo?<\/p>\n<p>R.- Todas me encanta pero los raids un poquito m\u00e1s. Y en cuanto a lo de correr un enduro extremo, ya he corrido varios.<\/p>\n<p>P.- Hola Marc, Enhorabuena por tu triunfo. Me atrae mucho el Paris-Dakar y me gustar\u00eda hacerlo si tengo tiempo y dinero, \u00bfque gastos ten\u00e9is?, \u00bfc\u00f3mo conseguis financiaci\u00f3n?, \u00bfque forma f\u00edsica es necesaria?.\u00bfCrees que una persona &#8220;normal&#8221; puede hacerlo?.Un saludo<\/p>\n<p>R.- Lo primero tiene que tener experiencia en carreras si no la organizaci\u00f3n no le autorizar\u00e1 a participar. Tambi\u00e9n hay que conseguir un presupuesto m\u00ednimo de 60.000 \u20ac, en el caso de un corredor privado. En cuanto a la forma f\u00edsica, debe ser la de un atleta.<\/p>\n<p>P.- Hola Marc, vi tus fotos en DT y me pareces el hombre m\u00e1s sexy del mundo. \u00bfqu\u00e9 te resulta sexy en una mujer? Silvia (Elche)<\/p>\n<p>R.- Gracias por el halago. Los ojos y la mirada es lo que me resulta sexy en una mujer.<\/p>\n<p>P.- que piensas de isidre esteve? crees q algun dia podra ganar el dakar como tu?<\/p>\n<p>R.- Isidre es un gra piloto y lo admiro much\u00edsimo y seguro que un d\u00eda podr\u00e1 ganar el Dakar, por supuesto.<\/p>\n<p>P.- \u00bfEst\u00e1s contento por el 6-1 del Zaragoza al Madrid?<\/p>\n<p>R.- No especialmente. No me alegro de las derrotas ajenas. Me alegro de mis victorias pero no de las derrotas de mis rivales.<\/p>\n<p>P.- Despu\u00e9s del Dakar, \u00bfqu\u00e9 rally te parece m\u00e1s exigente?<\/p>\n<p>R.- El Rally de la Patagonia. La primera semana de marzo me voy para all\u00e1. Empieza en Argentina y termina en Chile, acaba en un desierto que est\u00e1 a tres mil metros de altitud.<\/p>\n<p>P.- No hay pregunta, solo felicitarle por su triunfo y ojal\u00e1 alg\u00fan d\u00eda a Ustedes los deportistas que no se dedican al f\u00fatbol se les reconozca como se debe.<\/p>\n<p>R.- Muchas gracias, estoy de acuerdo.<\/p>\n","protected":false},"excerpt":{"rendered":"<p>Acaba de ser campe\u00f3n del rally m\u00e1s duro del mundo, pero Marc Coma ya piensa en la nueva temporada. El piloto de motos barcelon\u00e9s, de 29 a\u00f1os, cumpli\u00f3 su quinta participaci\u00f3n en el Dakar, este a\u00f1o ensombrecido por el fallecimiento de su compa\u00f1ero de equipo Andy Caldecott y de dos ni\u00f1os. Coma une su t\u00edtulo al del \u00fanico espa\u00f1ol que hab\u00eda logrado ganar en el Lago Rosa, Nani Roma.<\/p>\n","protected":false},"author":1,"featured_media":0,"comment_status":"open","ping_status":"open","sticky":false,"template":"","format":"standard","meta":{"footnotes":""},"categories":[],"tags":[],"class_list":["post-5192","post","type-post","status-publish","format-standard","hentry"],"_links":{"self":[{"href":"https:\/\/intervius.com\/index.html\/wp-json\/wp\/v2\/posts\/5192","targetHints":{"allow":["GET"]}}],"collection":[{"href":"https:\/\/intervius.com\/index.html\/wp-json\/wp\/v2\/posts"}],"about":[{"href":"https:\/\/intervius.com\/index.html\/wp-json\/wp\/v2\/types\/post"}],"author":[{"embeddable":true,"href":"https:\/\/intervius.com\/index.html\/wp-json\/wp\/v2\/users\/1"}],"replies":[{"embeddable":true,"href":"https:\/\/intervius.com\/index.html\/wp-json\/wp\/v2\/comments?post=5192"}],"version-history":[{"count":0,"href":"https:\/\/intervius.com\/index.html\/wp-json\/wp\/v2\/posts\/5192\/revisions"}],"wp:attachment":[{"href":"https:\/\/intervius.com\/index.html\/wp-json\/wp\/v2\/media?parent=5192"}],"wp:term":[{"taxonomy":"category","embeddable":true,"href":"https:\/\/intervius.com\/index.html\/wp-json\/wp\/v2\/categories?post=5192"},{"taxonomy":"post_tag","embeddable":true,"href":"https:\/\/intervius.com\/index.html\/wp-json\/wp\/v2\/tags?post=5192"}],"curies":[{"name":"wp","href":"https:\/\/api.w.org\/{rel}","templated":true}]}}