{"id":519,"date":"2006-02-23T00:00:00","date_gmt":"2006-11-06T00:00:00","guid":{"rendered":"https:\/\/intervius.com\/index.html\/?p=519"},"modified":"2006-11-06T00:00:00","modified_gmt":"2006-11-06T00:00:00","slug":"Rafael_Luis_Diaz519","status":"publish","type":"post","link":"https:\/\/intervius.com\/index.html\/Rafael_Luis_Diaz519\/","title":{"rendered":"Rafael Luis D\u00edaz"},"content":{"rendered":"<p>Pregunta.- \u00bfC\u00f3mo vivi\u00f3 la siguiente sesi\u00f3n del Congreso despu\u00e9s del 23-F? Cuando veo las im\u00e1genes de todo el Parlamento arropando a Guti\u00e9rrez Mellado no puedo menos que emocionarme&#8230;<\/p>\n<p>Respuesta.- Con mucha emoci\u00f3n y alegr\u00eda. La transmit\u00ed en directo para la SER. Recuerdo que el presidente agradeci\u00f3 la labor desarrollada por los medios. Despu\u00e9s de 2 minutos de reconocimiento, se reanud\u00f3 la sesi\u00f3n.<\/p>\n<p>P.- Querido se\u00f1or D\u00edaz, \u00bfcree usted que de haber prosperado el golpe de estado se hubiera implantado una dictadura hasta estos d\u00edas? \u00bfEse d\u00eda pas\u00f3 su peor trago profesional? Muchas gracias.<\/p>\n<p>R.- Ese d\u00eda pas\u00e9 miedo, claro que s\u00ed. Pero fui feliz en el sentido de que el golpe no triunf\u00f3. <\/p>\n<p>P.- \u00bfSinti\u00f3 en alg\u00fan momento del asalto, que podr\u00eda desatarse un ba\u00f1o de sangre en el Congreso de los Diputados?<\/p>\n<p>R.- Evidentemente s\u00ed al oir los disparos de la guardia civil, yo no sab\u00eda si hab\u00edan disparado a alguien. Tuvo miedo.<\/p>\n<p>P.- <\/p>\n<p>R.- <\/p>\n<p>P.- <\/p>\n<p>R.- <\/p>\n<p>P.- <\/p>\n<p>R.- <\/p>\n<p>P.- <\/p>\n<p>R.- <\/p>\n","protected":false},"excerpt":{"rendered":"<p>Hoy, jueves 23, se cumplen 25 a\u00f1os del intento de golpe de Estado en el Congreso de los Diputados. Gracias a Rafael Luis D\u00edaz, ex periodista de la SER, los sonidos de la intentona golpista quedar\u00e1n para siempre grabados en la memoria de los espa\u00f1oles. Su voz narr\u00f3 a Espa\u00f1a desde el Congreso c\u00f3mo Tejero intentaba truncar la Transici\u00f3n. Por razones ajenas a ELPAIS.es y Cadenaser.com, el encuentro digital ha tenido que ser suspendido. Disculpen las molestias.<\/p>\n","protected":false},"author":1,"featured_media":0,"comment_status":"open","ping_status":"open","sticky":false,"template":"","format":"standard","meta":{"footnotes":""},"categories":[],"tags":[],"class_list":["post-519","post","type-post","status-publish","format-standard","hentry"],"_links":{"self":[{"href":"https:\/\/intervius.com\/index.html\/wp-json\/wp\/v2\/posts\/519","targetHints":{"allow":["GET"]}}],"collection":[{"href":"https:\/\/intervius.com\/index.html\/wp-json\/wp\/v2\/posts"}],"about":[{"href":"https:\/\/intervius.com\/index.html\/wp-json\/wp\/v2\/types\/post"}],"author":[{"embeddable":true,"href":"https:\/\/intervius.com\/index.html\/wp-json\/wp\/v2\/users\/1"}],"replies":[{"embeddable":true,"href":"https:\/\/intervius.com\/index.html\/wp-json\/wp\/v2\/comments?post=519"}],"version-history":[{"count":0,"href":"https:\/\/intervius.com\/index.html\/wp-json\/wp\/v2\/posts\/519\/revisions"}],"wp:attachment":[{"href":"https:\/\/intervius.com\/index.html\/wp-json\/wp\/v2\/media?parent=519"}],"wp:term":[{"taxonomy":"category","embeddable":true,"href":"https:\/\/intervius.com\/index.html\/wp-json\/wp\/v2\/categories?post=519"},{"taxonomy":"post_tag","embeddable":true,"href":"https:\/\/intervius.com\/index.html\/wp-json\/wp\/v2\/tags?post=519"}],"curies":[{"name":"wp","href":"https:\/\/api.w.org\/{rel}","templated":true}]}}