{"id":5174,"date":"2006-03-02T00:00:00","date_gmt":"2006-11-06T00:00:00","guid":{"rendered":"https:\/\/intervius.com\/index.html\/?p=5174"},"modified":"2006-11-06T00:00:00","modified_gmt":"2006-11-06T00:00:00","slug":"Imanol_Arias5174","status":"publish","type":"post","link":"https:\/\/intervius.com\/index.html\/Imanol_Arias5174\/","title":{"rendered":"Imanol Arias"},"content":{"rendered":"<p>Pregunta.- \u00bfQu\u00e9 tiene esta pel\u00edcula para que te hayas implicado como productor?<\/p>\n<p>Respuesta.- Es una historia que conduce a la sonrisa, sin dejar de ser profunda, es una comedia social que habla de perdedores que gracias a la segunda oportunidad no son tan perdedores y nunca est\u00e1n solos. He sido productor porque la pel\u00edcula ten\u00eda el dinero justo y todo consist\u00eda en no preguntar &#8220;\u00bfd\u00f3nde se cobra esto y cu\u00e1ndo?&#8221;.<\/p>\n<p>P.- Hola Imanol! Echo de menos verte trabajando con Aranda y sobre todo con Victoria Abril. Proxima reunion? Gracias. Saludos desde Berlin<\/p>\n<p>R.- Como dec\u00eda Calder\u00f3n, &#8220;La vida es sue\u00f1o y los sue\u00f1os sue\u00f1os son&#8221;. Sue\u00f1o con volver a rodar con Victoria Abril y con Aranda pero de momento s\u00f3lo sue\u00f1o.<\/p>\n<p>P.- Creo que es uno de los mejores actores espa\u00f1oles que hay actualmente. Mi enhorabuena. Creo que , al igual que usted, hay muchos actores espa\u00f1oles de los que no se aprovechatodo el talento, y la raz\u00f3n es porque los guiones que se hacen es Espa\u00f1a est\u00e1n llenos de buenas ideas pero p\u00e9simo desarrollo.\u00bfQue cree que le falta al cine espa\u00f1ol para que tenga \u00e9xito? \u00bfPor qu\u00e9 siempre se hacen comedias?<\/p>\n<p>R.- M\u00e1s que le falta, dir\u00eda que le sobra. Nos sobra el doblaje, al dar a las pel\u00edculas americanas el idioma de unas voces estupendas, mi madre cree que Kevin Costner habla estupendamente. Al darles a los americanos nuestro idioma y nuestras veces, les cedemos el 80% del mercado. Con el 20% la cosa se abarata mucho y hay que tener m\u00e1s imaginaci\u00f3n todav\u00eda.<\/p>\n<p>P.- Un gran saludo a un gran actor. Segu\u00ed siempre &#8220;Cu\u00e9ntame como pas\u00f3&#8221;, que es como un espejo de gran parte de mi vida. Tras el final, ese de la &#8220;corriente subterr\u00e1nea de agua en presencia de San Genaro&#8221;, \u00bfVa a continuar a\u00fan la serie o acab\u00f3 sencillamente as\u00ed? Un saludo de un &#8220;fan&#8221; total. Marino<\/p>\n<p>R.- S\u00ed, volvemos en septiembre. Con muchas ganas.<\/p>\n<p>P.- \u00bfPor qu\u00e9 el tunning? \u00bftunear\u00edas tu coche? \u00bfde qu\u00e9 otras cosas va la pel\u00edcula?<\/p>\n<p>R.- Tunearse es una llamada a conservar, no se tunea un coche para venderlo con el plan Renove. La mayor\u00eda de los personajes de esta pel\u00edcula tienen tuneada el alma y la vida, es decir, se est\u00e1n dando una segunda oportunidad.<\/p>\n<p>P.- \u00bfQu\u00e9 opinas de los Premios Goya y de la Academia espa\u00f1ola?<\/p>\n<p>R.- Los premios Goya son unos premios que celebran a los mejores del a\u00f1o votados entre los miembros de la Academia. Es la fiesta del cine. De la Academia pienso que est\u00e1 un poco rancia, que es muy vieja de concepto y que a veces est\u00e1 a a\u00f1os luz del cine. Me da la impresi\u00f3n que hacemos mejores pel\u00edculas que galas de entrega de premios.<\/p>\n<p>P.- Pedro Almod\u00f3var fue uno de tus descubridores. \u00bfC\u00f3mo has visto su evoluci\u00f3n profesional? \u00bfqu\u00e9 es lo que m\u00e1s admiras y m\u00e1s detestas del manchego?<\/p>\n<p>R.- Su evoluci\u00f3n profesional es la de un grande. Lo que m\u00e1s admiro es su visi\u00f3n del cine. Y no detesto nada de Pedro, aunque no soy un amigo muy \u00edntimo, simplemente compa\u00f1eros.<\/p>\n<p>P.- Hola Imanol, \u00bfc\u00f3mo vamos con lo de los vinos?, cu\u00e9ntanos. Zorionak.<\/p>\n<p>R.- Cepa 21 se llama la bodega. Est\u00e1 agotado. Creo que esta primera a\u00f1ada de 2002 ya se va pareciendo a lo que queremos que sea el vino. Y como veo que eres paisano, \u00bfqu\u00e9 te voy a contar? Es la mayor ilusi\u00f3n de mi vida junto con mis hijos.<\/p>\n<p>P.- Que opina de la detenci\u00f3n de Eleuterio S\u00e1nchez, El Lute, por presuntos malos tratos???<\/p>\n<p>R.- Es la primera noticia que tengo.<\/p>\n<p>P.- Hola y felicidades por sus trabajos. \u00bfSe ha inspirado en alguna persona concreta para crear el personaje del mec\u00b4\u00b4anico Tuneador&#8230;? \u00bfO no deja de ser una variante del chapucillas-picaresco espa\u00f1ol&#8230;?<\/p>\n<p>R.- Un poco de lo segundo s\u00ed. S\u00f3lo que creo que Teo Morales, que es como se llama este t\u00edo, no es tanto un p\u00edcaro como un Robin Hood que adora rodearse de gente y solucionar las cosas. Y es tambi\u00e9n un poco Peter Pan porque se niega a crecer.<\/p>\n<p>P.- \u00bfHas pensado alguna vez en llegar a ser director de cine?<\/p>\n<p>R.- Ya lo fui. Y mejor me quedo como estoy.<\/p>\n<p>P.- Acba de decir, que se trata de una comedia social&#8230;\u00bfqu\u00e9 realidad social refleja? \u00bfla de la mayor\u00eda de personas que tunean sus veh\u00edculos?es decir, ni\u00f1atos que siguen en cierta forma el rollo bacalaero, y que ponen unas estupendas luces azules parpadeantes, para flipar mejor con las pastis que se han metido&#8230;<\/p>\n<p>R.- No. No se ven clientes en esta pel\u00edcula. Es una comedia social porque habla de barrios amenazados por la especulaci\u00edon inmboliaria que tiene peque\u00f1os negocios y de gente extranjera que vive hace a\u00f1os ya en Espa\u00f1a en su segunda oportunidad, regentando peque\u00f1os negocios. El tunning aporta una est\u00e9tica, una banda sonora y una filosof\u00eda que como dec\u00eda antes es la de la personificaci\u00f3n para no consumir como un poseso.<\/p>\n<p>P.- \u00bfQue labor va ha realizar en breve como embajador de la ONU?<\/p>\n<p>R.- Har\u00e9 una visita a N\u00edger para realizar un SOS humanitario dado que la situaci\u00f3n ya de por s\u00ed deteriorada en N\u00edger, pa\u00eds m\u00e1s pobre del mundo, se ve agravada por una hambruna que est\u00e1 afectando a cientos de miles de ni\u00f1os.<\/p>\n<p>P.- A ver si eres capaz de responderme a esto: Una vez le\u00ed en una revista que no te gustaban los coches deportivos porque eras comunista. Sin embargo yo te he visto alguna vez en un deportivo BMW azul ya que vivo cerca del Parque de la Fuente del Berro. \u00bfQui\u00e9n estaba equivocado, la revista, t\u00fa o ninguno de los 2 porque el coche no era tuyo?<\/p>\n<p>R.- Seguramente yo no dije eso porque no he sido comunista. El coche con el que tu me viste no es un coche deportivo, es un coche muy grande que tuve que comprar cuando estuve amenazado por ETA, osea, es un coche de seguridad.<\/p>\n<p>P.- \u00bfQu\u00e9 le ha aportado su personaje de Antonio en Cu\u00e9ntame?<\/p>\n<p>R.- La posibilidad de hacer un personaje muy cercano a las vivencias que tengo familiares, a mi propia historia, en el que al margen del homenaje \u00edmplicito que hay a mi padre, hago un ejercicio de memoria que me sirve para aprender de lo que he sido.<\/p>\n<p>P.- \u00bfQu\u00e9 piensas que es m\u00e1s necesario: m\u00e1s ayudas p\u00fablicas para el cine o m\u00e1s imaginaci\u00f3n en los guiones? Me da la impresi\u00f3n de que el problema del cine espa\u00f1ol no es solo de dinero.<\/p>\n<p>R.- Tiene raz\u00f3n. No es un problema s\u00f3lo de dinero. En cuanto a las ayudas p\u00fablicas, habr\u00eda que decir que son como hipotecas que hay que devolver por tanto creo tan necesaria la ayuda p\u00fablica como la hipoteca en el mundo que vivimos.<\/p>\n<p>P.- Cree un peque\u00f1o eslogan&#8230; &#8220;La semana que viene (sin falta)&#8221; la pelicula que te&#8230;&#8230;.\u00bf?<\/p>\n<p>R.- La pel\u00edcula que te har\u00e1 anhelar el helicopt\u00e9ro birmano y sonre\u00edr.<\/p>\n<p>P.- Me encant\u00f3 el papel de &#8220;divorciado pillo y caliente&#8221; que haces en &#8220;Todos los hombreos sois iguales&#8221; con G\u00f3mez Pereira&#8230;\u00bfNo echas de menos volver a trabajar con el?. Creo que podr\u00edas explotar mucho mas tus habilidades en comedia, son las pel\u00edculas con los que mas me has hecho disfrutar..<\/p>\n<p>R.- S\u00ed que me gustar\u00eda volver a trabajar con \u00e9l porque para hacer comedia necesito un director que me ayude.<\/p>\n<p>P.- Hola Imanol, \u00bfQu\u00e9 te hacen en Cu\u00e9ntame&#8230; para que aparezcas tan distinto, fisicamente hablando? Un saludo. Fernando<\/p>\n<p>R.- Yo mismo adelgazo un poco, me ti\u00f1o el pelo y&#8230; ese bigote espa\u00f1ol que crea car\u00e1cter y que le cambia la cara hasta a David Beckham si te lo propones.<\/p>\n<p>P.- \u00bfCual es tu pel\u00edcula ganadora para los oscars?.Manuela Torregrosa<\/p>\n<p>R.- Buenas noches y buena suerte.<\/p>\n<p>P.- &#8220;hacemos mejores pel\u00edculas que galas de entrega de premios.&#8221;. Estoy seguro de eso. Le criticar\u00eda a Ud. que no deber\u00eda haberse prestado a un discurso de 20 para un homneje. Como ocurri\u00f3 en la Gala. No es nada televisivo. Est\u00e1 de acuerdo?<\/p>\n<p>R.- En parte s\u00ed. Aunque teniendo en cuenta que 20 segundos para entregar un Goya de Honor fue muy largo.<\/p>\n<p>P.- \u00bfCual es el actor\/actriz que m\u00e1s admiras o has admirado?<\/p>\n<p>R.- En estos momentos admiro mucho a Javier Bardem, Eduard Fern\u00e1ndez, Juan Echanove, Carmelo G\u00f3mez, Leonor Watling, Pilar L\u00f3pez de Ayala&#8230; Tengo mucha suerte porque a mi alrededor hay gente a la que admiro con que trabajo.<\/p>\n<p>P.- Con 16 a\u00f1os llevaba tu foto en la carpeta. Con 19 te v\u00ed en &#8220;El P\u00fablico&#8221; de Lorca. Ahora tengo 37 y te sigo admirando, aunque te he visto alguna vez no te lo he dicho por no molestar. \u00bfCu\u00e1l es tu medio favorito? \u00bfHar\u00e1s teatro pr\u00f3ximamente?. Gracias.<\/p>\n<p>R.- S\u00ed har\u00e9 teatro. En el fondo uno siempre vuelve al teatro. El cine es el medio favorito por lo que tiene de viaje, salirte totalmente.<\/p>\n<p>P.- \u00bfCrees qeu es mas dificil ahora ser actor, o cuando tu empezaste.?<\/p>\n<p>R.- No, ahora es mucho m\u00e1s sencillo porque hay m\u00e1s posibilidades de formaci\u00f3n y hay m\u00e1s puestos de trabajo.<\/p>\n<p>P.- Hola, Imanol. Has tenido, y sigues teniendo, una carrera fenomenal. \u00bfQu\u00e9 te queda por hacer? \u00bfQu\u00e9 planes tienes para el futuro?<\/p>\n<p>R.- Como dice la canci\u00f3n, &#8220;Lo que me queda por vivir est\u00e1 en vuestras manos&#8221;. Resumiendo, creo que lo que me queda por hacer es luchar contra el aburrimiento, seguir disfrutando mucho actuando y conseguir no tomarme nunca tan en serio que eso matar\u00eda al actor.<\/p>\n<p>P.- V\u00e9ndeme en pocas palabras tu pel\u00edcula para que vaya a verla. Un abrazo!!!<\/p>\n<p>R.- Vete. No te arrepentir\u00e1s. Palabra de tunero.<\/p>\n<p>P.- \u00bfQu\u00e9 te parece que t\u00fa hijo y su grupo, FreeGame, participe en la banda sonora de tu pel\u00edcula? Vas a verle a sus conciertos??? Yo le he visto ya en cuatro o cinco ocasiones y me gusta bastante.<\/p>\n<p>R.- Cada cosa en su sitio.<\/p>\n<p>P.- Amigo \u00bftunear es de macarrras?<\/p>\n<p>R.- No. Aunque hay alg\u00fan macarra que tunea.<\/p>\n<p>P.- Sr. Arias, ayer le vi en una gala saludando a la cantante Anastacia.\u00bfQu\u00e9 opina de ella?\u00bfLe gusta su m\u00fasica?H\u00e1blenos de sus gustos musicales. Saludos desde Granada<\/p>\n<p>R.- Conocer a Anastacia fue un placer. Es una mujer con un valor muy impresionante, por c\u00f3mo lleva su enfermedad p\u00fablicamente, c\u00f3mo lo cuenta para ayudar a los dem\u00e1s. Mis gustos musicales, la \u00f3pera, gente de mi edad como Ana y V\u00edctor, y de lo nuevo, lo m\u00e1s rabiosamiente nuevo: Coldplay, FreGame, FootFigthers y Millen Colin.<\/p>\n<p>P.- eres de los pocos actores espa\u00f1oles que cambia de registros en cada pel\u00edcula segun sus personajes.porque a los dem\u00e1s no les pasa esto? porque hacen de si mismos siempre?.Ejemplos: Loles Le\u00f3n, Antonio Resines, Juanjo Puigcorbe&#8230;.y miles m\u00e1s<\/p>\n<p>R.- Cada uno tiene su estilo, sus gustos y su equipo de f\u00fatbol favorito. Y no tenemos porque coincidir.<\/p>\n<p>P.- CU\u00c1L CREE QUE ES EL MOTIVO DE LA CRISIS DEL CINE ESPA\u00d1OL Y DE QUE NO SE HAGAN PEL\u00cdCULAS DE CALIDAD. ADEM\u00c1S DE LO CARO QUE SUPONE IR AL CINE<\/p>\n<p>R.- Ya lo has dicho tu mismo en la respuesta. Y creo que he contestado antes.<\/p>\n<p>P.- \u00bfComo ves la situaci\u00f3n hoy por hoy en el Pais Vasco habiendo sido amenzado? \u00bfCree que tiene solucion?<\/p>\n<p>R.- No soy muy optimista pero creo que hay que intentarlo. Sin concesiones pero hay que intentarlo.<\/p>\n<p>P.- Hola, siempre he considerado que eres un gran actor, adem\u00e1s has tenido suerte? visi\u00f3n? en los negocios, tienes una familia, en fin, has conseguido lo que muchos desean. Bueno a lo que iba, todav\u00eda tienes ganas de seguir en el espect\u00e1culo. Un saludo afectuoso y suerte.<\/p>\n<p>R.- En los negocios me ha ido regular. Pero fundamentalmente de lo que tengo ganas es de seguir siendo actor, de no aburrirme, quiz\u00e1 dedic\u00e1ndole un poquito de tiempo m\u00e1s al vino a partir de ahora.<\/p>\n<p>P.- Admiro mucho su trabajo tanto en cine como en televis\u00f3n&#8230; hablando de ella, \u00bfqu\u00e9 aporta la televisi\u00f3n y la publicidad a un actor? \u00bfProfesionalidad, popularidad, dinero o de todo un poco?<\/p>\n<p>R.- No son similares. La televisi\u00f3n aporta a veces la posibilidad de hacer un buen trabajo y conectar con muchos espectadores a la vez. La publicidad forma parte del mercado y lo que aporta es dinero, nada m\u00e1s.<\/p>\n<p>P.- Es usted un actor genial, en serio. \u00bfHa pensado abrir una escuela de actores o algo? Es de los p ocos que lo borda haga lo que haga. Le recuerdo como &#8220;El anchoas&#8221; en besos de gatos y pienso, jo, lo \u00fanico salvable de la peli. No s\u00e9, enhorabuena. Siga as\u00ed.<\/p>\n<p>R.- El hecho de crear una escuela siempre nos ronda por la cabeza a unos cuantos. No es mala idea y siempre lo tengo presente. Hasta ahora no lo hemos conseguido pero&#8230;<\/p>\n<p>P.- Yo no s\u00e9 si tunear es de macarras, pero desde luego usted borda los personajes que bordean o tontean con la marginalidad. Vamos, que la leyenda del Lute es Imanol, sin duda. \u00bfPor qu\u00e9 esta afinicidad con los que pisan el filo de la navaja?<\/p>\n<p>R.- He vivido toda mi juventud con una enorme inter\u00e9s siempre por los que ten\u00edan un pie dentro de la l\u00ednea y otro fuera. Siempre he tenido un amigo que me ense\u00f1aba el lado oscuro. Creo que la vida tiene algo de salvaje que solo la gente de la noche conoce. Aunque al final todo se reduce a que pasa el tiempo y la vida se reduce a acostarse a las 23h para levantarte sobre las 7:30h, poder leer el peri\u00f3dico y tomar el caf\u00e9 tranquilamente.<\/p>\n<p>P.- Siempre he elogiado a los personajes publicos que no venden su vida privada como es su caso\u00bfque piensa de los que si lo hacen hasta limites poco m\u00e1s que rastreros (mojese un poco por favor)?<\/p>\n<p>R.- Creo que hay mucho cinismo, que es una tendencia de la sociedad espa\u00f1ola sumida en este capitalismo salvaje que hace que el dinero todo lo justifique. A mi, personalmente, me producen tristeza y rechazo ese tipo de actitudes.<\/p>\n<p>P.- Piensas producir m\u00e1s pel\u00edculas? La verdad es que me hace ilusi\u00f3n que la gente de calidad se implique con su propia pasta en el cine. Por esta raz\u00f3n ir\u00e9 a ver la pel\u00edcula. Hay que poner toda la carne en el asador y arriesgarse. Me parece bien que sea una comedia amable, por algo hay que empezar. Y le animo a seguir<\/p>\n<p>R.- Con gente como t\u00fa, no solamente estoy dispuesto a seguir sino estoy dispuesto a producir de verdad, es decir, yendo al banco de rodillas a explicarle que la peli muy bonita.<\/p>\n<p>P.- Desde que te v\u00ed en &#8220;Camila&#8221; te adoro, solo quiero decirte que me encanta tu trabajo y preguntarte \u00bfseguir\u00e1n los Alcantara una vez muerto Franco?<\/p>\n<p>R.- No lo s\u00e9. Creo que no. En cualquier caso, d\u00e9jame que te diga amigo o amiga que es un honor que me adores desde Camila, si\u00e9ntete muy querid@ tu tambi\u00e9n.<\/p>\n<p>P.- Solo un comentario: te echabamos de menos en la pantalla grande. Gracias por volver.<\/p>\n<p>R.- Gracias a ti, amigo. Espero no &#8220;volver con la frente marchita&#8230;&#8221;<\/p>\n","protected":false},"excerpt":{"rendered":"<p>Encarna a un mec\u00e1nico que tunea coches en La semana que viene (sin falta), una comedia dirigida por Josetxo San Mateo. Tras el \u00e9xito de la serie Cu\u00e9ntame y de haber rodado a las \u00f3rdenes de cineastas como Vicente Aranda o Pedro Almod\u00f3var, Imanol Arias regresa a la gran pantalla con esta pel\u00edcula de la que tambi\u00e9n es productor.<\/p>\n","protected":false},"author":1,"featured_media":0,"comment_status":"open","ping_status":"open","sticky":false,"template":"","format":"standard","meta":{"footnotes":""},"categories":[],"tags":[],"class_list":["post-5174","post","type-post","status-publish","format-standard","hentry"],"_links":{"self":[{"href":"https:\/\/intervius.com\/index.html\/wp-json\/wp\/v2\/posts\/5174","targetHints":{"allow":["GET"]}}],"collection":[{"href":"https:\/\/intervius.com\/index.html\/wp-json\/wp\/v2\/posts"}],"about":[{"href":"https:\/\/intervius.com\/index.html\/wp-json\/wp\/v2\/types\/post"}],"author":[{"embeddable":true,"href":"https:\/\/intervius.com\/index.html\/wp-json\/wp\/v2\/users\/1"}],"replies":[{"embeddable":true,"href":"https:\/\/intervius.com\/index.html\/wp-json\/wp\/v2\/comments?post=5174"}],"version-history":[{"count":0,"href":"https:\/\/intervius.com\/index.html\/wp-json\/wp\/v2\/posts\/5174\/revisions"}],"wp:attachment":[{"href":"https:\/\/intervius.com\/index.html\/wp-json\/wp\/v2\/media?parent=5174"}],"wp:term":[{"taxonomy":"category","embeddable":true,"href":"https:\/\/intervius.com\/index.html\/wp-json\/wp\/v2\/categories?post=5174"},{"taxonomy":"post_tag","embeddable":true,"href":"https:\/\/intervius.com\/index.html\/wp-json\/wp\/v2\/tags?post=5174"}],"curies":[{"name":"wp","href":"https:\/\/api.w.org\/{rel}","templated":true}]}}