{"id":5159,"date":"2006-03-16T00:00:00","date_gmt":"2006-11-06T00:00:00","guid":{"rendered":"https:\/\/intervius.com\/index.html\/?p=5159"},"modified":"2006-11-06T00:00:00","modified_gmt":"2006-11-06T00:00:00","slug":"Roberto_Brasero5159","status":"publish","type":"post","link":"https:\/\/intervius.com\/index.html\/Roberto_Brasero5159\/","title":{"rendered":"Roberto Brasero"},"content":{"rendered":"<p>Pregunta.- \u00bfc\u00f3mo un chico como t\u00fa ha acabado bajo nubes y chubascos?<\/p>\n<p>Respuesta.- \u00bfAcabado? \u00a1\u00a1ESto no ha hecho nada m\u00e1s que empezar!!<\/p>\n<p>P.- \u00a1Hola Roberto! Pienso que eres uno de los metere\u00f3logos m\u00e1s extrovertidos de la tele, o al menos esa impresi\u00f3n es la que tengo \u00bfQu\u00e9 personalidad tienes detr\u00e1s de las c\u00e1maras?<\/p>\n<p>R.- La verdad es que s\u00f3lo tengo una forma de ser, la misma delante que detr\u00e1s de las c\u00e1maras&#8230; Creo, adem\u00e1s, que es m\u00e1s sano tener una \u00fanica personalidad&#8230; \u00bfno?<\/p>\n<p>P.- Hola Roberto!!! como es eso de trabajar con los mejores de la TV!! sientes que &#8220;te eclipsa o te nubla&#8221; alguna de las estrellas mediaticas? Besos. La didi<\/p>\n<p>R.- Hola didi. Estar al lado de los mejores, como t\u00fa dices, siempre es una suerte&#8230; Si tienes capacidad de observaci\u00f3n, puedes aprender mucho. Tambi\u00e9n es un reto, para intentar siempre estar a la altura&#8230; Pero, relacionado con la pregunta anterior, yo he descubierto que alguno de los &#8220;grandes&#8221; de la tv tambi\u00e9n son grandes detr\u00e1s de la pantalla<\/p>\n<p>P.- enhorabuena por tu trabajo, \u00bfpor que no se hacen los informativos meterol\u00f3gicos mas largos para poder ser mas met\u00f3dicos con cada comunidad?<\/p>\n<p>R.- Desde luego, m\u00e1s tiempo en &#8220;el tiempo&#8221; nos facilitar\u00eda mucho el trabajo. Lo m\u00e1s complicado al COMUNICAR una previsi\u00f3n es RESUMIRLA, es decir, contar en un l\u00ednea el tiempo para toda una Comunidad, con lo grande que es el territorio y con lo que puede cambiar el tiempo a lo largo de un d\u00eda&#8230; Si tuvi\u00e9ramos m\u00e1s minutos, como t\u00fa dices, para concretar por zonas, creo que se ver\u00eda c\u00f3mo las previsiones &#8220;aciertan&#8221; m\u00e1s.<\/p>\n<p>P.- Buenos d\u00edas&#8230; Todos sabemos de casos en los que ustedes predijeron una cosa y luego ocurri\u00f3 lo contrario. \u00bfA que se debe generalmente estos &#8220;errores&#8221;?<\/p>\n<p>R.- Hola, buenos d\u00edas. Pues puede deberse a dos motivos: uno, que falle la previsi\u00f3n del meteor\u00f3logo (que como siempre se dice, no es una ciencia exacta la meteorolog\u00eda). Dos: que falle el comunicador a la hora de explicar la previsi\u00f3n&#8230; Eso en l\u00edneas generales, luego si quieres concretamos en las causas de estos dos motivos<\/p>\n<p>P.- buenos d\u00edas, Roberto, \u00bfqu\u00e9 es lo mas bonito de tu profesi\u00f3n?<\/p>\n<p>R.- Poder contar historias&#8230; Cuando hac\u00eda informativos contaba lo que hab\u00eda pasado, y ahora cuento lo que va pasar (seg\u00fan las previsiones&#8230;). Eso es lo m\u00e1s bonito de mi profesi\u00f3n. Y si adem\u00e1s ocurre, como me pasa a m\u00ed ahora, que puedes hablar de algo tan ameno, tan entretenido, como las cosas del tiempo, sin hacer da\u00f1o a nadie, aprendiendo cada d\u00eda&#8230; el disfrute es doble!!!!.<\/p>\n<p>P.- Usted es periodista, \u00bfc\u00f3mo se interes\u00f3 por la meteorolog\u00eda?Un saludo y enhorabuena por su forma tan amena de hablar.<\/p>\n<p>R.- Hola. Muchas gracias. Primero fue algo sobrevenido: me dijeron, quiz\u00e1 por esa forma amena de contar las cosas como usted dice, que me pusiera a contar el tiempo. Aquello ocurri\u00f3 en Telemadrid, la tv auton\u00f3mica de Madrid, hace algo m\u00e1s de 6 a\u00f1os. Y desde entonces, esto del tiempo cada d\u00eda me parece m\u00e1s interesante,la verdad<\/p>\n<p>P.- Buenos d\u00edas Roberto. Una pregunta y una solicitud desde Valencia. La pregunta es si me puedes dar la previsi\u00f3n de tiempo para lo que queda de semana en Valencia, para saber si este a\u00f1o nos respetar\u00e1 la lluvia. La solicitud es que por favor, olvideis esa frasecilla de &#8220;el levante espa\u00f1ol&#8221; para referiros a la Comunidad Valenciana. Muchas gracias por las dos cosas y a continuar en tu l\u00ednea.<\/p>\n<p>R.- Hola. Gracias a t\u00ed por el mensaje. Ma\u00f1ana viernes os ir\u00e1n llegando m\u00e1s nubes que hoy a lo largo del d\u00eda, pero de momento parece que muy poco activas. Las temperaturas igual y el viento, flojo. El s\u00e1bado s\u00ed parece que el cielo estar\u00e1 m\u00e1s cubierto desde por la ma\u00f1ana, y POR LA TARDE PODR\u00cdA LLOVER DE FORMA D\u00c9BIL Y DISPERSA (la posibilidad de lluvia a d\u00eda de hoy para el s\u00e1bado es superior al 70%). No caer\u00e1 mucho de todas formas, creo. Las temperaturas bajan 2 o 3 grados.El domingo volver\u00e1 a predominar el sol. &#8220;EL LEVANTE ESPA\u00d1OL&#8221;. Tienes toda la raz\u00f3n, y la explicaci\u00f3n la d\u00ed en una de las respuestas anteriores: a veces, por falta de tiempo, tienes que resumir, y eso es el mayor enemigo de la concreci\u00f3n, porque en verdad es una barbaridad meter tanto territorio en una frase&#8230;<\/p>\n<p>P.- Roberto, me encanta c\u00f3mo ense\u00f1as, ya estoy harta de o\u00edr hablar de las isobaras sin tener la m\u00e1s remota idea de qu\u00e9 era. Yo quiero que se expliquen las cosas como haces t\u00fa. Enhorabuena. Por cierto, \u00bfpor qu\u00e9 en la web de Antena 3 no abr\u00eds un sitio para tu programa y recojais, adem\u00e1s de tu explicaci\u00f3n, las curiosidades y otras cosillas? Enhorabuena. Natalia<\/p>\n<p>R.- Oye, Natalia, \u00a1\u00a1\u00a1\u00a1muchas graciass!!!!. Estamos trabajando en la web, para incluir lo que t\u00fa nos dices, por supuesto, y tambi\u00e9n las fotograf\u00edas que env\u00edan los espectadores y que no da tiempo a emitir en Tv. Estar\u00e1 muy bien, y ser\u00e1 un complemento perfecto y una herramienta m\u00e1s para nosotros, pero las cosas van lentas&#8230; a veces muyyyyyyyyy lentas&#8230; Cuesta trabajo&#8230; Estoy pensando en pedir que nos echen una mano los compa\u00f1eros de aqu\u00ed de El Mundo digital, que les estoy viendo con una celeridad tremenda en las cosas estas de internet.. Un abrazo y gracias de nuevo por tu opini\u00f3n<\/p>\n<p>P.- \u00bfPor qu\u00e9 se llama tu programa El ti3mpo? Parece una errata&#8230;ata&#8230;<\/p>\n<p>R.- ja,ja,ja \u00a1\u00a1Eso te parece!! Es por el 3 de AntenaEs una cosa de la cadena, para darle un sentido de cadena, de corporatividad, supongo. A m\u00ed no me parece mal, jugar con las letras, las palabras, los conceptos&#8230; Pero es verdad que, incluso en la programaci\u00f3n de algunos peri\u00f3dicos sale &#8220;corregido&#8221;, y escriben &#8220;El tiempo&#8221; porque, quiz\u00e1 como t\u00fa dices, lo del 3 \u00a1les parece una errata!<\/p>\n<p>P.- Hola Roberto \u00bfCu\u00e1l fue el mayor error que has cometido con una previsi\u00f3n meteorol\u00f3gica? cual y quien es para ti el mejor cielo y un solete?? Besos. Loly de Villaviciosa<\/p>\n<p>R.- Buf, los errores procuro olvidarlos&#8230; la verdad es que no los guardo en la memoria, creo que por una cuesti\u00f3n de supervivencia&#8230; pero bueno alguno habr\u00e1, aunque ninguno demasiado gordo. El mejor meteor\u00f3logo de este pa\u00eds se llama Jorge Robles, y trabaja en Antena3, detr\u00e1s de las c\u00e1maras, pero pilotando y soportando el peso cient\u00edfico de nuestro equipo de El Ti3mpo. Un abrazo para t\u00ed y para todoa Villaviciosa.<\/p>\n<p>P.- Roberto, soy un paisano de Talavera. Gracias porque no llovi\u00f3 en las pasadas ferias, que fuiste pregonero. Repetir\u00e1s en mayo? Por favor&#8230;<\/p>\n<p>R.- \u00a1Hola paisano! No a pregonar, pero s\u00ed a tomarme unas ca\u00f1as en la feria me paso seguro. Y ya sabes que en las de Mayo siempre cae alg\u00fan chaparr\u00f3n&#8230; Ya iremos concretando \u00a1Un abrazo a Talavera!<\/p>\n<p>P.- Hola Roberto, me apellido igual que tu Brasero, sabes algo de este raro apellido, yo soy de M\u00e1laga y aqu\u00ed los \u00fanicos que tenemos mi apellido es mi familia. Un beso. Mely<\/p>\n<p>R.- El otro d\u00eda me llamaron desde Ceuta y me contaron lo mismo. Por cierto, ma\u00f1ana vamos a M\u00e1laga a dar el tiempo desde all\u00ed&#8230; Pon la tele para ver d\u00f3nde estamos, p\u00e1sate y nos conocemos. Un abrazo.<\/p>\n<p>P.- Muchas gracias por tu trabajo. Los hombres del tiempo siempre tienen an\u00e9cdotas interesantes. \u00bfNos cuentas alguna tuya?<\/p>\n<p>R.- M\u00e1s que como hombre del tiempo te puedo contar que como presentador de una televisi\u00f3n nacional estoy aluciando con la repercusi\u00f3n de lo que dices&#8230; O simplemente, con &#8220;salir&#8221; en una tv tan vista como Antena3&#8230; Y un ejemplo es la respuesta anterior. Sin pretenderlo estoy haciendo un rastreo de la historia y difusi\u00f3n de mi apellido por toda Espa\u00f1a \u00a1\u00a1\u00a1\u00a1gracias a los mensajes de los espectadores!!! Y ya no te digo nada cuando llegan de fuera de Espa\u00f1a..<\/p>\n<p>P.- Se ve haciendo otro tipo de informaci\u00f3n? Qu\u00e9 le gustar\u00eda??? Gracias por hacer el tiempo diferente y gracioso! Un saludo desde Valencia<\/p>\n<p>R.- Gracias a t\u00ed por le mensaje, y espero que sigas pas\u00e1ndotelo bien vi\u00e9ndo la tv (no siempre ocurre).Yo de momento las previsones las dejo para el tiempo, sobre mi futuro laboral no me gusta (ni s\u00e9) hacer ninguna. Un saludo y gracias de nuevo<\/p>\n<p>P.- Hola Roberto, cuando te tomas un caf\u00e9 en la facultad de Periodismo con tus compa\u00f1eros nunca nadie dice que va a ser el hombre del tiempo. \u00bfC\u00f3mo te lo tomaste cuando te ofrecieron la oportunidad? Fdo.: uno de esos con los que te tomabas el caf\u00e9.<\/p>\n<p>R.- Cuando nos tom\u00e1bamos un caf\u00e9 en la facultad, lo \u00fanico que sab\u00edamos era lo que NO quer\u00edamos ser&#8230; y por eso est\u00e1bamos all\u00ed, en esa facultad&#8230; \u00bfY qu\u00e9 quer\u00edamos ser? Yo no ten\u00eda ni idea&#8230; y sigo sin tenerla, la verdad. &#8220;\u00a1\u00a1\u00a1\u00a1\u00a1\u00bf\u00bf\u00bf\u00bfHombre del Tiempo?????!!!!!!!&#8221; Fue lo primero que pens\u00e9 cuando me lo dijeron&#8230; &#8220;Bueno, veamos&#8230;&#8221; dije despu\u00e9s. Y aqu\u00ed estamos.<\/p>\n<p>P.- Hola, Roberto, \u00bfEn tu opini\u00f3n como se va a desarrollar el famoso cambio de tiempo? \u00bfEspa\u00f1a se convertir\u00e1 en desertica como el norte de Africa?<\/p>\n<p>R.- Es una de las teor\u00edas, avanza la desertizaci\u00f3n, y los \u00faltimos art\u00edculos que he le\u00eddo dicen que va siendo ya algo m\u00e1s que una teor\u00eda, que la dismunici\u00f3n del r\u00e9gimen de lluvias es mayor de lo normal: ya sabes que en nuestro climas hay &#8220;rachas&#8221;, periodos de entre 4 a 6 a\u00f1os, unos lluviosos y otros m\u00e1s secos&#8230; pero estos \u00faltimos est\u00e1n siendo cada vez m\u00e1s extremos y m\u00e1s frecuentes. Eso es lo precupante.<\/p>\n<p>P.- Roberto, dile a los jefes de A3 que te cambien ese decorado tan hortera. Deber\u00edas dar el tiempo de pie como Alberto Herrera en las ma\u00f1anas. El decorado virtual es horroroso. \u00bfTe gusta a ti?<\/p>\n<p>R.- \u00a1\u00a1\u00a1\u00a1Yo estoy de pie todo el rato!!!! Pero entiendo lo que dices. A m\u00ed me gustan las posibilidades de un estudio virtual, pero no las estamos explotando suficientemente bien. Ahora mismo se reduce a &#8220;pintar&#8221; virtualente un decorado en lugar de contruir uno con madera y clavos&#8230; Luego el resultado van en gustos, claro. Pero lo importante,creo, que al tecnolog\u00eda virgual, las posibilidades que ofrece, no deberi\u00e1n quedarse s\u00f3lo ah\u00ed, en un fondo m\u00e1s.<\/p>\n<p>P.- Hola Roberto y enhorabuena por la popularidad alcanzada desde tus primeros tiempos en Telemadrid. \u00bfConsideras que el saber popular, meteorol\u00f3gicamente hablando, es decir, los m\u00e9todos de predicci\u00f3n como las caba\u00f1uelas&#8230; pueden seguir siendo eficaces en el momento actual que vivimos, catalogado de cambio clim\u00e1tico por la comunidad cient\u00edfica?<\/p>\n<p>R.- Las vacas seguri\u00e1n bajando del monte cuando barrunten la nevada, aunque la nevada se produzca antes o con m\u00e1s intensidad.. Y el pastor que observa eso, seguir\u00e1 acertando en su predicci\u00f3n. Otra cosa son las caba\u00f1uelas, el Zaragozano, las previsiones a largo plazo&#8230; Eso ya&#8230; Pero s\u00ed, como t\u00fa dices, algunos refranes ya no servir\u00e1n debido al cambio clim\u00e1tico. Las cig\u00fce\u00f1as ya no vuelven por San Blas, porque la mayor\u00eda, ya no se van.<\/p>\n<p>P.- Hay alguna explicaci\u00f3n cient\u00edfica del por qu\u00e9 cuando va a llover me duele mi rodilla? Me la operaron hace nueve a\u00f1os de me\u00f1isco. Gracias.<\/p>\n<p>R.- Si la hay, la desconozco, pero la investigar\u00e9&#8230; y cuando te duela la rodilla no dudes en ponerte en contacto con nosotros en eltiempo@antena3tv.es Nos faciltar\u00e1s el trabajo!.<\/p>\n<p>P.- \u00bfTU HACES LAS PREDICCIONES BASANDOTE EN LAS FORMULAS O SIMPLEMENTE ERES &#8220;LA CARA&#8221; DE UN TRABAJO QUE HACEN OTROS? \u00bfCUAL ES TU HORARIO EN UN DIA NORMAL?<\/p>\n<p>R.- \u00bfF\u00f3rmulas? No existen. \u00bfUna &#8220;cara&#8221; y nada m\u00e1s? Para eso no sirvo, hay caras mucho m\u00e1s agradables de ver que la m\u00eda. En Antena3, en esta nueva etapa, el tiempo es UN trabajo de equipo. Y consideramos el tiempo como &#8220;un progama&#8221; de tv. Un peque\u00f1o programa pero que necesita una escaleta, un contenido, una producci\u00f3n, una selecci\u00f3n de temas&#8230; En todas esas facetas encontr\u00e1s mi trabajo. Las predicciones, el trabajo cient\u00edfico, las hacen los 189 meteor\u00f3lgos del INM, y las matiza y complementa otro miembro de nuestro equipo. \u00a1Ah! Y luego todo eso hay que contarlo, presentarlo y de esto \u00faltimo tambi\u00e9n me encargo yo. Un abrazo<\/p>\n<p>P.- Buenos dias, \u00bfpor qu\u00e9 siempre se habla de mal tiempo cuando llueve? Entiendo que se a molesto para mucahs actividades, pero el agua es vida. Y por el momento, no es que andemos muy sobrados.<\/p>\n<p>R.- Cada vez menos. Desde los medios de comunicaci\u00f3n, conscientes de la repercusi\u00f3n de nuestras expresiones, evitamos cada vez m\u00e1s relacionar el mal tiempo con la lluvia. Ni a Picazo, ni a Florenci ni a m\u00ed nos escuchas decirlo. Y te aseguro que hacemos un esfuerzo porque eso ser\u00eda lo f\u00e1cil&#8230; Pero tambi\u00e9n me reconocer\u00e1s que a veces, por ejemplo, que llueva torrencialemnte una hora justo en la crem\u00e1 de las fallas o en el encendido de la feria de abril, pues ah\u00ed s\u00ed ser\u00eda mal tiempo&#8230; \u00bfno?Pero ya te tido, que los hombres del tiempo de la tele huimos cada vez m\u00e1s de esa expresi\u00f3n.<\/p>\n<p>P.- Hoal Roberto, me encanta la meteorolog\u00eda, tengo un don especial para mirar al cielo y observar las nubes, los cambios de viento&#8230;y suelo acertar, claro siempre viendo el cielo. Soy Patron deYate y tengo algunos conocimientos de metereolog\u00eda. podr\u00edas recomendarme un libro sobre la ciencia del tiempo?<\/p>\n<p>R.- Con ese don, no lo necesitas. La observaci\u00f3n es lo fundamental. Y la experencia. Y para haberte sacado el t\u00edtulo de Patr\u00f3n, ya habr\u00e1s tenido que demostrar tus conocimientos de meteorolog\u00eda&#8230; \u00a1\u00a1\u00a1\u00a1\u00a1\u00a1\u00a1\u00a1\u00a1\u00a1A navegar!!!!!!!!!<\/p>\n","protected":false},"excerpt":{"rendered":"<p>Da la cara a la informaci\u00f3n meteorol\u00f3gica en Antena 3. Roberto Brasero comenz\u00f3 en Telemadrid, desde donde salt\u00f3 a la cadena de San Sebasti\u00e1n de los Reyes. El periodista conduce desde junio de 2005 el espacio Elti3mpo .<\/p>\n","protected":false},"author":1,"featured_media":0,"comment_status":"open","ping_status":"open","sticky":false,"template":"","format":"standard","meta":{"footnotes":""},"categories":[],"tags":[],"class_list":["post-5159","post","type-post","status-publish","format-standard","hentry"],"_links":{"self":[{"href":"https:\/\/intervius.com\/index.html\/wp-json\/wp\/v2\/posts\/5159","targetHints":{"allow":["GET"]}}],"collection":[{"href":"https:\/\/intervius.com\/index.html\/wp-json\/wp\/v2\/posts"}],"about":[{"href":"https:\/\/intervius.com\/index.html\/wp-json\/wp\/v2\/types\/post"}],"author":[{"embeddable":true,"href":"https:\/\/intervius.com\/index.html\/wp-json\/wp\/v2\/users\/1"}],"replies":[{"embeddable":true,"href":"https:\/\/intervius.com\/index.html\/wp-json\/wp\/v2\/comments?post=5159"}],"version-history":[{"count":0,"href":"https:\/\/intervius.com\/index.html\/wp-json\/wp\/v2\/posts\/5159\/revisions"}],"wp:attachment":[{"href":"https:\/\/intervius.com\/index.html\/wp-json\/wp\/v2\/media?parent=5159"}],"wp:term":[{"taxonomy":"category","embeddable":true,"href":"https:\/\/intervius.com\/index.html\/wp-json\/wp\/v2\/categories?post=5159"},{"taxonomy":"post_tag","embeddable":true,"href":"https:\/\/intervius.com\/index.html\/wp-json\/wp\/v2\/tags?post=5159"}],"curies":[{"name":"wp","href":"https:\/\/api.w.org\/{rel}","templated":true}]}}