{"id":515,"date":"2006-02-20T00:00:00","date_gmt":"2006-11-06T00:00:00","guid":{"rendered":"https:\/\/intervius.com\/index.html\/?p=515"},"modified":"2006-11-06T00:00:00","modified_gmt":"2006-11-06T00:00:00","slug":"Tomas_Roncero515","status":"publish","type":"post","link":"https:\/\/intervius.com\/index.html\/Tomas_Roncero515\/","title":{"rendered":"Tom\u00e1s Roncero"},"content":{"rendered":"<p>Pregunta.- Tom\u00e1s, a qu\u00e9 esp\u00edritu nos encomendamos ma\u00f1ana para golear al Arsenal y no encajar ning\u00fan gol? <\/p>\n<p>Respuesta.- Al del REAL MADRID, el se\u00f1or de las Copas de Europa.<\/p>\n<p>P.- Hola Tom\u00e1s, encantado de preguntarle, de verdad \u00bfcrees que el madrid esta pegando el cambio a mejor , o tan solo es suerte lo que esta pasando y es una simple &#8220;buena racha&#8221;?<\/p>\n<p>R.- No, amigo. L\u00f3pez Caro est\u00e1 trabajando bien y ha logrado comprometer al grupo, y esa era la gran asignatura pendiente. El vestuario est\u00e1 unido y ahora todos navegan en la misma direcci\u00f3n. De ah\u00ed los resultados obtenidos. <\/p>\n<p>P.- Hola Tomas, me caes muy bien, a pesar de que yo no soy del madrid, pero me molesta un poco que solo concedas entrevistas despues de victorias del madrid, y no lo hagas tras el 6-1 de zaragoza, el 0- 3 del Barcelona del Bernabeu&#8230; etc&#8230; Explicalo<\/p>\n<p>R.- Amigo, no es cierto. Todas las semanas tengo chat en as.com y no hace falta que te recuerde la de encuentros digitales desde al derrota que hice antes de las Navidades. Tras el 0-3 del Bar\u00e7a no s\u00f3lo di el chat, sino que cog\u00ed un puente a\u00e9reo y entr\u00e9 en directo para El rondo de Catalu\u00f1a. Siempre di la cara&#8230; aunque me la partan.<\/p>\n<p>P.- Maestro, a ver si me contestas alguna preguntita. La Liga esta al rojo vivo y el Madrid est\u00e1 que se sale, pero, dame tu opini\u00f3n del Valencia, que creo que es un firme candidato al t\u00edtulo y nunca hablas de \u00e9l? Que por cierto tiene siete titulares espa\u00f1oles. Un saludo maestro<\/p>\n<p>R.- Ah\u00ed lo tienes. El Valencia ha recuperado con Quique el gui\u00f3n triunfal de Ben\u00edtez y le veo con serias opciones porque estar\u00e1 descansado entre semana al estar fuera de la Copa de Europa. Mejor, porque si la Liga es cosa de tres nos divertiremos mucho de aqu\u00ed a mayo.<\/p>\n<p>P.- Buenas habla un peruano madridista que vive en Barcelona y que espera viajar a Madrid a visitar la Cibeles.Mi pregunta es cual es el fichaje por el que esta mas deseoso Florentino para la proxima temporada. Un saludo, te veo en Real Madrid Television.<\/p>\n<p>R.- Amigo de Per\u00fa, tranquilo que este a\u00f1o ir\u00e1s a Cibeles. En cuanto a Florentino s\u00f3lo puedo decirte que fijo que traer\u00e1 un n\u00famero uno, en la l\u00ednea de sus cuatro primeros a\u00f1os. Ibrahimovic es el mejor colocado.<\/p>\n<p>P.- Buenas fen\u00f3meno,\u00bfComo ves al madrid para ma\u00f1ana? no crees que nos hace falta un buen organizador, Cesc podr\u00eda ser no??? un saludo desde Matar\u00f3<\/p>\n<p>R.- Hola crack. Cecs es buen jugador y no le vendr\u00eda mal a un centro del campo en el que el \u00fanico canalizador de verdad es Guti. Pero vamos a ver como acaba la temporada. Tranquilidad, que dir\u00eda Butrage\u00f1o.<\/p>\n<p>P.- Muy buenas, fiera, \u00bfestamos calentando motores para la Champions?. Tom\u00e1s, una duda, \u00bfbajas para el a\u00f1o que viene? \u00bfy altas?. M\u00f3jate crack!!!.(Murcia tb existe) \ud83d\ude42<\/p>\n<p>R.- F\u00edjate si existe Murcia que el jueves vamos a ir all\u00ed todos los de AS para estar con vosotros y daros fuerza para que vuestros tres equipos puedan luchar por ascender a Primera. En cuanto a las bajas todo apunta a Rberto Carlos (s\u00f3lo si \u00e9l quiere), Gravesen, Salgado y no descarto a Cassano. Si sigue sin jugar es mejor venderlo en junio a Italia, donde sigue gozando de un gran cartel. <\/p>\n<p>P.- Hola Tomas.Espero me contestes.Hay que centrarse en la Champions \u00bfQu\u00e9 opinas?. Dame tus altas y bajas.Si se va Roberto habr\u00eda que hacerle un macrohomenaje, espero que no se vaya. \u00bfPara cuando en la SER? se necesita alg\u00fan forofo del Madrid, pocos hay.<\/p>\n<p>R.- Mira, RobertoCarlos ha sido el mejor extranjero del Madrid desde Di St\u00e9fano y sus subidas por la banda izquierda jam\u00e1s podremos olvidarlas. En cuanto a la SER ser\u00eda un halago, pero es que me paso el d\u00eda entero en el AS. Suerte para ma\u00f1ana amigo.<\/p>\n<p>P.- Hoy lo intentar\u00e9 pronto. Afirmo y opinas. Floren es superpresidente. El Madrid gana la Champions. La prensa es antimadrista. Ronaldo, Salgado, Helguera, Roberto Carlos y Gravesen salen del Madrid. El Bar\u00e7a favorecido por los \u00e1rbitros y el Madrid perjudicado hasta cuando gana como el s\u00e1bado. Eres un crack y me encanta verte en Realmadrid TV. Ah, por cierto, Capello que se quede en casita, el Madrid es para Lopez Caro.<\/p>\n<p>R.- Vaya, as\u00ed da gusto. Cortito y al pie. S\u00f3lo puedo decirte que quitando tu valoraci\u00f3n de la prensa (s\u00f3lo es antimadridista en algunos sectores, pero muchos est\u00e1n orgullosos de lo que representa el Madrid) est\u00e1s bastante atinado en tus comentarios. La Champions est\u00e1 a mano (imagino a Zidane levantando en Par\u00eds la D\u00e9cima el 17 de mayo) y lo de Capello s\u00f3lo es una soluci\u00f3n de emergencia.<\/p>\n<p>P.- Hola Tomas. \u00bf Que est\u00e1 mas factible , la liga o la Copa de Europa ?.<\/p>\n<p>R.- La Champions. Ese es el territorio natral del Madrid. La D\u00e9cima es una posibilidad real.<\/p>\n<p>P.- Hola Tom\u00e1s, soy un madridista de Toledo. \u00bfQu\u00e9 piensas sobre Ra\u00fal Bravo?. A mi, particularmente, no me gusta.<\/p>\n<p>R.- Es un jugador limitado t\u00e9cnicamente, aunque posee una velocidad endiablada y es un buen marcador. A m\u00ed me vale para suplente, pero no para titular en el Madrid.<\/p>\n<p>P.- Qu\u00e1 tal Tom\u00e1s??, aqu\u00ed un merengue-malaguista. Conf\u00edas en un Real Madrid campe\u00f3n de la Champions??. Qu\u00e9 le falta y que le sobra a este Madrid??. Por \u00faltimo, se salvar\u00e1 mi Malaguita??. Un abrazo!!<\/p>\n<p>R.- Claro que se salvar\u00e1. Tambi\u00e9n ah\u00ed os ayudar\u00e1 el esp\u00edritu de Juanito porque era su segundo equipo del alma. En cuanto a la Champions est\u00e1 a tiro. Si se elimina al Arsenal con solvencia los jugadores van a cre\u00e9rselo de verdad y van a ir a por ella. Ser\u00eda grandioso. <\/p>\n<p>P.- Dos preguntas figura, \u00bfCrees que el Valencia es candidato a la liga? \u00bfNo crees que el periodista tiene que ser menos forofo y m\u00e1s &#8220;imparcial&#8221;? Un valencianiste<\/p>\n<p>R.- A lo primero: s\u00ed, es serio candidato gracias al gran trabajo de Quique en el banquillo. A lo segundo: el periodista lo que no debe hacer es mentir. Lo de los sentimientos es coto privado de la conciencia de cada uno. <\/p>\n<p>P.- \u00bfCrees que Ra\u00fal tiene sitio en el Madrid de ahora y merece ya la titularidad?<\/p>\n<p>R.- Es pronto para que sea titular, pero como la temporada es larga habr\u00e1 partidos para todos. Yo creo que Ra\u00fal debe rotarse en los puestos de Zidane y Guti, porque Beckham, Robinho y Ronaldo me parecen intocables.<\/p>\n<p>P.- Saludos desde venezuela! con la llegada de cassano, la recuperaci\u00f3n de raul y ronaldo y los posibles refuerzos para el a\u00f1o que viene crees que baptista tenga hueco en el madrid para la proxima temporada? y aparte por la espectativa que se tenia de el.<\/p>\n<p>R.- Baptista ha tenido serios problemas de adaptaci\u00f3n, pero yo voy vi\u00e9ndole cada vez mejor. Si mete el s\u00e1bado esa chilena ante el Alav\u00e9s el Bernab\u00e9u se hubiera venido abajo. Paciencia. Aqu\u00ed hay sitio para todos&#8230; los buenos. Y Julio lo es.<\/p>\n<p>P.- Me gustar\u00eda conocer la opini\u00f3n de un madridista confeso y devoto como usted Sr. Roncero.\u00bfSe clasificar\u00e1 el Atl\u00e9tico para Europa?.\u00bfQu\u00e9 equipos espa\u00f1oles pasar\u00e1n a siguiente ronda en la Champions?<\/p>\n<p>R.- Si dejan trabajar como hasta la fecha a Pepe Murcia seguro que s\u00ed. El Atleti ha recuperado la ilusi\u00f3n y posee buenos jugadores en ataque. Adem\u00e1s, si se mete en la UEFA evitar\u00e1 la marcha de Torres a Italia o Inglaterra al final e la temporada.<\/p>\n<p>P.- Hola Tom\u00e1s, tengo dos preguntas que hacerte, la primera es si crees que Zidane debe jugar la proxima temporada o retirarse despues del Mundial. La segunda, \u00bfque fichaje para el proximo verano es el mas importante?<\/p>\n<p>R.- Por m\u00ed ojal\u00e1 siguiera Zizou porque le echaremos mucho de menos el d\u00eda que cuelgue las botas, pero creo que su decisi\u00f3n est\u00e1 madurada y veo normal quiera irse en plenitud y no arrastrarse de mala manera. En cuanto al fichaje me gusta Ibrahimovic y al club tambi\u00e9n. Ese ser\u00eda un magacrack y adem\u00e1s es joven. En el Mundial ser\u00e1 una de las revelaciones. <\/p>\n<p>P.- Good morning Tommy! Vaya la que nos espera a los equipos espa\u00f1oles con los ingleses&#8230; Qui\u00e9n prefieres que pase a cuartos, Chelsea o Bar\u00e7a? Qui\u00e9n es mejor Robinho o Henry?<\/p>\n<p>R.- No me importar\u00eda que siguiera el Bar\u00e7a para eliminarles en semifinales de la Champions, como en el a\u00f1o del Centenario. En cuanto a lo de Henry est\u00e1 claro. Thierry es muy bueno pero est\u00e1 en su pen\u00faltima recta. Robinho es un genio y cada partido que pasa juega mejor al futbol. \u00a1Jug\u00f3n!<\/p>\n<p>P.- Hola amigo, eres el chaleco salvavidas al que me aferro en los momentos de ahogo. \u00bfNo crees que Baptista se esta saliendo y debe mantener la titularidad? \u00bfComo reestructurarias el equipo? Dime tu resultado para ma\u00f1ana. Gracias por todo. Un madridista orgulloso, uno mas.<\/p>\n<p>R.- Gracias por tu confianza en m\u00ed compa\u00f1ero. Baptista ha mejorado y est\u00e1 saliendo el t\u00fanel de la inadaptaci\u00f3n. Julio tiene argumentos para creer en \u00e9l y poco a poco dar\u00e1 una imagen m\u00e1s cercana a la que ten\u00eda en el Sevilla. En cuanto al resultado: 4-1 para el Madrid. <\/p>\n<p>P.- Hola Tomasin. \u00bfNo crees que el Madrid necesita dos medioscentros, para dar un salto de cualidad y equipararse a los Chelsea, Bar\u00e7a, Milan?. Me refiero a Gerrard, Lampard, Cesc, Alonso. Es de ingenuos pensar que vamos a ganar la Champions con Gravesen.Y no me diga que son caros, que ah\u00ed tambi\u00e9n es decisivo un equipo.<\/p>\n<p>R.- El concepto de juego del Madrid est\u00e1 un poco alejado de esa filosof\u00edoa tacticista, aunque comprendo que clubes como Chelsea, Juventus o Inter hagan pensar que \u00e9se es el camino. Pero de verdad que no considero necesario blindar el centro del campo con dos pitbull. Prefiero que venga un jug\u00f3n como Xabi Alonso y seguir con Pablo Garc\u00eda y Gravesen para el trabajo de recuperaci\u00f3n. <\/p>\n<p>P.- Que pasa crack del periodismo!!Crees que si el Chelsea elimina al Bar\u00e7a de la Champions por segundo a\u00f1o consecutivo,el Bar\u00e7a sufrira un baj\u00f3n an\u00edmico??Lo digo porque van de que se comen el mundo,y ya vimos los goles que marcaron contra el Betis,y el Chelsea no es el Betis que digamos.<\/p>\n<p>R.- Pues tienes raz\u00f3n amigo. Si en tus dos mejores a\u00f1os fubtol\u00edsticos desde la d\u00e9cada de los 90 te eliminan en octavos de la Champions es que has hinchado un globo con demasiados agujeros. El Bar\u00e7a lleva dos meses malos y ante el Betis gan\u00f3 por el trasero de Melli y la ineficacia de Toni Doblas. No mereci\u00f3 pasar del 2-1.<\/p>\n<p>P.- Hola Tom\u00e1s. Soy un gran admirador de Ronaldo y espero que acabe su carrera deportiva en el Real Madrid. (Es el mejor 9 del mundo con diferencia.) Cual es tu opinion? Te lo pregunto porque al margen de lo que opina el presidente, el Bernabeu no le termina de arropar&#8230;<\/p>\n<p>R.- Lo de Ronie es una cuesti\u00f3n muy sencilla. Sabemos que juega un poco a su aire y que no participa en el juego colectivo. Pero no existe un rematador en el mundo como \u00e9l cuando est\u00e1 al cien por cien. Y ese momento se est\u00e1 acercando. Creo en Ronie porque ha hecho goles de todos los colores y cuando ve puerta el Madrid no tiene rival. El Bernab\u00e9u acabar\u00e1 queri\u00e9ndole de verdad. Eso espero amigo&#8230;<\/p>\n<p>P.- Hola Tom\u00e1s! Que opinas de Cicinho? Verdad que es un fen\u00f3meno?<\/p>\n<p>R.- Ser\u00e1 como Roberto Carlos pero en la banda derecha. Es un futbolista vertical, con gran t\u00e9cnica y encima con olfato de gol. A m\u00ed me maravilla como sube la banda y c\u00f3mo se desdobla con Beckham. Garn jugador, gran fichaje. <\/p>\n<p>P.- Hola Tom\u00e1s, alias &#8220;crack&#8221;. Como sabio entendido en el tema futbol\u00edstico, \u00bfpor cu\u00e1les equipos apuestas en el descenso? Saludos y contin\u00faa as\u00ed<\/p>\n<p>R.- Gracias caballero. Me doler\u00eda, pero est\u00e1 claro que el M\u00e1laga, el Mallorca y el Alav\u00e9s parecen carne de ca\u00f1\u00f3n. Pero qeda mucho toro por lidiar todavia. <\/p>\n<p>P.- Hola Tom\u00e1s, soy estudiante de periodismo y querr\u00eda serlo deportivo. \u00bfQu\u00e9 me aconsejas? \u00bfser imparcial o defender mis ideas?<\/p>\n<p>R.- Siempre defiende tus ideas chaval. M\u00e1s vale morir siendo prisionero de tus sue\u00f1os que ser esclavo de una presunta objetividad que tenga encadenada tu conciencia. Nadie es objetivo en la vida y el periodismo es una traslaci\u00f3n de nuestro devenir diario. El periodismo es para disfrutarlo, no para sufrirlo.<\/p>\n","protected":false},"excerpt":{"rendered":"<p>Tom\u00e1s Roncero, periodista del diario AS y colaborador habitual de AS.com, ha charlado con los lectores sobre la 24\u00aa jornada de Liga y sobre los octavos de final de la Liga de Campeones que comienza ma\u00f1ana el.<\/p>\n","protected":false},"author":1,"featured_media":0,"comment_status":"open","ping_status":"open","sticky":false,"template":"","format":"standard","meta":{"footnotes":""},"categories":[],"tags":[],"class_list":["post-515","post","type-post","status-publish","format-standard","hentry"],"_links":{"self":[{"href":"https:\/\/intervius.com\/index.html\/wp-json\/wp\/v2\/posts\/515","targetHints":{"allow":["GET"]}}],"collection":[{"href":"https:\/\/intervius.com\/index.html\/wp-json\/wp\/v2\/posts"}],"about":[{"href":"https:\/\/intervius.com\/index.html\/wp-json\/wp\/v2\/types\/post"}],"author":[{"embeddable":true,"href":"https:\/\/intervius.com\/index.html\/wp-json\/wp\/v2\/users\/1"}],"replies":[{"embeddable":true,"href":"https:\/\/intervius.com\/index.html\/wp-json\/wp\/v2\/comments?post=515"}],"version-history":[{"count":0,"href":"https:\/\/intervius.com\/index.html\/wp-json\/wp\/v2\/posts\/515\/revisions"}],"wp:attachment":[{"href":"https:\/\/intervius.com\/index.html\/wp-json\/wp\/v2\/media?parent=515"}],"wp:term":[{"taxonomy":"category","embeddable":true,"href":"https:\/\/intervius.com\/index.html\/wp-json\/wp\/v2\/categories?post=515"},{"taxonomy":"post_tag","embeddable":true,"href":"https:\/\/intervius.com\/index.html\/wp-json\/wp\/v2\/tags?post=515"}],"curies":[{"name":"wp","href":"https:\/\/api.w.org\/{rel}","templated":true}]}}