{"id":5131,"date":"2006-04-21T00:00:00","date_gmt":"2006-11-06T00:00:00","guid":{"rendered":"https:\/\/intervius.com\/index.html\/?p=5131"},"modified":"2006-11-06T00:00:00","modified_gmt":"2006-11-06T00:00:00","slug":"Raul_del_Pozo5131","status":"publish","type":"post","link":"https:\/\/intervius.com\/index.html\/Raul_del_Pozo5131\/","title":{"rendered":"Ra\u00fal del Pozo"},"content":{"rendered":"<p>Pregunta.- Felicidades Maestro. Era justo y merecido. Sus art\u00edculos reflejan todo el poder que tiene la mejor prosa. Son como el mejor perico. \u00bfTiene alg\u00fan consejo para los que nos queremos dedicar a esto de la escritura? Estudio Periodismo y estoy muy desmotivado.<\/p>\n<p>Respuesta.- Te contesto lo que le contest\u00f3 Hemingway a una madre que le pidi\u00f3 consejo para su hijo que quer\u00eda ser periodista: &#8220;D\u00e9le 200 d\u00f3lares y que se vaya al infierno&#8221;. Es una de las profesiones m\u00e1s hermosas del mundo pero s\u00f3lo es llevadera si se tiene el veneno, si se siente como una pasi\u00f3n. Y como todas las pasiones, es peligrosa e incluso mata.<\/p>\n<p>P.- Estimado paisano, me alegra mucho el premio que has recibido. \u00bfQu\u00e9 recuerdos guardas de tu paso por el instituto Alfonso VIII? Un saludo<\/p>\n<p>R.- Llegu\u00e9 de La Torre en bicicleta y me dec\u00edan El Botas y aprend\u00ed un poco de lo poco que s\u00e9. Era un instituto muy exigente y hab\u00eda algunos profesores muy huesos, pero tuve el honor de conocer en el Caf\u00e9 Col\u00f3n a C\u00e9sar Gonz\u00e1lez Ruano. Me quedaba sentado horas y horas vi\u00e9ndolo escribir. Para mi era un mito. Y a veces la esfinge me hablaba con los dedos amarillos e incluso me invitaba a comer. Me dec\u00eda de usted cuando yo ten\u00eda 14 a\u00f1os.<\/p>\n<p>P.- Estimado se\u00f1or Del Pozo, ante todo, mi enhorabuena por su bien merecido premio. En las columnas que usted escribe de un tiempo a esta parte me ha parecido notar una cierta fascinaci\u00f3n (corr\u00edjame si me equivoco) por ciertas actitudes en los pol\u00edticos que hacen pensar en ellos como en &#8220;condottieri&#8221; de tres al cuarto antes que como hombres de Estado. \u00bfCree usted que la clase pol\u00edtica actual, comenzando por el gobierno, se ha olvidado de los ciudadanos? Muchas gracias.<\/p>\n<p>R.- S\u00ed. Yo creo que los pol\u00edticos tienen poca consideraci\u00f3n social. A veces parecen gente sin alma. Pero \u00e9ste es un sistema de partidos y estamos en sus manos. El destino, como dijo Goethe, es la pol\u00edtica.<\/p>\n<p>P.- Ra\u00fal, \u00bfqu\u00e9 es peor, una canallada inteligente, preparada con toda conciencia para beneficio propio, o una bien intencionada insensatez que destile ignorancia y cortedad de pensamiento?<\/p>\n<p>R.- Son dos cat\u00e1strofes. Esperemos alternativas m\u00e1s positivas.<\/p>\n<p>P.- \u00bf Zapatero sabe lo que est\u00e1 haciendo con nuestro pa\u00eds ( Espa\u00f1a) ? Tengo la impresi\u00f3n de que NO. Esto se asemeja m\u00e1s a un castillo de naipes, y ya se sabe lo que sucede que quitas una carta o le d\u00e1s un soplo y&#8230;. se cae. \u00bf Cu\u00e1l es su opini\u00f3n ?<\/p>\n<p>R.- Por seguir con la met\u00e1fora de las cartas, cuando lleg\u00f3 al garito parec\u00eda el membrillo, pero enseguida aprendi\u00f3 a cambiar el mazo. Cuidado con Zapatero. Yo le puse el mote de Bambi, pero se ha convertido en un pol\u00edtico pavoroso. Corta el cuello a los ministros con la gracilidad de los grandes tiranos del Renacimiento. Es un duro con apariencia de yerno gentil, lleg\u00f3 con un socialismo de Auto Res, como un cin\u00e9filo de provincias y hoy presenta la alternativa de la nueva izquierda m\u00e1s arriesgada de Europa.<\/p>\n<p>P.- Sr. del Pozo, \u00bfNo tiene la impresi\u00f3n de una sociedad anestesiada?<\/p>\n<p>R.- Vivimos en una crisis de identidad nacional. Zapatero quiere destruir la Espa\u00f1a vieja y con los materiales hacer una Espa\u00f1a nueva, lo que \u00e9l llama la Espa\u00f1a plural. La apuesta es muy arriesgada. Es, como \u00e9l mismo dice, una operaci\u00f3n a coraz\u00f3n abierto. En todo el proceso la derecha, que gobern\u00f3 magistralmente del 96 al 2000, se ha quedado sin alternativa. Est\u00e1 llorando en el cristal de la UVI esperando que la operaci\u00f3n a coraz\u00f3n abierto fracase. Los nacionalistas no los ha inventado Zapatero, pero vamos a ver si es capaz de reconducirlos hacia un nuevo Estado democr\u00e1tico.<\/p>\n<p>P.- Buenos dias Sr del Pozo; cual es su vision sobre la II Republica es de los que creen que fue una apertura hacia el futuro o son de los que la ven como un tiempo oscuro?? Mi idea es que se tiene una imagen irreal debido a que fue el movimiento republicano el gran derrotado de la Guerra Civil. Gracias por su respuesta.<\/p>\n<p>R.- No hay ning\u00fan coraz\u00f3n joven que no sea rep\u00fablicano. La Rep\u00fablica es un sue\u00f1o, incluso de los c\u00e9sares y los dictadores de la sociedad romana. La I Rep\u00fablica Espa\u00f1ola fracas\u00f3 porque hicieron 52 estados y hubo un cachondeo cantonalista. La II fue vencida por los curas, los militares y el fascismo europeo. Y tambi\u00e9n por sus propios errores.<\/p>\n<p>P.- Estimado Sr. Del Pozo, Es compatible aparecer en pseudo debates como el dirigido por Maria Teresa Campos en Tele 5 y,a su vez, presentarse como residuo intelectual de la &#8220;Rive Gauche&#8221;?<\/p>\n<p>R.- Yo soy una acumulaci\u00f3n de contradicciones. Creo que el programa de Mar\u00eda Teresa, que han fulminado, era abierto y relativamente plural.<\/p>\n<p>P.- Sr. del Pozo, desde la lejan\u00eda (vivo fuera de Espa\u00f1a, aunque soy de Ciudad Real), uno percibe que la imagen de los pol\u00edticos espa\u00f1oles en general, y la del Gobierno en particular es decepcionante, ya que adem\u00e1s del partidismo que impera (antes va el partido pol\u00edtico que los principios), la mediocridad es alarmante (claro que eso es a nivel mundial). \u00bfEs solo mi percepci\u00f3n o lamentablemente es una realidad?. Muchas gracias y felicidades por sus columnas y cr\u00f3nicas desde el Congreso.<\/p>\n<p>R.- Muchas gracias. Si me permite que me cite, yo he escrito que Espa\u00f1a es una corrupci\u00f3n coronada gestionada por los separatistas, donde la Polic\u00eda vende dinamita y los ayuntamientos est\u00e1n gestionados por Ali Bab\u00e1 y los 40 ladrones. Eso es una visi\u00f3n negativa de Espa\u00f1a. Hay otra positiva, que hemos pasado de ser \u00c1frica a ser Alemania. Que hemos dado el salto m\u00e1s grande de la modernidad al nivel de Alemania y Jap\u00f3n, pero a nosotros no nos ha ayudado nadie.<\/p>\n<p>P.- \u00bfLe tocar\u00e1 alg\u00fan d\u00eda escribir Requiem por Espa\u00f1a?<\/p>\n<p>R.- Esperemos que no. Pero de todas maneras, la Espa\u00f1a que viene no es la de aquel mapa que estaba detr\u00e1s de nosotros cuando nos hac\u00edan fotos en la escuela. Va a ser una Espa\u00f1a diferente, con autogobiernos, al borde de la independencia, el talento consistir\u00e1 en que no se consume la ruptura y que todas las naciones sigamos viviendo en com\u00fan.<\/p>\n<p>P.- Usted ha votado &#8220;co\u00f1o&#8221; como su palabra favorita. \u00bfPor qu\u00e9? Juanma<\/p>\n<p>R.- Porque es el punto de apoyo, el centro de la vida.<\/p>\n<p>P.- \u00bfQu\u00e9 opina de la figura del tertuliano? \u00bfQu\u00e9 formaci\u00f3n permite a alguien debatir sobre cualquier tema, sea ciencia, pol\u00edtica, econom\u00eda, cultura o sociedad?. Si hablamos de debates de calidad claro. A mi a veces los debates me parecen obras de teatro orquestadas donde los actores tienen un conocimiento superficial del tema que debaten. Enhorabuena por el premio conseguido.<\/p>\n<p>R.- Tiene usted toda la raz\u00f3n. La figura del tertuliano responde a una Espa\u00f1a rom\u00e1ntica sin democracia que hac\u00eda la pol\u00edtica en los caf\u00e9s. Y ahora representa el servilismo de los dos partidos y la furia del espa\u00f1ol sentado. Cada uno viene impulsado desde una sede. Los independientes son almas en pena.<\/p>\n<p>P.- \u00bfHas pensado en tu epitafio o te lo vas a dejar escrito para que otros no te hagan el homenaje?<\/p>\n<p>R.- A m\u00ed, una vez que palme me da igual todo. El ego s\u00f3lo me durar\u00e1 hasta el momento de retirarme del tabaco definitivamente.<\/p>\n<p>P.- Enhora buena por el premio. \u00bfPara cu\u00e1ndo otro deleite como &#8220;el vestido de novia&#8221;? Hablemos de pol\u00edtica: \u00bfCree que en el PP huele a rancio? \u00bfCree en los salvapatrias? \u00bfDe verdad se desintegra el pa\u00eds o son simples estrategias por alcanzar el poder? Gracias y un saludo<\/p>\n<p>R.- Yo no lo s\u00e9. No quiero ser profeta. Creo que el periodismo se ha convertido en una serie de profec\u00edas de profetas menores. No tengo ni puta idea si se va a romper Espa\u00f1a.<\/p>\n<p>P.- Usted presume de que siempre cubre al candidato ganador en las elecciones generales; \u00bfA qui\u00e9n va a seguir en las pr\u00f3ximas?<\/p>\n<p>R.- Es verdad. Es una de mis fantas\u00edas. Le dije a Rajoy: &#8220;No me ha llevado con usted en la campa\u00f1a y perder\u00e1&#8221;, pero me temo que, aunque no vaya con Zapatero en la pr\u00f3xima, ser\u00e1 el vencedor porque ahora mismo ya est\u00e1 a tres o cuatro puntos de ventaja sobre Rajoy, que pudo ser un maravilloso presidente pero siempre ha sido un mal candidato.<\/p>\n<p>P.- \u00bfCu\u00e1ndo publicar\u00e1s tu pr\u00f3xima novela?<\/p>\n<p>R.- De momento, no escribo novelas. Voy a publicar en La Esfera una recopilaci\u00f3n de los maestros que he escrito en Campus y que va desde S\u00f3crates El Feo a Savater El Burrero. No merece la pena publicar novelas, es un esfuerzo de monje con un resultado pobre. Est\u00e1 el papel vendido. Est\u00e1 el canon acordado y todo lo que se salga de ese canon y de Babelia, est\u00e1 condenado al ostracismo.<\/p>\n<p>P.- \u00bfEs negro el futuro de esta sociedad materialista, consumista, del pensamiento \u00fanico, competitiva, violenta y cada vez m\u00e1s artificial y deshumanizada? . Gracias y confieso que soy un admirador suyo.<\/p>\n<p>R.- Muchas gracias. Yo, sin embargo, creo que los espa\u00f1oles fueron tan grandes como los griegos en los siglos XVI y XVII y los mejores de Europa en la \u00faltima parte del siglo XX. Es verdad que nos enfrentamos a un laberinto. Confiemos en la suerte que tambi\u00e9n es uno de los motores de la Historia y del patriotismo democr\u00e1tico de los pol\u00edticos.<\/p>\n<p>P.- \u00bfQu\u00e9 le parece el circo montado en torno a Roc\u00edo Jurado?<\/p>\n<p>R.- Pat\u00e9tico. Es la basura. La basura amarilla. El cotilleo. El ataque a las libertades individuales. Repugnante.<\/p>\n<p>P.- Buenos d\u00edas. \u00bfC\u00f3mo define usted la est\u00e9tica de la columna period\u00edstica ideal?<\/p>\n<p>R.- Ya dijo Umbral, el maestro supremo, que es el soneto del Periodismo. Yo creo que es una novela de 500 palabras que hay que empezar como un terremoto y acabar como un volc\u00e1n, si se puede. Lo m\u00e1s importante es no aburrir a los lectores que se acercan con un euro a un kiosco.<\/p>\n<p>P.- Enhorabuena por el premio y gracias por el lujo que supone poder leer su columna en El Mundo \u00bfCu\u00e1les considera han sido sus &#8220;maestros&#8221; en el arte del escribir period\u00edstico?<\/p>\n<p>R.- Uno Ruano, al que sigo desde los tiempos del Caf\u00e9 Col\u00f3n de Cuenca, otros Pla y Camba y luego Umbral, que es la liebre que nos marca la velocidad y el camino.<\/p>\n<p>P.- Sr. del Pozo, ha pasado algo m\u00e1s de una semana desde la \u00bfdimisi\u00f3n? del Sr. Bono, \u00bfOpina que realmente fue una dimisi\u00f3n?,\u00bfEra un lastre o era incompatible con la nueva pol\u00edtica territorial del Gobierno y de conversaciones con hombres de paz como Otegui?. Muchas gracias.<\/p>\n<p>R.- La gente de Moncloa dec\u00eda &#8220;nos est\u00e1 jodiendo siempre, cuando termine de ser ministro se volver\u00e1 a su casa&#8221;. Fue el que dijo que 40 diputados del PSOE esperaban un capit\u00e1n que se inmolara. \u00c9l era el capit\u00e1n que esperaba el desastre de la ca\u00edda de Zapatero. Cuando vio que el Presidente se consolidaba, tir\u00f3 la toalla.<\/p>\n<p>P.- \u00bfConsidera realmente objetivo el periodismo en espa\u00f1a a nivel general?<\/p>\n<p>R.- No. La pol\u00edtica es la \u00faltima rama de la sociedad del espect\u00e1culo y nosotros estamos desgraciadamente atados a uno de los espect\u00e1culos. Hay sectarismo y nunca se ve nada bueno en el partido adverso.<\/p>\n<p>P.- Hola Ra\u00fal. Es un placer poder tener la oportunidad de env\u00edarte mi pregunta. Soy estudiante de periodismo y admiro su trabajo, le leo de forma asidua puesto que le considero un gran comunicador. Mi pregunta es&#8230; \u00bfpor qu\u00e9 cree que la sociedad en la que vivimos ( concretamente los p\u00fablicos de masas) infravaloran al periodista y, lo identifican inmediatamente con alg\u00fan contertulio de pacotilla de tv? \u00bfCree que esto puede cambiar? \u00bfComo ve el futuro del periodismo en Espa\u00f1a? (Al final han sido 3, mis disculpas!) Un saludo, gracias. V\u00edctor, Barcelona.<\/p>\n<p>R.- Creo que el futuro del Periodismo en Espa\u00f1a ya est\u00e1 en la Red. Creo que es la segunda invenci\u00f3n de la rueda, de la imprenta, del fuego. Las posibilidades de la sociedad del conocimiento son imprevisibles y gigantescas. Elmundo.es, desde el que estamos hablando, es un prodigio. Yo era un yonqui del papel y ahora no puedo vivir sin entrar a la Red para ver c\u00f3mo el mundo se mueve, est\u00e1 lleno de dibujos y cuando escribo s\u00e9 que ya estoy en medio del ring y me pueden patear. Creo que el Periodismo ha jugado un papel esencial en la consolidaci\u00f3n y limpieza de la democracia. Y me refiero especialmente a EL MUNDO no porque trabaje en \u00e9l sino porque, a pesar de los estigmas y el cerco, meti\u00f3 la linterna en las cloacas y desentra\u00f1\u00f3 la corrupci\u00f3n del Estado.<\/p>\n<p>P.- Felicidades maestro por un Gonz\u00e1lez-Ruano m\u00e1s que merecido. En un pa\u00eds de escritores de consigna y pesebre, leer su obituario a un injustamente preterido Campmany es reconfortante. Siga Vd. escribiendo libre y como los \u00e1ngeles, siga d\u00e1ndonos el gusto de leerle. Espero que, como a Umbral, nunca le nombren para la Academia \u00bfqu\u00e9 har\u00edan Vds. dos en compa\u00f1\u00eda de un juntaletras como el Sr. Cebri\u00e1n?<\/p>\n<p>R.- Yo no sue\u00f1o con ir a la Academia. S\u00e9 que no doy el perfil. Es una cabronada que \u00e9l que ha inventado el lenguaje moderno, el cronista luminoso de la Transici\u00f3n no est\u00e9 en la Academia donde hay tantos viejos ti\u00f1osos.<\/p>\n<p>P.- \u00bfNo echas de menos trabajar en una redacci\u00f3n?<\/p>\n<p>R.- Yo he sido una rata de redacci\u00f3n. Y ahora navego.<\/p>\n<p>P.- Hablando de requiems, hace poco se cumplia el aniversario de la muerte de uno de los tiburones mediaticos que tubo este pais, el difunto presidente del grupo Z. \u00bfQu\u00e9 opini\u00f3n le merec\u00eda el personaje?\u00bfQuedan todavia tiburones mediaticos o s\u00f3lo sobrevive la gran ballena blanca de Polanco?<\/p>\n<p>R.- Yo quer\u00eda mucho a Antonio. Siempre que me quedaba sin trabajo, era la suya la primera llamada. Tal vez porque burlanga como yo. Yo no s\u00e9 si ser\u00eda tibur\u00f3n, pero siempre pag\u00f3 bien y pudimos escribir con libertad. Considero que Intervi\u00fa ha sido una gran revista de la denuncia y del principio del placer.<\/p>\n<p>P.- Se\u00f1or del Pozo, yo siempre he pensado que la Republica como modelo de Estado solo podr\u00eda aplicarse en una Espa\u00f1a democr\u00e1ticamete madura donde los partidos asuman claramente la necesidad de salvaguardar al Estado por enicima incluso de sus intereses de partido\u00bfConsidera usted que Espa\u00f1a podr\u00eda enfrentarse en la actualidad y con los partidos actuales a una II Rep\u00fablica sin que ello pusiera literalmente en un brete todo lo logrado desde el 75?\u00bfPodemos prescindir de la garant\u00eda Juancarlista de continuidad?<\/p>\n<p>R.- Creo que el partido que era rep\u00fablicano era el Partido Socialista y se desmaya cuando le da un abrazo el Rey. Creo que al Partido Popular, como dijo Ca\u00f1ete, s\u00f3lo le queda la Rep\u00fablica. Hay grandes idiotas que dicen que no son mon\u00e1rquicos sino juancarlistas. Vamos a ver si el Rey o su hijo son capaces de ser reyes de una confederaci\u00f3n, lo que me parece una contradicci\u00f3n en los t\u00e9rminos. Por otra parte, si Europa resucita, porque ahora est\u00e1 muerta, la monarqu\u00eda es una excrecencia.<\/p>\n<p>P.- \u00bfQue hay entre usted y Carmen Rigalt?<\/p>\n<p>R.- M\u00e1s que amor. El d\u00eda que no hablo con ella por la ma\u00f1ana estoy perdido. Es mi hermana gemela. La mejor de todas.<\/p>\n<p>P.- En primer lugar, Sr. del Pozo, le felicito por la consecuci\u00f3n de tan prestigioso premio profesional. Mi pregunta: \u00bfc\u00f3mo califica usted el uso -en general- del espa\u00f1ol en los actuales medios de comunicaci\u00f3n?<\/p>\n<p>R.- Creo que la pol\u00edtica ha sustituido a la religi\u00f3n en el mal sentido. Quedan residuos del dogmatismo. Pertenecen a un partido con la puerilidad que se es de un equipo de f\u00fatbol.<\/p>\n<p>P.- Hola Ra\u00fal, enhorabuena por el premio recibido. Como profesional del peridismo, \u00bfc\u00f3mo ve las noticias reflejadas en este peri\u00f3dico que plantean dudas en la investigaci\u00f3n policial y judicial del 11-m? \u00bfQu\u00e9 responsabilidades cree que puede tener?<\/p>\n<p>R.- Yo dije que la preocupaci\u00f3n de EL MUNDO sobre el 11-M es parecida a la que sent\u00eda Pl\u00e1 por el origen de la Primera Guerra Mundial. Ley\u00f3 cientos de libros y habl\u00f3 con cientos de personas y al final no ten\u00eda ni puta idea. Pero algo pas\u00f3 tenebroso que a\u00fan no sabemos.<\/p>\n<p>P.- Enhorabuena Sr . Del Pozo. En las pocas veces que compro El Mundo, mi primera lectura es para su columna. Sinceramente: \u00bfnadie se da cuenta de que a la mayor\u00eda de las gentes de a pie no les interesan para nada tanta elucubraci\u00f3n sobre identidad nacional, estatuts, etc.?<\/p>\n<p>R.- Yo mismo he estado obsesionado por los nacionalismos que creo que es el camino m\u00e1s corto para llegar al fascismo. Pero ya estamos ante el hecho consumado. A partir de ahora, la derecha espa\u00f1ola no puede quedar en el alarido y la melancol\u00eda y debe colaborar para que no se vaya todo a tomar por el culo.<\/p>\n<p>P.- Lei con admiracion y sorpresa su columna de hace semanas refiriendose a Jose Maria Garcia\u00bfcree que volvera a los medios?<\/p>\n<p>R.- \u00c9l quiere volver y hacer un programa pol\u00edtico. Admiro a Jos\u00e9 Mar\u00eda. Ha sido el mejor reportero y periodista deportivo. Cuando yo le conoc\u00ed en la redacci\u00f3n, era un verdadero brib\u00f3n, nos pisaba las noticias y las chicas, a pesar de que no es Robert Redford.<\/p>\n<p>P.- \u00bfPorqu\u00e9 cree Usted que el Colegio de Periodistas no hace nada para evitar la constante invasi\u00f3n en el mundo de la comunicaci\u00f3n (sobretodo televisiva) de personajes que dudo tengan ninguna carrera relacionada con la informaci\u00f3n?<\/p>\n<p>R.- Insisto, eso es una basura. Pero creo que otra cosa incorrecta son los Colegios de Periodistas que terminan haciendo el cac, como su nombre indica.<\/p>\n<p>P.- Si no hubiera sido periodista&#8230;.\u00bfQ\u00fae profesi\u00f3n le gustar\u00eda haber ejercido?\u00bfPol\u00edtico?<\/p>\n<p>R.- Pol\u00edtico jam\u00e1s. Me hubiera gustado ser cronista de Indias porque eran los que mejor escrib\u00edan en castellano. O gal\u00e1n de monjas. O mosquetero en la Espa\u00f1a barroca.<\/p>\n<p>P.- \u00bfCree que habr\u00e1 adelanto de elecciones?<\/p>\n<p>R.- Casi seguro. Depende de las encuestas. El d\u00eda en que los cabezas de huevo de la Moncloa vean que el proyecto de Zapatero tiene el apoyo de la mayor\u00eda convocar\u00e1n. Zapatero necesita un apoyo masivo para el proceso de paz.<\/p>\n<p>P.- \u00bfA\u00fan cree en la utop\u00eda?<\/p>\n<p>R.- Creo que se puede caminar m\u00e1s all\u00e1 del horizonte. Creo que hay un viejo topo que sigue hocicando desde debajo de la tierra. Este mono ha hecho cosas grandiosas. La \u00faltima es Internet.<\/p>\n<p>P.- Ra\u00fal, enhorabuena por un premio tan merecido. En tu faceta de analista pol\u00edtico te caracterizas por la ambiguedad y el descreimiento, \u00bfacaso el que opina no puede tener inclinaciones y afinidades y mantener intacta su objetividad y capacidad de cr\u00edtica?<\/p>\n<p>R.- Cada uno tiene sus opiniones pero nuestra historia personal es demasiado corta para saber qui\u00e9n tiene al final raz\u00f3n. Yo creo que el descre\u00edmiento, el no sectarismo, el no pertenecer a ninguna banda es un buen camino de la libertad.<\/p>\n<p>P.- \u00bfCu\u00e1l es el mejor libro que retrata el mundo del periodismo?<\/p>\n<p>R.- Lo retrata bien Bradlee del Whasington Post y lo aborda la pel\u00edcula Primera plana de Billy Wilder, donde trabaja Pedro J.<\/p>\n<p>P.- Que opinion le merece el cambio de la monarquia desde que letizia (una plebeya) se caso con el principe? Considera que es el fin de la institucion?<\/p>\n<p>R.- No. Yo creo que la monarqu\u00eda ha renovado la sangre y ha seguido el ejemplo de las monarqu\u00edas n\u00f3rdicas con Letizia, que es una bell\u00edsima princesa.<\/p>\n<p>P.- Unas veces es pepero y otras socialist\u00f3n. \u00bfQu\u00e9 es de verdad?<\/p>\n<p>R.- Intento ser dem\u00f3crata.<\/p>\n","protected":false},"excerpt":{"rendered":"<p>Acaba de recibir el Premio Gonz\u00e1lez-Ruano de Periodismo por su art\u00edculo R\u00e9quiem por el maestro de los epitafios dedicado a Jaime Campany. Columnista y cronista parlamentario de EL MUNDO, Ra\u00fal del Pozo naci\u00f3 en Cuenca y en su trayectoria period\u00edstica ha ejercido como reportero, enviado especial, corresponsal y comentarista en diferentes medios de comunicaci\u00f3n.<\/p>\n","protected":false},"author":1,"featured_media":0,"comment_status":"open","ping_status":"open","sticky":false,"template":"","format":"standard","meta":{"footnotes":""},"categories":[],"tags":[],"class_list":["post-5131","post","type-post","status-publish","format-standard","hentry"],"_links":{"self":[{"href":"https:\/\/intervius.com\/index.html\/wp-json\/wp\/v2\/posts\/5131","targetHints":{"allow":["GET"]}}],"collection":[{"href":"https:\/\/intervius.com\/index.html\/wp-json\/wp\/v2\/posts"}],"about":[{"href":"https:\/\/intervius.com\/index.html\/wp-json\/wp\/v2\/types\/post"}],"author":[{"embeddable":true,"href":"https:\/\/intervius.com\/index.html\/wp-json\/wp\/v2\/users\/1"}],"replies":[{"embeddable":true,"href":"https:\/\/intervius.com\/index.html\/wp-json\/wp\/v2\/comments?post=5131"}],"version-history":[{"count":0,"href":"https:\/\/intervius.com\/index.html\/wp-json\/wp\/v2\/posts\/5131\/revisions"}],"wp:attachment":[{"href":"https:\/\/intervius.com\/index.html\/wp-json\/wp\/v2\/media?parent=5131"}],"wp:term":[{"taxonomy":"category","embeddable":true,"href":"https:\/\/intervius.com\/index.html\/wp-json\/wp\/v2\/categories?post=5131"},{"taxonomy":"post_tag","embeddable":true,"href":"https:\/\/intervius.com\/index.html\/wp-json\/wp\/v2\/tags?post=5131"}],"curies":[{"name":"wp","href":"https:\/\/api.w.org\/{rel}","templated":true}]}}