{"id":508,"date":"2006-02-15T00:00:00","date_gmt":"2006-11-06T00:00:00","guid":{"rendered":"https:\/\/intervius.com\/index.html\/?p=508"},"modified":"2006-11-06T00:00:00","modified_gmt":"2006-11-06T00:00:00","slug":"Juana_Martin508","status":"publish","type":"post","link":"https:\/\/intervius.com\/index.html\/Juana_Martin508\/","title":{"rendered":"Juana Mart\u00edn"},"content":{"rendered":"<p>Pregunta.- \u00bfCrees que el entorno actual perjudica o favorece la creaci\u00f3n artistica? \u00bfComo combates el actual entorno, haciendole frente o esquivando las miradas que te ofrece ?<\/p>\n<p>Respuesta.- No perjudica para nada, a uno le perjudica lo que uno quiera. Pasamos una \u00e9poca mala por la competencia exterior, sobre todo de Asia, pero a la vez es una buena \u00e9poca.<\/p>\n<p>P.- Hola Juana, me pareces un gran ejemplo de una mujer andaluza con iniciativa que ha sabido labrarse su futuro. \u00bfC\u00f3mo ves las oportunidades de trabajo como dise\u00f1ador en Andaluc\u00eda?<\/p>\n<p>R.- Bastante buenas porque cuando empec\u00e9 no hab\u00eda oportunidades pero ahora, en parte gracias a m\u00ed que he abierto muchas puertas, hay otra visi\u00f3n hacia la moda flamenca. Si mi trabajo, sacrificio y costancia hacen que el de otros sea m\u00e1s f\u00e1cil, perfecto.<\/p>\n<p>P.- \u00bfCu\u00e1l es el peor recuedo que tiene de un desfile suyo?<\/p>\n<p>R.- No tengo malos recuerdos de ninguno. Quiz\u00e1 sea muy exigente y siempre salen las cosas como yo quiero. Los problemas, cuando los hay, me los guardo. Quiz\u00e1 un desfile en una plaza de toros en M\u00e9xico que llovi\u00f3 much\u00edsimo y salimos de all\u00ed nadando&#8230;<\/p>\n<p>P.- \u00bfCasada o soltera? \u00bfCantaor y cantaora preferidos? \u00bfIr\u00e1s este a\u00f1o a la Feria de Sevilla? Y por \u00faltimo&#8230;. \u00bfen qu\u00e9 piensas cuando sonries de tal manera? (mirar foto) Felicidades y \u00e9xito. Javier (Mexico)<\/p>\n<p>R.- Soltera (risas)<\/p>\n<p>P.- El a\u00f1o pasado te inspirastes en la moda flamenca de la cual dices que eres una revolucionaria. \u00bfEn qu\u00e9 te inspiras esta temporada?. Mucha suerte en tu carrera y enhorabuena por tus flamencas.<\/p>\n<p>R.- Esta temporada estamos muy basados en el siglo XIX, con connotaciones de Andaluc\u00eda y del flamenco.<\/p>\n<p>P.- El a\u00f1o pasado la colecci\u00f3n fue blanco y naranja. \u00bfQu\u00e9 colores nos propones \u00e9ste a\u00f1o?<\/p>\n<p>R.- Este a\u00f1o propongo una gama de tono cacer\u00eda, dorados, verdes&#8230; Y una visi\u00f3n diferente de lo que es el vaquero.<\/p>\n<p>P.- Lach\u00f3s chibes\u00e9s (Buenos d\u00edas) Desde tu posici\u00f3n, \u00bfconsideras que la cultura gitana (no s\u00f3lo la flamenca) tiene la posibilidad de realizar aportes significativos dentro del mundo de la moda? \u00bfCu\u00e1les cree que pueden ser? Sastipen ta li !!! (Salud y Libertad) (Asociaci\u00f3n de Promoci\u00f3n Gitana Arakerando de Alicante)<\/p>\n<p>R.- Por supuesto que s\u00ed. Creo que la cultura gitana no condiciona a poder o no poder hacer cosas. Todo el mundo ha creado un estereotipo; es una cultura m\u00e1s en la que hay gente cualificada cultural, profesional y econ\u00f3micamente que puede hacer lo que quiera, donde quiera o cuando quiera; hay mucha gente no gitana que no estudia o no trabaja. Hay un estereotipo contra el que tenemos que luchar; va en la persona querer hacer algo o no querer hacerlo. Hay tradici\u00f3n, pero no est\u00e1 re\u00f1ido con hacer cosas.<\/p>\n<p>P.- En primer lugar enhorabuena por su trabajo, sus prendas irradian el cari\u00f1o con que est\u00e1n hechas&#8230; \u00bfPara cu\u00e1ndo podremos ver complementos?<\/p>\n<p>R.- Los complementos saldr\u00e1n en este pr\u00f3ximo desfile de la Pasarela Cibeles, ser\u00e1n sobre todo joyer\u00eda.<\/p>\n<p>P.- Hola, buenos d\u00edas. La vi el d\u00eda de la inauguraci\u00f3n de Cibeles, la temporada pasada. Llevaba una camiseta de Zara. \u00bfNo cree que al menos ustedes deber\u00edan incentivar el uso de ropa de firma y calidad? Si ni siquiera ustedes se resisten al fen\u00f3meno Zara, estamos perdidos&#8230;<\/p>\n<p>R.- A m\u00ed es que me gustan las camisetas b\u00e1sicas y no tienen ning\u00fan misterio; mis camisetas que van pintadas a mano quiz\u00e1 s\u00ed, pero normalmente no tiene mucho misterio. Seguramente la llevaba y la seguir\u00e9 llevando porque me gusta mucho.<\/p>\n<p>P.- \u00bfCrees que un buen dise\u00f1o est\u00e1 re\u00f1ido con un precio asequible? Aprovecho para felicitarte por la alegr\u00eda de tus colecciones y por el toque espa\u00f1ol que les imprimes.<\/p>\n<p>R.- Por desgracia hay mucha competencia tanto en Espa\u00f1a como fuera. Tiene que haber una gran diferencia a la hora de confeccionar con lo que enga de pa\u00edses con mano de obra mucho m\u00e1s barata. Creo que tiene que haber una diferencia entre ambas para que nosotros podamos estar donde estamos.<\/p>\n<p>P.- \u00bfHay tienda en Madrid? Si no es as\u00ed&#8230;\u00bfPiensas abrirla? Me encanta tu estilo y por la capital es muy dif\u00edcil encontrarlo. \u00a1Un abrazo!<\/p>\n<p>R.- En Madrid tengo una tienda en C Ayala, 14 esquina con Serrano. All\u00ed pueden encontrar todo el vestuario y comprar lo que quieran.<\/p>\n<p>P.- Enhorabuena por el \u00e9xito que has conseguido!!!!Me encantan tus dise\u00f1os, sobre todo los trajes de flamenca!!!!!. Me encantar\u00eda saber si en Sevilla tienes tienda donde poder comprar alguno de t\u00fas dise\u00f1os, llevo mucho tiempo sin vestirme de flamenca, y este a\u00f1o estoy decidida y lo mejor ser\u00eda hacerlo con alguno de tus dise\u00f1os.<\/p>\n<p>R.- Desde Andaluc\u00eda en general se puede venir a C\u00f3rdoba porque me gusta llevarlo todo yo, que todo salga exclusivo y especial, no masificar el mercado&#8230;<\/p>\n<p>P.- \u00bfA qu\u00e9 persona importante o famosa le gustar\u00eda vestir?<\/p>\n<p>R.- Esta es la pregunta del mill\u00f3n. No tengo una persona especial, me gusta que lo vistan quien se sienta guapa con ella. Si tengo que mencionar a alguien, me gusta mucho la Infanta Elena.<\/p>\n<p>P.- Me gustar\u00eda saber como ser\u00eda el vestido perfecto para ir a una boda de invitado, con sus caracter\u00edsticas.<\/p>\n<p>R.- Muy femenino y favorecedor, pero con discrecci\u00f3n. De ma\u00f1ana ir\u00eda con un traje blanco de chaqueta y por la noche de negro. Siempre hay que tener algo especial que te d\u00e9 personalidad.<\/p>\n<p>P.- Conozco a una chica de 23 a\u00f1os que es una dise\u00f1adora excepcional, tiene much\u00edsima personalidad y sus dise\u00f1os son innovadores, alegres y muy ponibles&#8230; Me gustar\u00eda saber cu\u00e1les son las claves del reconocimiento, \u00bfqu\u00e9 hay que hacer para que a esta chica, al menos, pueda ense\u00f1ar su trabajo?&#8230; Admiro y sigo tu trabajo, un saludo.<\/p>\n<p>R.- Yo lo consegu\u00ed con mucho trabajo, tes\u00f3n&#8230;Hoy por hoy me siento contenta porque todo mi trabajo est\u00e1 encima de una Pasarela tan importante como Cibeles.<\/p>\n<p>P.- Hola, Juana. Soy de Valencia. Una de mis mejores amigas se casa en julio y me gustar\u00eda ir a la ceremonia civil y al convite con un traje tuyo (que sea muy flamenquito). \u00bfA d\u00f3nde me tengo que dirigir, en Valencia, para poder hac\u00e9rmelo?. Gracias.<\/p>\n<p>R.- En Valencia no hay tienda, tendr\u00edais que venir a C\u00f3rdoba, pero para el mes de julio ser\u00eda bastante complicado porque tengo mucho trabajo&#8230;pero bueno, ll\u00e1mame a C\u00f3rdoba y todo se puede hablar.<\/p>\n<p>P.- Tras el \u00e9xito el a\u00f1o pasado, \u00bfva a Cibeles con presi\u00f3n?<\/p>\n<p>R.- Voy con much\u00edsimo respeto, no con miedo a no superar el a\u00f1o pasado, sino con mucho respeto, fij\u00e1ndome mucho m\u00e1s en todo.<\/p>\n<p>P.- \u00bfPor que es tan poco ponible la ropa que lucen las modelos en los desfiles?<\/p>\n<p>R.- La m\u00eda no, la m\u00eda se puede colgar en una percha perfectamente. Yo lo que quiero es que la mujer se sienta guapa y que tenga fondo de armario para que pueda ponerse lo que quiera en cualquier momento, en cualquier fiesta.<\/p>\n<p>P.- Ayer vi en un telediario parte de un desfile y vi esqueletos desfilando. Se ha traspasado la linea de la delgadez. Hagan algo, por favor<\/p>\n<p>R.- Yo no soy partidaria de una mujer esquel\u00e9tica para nada. Yo dise\u00f1o y trabajo para la mujer de hoy en d\u00eda, me gustan las curvas. Me gusta que el traje tenga formas, yo soy andaluza y en Andaluc\u00eda la mujer tiene muchas formas. No me gusta la mujer delgada para la pasarela. Quiz\u00e1 hay una visi\u00f3n equivocada de la modelo, porque no todo el mundo puede tener unas medidas y unas formas: nosotros utilizamos a las modelos para ense\u00f1ar nuestra ropa, pero no todo el mundo puede ser igual. Y puedo garantizar que las modelos son pira\u00f1as comiendo.<\/p>\n<p>P.- \u00bfAlguna vez te has encontrado casualmente a alguien que llevaba un dise\u00f1o tuyo? Si es que s\u00ed \u00bfqu\u00e9 has pensado en ese momento?<\/p>\n<p>R.- Much\u00edsimas veces. Es un orgullo y un alago ver a alguien en una boda o una feria con un vestido tuyo.<\/p>\n<p>P.- \u00bfC\u00f3mo surgi\u00f3 esta pasi\u00f3n por el dise\u00f1o?<\/p>\n<p>R.- Uff! Desde ni\u00f1a. Yo soy autodidacta en todo esto y sigo con la misma obsesi\u00f3n que siempre. Es como un duende que tengo dentro que est\u00e1 bailando todo el rato y haciendo cositas y yo no lo controlo. Lo siento desde peque\u00f1ita.<\/p>\n<p>P.- Hola, buenos dias. Que significa para usted modernidad en la ropa?. Gracias y enhorabuena.<\/p>\n<p>R.- Yo creo que eso lo marca la persona, hasta qu\u00e9 punto se considera moderna y es moderna. Para m\u00ed es ir bien, que se sienta agusto con la ropa independientemente de que guste o no a los dem\u00e1s. El l\u00edmite lo pone la persona; hay gente muy cl\u00e1sica que no evoluciona. El nivel lo marca cada uno y yo intento siempre meterme en su mente y en sus gustos.<\/p>\n<p>P.- \u00bfse puede triunfar en este mundo teniendo la sede o los talleres fuera de Madrid? un saludo desde C\u00f3rdoba<\/p>\n<p>R.- Yo sigo en C\u00f3rdoba. Y no s\u00f3lo en C\u00f3rdoba, sigo en mi casa, en mi mundo&#8230;No he cambiado nada, as\u00ed que s\u00ed se puede. Cada uno es lo que sienta ser y el lugar donde mejor trabaje.<\/p>\n<p>P.- He estado viendo tu pag. web y he visto que llevas relativamente poco tiempo en la moda. Sin embargo, ya est\u00e1s en Cibeles. \u00bfHas recibido muchas ayudas por parte de las administraciones p\u00fablicas? Un beso<\/p>\n<p>R.- Solamente una, por parte de la Junta de Andaluc\u00eda&#8230;bueno, si llamas &#8220;ayuda&#8221; a una subvenci\u00f3n de hace m\u00e1s de siete a\u00f1os de 1 mill\u00f3n y medio y que Hacienda se lleve la mitad&#8230;Ahora s\u00ed que me est\u00e1n ayudando m\u00e1s y tengo un proyecto con la Junta que no est\u00e1 terminado. Pagu\u00e9 la novatada al principio, pero de todo se aprende&#8230;<\/p>\n<p>P.- \u00bfQu\u00e9 dise\u00f1adores\/as te gustan? Algun@ que te influya a la hora de crear y algun@ que te guste pero que no tenga nada que ver con tus dise\u00f1os<\/p>\n<p>R.- Me gusta muchos que no tienen nada que ver conmigo&#8230;En Espa\u00f1a Balenciaga, internacionales Dior, Cavalli&#8230;Hay muchas cosas que me gustan que no tienen nada que ver conmigo&#8230;Valentino, Armani,&#8230;Hay much\u00edsimos.<\/p>\n","protected":false},"excerpt":{"rendered":"<p>La dise\u00f1adora Juana Mart\u00edn fue la triunfadora de la pasarela Cibeles el a\u00f1o pasado. Sobre la edici\u00f3n de este a\u00f1o, que comenz\u00f3 el pasado lunes, y sus propuestas y tendencias ha charlado con los lectores la dise\u00f1adora cordobesa, que se define como \u201cuna revolucionaria de la moda flamenca\u201d.<br \/>\nFOTO: Pablo Julia.<\/p>\n","protected":false},"author":1,"featured_media":0,"comment_status":"open","ping_status":"open","sticky":false,"template":"","format":"standard","meta":{"footnotes":""},"categories":[],"tags":[],"class_list":["post-508","post","type-post","status-publish","format-standard","hentry"],"_links":{"self":[{"href":"https:\/\/intervius.com\/index.html\/wp-json\/wp\/v2\/posts\/508","targetHints":{"allow":["GET"]}}],"collection":[{"href":"https:\/\/intervius.com\/index.html\/wp-json\/wp\/v2\/posts"}],"about":[{"href":"https:\/\/intervius.com\/index.html\/wp-json\/wp\/v2\/types\/post"}],"author":[{"embeddable":true,"href":"https:\/\/intervius.com\/index.html\/wp-json\/wp\/v2\/users\/1"}],"replies":[{"embeddable":true,"href":"https:\/\/intervius.com\/index.html\/wp-json\/wp\/v2\/comments?post=508"}],"version-history":[{"count":0,"href":"https:\/\/intervius.com\/index.html\/wp-json\/wp\/v2\/posts\/508\/revisions"}],"wp:attachment":[{"href":"https:\/\/intervius.com\/index.html\/wp-json\/wp\/v2\/media?parent=508"}],"wp:term":[{"taxonomy":"category","embeddable":true,"href":"https:\/\/intervius.com\/index.html\/wp-json\/wp\/v2\/categories?post=508"},{"taxonomy":"post_tag","embeddable":true,"href":"https:\/\/intervius.com\/index.html\/wp-json\/wp\/v2\/tags?post=508"}],"curies":[{"name":"wp","href":"https:\/\/api.w.org\/{rel}","templated":true}]}}