{"id":496,"date":"2006-02-10T00:00:00","date_gmt":"2006-11-06T00:00:00","guid":{"rendered":"https:\/\/intervius.com\/index.html\/?p=496"},"modified":"2006-11-06T00:00:00","modified_gmt":"2006-11-06T00:00:00","slug":"Manuel_Alonso_Erausquin496","status":"publish","type":"post","link":"https:\/\/intervius.com\/index.html\/Manuel_Alonso_Erausquin496\/","title":{"rendered":"Manuel Alonso Erausquin"},"content":{"rendered":"<p>Pregunta.- \u00bfConoce la marginaci\u00f3n cultural que sufren los sordos por el inestable subtitulado de los espacios televisivos? Si no recuerdo mal, el Gobierno estableci\u00f3 hace un par de a\u00f1os un m\u00ednimo de tiempo de subtitulaci\u00f3n televisiva a las cadenas, pero \u00bfqui\u00e9n vigila eso? \u00bfC\u00f3mo denunciar que Cuatro no ofrece en toda su programaci\u00f3n este servicio o las auton\u00f3micas, como Telemadrid? \u00bfQu\u00e9 se va a hacer? Gracias y un saludo<\/p>\n<p>Respuesta.- Se tratar\u00e1 de mejorar esa atenci\u00f3n en RTVE. Respecto a las otras cadenas, no tengo ninguna competencia ni capacidad de influencia. <\/p>\n<p>P.- \u00bfPor qu\u00e9 permite que haya tanta telebasura en una televisi\u00f3n p\u00fablica que pagamos todos los espa\u00f1oles? \u00bfA qu\u00e9 viene el fen\u00f3meno telenovelero que nos invade? \u00bfPor qu\u00e9 no ponen pel\u00edculas con subt\u00edtulos? Aprender\u00edamos mucho mejor idiomas.<\/p>\n<p>R.- Sobre la programaci\u00f3n, ya he contestado anteriormente.<\/p>\n<p>P.- He o\u00eddo que la orquesta y el coro de rtve no tienen garantizada su continuidad dentro del ente de rtve. Quisiera saber qu\u00e9 hay de cierto en estos rumores y si son ciertos, c\u00f3mo es posible que suceda algo as\u00ed!? rtve pasar\u00eda a ser la \u00fanica televisi\u00f3n estatal europea sin orquesta y coro propios. un saludo.<\/p>\n<p>R.- El Defensor no tiene influencia sobre la reestructuraci\u00f3n de la empresa, sino que debe comunicar los perjuicios que la audiencia estima que sufre por sus actividades. En cualquier caso, no estoy segura ahora que fuese la \u00fanica RTVE europea sin Orquesta. S\u00ed es la \u00fanica con una financiaci\u00f3n estatal inestable, al menos.<\/p>\n<p>P.- Manuel, \u00bfVe factible la implementacion en Espa\u00f1a de una television nacional independiente al estilo britanico de la BBC? (ya se que RTVE se autocalifica independiente, pero la mayoria de directivos y personal de informativos se cambia cuando hay un cambio de gobierno&#8230;) Yo creo que esto es imprescindible para la salud democr\u00e1tica del pa\u00eds. En esa misma l\u00ednea, cree que se podr\u00eda implementar un sistema de pago que subvencione a RTVE y asi no tengamos que ver publicidad en las emisiones? Salud<\/p>\n<p>R.- Hay una nueva ley tramit\u00e1ndose en el Congreso de los Diputados. All\u00ed se debe asegurar la independencia, a trav\u00e9s de la previsi\u00f3n de gesti\u00f3n que se regule.<\/p>\n<p>P.- Hola. Fui alumna suya en la facultadad de Ciencias de la Informaci\u00f3n de Madrid hace ya&#8230; uf, unos 15 a\u00f1os. Sus clases fueron de lo mejorcito de los cinco a\u00f1os de Universidad, as\u00ed que conf\u00edo en que pueda llevar un poco de cordura al mundo este de la televisi\u00f3n. \u00bfCu\u00e1l es su principal objetivo, o va a esperar a qu\u00e9 la &#8220;audiencia&#8221; se ponga en contacto con usted, para saber por d\u00f3nde van los tiros? Mucha suerte!!!<\/p>\n<p>R.- Me alegra mucho ese buen recuerdo. Yo tambi\u00e9n recuerdo muchos buenos alumnos. Con independencia de las aportaciones de las audiencias, tambi\u00e9n se\u00f1alar\u00e9 de oficio los asuntos que vea de inter\u00e9s. Objetivo fundamental, sint\u00e9ticamente: que no haya perjuicios para la audiencia en sus derechos reconocidos en las leyes. Adem\u00e1s eso, lo que pueda aportar para la mejora del ser3icio p\u00fablico en todos sus aspectos.<\/p>\n<p>P.- Hola \u00bfno cree usted que sobre la Ley de la protecci\u00f3n del menor la mayor\u00eda de las cadenas no ha hecho casi nada, por no decir nada?, yo cuando era peque\u00f1o habia muchos mas espacios infantiles \u00bfpor que no los hay ahora? (a excepci\u00f3n de Los Lunnis, que es lo mejor que se ha emitido desde Barrio S\u00e9samo). Muchas gracias y un abrazo. <\/p>\n<p>R.- Ojo. La ley de protecci\u00f3n al menor no tiene que ver directamente con la programaci\u00f3n de televisi\u00f3n. Si se refiere usted a los acuerdos de autorregulaci\u00f3n firmados por las diferentes cadenas, parece ser que no funcionan con la eficacia esperada y cabe revisar ese funcionamiento.<\/p>\n<p>P.- Desearle grandes logros en su nueva etapa como defensor del espectador. Ojal\u00e1 suponga un antes y un despu\u00e9s en la calidad de la televisi\u00f3n p\u00fablica. Hace muchos a\u00f1os en la televisi\u00f3n p\u00fablica sin preocuparse de audiencias, ve\u00edamos La clave, los documentales de F\u00e9lix, Estudio 1, cesta y puntos, pel\u00edculas cl\u00e1sicas&#8230; m\u00e1s educaci\u00f3n, cultura, inteligencia. La telebasura es un fen\u00f3meno que se ha importado. \u00bfQue se puede hacer ante esta globalizaci\u00f3n?<\/p>\n<p>R.- Muchas gracias. Respecto a las directrices para un planteamiento adecuado de la Televisi\u00f3n p\u00fablica, yo entiendo que sirven las recomendaciones que elabor\u00f3 el Consejo para la Reforma de los Medios de Comunicaci\u00f3n de Titularidad Estatal (los \u201csabios\u201d). El Estado deber\u00eda encargar a la radiotelevisi\u00f3n p\u00fablica una l\u00ednea de programaci\u00f3n concreta, a trav\u00e9s de un contrato-programa con la financiaci\u00f3n adecuada.<\/p>\n<p>P.- Tengo que decir que ya est\u00e1 bien de tanto enga\u00f1o en tve. Hay 30 minutos de progama, y 20 de anuncios. Es una verguenza que la TV estatal tenga m\u00e1s anuncios que las privadas. Temdr\u00eda que ser al contrario. Por favor, s\u00f3lo pido que lo miren &#8230;.<\/p>\n<p>R.- Se har\u00e1.<\/p>\n<p>P.- Nunca he entendido por qu\u00e9 la mayor\u00eda de los programas interesantes comienzan tan tarde. Yo tengo que levantarme temprano para ir a trabajar y no puedo quedarme hasta la una de la madrugada. En su opini\u00f3n, los horarios de las cadenas, \u00bfse ajustan a los h\u00e1bitos de los ciudadanos o es justo al contrario?<\/p>\n<p>R.- Tampoco soy responsable de horarios. Por lo que conozco de programaci\u00f3n, todas las cadenas programan intentando lograr audiencias altas a las horas que convienen a cada grupo de receptores. Otra cosa es que acierten o no. Y repito: \u00bf\u201dprogramas interesantes\u201d para quien?<\/p>\n<p>P.- Los problemas de Informe Semanal y la Generalitat Valenciana est\u00e1n relacionados com la creaci\u00f3n de su puesto como Defensor?<\/p>\n<p>R.- El anuncio de la creaci\u00f3n del puesto es de hace un a\u00f1o y se repiti\u00f3 el pasado diciembre. El asunto costa valenciana brot\u00f3 despu\u00e9s. Ser\u00eda un desprop\u00f3sito crear un puesto porque hubiese un conflicto. Adem\u00e1s, en esos casos, en los que intervienen instancias con medios y con poder, la figura del Defensor pasa inadvertida. La puentean.<\/p>\n<p>P.- \u00bfPodremos ver de nuevo los Estudio 1? Me refiero fundamentalmente a los cl\u00e1sicos, que tal como fueron rodados, a\u00fan en blanco y negro, merecen la pena y ser\u00eda muy \u00fatil para que la juventud conozca las obras de teatro que supuestamente estudian en literatura. Por otra parte, me gustar\u00eda que se valore m\u00e1s lo propio de la casa que lo extranjero; me refiero al cambio de horario de&#8221;Amar en los tiempos revueltos&#8221; en favor de un culebr\u00f3n. La TV p\u00fablica debe contribuir a la cultura de todos. Gracias<\/p>\n<p>R.- Son consideraciones que har\u00e9 llegar a los responsables de programaci\u00f3n. Pero piense, usted y los dem\u00e1s que exponen sus gustos, que habr\u00e1 telespectadores que no opinen como usted.<\/p>\n<p>P.- \u00bfQu\u00e9 puede hacer el Defensor del Espectador para velar por que los impuestos con que este \u00faltimo contribuye a alimentar el agujero negro de TVE no se despilfarran pagando a las &#8220;productoras&#8221; precios absurdos por programas nefastos?<\/p>\n<p>R.- No tiene ninguna capacidad de influencia en la programaci\u00f3n y contrataci\u00f3n. Podr\u00e1 hacer recomendaciones en los informes que eleve al Consejo de Administraci\u00f3n y a la Direcci\u00f3n General.<\/p>\n<p>P.- \u00bf Cree que con el sistema actual de crear programaci\u00f3n en base a indices de audiencia podran crear una televisi\u00f3n realmente de calidad y fuera de la superficialidad y del decadente vacio de contenido ?<\/p>\n<p>R.- No estoy seguro de que los \u00edndices de audiencia sean el \u00fanico criterio de programaci\u00f3n en RTVE (Por cierto, nadie habla de RNE ) Respecto a la vaciedad, tambi\u00e9n puede tener influencia la capacidad de innovaci\u00f3n, creatividad y divergencia que las televisiones (todas ellas) promuevan y acojan.<\/p>\n<p>P.- \u00bfHasta cu\u00e1ndo se va a ir manteniendo una TV que se basa en programas de coraz\u00f3n y en apenas una oferta cultural seria como en la \u00e9poca Mir\u00f3?\u00bfNo se estaba pensando en establecer horarios para las distintas edades y respetando al menor?Muchas gracias.Un gran saludo.<\/p>\n<p>R.- Sobre programaci\u00f3n ya he contestado en otra pregunta&#8230;<\/p>\n<p>P.- Enhorabuena por su nombramiento y gracias por Pista Libre, mi programa favorito en mi juventud. \u00bfQu\u00e9 tratamiento va a dar su oficina a las sugerencias de los televidentes? De momento, la semana pasada le env\u00ede una por correo electronico y ni siquiera me han mandado un acuse de recibo. \u00bfTienen pensado unos plazos m\u00ednimo y m\u00e1ximo en el que ponerse en contacto con quienes les escriban?<\/p>\n<p>R.- \u00a1Qu\u00e9 tiempos los de Pista Libre! Estamos en pruebas de funcionamiento. Si no ha recibido respuesta, est\u00e1 a punto de recibirla. Las sugerencias se har\u00e1n llegar a los correspondientes responsables, para su consideraci\u00f3n.<\/p>\n<p>P.- Hasta cuando tendremos que soportar el &#8220;bodrio&#8221; de la TVE Internacional los que, a\u00fan encima, no podemos estar en nuestro pa\u00eds? Tendremos que seguir &#8220;comi\u00e9ndonos&#8221; todo lo que se retira en la TVE1? Seguiran nuestros hijos idiotiz\u00e1ndose con el programa &#8220;Tirame de la lengua&#8221; del a\u00f1o &#8220;catapum&#8221;? \u00bfSeguiremos sin poder ver el partido de f\u00fatbol del sabado, la peli de la tarde del s\u00e1bado (la de la 1) y las otras cosas decentes de la tve1? Por favor, con\u00e9ctese durante una semana a la TVE-internacional, ver\u00e1 &#8230;<\/p>\n<p>R.- Las emisiones internacionales hay que hacerlas con programas de los que se tengan derechos de emisi\u00f3n para los pa\u00edses en los que esas misiones se reciben. Eso limita las retransmisiones deportivas, las pel\u00edculas y muchos programas. De todas formas, hay que estudiar c\u00f3mo mejorarla.<\/p>\n<p>P.- Da la sensaci\u00f3n de que su puesto equivale a la lectura de la Declaraci\u00f3n de Derechos Humanos; vamos, papel mojado. Usted, claro est\u00e1, no ser\u00e1 de esta opini\u00f3n.<\/p>\n<p>R.- Ya se ver\u00e1.<\/p>\n","protected":false},"excerpt":{"rendered":"<p>Por primera vez en la historia de RTVE, se ha creado la figura del Defensor del Telespectador y del Radioyente, para que cualquier usuario que as\u00ed lo desee transmita sus cr\u00edticas u opiniones a la cadena p\u00fablica. Manuel Alonso Erausqu\u00edn ha trabajado en la cadena estatal durante a\u00f1os y fue tambi\u00e9n secretario del denominado Comit\u00e9 de Sabios que elabor\u00f3 el informe de la reforma de la radiotelevisi\u00f3n. Alonso ha charlado con los lectores sobre su nuevo cargo.<\/p>\n","protected":false},"author":1,"featured_media":0,"comment_status":"open","ping_status":"open","sticky":false,"template":"","format":"standard","meta":{"footnotes":""},"categories":[],"tags":[],"class_list":["post-496","post","type-post","status-publish","format-standard","hentry"],"_links":{"self":[{"href":"https:\/\/intervius.com\/index.html\/wp-json\/wp\/v2\/posts\/496","targetHints":{"allow":["GET"]}}],"collection":[{"href":"https:\/\/intervius.com\/index.html\/wp-json\/wp\/v2\/posts"}],"about":[{"href":"https:\/\/intervius.com\/index.html\/wp-json\/wp\/v2\/types\/post"}],"author":[{"embeddable":true,"href":"https:\/\/intervius.com\/index.html\/wp-json\/wp\/v2\/users\/1"}],"replies":[{"embeddable":true,"href":"https:\/\/intervius.com\/index.html\/wp-json\/wp\/v2\/comments?post=496"}],"version-history":[{"count":0,"href":"https:\/\/intervius.com\/index.html\/wp-json\/wp\/v2\/posts\/496\/revisions"}],"wp:attachment":[{"href":"https:\/\/intervius.com\/index.html\/wp-json\/wp\/v2\/media?parent=496"}],"wp:term":[{"taxonomy":"category","embeddable":true,"href":"https:\/\/intervius.com\/index.html\/wp-json\/wp\/v2\/categories?post=496"},{"taxonomy":"post_tag","embeddable":true,"href":"https:\/\/intervius.com\/index.html\/wp-json\/wp\/v2\/tags?post=496"}],"curies":[{"name":"wp","href":"https:\/\/api.w.org\/{rel}","templated":true}]}}